{"id":25756,"date":"2009-09-20T07:48:38","date_gmt":"2009-09-20T05:48:38","guid":{"rendered":"http:\/\/www.visit-ulcinj.com\/blog\/?p=25756"},"modified":"2009-09-20T07:48:38","modified_gmt":"2009-09-20T05:48:38","slug":"presidenti-topi-takohet-me-perfaqesues-te-forces","status":"publish","type":"post","link":"https:\/\/www.visit-ulcinj.com\/blog\/2009\/09\/20\/presidenti-topi-takohet-me-perfaqesues-te-forces\/","title":{"rendered":"Presidenti Topi takohet me p\u00ebrfaq\u00ebsues t\u00eb Forc\u00ebs"},"content":{"rendered":"<p><a href=\"http:\/\/www.visit-ulcinj.com\/blog\/wp-content\/uploads\/2009\/09\/Delegacioni-i-Forces_Bamir-Topi.jpg\"><img loading=\"lazy\" class=\"alignleft size-full wp-image-25757\" title=\"Delegacioni i Forces_Bamir Topi\" src=\"http:\/\/www.visit-ulcinj.com\/blog\/wp-content\/uploads\/2009\/09\/Delegacioni-i-Forces_Bamir-Topi.jpg\" alt=\"Delegacioni i Forces_Bamir Topi\" width=\"580\" height=\"400\" \/><\/a>N\u00eb kuad\u00ebr t\u00eb vizit\u00ebs s\u00eb tij zyrtare n\u00eb Malin e Zi, Presidenti i Republik\u00ebs, Prof. Dr. Bamir Topi, zhvilloi sot bisedime me p\u00ebrfaq\u00ebsuesit e Forc\u00ebs.<br \/>\nN\u00eb k\u00ebt\u00eb takim, Presidenti Topi ritheksoi se shqiptar\u00ebt n\u00eb Malin e Zi i konsiderojm\u00eb si ur\u00eb lidh\u00ebse dhe miq\u00ebsie, t\u00eb cil\u00ebt ndikojn\u00eb pozitivisht n\u00eb stabilitetin, bashk\u00ebpunimin e kohezionin e brendsh\u00ebm.<br \/>\nKryetari i Shtetit shprehu bindjen se pakica shqiptare n\u00eb Mal t\u00eb Zi, n\u00ebp\u00ebrmjet institucioneve, p\u00ebrfaq\u00ebsuesve t\u00eb saj n\u00eb Parlament dhe organeve t\u00eb zgjedhura t\u00eb pushtetit vendor, ka qen\u00eb dhe do t\u00eb vazhdoj\u00eb t\u00eb jet\u00eb luajale n\u00eb k\u00ebrkesat e saj n\u00eb p\u00ebrputhje me ligjet dhe Kushtetut\u00ebn e vendit dhe me Konvent\u00ebn e K\u00ebshillit t\u00eb Evrop\u00ebs p\u00ebr Minoritetet. <a href=\"http:\/\/www.visit-ulcinj.com\/blog\/wp-content\/uploads\/2009\/09\/Nazif-Cungu_Bamir-Topi.jpg\"><img loading=\"lazy\" class=\"alignleft size-medium wp-image-25758\" title=\"Nazif Cungu_Bamir Topi\" src=\"http:\/\/www.visit-ulcinj.com\/blog\/wp-content\/uploads\/2009\/09\/Nazif-Cungu_Bamir-Topi-300x199.jpg\" alt=\"Nazif Cungu_Bamir Topi\" width=\"300\" height=\"199\" srcset=\"https:\/\/www.visit-ulcinj.com\/blog\/wp-content\/uploads\/2009\/09\/Nazif-Cungu_Bamir-Topi-300x199.jpg 300w, https:\/\/www.visit-ulcinj.com\/blog\/wp-content\/uploads\/2009\/09\/Nazif-Cungu_Bamir-Topi.jpg 640w\" sizes=\"(max-width: 300px) 100vw, 300px\" \/><\/a><br \/>\n\u201cN\u00eb k\u00ebt\u00eb kuad\u00ebr, mendojm\u00eb se disa k\u00ebrkesa administrative, kulturore, arsimore, infrastrukturore ose t\u00eb funksionimit t\u00eb pushtetit vendor, do t\u00eb zgjidhen me dialog demokratik\u201d, &#8211; tha Presidenti Topi.<\/p>\n<p>N\u00eb takimin me p\u00ebrfaq\u00ebsuesit e Forc\u00ebs u bisedua rreth problemeve q\u00eb kan\u00eb shqiptar\u00ebt n\u00eb Mal t\u00eb Zi dhe angazhimin ton\u00eb n\u00eb \u00e7\u00ebshtjen e Kodit zgjedhor t\u00eb Malit t\u00eb Zi dhe kodifikimin e p\u00ebrfaq\u00ebsimit t\u00eb pakic\u00ebs shqiptar\u00ebve konform Kushtetut\u00ebs, decentralizimin e pushtetit, me theks t\u00eb ve\u00e7ant n\u00eb komunat ku jetojn\u00eb shqiptar\u00ebt.<br \/>\n( Projekt Ligji p\u00ebr organizimin territorial t\u00eb Malit t\u00eb Zi, T\u00eb Mirat Detare, Parqet nacionale..), rreth iniciativave t\u00eb Shqiptar\u00ebve n\u00eb lidhje me kthimin e pronave ne Ulqin (Valdanos, Ana e malit, Shtoj), Mal\u00ebsi dhe vende tjera ku jetojn\u00eb shqiptar\u00ebt, rreth problemit t\u00eb pjes\u00ebmarrjes s\u00eb barabart\u00eb t\u00eb personave fizik dhe juridik shqiptar n\u00eb procesin e Privatizimit, arsimimi i lart\u00eb n\u00eb gjuh\u00ebn shqipe. etj.<a href=\"http:\/\/www.visit-ulcinj.com\/blog\/wp-content\/uploads\/2009\/09\/Xhaudet-Cakuli-_-Genci-Nimanbegu_Bamir-Topi.jpg\"><img loading=\"lazy\" class=\"alignright size-medium wp-image-25759\" title=\"Xhaudet Cakuli _ Genci Nimanbegu_Bamir Topi\" src=\"http:\/\/www.visit-ulcinj.com\/blog\/wp-content\/uploads\/2009\/09\/Xhaudet-Cakuli-_-Genci-Nimanbegu_Bamir-Topi-300x199.jpg\" alt=\"Xhaudet Cakuli _ Genci Nimanbegu_Bamir Topi\" width=\"300\" height=\"199\" srcset=\"https:\/\/www.visit-ulcinj.com\/blog\/wp-content\/uploads\/2009\/09\/Xhaudet-Cakuli-_-Genci-Nimanbegu_Bamir-Topi-300x199.jpg 300w, https:\/\/www.visit-ulcinj.com\/blog\/wp-content\/uploads\/2009\/09\/Xhaudet-Cakuli-_-Genci-Nimanbegu_Bamir-Topi.jpg 640w\" sizes=\"(max-width: 300px) 100vw, 300px\" \/><\/a><br \/>\nPresidenti Topi shprehu vullnetin e tij p\u00ebr angazhim n\u00eb p\u00ebrmir\u00ebsimin e gjendjes s\u00eb Shqiptar\u00ebve n\u00eb Mal t\u00eb Zi dhe parashtrimin e shqet\u00ebsimeve t\u00eb p\u00ebrmendura edhe ne takimet me zyrtar\u00ebt e Malit t\u00eb Zi.<br \/>\nDelegacioni i Forc\u00ebs n\u00eb k\u00ebt\u00eb takim u udh\u00ebhoq nga kryetari i Forc\u00ebs z. Nazif Cungu, n\u00ebnkryetari Xhaudet Cakuli dhe Genci Nimanbegu, n\u00ebnkryetar i Forc\u00ebs dhe deputet n\u00eb parlamentin e Malit t\u00eb Zi.<\/p>\n<p><strong>Info Forca<\/strong><\/p>\n<p><strong>\n\t\t<style type=\"text\/css\">\n\t\t\t#gallery-1 {\n\t\t\t\tmargin: auto;\n\t\t\t}\n\t\t\t#gallery-1 .gallery-item {\n\t\t\t\tfloat: left;\n\t\t\t\tmargin-top: 10px;\n\t\t\t\ttext-align: center;\n\t\t\t\twidth: 33%;\n\t\t\t}\n\t\t\t#gallery-1 img {\n\t\t\t\tborder: 2px solid #cfcfcf;\n\t\t\t}\n\t\t\t#gallery-1 .gallery-caption {\n\t\t\t\tmargin-left: 0;\n\t\t\t}\n\t\t\t\/* see gallery_shortcode() in wp-includes\/media.php *\/\n\t\t<\/style>\n\t\t<div id='gallery-1' class='gallery galleryid-25756 gallery-columns-3 gallery-size-thumbnail'><dl class='gallery-item'>\n\t\t\t<dt class='gallery-icon landscape'>\n\t\t\t\t<a href='https:\/\/www.visit-ulcinj.com\/blog\/wp-content\/uploads\/2009\/09\/Delegacioni-i-Forces_Bamir-Topi.jpg'><img width=\"150\" height=\"150\" src=\"https:\/\/www.visit-ulcinj.com\/blog\/wp-content\/uploads\/2009\/09\/Delegacioni-i-Forces_Bamir-Topi-150x150.jpg\" class=\"attachment-thumbnail size-thumbnail\" alt=\"\" loading=\"lazy\" \/><\/a>\n\t\t\t<\/dt><\/dl><dl class='gallery-item'>\n\t\t\t<dt class='gallery-icon landscape'>\n\t\t\t\t<a href='https:\/\/www.visit-ulcinj.com\/blog\/wp-content\/uploads\/2009\/09\/Nazif-Cungu_Bamir-Topi.jpg'><img width=\"150\" height=\"150\" src=\"https:\/\/www.visit-ulcinj.com\/blog\/wp-content\/uploads\/2009\/09\/Nazif-Cungu_Bamir-Topi-150x150.jpg\" class=\"attachment-thumbnail size-thumbnail\" alt=\"\" loading=\"lazy\" \/><\/a>\n\t\t\t<\/dt><\/dl><dl class='gallery-item'>\n\t\t\t<dt class='gallery-icon landscape'>\n\t\t\t\t<a href='https:\/\/www.visit-ulcinj.com\/blog\/wp-content\/uploads\/2009\/09\/Xhaudet-Cakuli-_-Genci-Nimanbegu_Bamir-Topi.jpg'><img width=\"150\" height=\"150\" src=\"https:\/\/www.visit-ulcinj.com\/blog\/wp-content\/uploads\/2009\/09\/Xhaudet-Cakuli-_-Genci-Nimanbegu_Bamir-Topi-150x150.jpg\" class=\"attachment-thumbnail size-thumbnail\" alt=\"\" loading=\"lazy\" \/><\/a>\n\t\t\t<\/dt><\/dl><br style=\"clear: both\" \/>\n\t\t<\/div>\n<br \/>\n<\/strong><\/p>\n","protected":false},"excerpt":{"rendered":"<p>N\u00eb kuad\u00ebr t\u00eb vizit\u00ebs s\u00eb tij zyrtare n\u00eb Malin e Zi, Presidenti i Republik\u00ebs, Prof. Dr. Bamir Topi, zhvilloi sot bisedime me p\u00ebrfaq\u00ebsuesit e Forc\u00ebs. N\u00eb k\u00ebt\u00eb takim, Presidenti Topi ritheksoi se shqiptar\u00ebt n\u00eb Malin e Zi i konsiderojm\u00eb si ur\u00eb lidh\u00ebse dhe miq\u00ebsie, t\u00eb cil\u00ebt ndikojn\u00eb pozitivisht n\u00eb stabilitetin, bashk\u00ebpunimin e kohezionin e brendsh\u00ebm. [&hellip;]<\/p>\n","protected":false},"author":1,"featured_media":0,"comment_status":"open","ping_status":"closed","sticky":false,"template":"","format":"standard","meta":{"spay_email":"","jetpack_publicize_message":"","jetpack_is_tweetstorm":false,"jetpack_publicize_feature_enabled":true},"categories":[6],"tags":[12490,12491,12493,12492,10954,496],"jetpack_publicize_connections":[],"yoast_head":"<!-- This site is optimized with the Yoast SEO plugin v19.1 - https:\/\/yoast.com\/wordpress\/plugins\/seo\/ -->\n<title>Presidenti Topi takohet me p\u00ebrfaq\u00ebsues t\u00eb Forc\u00ebs - Lajme nga Ulqini<\/title>\n<meta name=\"description\" content=\"N\u00eb kuad\u00ebr t\u00eb vizit\u00ebs s\u00eb tij zyrtare n\u00eb Malin e Zi, Presidenti i Republik\u00ebs, Prof. Dr. Bamir Topi, zhvilloi sot bisedime me p\u00ebrfaq\u00ebsuesit e Forc\u00ebs. N\u00eb k\u00ebt\u00eb\" \/>\n<meta name=\"robots\" content=\"index, follow, max-snippet:-1, max-image-preview:large, max-video-preview:-1\" \/>\n<link rel=\"canonical\" href=\"https:\/\/www.visit-ulcinj.com\/blog\/2009\/09\/20\/presidenti-topi-takohet-me-perfaqesues-te-forces\/\" \/>\n<meta property=\"og:locale\" content=\"en_US\" \/>\n<meta property=\"og:type\" content=\"article\" \/>\n<meta property=\"og:title\" content=\"Presidenti Topi takohet me p\u00ebrfaq\u00ebsues t\u00eb Forc\u00ebs - Lajme nga Ulqini\" \/>\n<meta property=\"og:description\" content=\"N\u00eb kuad\u00ebr t\u00eb vizit\u00ebs s\u00eb tij zyrtare n\u00eb Malin e Zi, Presidenti i Republik\u00ebs, Prof. Dr. Bamir Topi, zhvilloi sot bisedime me p\u00ebrfaq\u00ebsuesit e Forc\u00ebs. N\u00eb k\u00ebt\u00eb\" \/>\n<meta property=\"og:url\" content=\"https:\/\/www.visit-ulcinj.com\/blog\/2009\/09\/20\/presidenti-topi-takohet-me-perfaqesues-te-forces\/\" \/>\n<meta property=\"og:site_name\" content=\"Lajme nga Ulqini\" \/>\n<meta property=\"article:published_time\" content=\"2009-09-20T05:48:38+00:00\" \/>\n<meta property=\"og:image\" content=\"https:\/\/www.visit-ulcinj.com\/blog\/wp-content\/uploads\/2009\/09\/Delegacioni-i-Forces_Bamir-Topi-150x150.jpg\" \/>\n<meta name=\"twitter:label1\" content=\"Written by\" \/>\n\t<meta name=\"twitter:data1\" content=\"ulqini\" \/>\n\t<meta name=\"twitter:label2\" content=\"Est. reading time\" \/>\n\t<meta name=\"twitter:data2\" content=\"2 minutes\" \/>\n<script type=\"application\/ld+json\" class=\"yoast-schema-graph\">{\"@context\":\"https:\/\/schema.org\",\"@graph\":[{\"@type\":\"WebSite\",\"@id\":\"https:\/\/www.visit-ulcinj.com\/blog\/#website\",\"url\":\"https:\/\/www.visit-ulcinj.com\/blog\/\",\"name\":\"Lajme nga Ulqini\",\"description\":\"Lajme,Vijesti,Ulqini,Ulqin,Crna Gora,Mali i Zi\",\"potentialAction\":[{\"@type\":\"SearchAction\",\"target\":{\"@type\":\"EntryPoint\",\"urlTemplate\":\"https:\/\/www.visit-ulcinj.com\/blog\/?s={search_term_string}\"},\"query-input\":\"required name=search_term_string\"}],\"inLanguage\":\"en-US\"},{\"@type\":\"ImageObject\",\"inLanguage\":\"en-US\",\"@id\":\"https:\/\/www.visit-ulcinj.com\/blog\/2009\/09\/20\/presidenti-topi-takohet-me-perfaqesues-te-forces\/#primaryimage\",\"url\":\"https:\/\/www.visit-ulcinj.com\/blog\/wp-content\/uploads\/2009\/09\/Delegacioni-i-Forces_Bamir-Topi.jpg\",\"contentUrl\":\"https:\/\/www.visit-ulcinj.com\/blog\/wp-content\/uploads\/2009\/09\/Delegacioni-i-Forces_Bamir-Topi.jpg\",\"width\":\"640\",\"height\":\"425\"},{\"@type\":\"WebPage\",\"@id\":\"https:\/\/www.visit-ulcinj.com\/blog\/2009\/09\/20\/presidenti-topi-takohet-me-perfaqesues-te-forces\/#webpage\",\"url\":\"https:\/\/www.visit-ulcinj.com\/blog\/2009\/09\/20\/presidenti-topi-takohet-me-perfaqesues-te-forces\/\",\"name\":\"Presidenti Topi takohet me p\u00ebrfaq\u00ebsues t\u00eb Forc\u00ebs - Lajme nga Ulqini\",\"isPartOf\":{\"@id\":\"https:\/\/www.visit-ulcinj.com\/blog\/#website\"},\"primaryImageOfPage\":{\"@id\":\"https:\/\/www.visit-ulcinj.com\/blog\/2009\/09\/20\/presidenti-topi-takohet-me-perfaqesues-te-forces\/#primaryimage\"},\"datePublished\":\"2009-09-20T05:48:38+00:00\",\"dateModified\":\"2009-09-20T05:48:38+00:00\",\"author\":{\"@id\":\"https:\/\/www.visit-ulcinj.com\/blog\/#\/schema\/person\/dcab619c614d3038751c63bc2aadc06d\"},\"description\":\"N\u00eb kuad\u00ebr t\u00eb vizit\u00ebs s\u00eb tij zyrtare n\u00eb Malin e Zi, Presidenti i Republik\u00ebs, Prof. Dr. Bamir Topi, zhvilloi sot bisedime me p\u00ebrfaq\u00ebsuesit e Forc\u00ebs. N\u00eb k\u00ebt\u00eb\",\"breadcrumb\":{\"@id\":\"https:\/\/www.visit-ulcinj.com\/blog\/2009\/09\/20\/presidenti-topi-takohet-me-perfaqesues-te-forces\/#breadcrumb\"},\"inLanguage\":\"en-US\",\"potentialAction\":[{\"@type\":\"ReadAction\",\"target\":[\"https:\/\/www.visit-ulcinj.com\/blog\/2009\/09\/20\/presidenti-topi-takohet-me-perfaqesues-te-forces\/\"]}]},{\"@type\":\"BreadcrumbList\",\"@id\":\"https:\/\/www.visit-ulcinj.com\/blog\/2009\/09\/20\/presidenti-topi-takohet-me-perfaqesues-te-forces\/#breadcrumb\",\"itemListElement\":[{\"@type\":\"ListItem\",\"position\":1,\"name\":\"Presidenti Topi takohet me p\u00ebrfaq\u00ebsues t\u00eb Forc\u00ebs\"}]},{\"@type\":\"Person\",\"@id\":\"https:\/\/www.visit-ulcinj.com\/blog\/#\/schema\/person\/dcab619c614d3038751c63bc2aadc06d\",\"name\":\"ulqini\",\"sameAs\":[\"http:\/\/www.visit-ulcinj.com\"],\"url\":\"https:\/\/www.visit-ulcinj.com\/blog\/author\/admin\/\"}]}<\/script>\n<!-- \/ Yoast SEO plugin. -->","yoast_head_json":{"title":"Presidenti Topi takohet me p\u00ebrfaq\u00ebsues t\u00eb Forc\u00ebs - Lajme nga Ulqini","description":"N\u00eb kuad\u00ebr t\u00eb vizit\u00ebs s\u00eb tij zyrtare n\u00eb Malin e Zi, Presidenti i Republik\u00ebs, Prof. Dr. Bamir Topi, zhvilloi sot bisedime me p\u00ebrfaq\u00ebsuesit e Forc\u00ebs. N\u00eb k\u00ebt\u00eb","robots":{"index":"index","follow":"follow","max-snippet":"max-snippet:-1","max-image-preview":"max-image-preview:large","max-video-preview":"max-video-preview:-1"},"canonical":"https:\/\/www.visit-ulcinj.com\/blog\/2009\/09\/20\/presidenti-topi-takohet-me-perfaqesues-te-forces\/","og_locale":"en_US","og_type":"article","og_title":"Presidenti Topi takohet me p\u00ebrfaq\u00ebsues t\u00eb Forc\u00ebs - Lajme nga Ulqini","og_description":"N\u00eb kuad\u00ebr t\u00eb vizit\u00ebs s\u00eb tij zyrtare n\u00eb Malin e Zi, Presidenti i Republik\u00ebs, Prof. Dr. Bamir Topi, zhvilloi sot bisedime me p\u00ebrfaq\u00ebsuesit e Forc\u00ebs. N\u00eb k\u00ebt\u00eb","og_url":"https:\/\/www.visit-ulcinj.com\/blog\/2009\/09\/20\/presidenti-topi-takohet-me-perfaqesues-te-forces\/","og_site_name":"Lajme nga Ulqini","article_published_time":"2009-09-20T05:48:38+00:00","og_image":[{"url":"https:\/\/www.visit-ulcinj.com\/blog\/wp-content\/uploads\/2009\/09\/Delegacioni-i-Forces_Bamir-Topi-150x150.jpg"}],"twitter_misc":{"Written by":"ulqini","Est. reading time":"2 minutes"},"schema":{"@context":"https:\/\/schema.org","@graph":[{"@type":"WebSite","@id":"https:\/\/www.visit-ulcinj.com\/blog\/#website","url":"https:\/\/www.visit-ulcinj.com\/blog\/","name":"Lajme nga Ulqini","description":"Lajme,Vijesti,Ulqini,Ulqin,Crna Gora,Mali i Zi","potentialAction":[{"@type":"SearchAction","target":{"@type":"EntryPoint","urlTemplate":"https:\/\/www.visit-ulcinj.com\/blog\/?s={search_term_string}"},"query-input":"required name=search_term_string"}],"inLanguage":"en-US"},{"@type":"ImageObject","inLanguage":"en-US","@id":"https:\/\/www.visit-ulcinj.com\/blog\/2009\/09\/20\/presidenti-topi-takohet-me-perfaqesues-te-forces\/#primaryimage","url":"https:\/\/www.visit-ulcinj.com\/blog\/wp-content\/uploads\/2009\/09\/Delegacioni-i-Forces_Bamir-Topi.jpg","contentUrl":"https:\/\/www.visit-ulcinj.com\/blog\/wp-content\/uploads\/2009\/09\/Delegacioni-i-Forces_Bamir-Topi.jpg","width":"640","height":"425"},{"@type":"WebPage","@id":"https:\/\/www.visit-ulcinj.com\/blog\/2009\/09\/20\/presidenti-topi-takohet-me-perfaqesues-te-forces\/#webpage","url":"https:\/\/www.visit-ulcinj.com\/blog\/2009\/09\/20\/presidenti-topi-takohet-me-perfaqesues-te-forces\/","name":"Presidenti Topi takohet me p\u00ebrfaq\u00ebsues t\u00eb Forc\u00ebs - Lajme nga Ulqini","isPartOf":{"@id":"https:\/\/www.visit-ulcinj.com\/blog\/#website"},"primaryImageOfPage":{"@id":"https:\/\/www.visit-ulcinj.com\/blog\/2009\/09\/20\/presidenti-topi-takohet-me-perfaqesues-te-forces\/#primaryimage"},"datePublished":"2009-09-20T05:48:38+00:00","dateModified":"2009-09-20T05:48:38+00:00","author":{"@id":"https:\/\/www.visit-ulcinj.com\/blog\/#\/schema\/person\/dcab619c614d3038751c63bc2aadc06d"},"description":"N\u00eb kuad\u00ebr t\u00eb vizit\u00ebs s\u00eb tij zyrtare n\u00eb Malin e Zi, Presidenti i Republik\u00ebs, Prof. Dr. Bamir Topi, zhvilloi sot bisedime me p\u00ebrfaq\u00ebsuesit e Forc\u00ebs. N\u00eb k\u00ebt\u00eb","breadcrumb":{"@id":"https:\/\/www.visit-ulcinj.com\/blog\/2009\/09\/20\/presidenti-topi-takohet-me-perfaqesues-te-forces\/#breadcrumb"},"inLanguage":"en-US","potentialAction":[{"@type":"ReadAction","target":["https:\/\/www.visit-ulcinj.com\/blog\/2009\/09\/20\/presidenti-topi-takohet-me-perfaqesues-te-forces\/"]}]},{"@type":"BreadcrumbList","@id":"https:\/\/www.visit-ulcinj.com\/blog\/2009\/09\/20\/presidenti-topi-takohet-me-perfaqesues-te-forces\/#breadcrumb","itemListElement":[{"@type":"ListItem","position":1,"name":"Presidenti Topi takohet me p\u00ebrfaq\u00ebsues t\u00eb Forc\u00ebs"}]},{"@type":"Person","@id":"https:\/\/www.visit-ulcinj.com\/blog\/#\/schema\/person\/dcab619c614d3038751c63bc2aadc06d","name":"ulqini","sameAs":["http:\/\/www.visit-ulcinj.com"],"url":"https:\/\/www.visit-ulcinj.com\/blog\/author\/admin\/"}]}},"jetpack_featured_media_url":"","jetpack_sharing_enabled":true,"jetpack_shortlink":"https:\/\/wp.me\/pe6lTn-6Hq","_links":{"self":[{"href":"https:\/\/www.visit-ulcinj.com\/blog\/wp-json\/wp\/v2\/posts\/25756"}],"collection":[{"href":"https:\/\/www.visit-ulcinj.com\/blog\/wp-json\/wp\/v2\/posts"}],"about":[{"href":"https:\/\/www.visit-ulcinj.com\/blog\/wp-json\/wp\/v2\/types\/post"}],"author":[{"embeddable":true,"href":"https:\/\/www.visit-ulcinj.com\/blog\/wp-json\/wp\/v2\/users\/1"}],"replies":[{"embeddable":true,"href":"https:\/\/www.visit-ulcinj.com\/blog\/wp-json\/wp\/v2\/comments?post=25756"}],"version-history":[{"count":0,"href":"https:\/\/www.visit-ulcinj.com\/blog\/wp-json\/wp\/v2\/posts\/25756\/revisions"}],"wp:attachment":[{"href":"https:\/\/www.visit-ulcinj.com\/blog\/wp-json\/wp\/v2\/media?parent=25756"}],"wp:term":[{"taxonomy":"category","embeddable":true,"href":"https:\/\/www.visit-ulcinj.com\/blog\/wp-json\/wp\/v2\/categories?post=25756"},{"taxonomy":"post_tag","embeddable":true,"href":"https:\/\/www.visit-ulcinj.com\/blog\/wp-json\/wp\/v2\/tags?post=25756"}],"curies":[{"name":"wp","href":"https:\/\/api.w.org\/{rel}","templated":true}]}}