{"id":25772,"date":"2009-09-20T22:32:23","date_gmt":"2009-09-20T20:32:23","guid":{"rendered":"http:\/\/www.visit-ulcinj.com\/blog\/?p=25772"},"modified":"2009-09-20T22:43:14","modified_gmt":"2009-09-20T20:43:14","slug":"memorandume-letra-dhe-protesta-per-ceshtjen-e-ulqinit","status":"publish","type":"post","link":"https:\/\/www.visit-ulcinj.com\/blog\/2009\/09\/20\/memorandume-letra-dhe-protesta-per-ceshtjen-e-ulqinit\/","title":{"rendered":"Memorandume, letra dhe protesta p\u00ebr \u00e7\u00ebshtjen e Ulqinit"},"content":{"rendered":"<p><a href=\"http:\/\/www.visit-ulcinj.com\/blog\/wp-content\/uploads\/2009\/09\/harta-e-vjeter-e-ulqinit-deri-te-lumi-buna.jpg\"><img loading=\"lazy\" class=\"alignleft size-full wp-image-25776\" title=\"harta-e-vjeter-e-ulqinit-deri-te-lumi-buna\" src=\"http:\/\/www.visit-ulcinj.com\/blog\/wp-content\/uploads\/2009\/09\/harta-e-vjeter-e-ulqinit-deri-te-lumi-buna.jpg\" alt=\"harta-e-vjeter-e-ulqinit-deri-te-lumi-buna\" width=\"580\" height=\"400\" \/><\/a><\/p>\n<p><strong>ULQINI N\u00cb VITET E LIDHJES SHQIPTARE T\u00cb PRIZRENIT 1878-1881 (36)<\/strong><br \/>\nN\u00eb protest\u00ebn q\u00eb i drejtohet konsullat\u00ebs s\u00eb Franc\u00ebs n\u00eb Shkod\u00ebr kund\u00ebr vendimeve t\u00eb Fuqive t\u00eb M\u00ebdha, thuhet: &#8220;Mor\u00ebm vesh se eskadrat e Fuqive t\u00eb M\u00ebdha t\u00eb Evrop\u00ebs po arrijn\u00eb k\u00ebto dit\u00eb p\u00ebrpara Ulqinit p\u00ebr t\u00eb v\u00ebn\u00eb n\u00eb zbatim dor\u00ebzimin e atdheut ton\u00eb t\u00eb dashur te Principata e Malit t\u00eb Zi. Ne parap\u00eblqejm\u00eb t\u00eb humbasim \u00e7do gj\u00eb dhe t\u00eb sakrifikojm\u00eb qenien ton\u00eb sesa t`i n\u00ebnshtrohemi administrat\u00ebs s\u00eb malazez\u00ebve&#8230; Shpresojm\u00eb n\u00eb m\u00ebnyr\u00eb t\u00eb patundur se Fuqit\u00eb e M\u00ebdha nuk do t\u00eb pranojn\u00eb kaq derdhje gjaku&#8230; Ne ju lutemi t\u00eb keni mir\u00ebsin\u00eb t`i paraqitni k\u00ebrkesat tona qeveris\u00eb t\u00eb fuqishme t\u00eb cil\u00ebn e p\u00ebrfaq\u00ebsoni dhe ta njoftoni se ne u b\u00ebjm\u00eb thirrje dashamir\u00ebse Fuqive t\u00eb M\u00ebdha me q\u00ebllim q\u00eb me urt\u00ebsin\u00eb e tyre t`i japin nj\u00eb zgjidhje t\u00eb drejt\u00eb k\u00ebsaj \u00e7\u00ebshtjeje dhe t\u00eb rivendosen t\u00eb drejtat tona&#8221;.<br \/>\nKonsulli Depollo parashihte q\u00eb tentimi i pushtimit t\u00eb Ulqinit nga Mali i Zi do t\u00eb haste n\u00eb shum\u00eb pengesa dhe se ky pushtim nuk mund t\u00eb kryhej pa nj\u00eb gjakderdhje t\u00eb madhe.<br \/>\nM\u00eb 13 shtator 1880, Qeveria Osmane kishte porositur Riza pash\u00ebn, q\u00eb, p\u00ebr t\u00eb thyer frym\u00ebn e vendosm\u00ebris\u00eb s\u00eb shqiptar\u00ebve, t\u00eb p\u00ebrdorte dy lloje mjetesh: t`i akuzonte udh\u00ebheq\u00ebsit e Lidhjes Shqiptare si njer\u00ebz q\u00eb kishin p\u00ebr q\u00ebllim t\u00eb nxirrnin nga kjo rezistenc\u00eb p\u00ebrfitime personale si dhe ta thyente kund\u00ebrshtimin e tyre, duke i korruptuar ata me t\u00eb holla ose me dhurata.<br \/>\nN\u00eb telegramin q\u00eb m\u00eb 14 shtator 1880 Riza pasha ia kishte d\u00ebrguar Ministris\u00eb s\u00eb Pun\u00ebve t\u00eb Jashtme t\u00eb Perandoris\u00eb Osmane, thuhej: &#8220;Flotat jan\u00eb kompletuar. Admirali anglez, kryekomandanti i flot\u00ebs s\u00eb bashkuar nd\u00ebrkomb\u00ebtare, do t\u00eb th\u00ebrras\u00eb s\u00eb shpejti n\u00eb k\u00ebshillim komandant\u00ebt e flotave p\u00ebr t`u k\u00ebshilluar p\u00ebr veprimet q\u00eb do t\u00eb b\u00ebhen&#8221;. N\u00eb telegram, nga fundi, thuhej se nuk do t\u00eb demonstrohej fuqia detare pa arritur ushtria malazeze n\u00eb kufij.<br \/>\nNd\u00ebrkoh\u00eb, admirali Sejmur e kishte d\u00ebrguar anijen &#8220;Helikon&#8221; n\u00eb hap\u00ebsir\u00ebn para Ulqinit p\u00ebr t\u00eb vler\u00ebsuar situat\u00ebn dhe n\u00eb baz\u00eb t\u00eb raportit q\u00eb do ta merrte do ta b\u00ebnte planin e veprimit. Gjithashtu, me urdh\u00ebr t\u00eb admiralit anglez, edhe anija &#8220;Sansego&#8221; qe larguar nga porti dhe kishte shkuar para Ulqinit p\u00ebr t\u00eb kontrolluar nga deti situat\u00ebn konkrete. Sipas informatave, nuk kishte pasur zbarkim n\u00eb tok\u00eb.<br \/>\nRiza pasha kishte t\u00eb drejt\u00eb kur parashihte se dor\u00ebzimi i Ulqinit do t\u00eb ishte i pamundur t\u00eb b\u00ebhej pa krisur pushka. P\u00ebr t`i ikur rrezikut nga konflikti, Porta duhej t\u00eb p\u00ebrdorte masat p\u00ebrkat\u00ebse, si\u00e7 ishin bindja dhe n\u00ebnshtrimi, si\u00e7 theksohej n\u00eb nj\u00eb let\u00ebr t\u00eb n\u00ebnshkruar nga ministri i Pun\u00ebve t\u00eb Jashtme, Hasan Fehmiu. Riza pasha n\u00eb telegramin q\u00eb ia d\u00ebrgoi Ministris\u00eb s\u00eb Luft\u00ebs e shihte t\u00eb arsyeshme q\u00eb, p\u00ebr t`iu kumtuar urdh\u00ebrat perandorake popullsis\u00eb s\u00eb Ulqinit dhe shqiptar\u00ebve t\u00eb grumbulluar n\u00eb Ulqin duhej t\u00eb d\u00ebrgohej gjenerali i brigad\u00ebs Ismet pasha me fregat\u00ebn perandorake (Selimie). Sipas tij, kur ta shihnin ulqinak\u00ebt dhe t\u00eb tjer\u00ebt n\u00eb Ulqin, do t\u00eb bindeshin p\u00ebr masat konkrete q\u00eb i nd\u00ebrmerrte Perandoria Osmane dhe do t\u00eb t\u00ebrhiqeshin edhe ata q\u00eb e kan\u00eb pasur nd\u00ebr mend t\u00eb kund\u00ebrshtojn\u00eb.<br \/>\nT\u00eb shumta jan\u00eb memorandumet, letrat, protestat, artikujt e gazetave dhe dokumentet e tjera d\u00ebrguar autoriteteve t\u00eb Fuqive t\u00eb M\u00ebdha dhe Port\u00ebs s\u00eb Lart\u00eb lidhur me \u00e7\u00ebshtjen e Ulqinit.<br \/>\nM\u00eb 15 shtator 1880, Dega e Lidhjes Shqiptare p\u00ebr Ulqin u drejtoi Fuqive t\u00eb M\u00ebdha n\u00ebp\u00ebrmjet konsujve t\u00eb tyre n\u00eb Shkod\u00ebr protesta kategorike t\u00eb hartuara me nj\u00eb ton t\u00eb prer\u00eb dhe t\u00eb pajisura me n\u00ebnshkrime.<br \/>\nN\u00eb protest\u00ebn q\u00eb i drejtohet konsullat\u00ebs s\u00eb Franc\u00ebs n\u00eb Shkod\u00ebr kund\u00ebr vendimeve t\u00eb Fuqive t\u00eb M\u00ebdha, thuhet: &#8220;Mor\u00ebm vesh se eskadrat e Fuqive t\u00eb M\u00ebdha t\u00eb Evrop\u00ebs po arrijn\u00eb k\u00ebto dit\u00eb p\u00ebrpara Ulqinit p\u00ebr t\u00eb v\u00ebn\u00eb n\u00eb zbatim dor\u00ebzimin e atdheut ton\u00eb t\u00eb dashur te Principata e Malit t\u00eb Zi. Ne parap\u00eblqejm\u00eb t\u00eb humbasim \u00e7do gj\u00eb dhe t\u00eb sakrifikojm\u00eb qenien ton\u00eb sesa t`i n\u00ebnshtrohemi administrat\u00ebs s\u00eb malazez\u00ebve&#8230; Shpresojm\u00eb n\u00eb m\u00ebnyr\u00eb t\u00eb patundur se Fuqit\u00eb e M\u00ebdha nuk do t\u00eb pranojn\u00eb kaq derdhje gjaku&#8230; Ne ju lutemi t\u00eb keni mir\u00ebsin\u00eb t`i paraqitni k\u00ebrkesat tona qeveris\u00eb t\u00eb fuqishme t\u00eb cil\u00ebn e p\u00ebrfaq\u00ebsoni dhe ta njoftoni se ne u b\u00ebjm\u00eb thirrje dashamir\u00ebse Fuqive t\u00eb M\u00ebdha me q\u00ebllim q\u00eb me urt\u00ebsin\u00eb e tyre t`i japin nj\u00eb zgjidhje t\u00eb drejt\u00eb k\u00ebsaj \u00e7\u00ebshtjeje dhe t\u00eb rivendosen t\u00eb drejtat tona&#8221;.<\/p>\n<p><strong>Mr. Riza Rexha<br \/>\nKoha Javore<\/p>\n<p><\/strong><!--YouTube Error: bad URL entered--><\/p>\n","protected":false},"excerpt":{"rendered":"<p>ULQINI N\u00cb VITET E LIDHJES SHQIPTARE T\u00cb PRIZRENIT 1878-1881 (36) N\u00eb protest\u00ebn q\u00eb i drejtohet konsullat\u00ebs s\u00eb Franc\u00ebs n\u00eb Shkod\u00ebr kund\u00ebr vendimeve t\u00eb Fuqive t\u00eb M\u00ebdha, thuhet: &#8220;Mor\u00ebm vesh se eskadrat e Fuqive t\u00eb M\u00ebdha t\u00eb Evrop\u00ebs po arrijn\u00eb k\u00ebto dit\u00eb p\u00ebrpara Ulqinit p\u00ebr t\u00eb v\u00ebn\u00eb n\u00eb zbatim dor\u00ebzimin e atdheut ton\u00eb t\u00eb dashur te [&hellip;]<\/p>\n","protected":false},"author":1,"featured_media":0,"comment_status":"open","ping_status":"closed","sticky":false,"template":"","format":"standard","meta":{"spay_email":"","jetpack_publicize_message":"","jetpack_is_tweetstorm":false,"jetpack_publicize_feature_enabled":true},"categories":[11],"tags":[6324,12495,12496,12497,12498,9659],"jetpack_publicize_connections":[],"yoast_head":"<!-- This site is optimized with the Yoast SEO plugin v19.1 - https:\/\/yoast.com\/wordpress\/plugins\/seo\/ -->\n<title>Memorandume, letra dhe protesta p\u00ebr \u00e7\u00ebshtjen e Ulqinit - Lajme nga Ulqini<\/title>\n<meta name=\"description\" content=\"ULQINI N\u00cb VITET E LIDHJES SHQIPTARE T\u00cb PRIZRENIT 1878-1881 (36) N\u00eb protest\u00ebn q\u00eb i drejtohet konsullat\u00ebs s\u00eb Franc\u00ebs n\u00eb Shkod\u00ebr kund\u00ebr vendimeve t\u00eb Fuqive\" \/>\n<meta name=\"robots\" content=\"index, follow, max-snippet:-1, max-image-preview:large, max-video-preview:-1\" \/>\n<link rel=\"canonical\" href=\"https:\/\/www.visit-ulcinj.com\/blog\/2009\/09\/20\/memorandume-letra-dhe-protesta-per-ceshtjen-e-ulqinit\/\" \/>\n<meta property=\"og:locale\" content=\"en_US\" \/>\n<meta property=\"og:type\" content=\"article\" \/>\n<meta property=\"og:title\" content=\"Memorandume, letra dhe protesta p\u00ebr \u00e7\u00ebshtjen e Ulqinit - Lajme nga Ulqini\" \/>\n<meta property=\"og:description\" content=\"ULQINI N\u00cb VITET E LIDHJES SHQIPTARE T\u00cb PRIZRENIT 1878-1881 (36) N\u00eb protest\u00ebn q\u00eb i drejtohet konsullat\u00ebs s\u00eb Franc\u00ebs n\u00eb Shkod\u00ebr kund\u00ebr vendimeve t\u00eb Fuqive\" \/>\n<meta property=\"og:url\" content=\"https:\/\/www.visit-ulcinj.com\/blog\/2009\/09\/20\/memorandume-letra-dhe-protesta-per-ceshtjen-e-ulqinit\/\" \/>\n<meta property=\"og:site_name\" content=\"Lajme nga Ulqini\" \/>\n<meta property=\"article:published_time\" content=\"2009-09-20T20:32:23+00:00\" \/>\n<meta property=\"article:modified_time\" content=\"2009-09-20T20:43:14+00:00\" \/>\n<meta property=\"og:image\" content=\"http:\/\/www.visit-ulcinj.com\/blog\/wp-content\/uploads\/2009\/09\/harta-e-vjeter-e-ulqinit-deri-te-lumi-buna.jpg\" \/>\n<meta name=\"twitter:label1\" content=\"Written by\" \/>\n\t<meta name=\"twitter:data1\" content=\"ulqini\" \/>\n\t<meta name=\"twitter:label2\" content=\"Est. reading time\" \/>\n\t<meta name=\"twitter:data2\" content=\"4 minutes\" \/>\n<script type=\"application\/ld+json\" class=\"yoast-schema-graph\">{\"@context\":\"https:\/\/schema.org\",\"@graph\":[{\"@type\":\"WebSite\",\"@id\":\"https:\/\/www.visit-ulcinj.com\/blog\/#website\",\"url\":\"https:\/\/www.visit-ulcinj.com\/blog\/\",\"name\":\"Lajme nga Ulqini\",\"description\":\"Lajme,Vijesti,Ulqini,Ulqin,Crna Gora,Mali i Zi\",\"potentialAction\":[{\"@type\":\"SearchAction\",\"target\":{\"@type\":\"EntryPoint\",\"urlTemplate\":\"https:\/\/www.visit-ulcinj.com\/blog\/?s={search_term_string}\"},\"query-input\":\"required name=search_term_string\"}],\"inLanguage\":\"en-US\"},{\"@type\":\"ImageObject\",\"inLanguage\":\"en-US\",\"@id\":\"https:\/\/www.visit-ulcinj.com\/blog\/2009\/09\/20\/memorandume-letra-dhe-protesta-per-ceshtjen-e-ulqinit\/#primaryimage\",\"url\":\"https:\/\/www.visit-ulcinj.com\/blog\/wp-content\/uploads\/2009\/09\/harta-e-vjeter-e-ulqinit-deri-te-lumi-buna.jpg\",\"contentUrl\":\"https:\/\/www.visit-ulcinj.com\/blog\/wp-content\/uploads\/2009\/09\/harta-e-vjeter-e-ulqinit-deri-te-lumi-buna.jpg\",\"width\":\"985\",\"height\":\"703\"},{\"@type\":\"WebPage\",\"@id\":\"https:\/\/www.visit-ulcinj.com\/blog\/2009\/09\/20\/memorandume-letra-dhe-protesta-per-ceshtjen-e-ulqinit\/#webpage\",\"url\":\"https:\/\/www.visit-ulcinj.com\/blog\/2009\/09\/20\/memorandume-letra-dhe-protesta-per-ceshtjen-e-ulqinit\/\",\"name\":\"Memorandume, letra dhe protesta p\u00ebr \u00e7\u00ebshtjen e Ulqinit - Lajme nga Ulqini\",\"isPartOf\":{\"@id\":\"https:\/\/www.visit-ulcinj.com\/blog\/#website\"},\"primaryImageOfPage\":{\"@id\":\"https:\/\/www.visit-ulcinj.com\/blog\/2009\/09\/20\/memorandume-letra-dhe-protesta-per-ceshtjen-e-ulqinit\/#primaryimage\"},\"datePublished\":\"2009-09-20T20:32:23+00:00\",\"dateModified\":\"2009-09-20T20:43:14+00:00\",\"author\":{\"@id\":\"https:\/\/www.visit-ulcinj.com\/blog\/#\/schema\/person\/dcab619c614d3038751c63bc2aadc06d\"},\"description\":\"ULQINI N\u00cb VITET E LIDHJES SHQIPTARE T\u00cb PRIZRENIT 1878-1881 (36) N\u00eb protest\u00ebn q\u00eb i drejtohet konsullat\u00ebs s\u00eb Franc\u00ebs n\u00eb Shkod\u00ebr kund\u00ebr vendimeve t\u00eb Fuqive\",\"breadcrumb\":{\"@id\":\"https:\/\/www.visit-ulcinj.com\/blog\/2009\/09\/20\/memorandume-letra-dhe-protesta-per-ceshtjen-e-ulqinit\/#breadcrumb\"},\"inLanguage\":\"en-US\",\"potentialAction\":[{\"@type\":\"ReadAction\",\"target\":[\"https:\/\/www.visit-ulcinj.com\/blog\/2009\/09\/20\/memorandume-letra-dhe-protesta-per-ceshtjen-e-ulqinit\/\"]}]},{\"@type\":\"BreadcrumbList\",\"@id\":\"https:\/\/www.visit-ulcinj.com\/blog\/2009\/09\/20\/memorandume-letra-dhe-protesta-per-ceshtjen-e-ulqinit\/#breadcrumb\",\"itemListElement\":[{\"@type\":\"ListItem\",\"position\":1,\"name\":\"Memorandume, letra dhe protesta p\u00ebr \u00e7\u00ebshtjen e Ulqinit\"}]},{\"@type\":\"Person\",\"@id\":\"https:\/\/www.visit-ulcinj.com\/blog\/#\/schema\/person\/dcab619c614d3038751c63bc2aadc06d\",\"name\":\"ulqini\",\"sameAs\":[\"http:\/\/www.visit-ulcinj.com\"],\"url\":\"https:\/\/www.visit-ulcinj.com\/blog\/author\/admin\/\"}]}<\/script>\n<!-- \/ Yoast SEO plugin. -->","yoast_head_json":{"title":"Memorandume, letra dhe protesta p\u00ebr \u00e7\u00ebshtjen e Ulqinit - Lajme nga Ulqini","description":"ULQINI N\u00cb VITET E LIDHJES SHQIPTARE T\u00cb PRIZRENIT 1878-1881 (36) N\u00eb protest\u00ebn q\u00eb i drejtohet konsullat\u00ebs s\u00eb Franc\u00ebs n\u00eb Shkod\u00ebr kund\u00ebr vendimeve t\u00eb Fuqive","robots":{"index":"index","follow":"follow","max-snippet":"max-snippet:-1","max-image-preview":"max-image-preview:large","max-video-preview":"max-video-preview:-1"},"canonical":"https:\/\/www.visit-ulcinj.com\/blog\/2009\/09\/20\/memorandume-letra-dhe-protesta-per-ceshtjen-e-ulqinit\/","og_locale":"en_US","og_type":"article","og_title":"Memorandume, letra dhe protesta p\u00ebr \u00e7\u00ebshtjen e Ulqinit - Lajme nga Ulqini","og_description":"ULQINI N\u00cb VITET E LIDHJES SHQIPTARE T\u00cb PRIZRENIT 1878-1881 (36) N\u00eb protest\u00ebn q\u00eb i drejtohet konsullat\u00ebs s\u00eb Franc\u00ebs n\u00eb Shkod\u00ebr kund\u00ebr vendimeve t\u00eb Fuqive","og_url":"https:\/\/www.visit-ulcinj.com\/blog\/2009\/09\/20\/memorandume-letra-dhe-protesta-per-ceshtjen-e-ulqinit\/","og_site_name":"Lajme nga Ulqini","article_published_time":"2009-09-20T20:32:23+00:00","article_modified_time":"2009-09-20T20:43:14+00:00","og_image":[{"url":"http:\/\/www.visit-ulcinj.com\/blog\/wp-content\/uploads\/2009\/09\/harta-e-vjeter-e-ulqinit-deri-te-lumi-buna.jpg"}],"twitter_misc":{"Written by":"ulqini","Est. reading time":"4 minutes"},"schema":{"@context":"https:\/\/schema.org","@graph":[{"@type":"WebSite","@id":"https:\/\/www.visit-ulcinj.com\/blog\/#website","url":"https:\/\/www.visit-ulcinj.com\/blog\/","name":"Lajme nga Ulqini","description":"Lajme,Vijesti,Ulqini,Ulqin,Crna Gora,Mali i Zi","potentialAction":[{"@type":"SearchAction","target":{"@type":"EntryPoint","urlTemplate":"https:\/\/www.visit-ulcinj.com\/blog\/?s={search_term_string}"},"query-input":"required name=search_term_string"}],"inLanguage":"en-US"},{"@type":"ImageObject","inLanguage":"en-US","@id":"https:\/\/www.visit-ulcinj.com\/blog\/2009\/09\/20\/memorandume-letra-dhe-protesta-per-ceshtjen-e-ulqinit\/#primaryimage","url":"https:\/\/www.visit-ulcinj.com\/blog\/wp-content\/uploads\/2009\/09\/harta-e-vjeter-e-ulqinit-deri-te-lumi-buna.jpg","contentUrl":"https:\/\/www.visit-ulcinj.com\/blog\/wp-content\/uploads\/2009\/09\/harta-e-vjeter-e-ulqinit-deri-te-lumi-buna.jpg","width":"985","height":"703"},{"@type":"WebPage","@id":"https:\/\/www.visit-ulcinj.com\/blog\/2009\/09\/20\/memorandume-letra-dhe-protesta-per-ceshtjen-e-ulqinit\/#webpage","url":"https:\/\/www.visit-ulcinj.com\/blog\/2009\/09\/20\/memorandume-letra-dhe-protesta-per-ceshtjen-e-ulqinit\/","name":"Memorandume, letra dhe protesta p\u00ebr \u00e7\u00ebshtjen e Ulqinit - Lajme nga Ulqini","isPartOf":{"@id":"https:\/\/www.visit-ulcinj.com\/blog\/#website"},"primaryImageOfPage":{"@id":"https:\/\/www.visit-ulcinj.com\/blog\/2009\/09\/20\/memorandume-letra-dhe-protesta-per-ceshtjen-e-ulqinit\/#primaryimage"},"datePublished":"2009-09-20T20:32:23+00:00","dateModified":"2009-09-20T20:43:14+00:00","author":{"@id":"https:\/\/www.visit-ulcinj.com\/blog\/#\/schema\/person\/dcab619c614d3038751c63bc2aadc06d"},"description":"ULQINI N\u00cb VITET E LIDHJES SHQIPTARE T\u00cb PRIZRENIT 1878-1881 (36) N\u00eb protest\u00ebn q\u00eb i drejtohet konsullat\u00ebs s\u00eb Franc\u00ebs n\u00eb Shkod\u00ebr kund\u00ebr vendimeve t\u00eb Fuqive","breadcrumb":{"@id":"https:\/\/www.visit-ulcinj.com\/blog\/2009\/09\/20\/memorandume-letra-dhe-protesta-per-ceshtjen-e-ulqinit\/#breadcrumb"},"inLanguage":"en-US","potentialAction":[{"@type":"ReadAction","target":["https:\/\/www.visit-ulcinj.com\/blog\/2009\/09\/20\/memorandume-letra-dhe-protesta-per-ceshtjen-e-ulqinit\/"]}]},{"@type":"BreadcrumbList","@id":"https:\/\/www.visit-ulcinj.com\/blog\/2009\/09\/20\/memorandume-letra-dhe-protesta-per-ceshtjen-e-ulqinit\/#breadcrumb","itemListElement":[{"@type":"ListItem","position":1,"name":"Memorandume, letra dhe protesta p\u00ebr \u00e7\u00ebshtjen e Ulqinit"}]},{"@type":"Person","@id":"https:\/\/www.visit-ulcinj.com\/blog\/#\/schema\/person\/dcab619c614d3038751c63bc2aadc06d","name":"ulqini","sameAs":["http:\/\/www.visit-ulcinj.com"],"url":"https:\/\/www.visit-ulcinj.com\/blog\/author\/admin\/"}]}},"jetpack_featured_media_url":"","jetpack_sharing_enabled":true,"jetpack_shortlink":"https:\/\/wp.me\/pe6lTn-6HG","_links":{"self":[{"href":"https:\/\/www.visit-ulcinj.com\/blog\/wp-json\/wp\/v2\/posts\/25772"}],"collection":[{"href":"https:\/\/www.visit-ulcinj.com\/blog\/wp-json\/wp\/v2\/posts"}],"about":[{"href":"https:\/\/www.visit-ulcinj.com\/blog\/wp-json\/wp\/v2\/types\/post"}],"author":[{"embeddable":true,"href":"https:\/\/www.visit-ulcinj.com\/blog\/wp-json\/wp\/v2\/users\/1"}],"replies":[{"embeddable":true,"href":"https:\/\/www.visit-ulcinj.com\/blog\/wp-json\/wp\/v2\/comments?post=25772"}],"version-history":[{"count":0,"href":"https:\/\/www.visit-ulcinj.com\/blog\/wp-json\/wp\/v2\/posts\/25772\/revisions"}],"wp:attachment":[{"href":"https:\/\/www.visit-ulcinj.com\/blog\/wp-json\/wp\/v2\/media?parent=25772"}],"wp:term":[{"taxonomy":"category","embeddable":true,"href":"https:\/\/www.visit-ulcinj.com\/blog\/wp-json\/wp\/v2\/categories?post=25772"},{"taxonomy":"post_tag","embeddable":true,"href":"https:\/\/www.visit-ulcinj.com\/blog\/wp-json\/wp\/v2\/tags?post=25772"}],"curies":[{"name":"wp","href":"https:\/\/api.w.org\/{rel}","templated":true}]}}