{"id":25779,"date":"2009-09-21T22:17:56","date_gmt":"2009-09-21T20:17:56","guid":{"rendered":"http:\/\/www.visit-ulcinj.com\/blog\/?p=25779"},"modified":"2009-09-21T22:17:56","modified_gmt":"2009-09-21T20:17:56","slug":"kacema-spremna-do-aprila","status":"publish","type":"post","link":"https:\/\/www.visit-ulcinj.com\/blog\/2009\/09\/21\/kacema-spremna-do-aprila\/","title":{"rendered":"Kacema spremna do aprila?"},"content":{"rendered":"<p><strong><a href=\"http:\/\/www.visit-ulcinj.com\/blog\/wp-content\/uploads\/2009\/09\/lu?ica-Kacema_ulcinj_montenegro.1.jpg\"><img loading=\"lazy\" class=\"alignleft size-full wp-image-25780\" title=\"lu?ica Kacema_ulcinj_montenegro.1\" src=\"http:\/\/www.visit-ulcinj.com\/blog\/wp-content\/uploads\/2009\/09\/lu?ica-Kacema_ulcinj_montenegro.1.jpg\" alt=\"lu?ica Kacema_ulcinj_montenegro.1\" width=\"580\" height=\"400\" \/><\/a>MORSKO DOBRO NASTAVLJA PROJEKAT U ULCINJU<\/strong><br \/>\nUlcinj \u2013 Radovi na izgradnji lu?ice Kacema ispod Starog grada bi?e nastavljeni u oktobru, najavljeno je iz Javnog preduze?a za upravljanje morskim dobrom.<br \/>\nU pisanom odgovoru na pitanje \\&#8221;Vijesti\\&#8221; navodi se da ?e prva faza projekta, koja se odnosi na konstruktivne radove lukobrana i privezi\u0161ta lu?ice, vjerovatno biti zavr\u0161eni do kraja marta naredne godine.<br \/>\n\u201cUgovoreni rok izgradnje je 120 radnih dana, ali imaju?i u vidu da se radovi obavljaju u zimskom periodu i na otvorenom moru i podmorju, gdje su sudari talasa vrlo jaki i ?esti, te\u0161ko je precizirati ta?an datum finalizacije prve faze projekta\u201d, pi\u0161e u odgovoru koji potpisuje direktor Rajko Barovi?.<br \/>\nDodaje se da je vrijednost radova u ukupnom iznosu zna?ajno uve?ana u odnosu na predra?un iz osnovnog projekta u kome se baratalo sa cifrom od milion eura.<br \/>\n\u201cNakon tendera u kojem su licitirane jedini?ne cijene radova o kubiku, kvadratu ili komadu i na osnovu detaljnih istra\u017eivanja podmorja koja su uobi?ajena prije po?etka izvo?enja radova, do\u0161lo je do dopune projekta, \u0161to je rezultiralo pove?anjem obima radova koji su dogovoreni po istim jedini?nim cijenama iz tendera. Kona?an obra?un i ukupna cijena bi?e izvedeni po zavr\u0161etku radova, u skladu sa ugovorom\u201d, pi\u0161e u dopisu.<br \/>\nNakon zavr\u0161etka prve faze projekta, slijedi druga, koja podrazumijeva pro\u0161irenje dijela konstrukcije puta, parcelno ure?enje i opremanje ukupnog prostora koji zahvata Lu?ica.<br \/>\nKako su \\&#8221;Vijesti\\&#8221; ranije objavile, shodno sprovedenoj proceduri javnih nabavki, glavni projekat uradio je \\&#8221;MC &#8211; Invest\\&#8221; iz Tivta, dok je izvo?a? radova firma \\&#8221;YU Briv\\&#8221; iz Kotora.<\/p>\n<p><strong>S.A.<br \/>\nVijesti<\/strong><\/p>\n<p><strong>\n\t\t<style type=\"text\/css\">\n\t\t\t#gallery-1 {\n\t\t\t\tmargin: auto;\n\t\t\t}\n\t\t\t#gallery-1 .gallery-item {\n\t\t\t\tfloat: left;\n\t\t\t\tmargin-top: 10px;\n\t\t\t\ttext-align: center;\n\t\t\t\twidth: 33%;\n\t\t\t}\n\t\t\t#gallery-1 img {\n\t\t\t\tborder: 2px solid #cfcfcf;\n\t\t\t}\n\t\t\t#gallery-1 .gallery-caption {\n\t\t\t\tmargin-left: 0;\n\t\t\t}\n\t\t\t\/* see gallery_shortcode() in wp-includes\/media.php *\/\n\t\t<\/style>\n\t\t<div id='gallery-1' class='gallery galleryid-25779 gallery-columns-3 gallery-size-thumbnail'><dl class='gallery-item'>\n\t\t\t<dt class='gallery-icon '>\n\t\t\t\t<a href='https:\/\/www.visit-ulcinj.com\/blog\/wp-content\/uploads\/2009\/09\/lu\u00c4\u008dica-Kacema_ulcinj_montenegro.1.jpg'><img width=\"1\" height=\"1\" src=\"https:\/\/www.visit-ulcinj.com\/blog\/wp-content\/uploads\/2009\/09\/lu\u00c4\u008dica-Kacema_ulcinj_montenegro.1.jpg\" class=\"attachment-thumbnail size-thumbnail\" alt=\"\" loading=\"lazy\" \/><\/a>\n\t\t\t<\/dt><\/dl><dl class='gallery-item'>\n\t\t\t<dt class='gallery-icon '>\n\t\t\t\t<a href='https:\/\/www.visit-ulcinj.com\/blog\/wp-content\/uploads\/2009\/09\/lu\u00c4\u008dica-Kacema_ulcinj_montenegro.jpg'><img width=\"1\" height=\"1\" src=\"https:\/\/www.visit-ulcinj.com\/blog\/wp-content\/uploads\/2009\/09\/lu\u00c4\u008dica-Kacema_ulcinj_montenegro.jpg\" class=\"attachment-thumbnail size-thumbnail\" alt=\"\" loading=\"lazy\" \/><\/a>\n\t\t\t<\/dt><\/dl><dl class='gallery-item'>\n\t\t\t<dt class='gallery-icon '>\n\t\t\t\t<a href='https:\/\/www.visit-ulcinj.com\/blog\/wp-content\/uploads\/2009\/09\/lu\u00c4\u008dica-Kacema_ulcinj_montenegro.2.jpg'><img width=\"1\" height=\"1\" src=\"https:\/\/www.visit-ulcinj.com\/blog\/wp-content\/uploads\/2009\/09\/lu\u00c4\u008dica-Kacema_ulcinj_montenegro.2.jpg\" class=\"attachment-thumbnail size-thumbnail\" alt=\"\" loading=\"lazy\" \/><\/a>\n\t\t\t<\/dt><\/dl><br style=\"clear: both\" \/>\n\t\t<\/div>\n<br \/>\n<\/strong><\/p>\n","protected":false},"excerpt":{"rendered":"<p>MORSKO DOBRO NASTAVLJA PROJEKAT U ULCINJU Ulcinj \u2013 Radovi na izgradnji lu?ice Kacema ispod Starog grada bi?e nastavljeni u oktobru, najavljeno je iz Javnog preduze?a za upravljanje morskim dobrom. U pisanom odgovoru na pitanje \\&#8221;Vijesti\\&#8221; navodi se da ?e prva faza projekta, koja se odnosi na konstruktivne radove lukobrana i privezi\u0161ta lu?ice, vjerovatno biti zavr\u0161eni [&hellip;]<\/p>\n","protected":false},"author":1,"featured_media":0,"comment_status":"open","ping_status":"closed","sticky":false,"template":"","format":"standard","meta":{"spay_email":"","jetpack_publicize_message":"","jetpack_is_tweetstorm":false,"jetpack_publicize_feature_enabled":true},"categories":[8337],"tags":[12499],"jetpack_publicize_connections":[],"yoast_head":"<!-- This site is optimized with the Yoast SEO plugin v19.1 - https:\/\/yoast.com\/wordpress\/plugins\/seo\/ -->\n<title>Kacema spremna do aprila? - Lajme nga Ulqini<\/title>\n<meta name=\"description\" content=\"MORSKO DOBRO NASTAVLJA PROJEKAT U ULCINJU Ulcinj \u2013 Radovi na izgradnji lu?ice Kacema ispod Starog grada bi?e nastavljeni u oktobru, najavljeno je iz\" \/>\n<meta name=\"robots\" content=\"index, follow, max-snippet:-1, max-image-preview:large, max-video-preview:-1\" \/>\n<link rel=\"canonical\" href=\"https:\/\/www.visit-ulcinj.com\/blog\/2009\/09\/21\/kacema-spremna-do-aprila\/\" \/>\n<meta property=\"og:locale\" content=\"en_US\" \/>\n<meta property=\"og:type\" content=\"article\" \/>\n<meta property=\"og:title\" content=\"Kacema spremna do aprila? - Lajme nga Ulqini\" \/>\n<meta property=\"og:description\" content=\"MORSKO DOBRO NASTAVLJA PROJEKAT U ULCINJU Ulcinj \u2013 Radovi na izgradnji lu?ice Kacema ispod Starog grada bi?e nastavljeni u oktobru, najavljeno je iz\" \/>\n<meta property=\"og:url\" content=\"https:\/\/www.visit-ulcinj.com\/blog\/2009\/09\/21\/kacema-spremna-do-aprila\/\" \/>\n<meta property=\"og:site_name\" content=\"Lajme nga Ulqini\" \/>\n<meta property=\"article:published_time\" content=\"2009-09-21T20:17:56+00:00\" \/>\n<meta property=\"og:image\" content=\"https:\/\/www.visit-ulcinj.com\/blog\/wp-content\/uploads\/2009\/09\/lu\u00c4\u008dica-Kacema_ulcinj_montenegro.1.jpg\" \/>\n<meta name=\"twitter:label1\" content=\"Written by\" \/>\n\t<meta name=\"twitter:data1\" content=\"ulqini\" \/>\n\t<meta name=\"twitter:label2\" content=\"Est. reading time\" \/>\n\t<meta name=\"twitter:data2\" content=\"1 minute\" \/>\n<script type=\"application\/ld+json\" class=\"yoast-schema-graph\">{\"@context\":\"https:\/\/schema.org\",\"@graph\":[{\"@type\":\"WebSite\",\"@id\":\"https:\/\/www.visit-ulcinj.com\/blog\/#website\",\"url\":\"https:\/\/www.visit-ulcinj.com\/blog\/\",\"name\":\"Lajme nga Ulqini\",\"description\":\"Lajme,Vijesti,Ulqini,Ulqin,Crna Gora,Mali i Zi\",\"potentialAction\":[{\"@type\":\"SearchAction\",\"target\":{\"@type\":\"EntryPoint\",\"urlTemplate\":\"https:\/\/www.visit-ulcinj.com\/blog\/?s={search_term_string}\"},\"query-input\":\"required name=search_term_string\"}],\"inLanguage\":\"en-US\"},{\"@type\":\"ImageObject\",\"inLanguage\":\"en-US\",\"@id\":\"https:\/\/www.visit-ulcinj.com\/blog\/2009\/09\/21\/kacema-spremna-do-aprila\/#primaryimage\",\"url\":\"http:\/\/www.visit-ulcinj.com\/blog\/wp-content\/uploads\/2009\/09\/lu?ica-Kacema_ulcinj_montenegro.1.jpg\",\"contentUrl\":\"http:\/\/www.visit-ulcinj.com\/blog\/wp-content\/uploads\/2009\/09\/lu?ica-Kacema_ulcinj_montenegro.1.jpg\"},{\"@type\":\"WebPage\",\"@id\":\"https:\/\/www.visit-ulcinj.com\/blog\/2009\/09\/21\/kacema-spremna-do-aprila\/#webpage\",\"url\":\"https:\/\/www.visit-ulcinj.com\/blog\/2009\/09\/21\/kacema-spremna-do-aprila\/\",\"name\":\"Kacema spremna do aprila? - Lajme nga Ulqini\",\"isPartOf\":{\"@id\":\"https:\/\/www.visit-ulcinj.com\/blog\/#website\"},\"primaryImageOfPage\":{\"@id\":\"https:\/\/www.visit-ulcinj.com\/blog\/2009\/09\/21\/kacema-spremna-do-aprila\/#primaryimage\"},\"datePublished\":\"2009-09-21T20:17:56+00:00\",\"dateModified\":\"2009-09-21T20:17:56+00:00\",\"author\":{\"@id\":\"https:\/\/www.visit-ulcinj.com\/blog\/#\/schema\/person\/dcab619c614d3038751c63bc2aadc06d\"},\"description\":\"MORSKO DOBRO NASTAVLJA PROJEKAT U ULCINJU Ulcinj \u2013 Radovi na izgradnji lu?ice Kacema ispod Starog grada bi?e nastavljeni u oktobru, najavljeno je iz\",\"breadcrumb\":{\"@id\":\"https:\/\/www.visit-ulcinj.com\/blog\/2009\/09\/21\/kacema-spremna-do-aprila\/#breadcrumb\"},\"inLanguage\":\"en-US\",\"potentialAction\":[{\"@type\":\"ReadAction\",\"target\":[\"https:\/\/www.visit-ulcinj.com\/blog\/2009\/09\/21\/kacema-spremna-do-aprila\/\"]}]},{\"@type\":\"BreadcrumbList\",\"@id\":\"https:\/\/www.visit-ulcinj.com\/blog\/2009\/09\/21\/kacema-spremna-do-aprila\/#breadcrumb\",\"itemListElement\":[{\"@type\":\"ListItem\",\"position\":1,\"name\":\"Kacema spremna do aprila?\"}]},{\"@type\":\"Person\",\"@id\":\"https:\/\/www.visit-ulcinj.com\/blog\/#\/schema\/person\/dcab619c614d3038751c63bc2aadc06d\",\"name\":\"ulqini\",\"sameAs\":[\"http:\/\/www.visit-ulcinj.com\"],\"url\":\"https:\/\/www.visit-ulcinj.com\/blog\/author\/admin\/\"}]}<\/script>\n<!-- \/ Yoast SEO plugin. -->","yoast_head_json":{"title":"Kacema spremna do aprila? - Lajme nga Ulqini","description":"MORSKO DOBRO NASTAVLJA PROJEKAT U ULCINJU Ulcinj \u2013 Radovi na izgradnji lu?ice Kacema ispod Starog grada bi?e nastavljeni u oktobru, najavljeno je iz","robots":{"index":"index","follow":"follow","max-snippet":"max-snippet:-1","max-image-preview":"max-image-preview:large","max-video-preview":"max-video-preview:-1"},"canonical":"https:\/\/www.visit-ulcinj.com\/blog\/2009\/09\/21\/kacema-spremna-do-aprila\/","og_locale":"en_US","og_type":"article","og_title":"Kacema spremna do aprila? - Lajme nga Ulqini","og_description":"MORSKO DOBRO NASTAVLJA PROJEKAT U ULCINJU Ulcinj \u2013 Radovi na izgradnji lu?ice Kacema ispod Starog grada bi?e nastavljeni u oktobru, najavljeno je iz","og_url":"https:\/\/www.visit-ulcinj.com\/blog\/2009\/09\/21\/kacema-spremna-do-aprila\/","og_site_name":"Lajme nga Ulqini","article_published_time":"2009-09-21T20:17:56+00:00","og_image":[{"url":"https:\/\/www.visit-ulcinj.com\/blog\/wp-content\/uploads\/2009\/09\/lu\u00c4\u008dica-Kacema_ulcinj_montenegro.1.jpg"}],"twitter_misc":{"Written by":"ulqini","Est. reading time":"1 minute"},"schema":{"@context":"https:\/\/schema.org","@graph":[{"@type":"WebSite","@id":"https:\/\/www.visit-ulcinj.com\/blog\/#website","url":"https:\/\/www.visit-ulcinj.com\/blog\/","name":"Lajme nga Ulqini","description":"Lajme,Vijesti,Ulqini,Ulqin,Crna Gora,Mali i Zi","potentialAction":[{"@type":"SearchAction","target":{"@type":"EntryPoint","urlTemplate":"https:\/\/www.visit-ulcinj.com\/blog\/?s={search_term_string}"},"query-input":"required name=search_term_string"}],"inLanguage":"en-US"},{"@type":"ImageObject","inLanguage":"en-US","@id":"https:\/\/www.visit-ulcinj.com\/blog\/2009\/09\/21\/kacema-spremna-do-aprila\/#primaryimage","url":"http:\/\/www.visit-ulcinj.com\/blog\/wp-content\/uploads\/2009\/09\/lu?ica-Kacema_ulcinj_montenegro.1.jpg","contentUrl":"http:\/\/www.visit-ulcinj.com\/blog\/wp-content\/uploads\/2009\/09\/lu?ica-Kacema_ulcinj_montenegro.1.jpg"},{"@type":"WebPage","@id":"https:\/\/www.visit-ulcinj.com\/blog\/2009\/09\/21\/kacema-spremna-do-aprila\/#webpage","url":"https:\/\/www.visit-ulcinj.com\/blog\/2009\/09\/21\/kacema-spremna-do-aprila\/","name":"Kacema spremna do aprila? - Lajme nga Ulqini","isPartOf":{"@id":"https:\/\/www.visit-ulcinj.com\/blog\/#website"},"primaryImageOfPage":{"@id":"https:\/\/www.visit-ulcinj.com\/blog\/2009\/09\/21\/kacema-spremna-do-aprila\/#primaryimage"},"datePublished":"2009-09-21T20:17:56+00:00","dateModified":"2009-09-21T20:17:56+00:00","author":{"@id":"https:\/\/www.visit-ulcinj.com\/blog\/#\/schema\/person\/dcab619c614d3038751c63bc2aadc06d"},"description":"MORSKO DOBRO NASTAVLJA PROJEKAT U ULCINJU Ulcinj \u2013 Radovi na izgradnji lu?ice Kacema ispod Starog grada bi?e nastavljeni u oktobru, najavljeno je iz","breadcrumb":{"@id":"https:\/\/www.visit-ulcinj.com\/blog\/2009\/09\/21\/kacema-spremna-do-aprila\/#breadcrumb"},"inLanguage":"en-US","potentialAction":[{"@type":"ReadAction","target":["https:\/\/www.visit-ulcinj.com\/blog\/2009\/09\/21\/kacema-spremna-do-aprila\/"]}]},{"@type":"BreadcrumbList","@id":"https:\/\/www.visit-ulcinj.com\/blog\/2009\/09\/21\/kacema-spremna-do-aprila\/#breadcrumb","itemListElement":[{"@type":"ListItem","position":1,"name":"Kacema spremna do aprila?"}]},{"@type":"Person","@id":"https:\/\/www.visit-ulcinj.com\/blog\/#\/schema\/person\/dcab619c614d3038751c63bc2aadc06d","name":"ulqini","sameAs":["http:\/\/www.visit-ulcinj.com"],"url":"https:\/\/www.visit-ulcinj.com\/blog\/author\/admin\/"}]}},"jetpack_featured_media_url":"","jetpack_sharing_enabled":true,"jetpack_shortlink":"https:\/\/wp.me\/pe6lTn-6HN","_links":{"self":[{"href":"https:\/\/www.visit-ulcinj.com\/blog\/wp-json\/wp\/v2\/posts\/25779"}],"collection":[{"href":"https:\/\/www.visit-ulcinj.com\/blog\/wp-json\/wp\/v2\/posts"}],"about":[{"href":"https:\/\/www.visit-ulcinj.com\/blog\/wp-json\/wp\/v2\/types\/post"}],"author":[{"embeddable":true,"href":"https:\/\/www.visit-ulcinj.com\/blog\/wp-json\/wp\/v2\/users\/1"}],"replies":[{"embeddable":true,"href":"https:\/\/www.visit-ulcinj.com\/blog\/wp-json\/wp\/v2\/comments?post=25779"}],"version-history":[{"count":0,"href":"https:\/\/www.visit-ulcinj.com\/blog\/wp-json\/wp\/v2\/posts\/25779\/revisions"}],"wp:attachment":[{"href":"https:\/\/www.visit-ulcinj.com\/blog\/wp-json\/wp\/v2\/media?parent=25779"}],"wp:term":[{"taxonomy":"category","embeddable":true,"href":"https:\/\/www.visit-ulcinj.com\/blog\/wp-json\/wp\/v2\/categories?post=25779"},{"taxonomy":"post_tag","embeddable":true,"href":"https:\/\/www.visit-ulcinj.com\/blog\/wp-json\/wp\/v2\/tags?post=25779"}],"curies":[{"name":"wp","href":"https:\/\/api.w.org\/{rel}","templated":true}]}}