{"id":25785,"date":"2009-09-22T19:56:42","date_gmt":"2009-09-22T17:56:42","guid":{"rendered":"http:\/\/www.visit-ulcinj.com\/blog\/?p=25785"},"modified":"2009-09-22T19:56:42","modified_gmt":"2009-09-22T17:56:42","slug":"za-tv-ulcinj-150-000-eura","status":"publish","type":"post","link":"https:\/\/www.visit-ulcinj.com\/blog\/2009\/09\/22\/za-tv-ulcinj-150-000-eura\/","title":{"rendered":"Za TV Ulcinj 150.000 eura"},"content":{"rendered":"<p><a href=\"http:\/\/www.visit-ulcinj.com\/blog\/wp-content\/uploads\/2009\/09\/RTV-Ulcinj.jpg\"><img loading=\"lazy\" class=\"alignleft size-full wp-image-25786\" title=\"RTV Ulcinj\" src=\"http:\/\/www.visit-ulcinj.com\/blog\/wp-content\/uploads\/2009\/09\/RTV-Ulcinj.jpg\" alt=\"RTV Ulcinj\" width=\"580\" height=\"231\" \/><\/a>Ulcinj &#8211; U objektu Radio Ulcinja privode se kraju radovi u okviru prve faze projekta renoviranja i opremanja prostorija za budu?u TV Ulcinj. Vrijednost radova po predra?unu osnovnog projekta iznosi 35.000 eura, ali izvr\u0161ni direktor RTV Ulcinj Esat Mehmeti ka\u017ee da ?e ta cifra biti prema\u0161ena.<br \/>\n\u201cPredra?unom projekta nijesu bili planirani izolacioni radovi na krovu objekta i postavljanje aluminijske bravarije, pa ?e za prvu fazu biti neophodno vi\u0161e od planiranih 35.000 eura\u201d, kazao je za \u201cVijesti\u201d Mehmeti.<br \/>\nOn je naglasio da Radio Ulcinj projekat finansira sopstvenim sredstvima.<br \/>\n\u201cTo je novac koji godinama unazad nijesmo dobijali od Agencije za radio-difuziju jer nije bila izvr\u0161ena transformacija Radija u javni servis. Sada kada smo to u?inili, Agencija nam je odblokirala sredstva i za realizaciju projekta imamo njenu podr\u0161ku\u201d, istakao je Mehmeti. Naglasio je da je u pitanju oko 150 hiljada eura.<br \/>\n\u201cTim sredstvima planiramo da renoviramo objekat, kupimo opremu i obu?imo kadar\u201d, dodao je on ne preciziraju?i kada bi TV mogla da po?ne da radi.<br \/>\nPodsjetio je da je prva faza startovala po?etkom septembra.<br \/>\n\u201cSlijedi druga faza koja obuhvata stolarske, monterske, molerajske i druge sli?ne radove i koja ?e, ukoliko ne bude nekih nepredvi?enih okolnosti, vjerovatno biti okon?ana do Nove godine. Potom slijede konkursi i obuka kadra tako da je nezahvalno sa ove vremenske distance licitirati ?ak i okvirnim datumom po?etka rada Televizije\u201d, kazao je Mehmeti.<br \/>\nRadove na objektu budu?e RTV izvode ulcinjske firme \u201eElita group\u201c i \u201eMSN Company\u201c.<\/p>\n<p><strong>S.A.<br \/>\n<a href=\"http:\/\/www.vijesti.cg.yu\/index.php?id_pre=316654&amp;godina=2009\" target=\"_blank\">Vijesti<\/a><\/strong><\/p>\n","protected":false},"excerpt":{"rendered":"<p>Ulcinj &#8211; U objektu Radio Ulcinja privode se kraju radovi u okviru prve faze projekta renoviranja i opremanja prostorija za budu?u TV Ulcinj. Vrijednost radova po predra?unu osnovnog projekta iznosi 35.000 eura, ali izvr\u0161ni direktor RTV Ulcinj Esat Mehmeti ka\u017ee da ?e ta cifra biti prema\u0161ena. \u201cPredra?unom projekta nijesu bili planirani izolacioni radovi na krovu [&hellip;]<\/p>\n","protected":false},"author":1,"featured_media":0,"comment_status":"open","ping_status":"closed","sticky":false,"template":"","format":"standard","meta":{"spay_email":"","jetpack_publicize_message":"","jetpack_is_tweetstorm":false,"jetpack_publicize_feature_enabled":true},"categories":[8337],"tags":[12503,12500,12501,12502,12504,12505],"jetpack_publicize_connections":[],"yoast_head":"<!-- This site is optimized with the Yoast SEO plugin v19.1 - https:\/\/yoast.com\/wordpress\/plugins\/seo\/ -->\n<title>Za TV Ulcinj 150.000 eura - Lajme nga Ulqini<\/title>\n<meta name=\"description\" content=\"Ulcinj - U objektu Radio Ulcinja privode se kraju radovi u okviru prve faze projekta renoviranja i opremanja prostorija za budu?u TV Ulcinj. Vrijednost\" \/>\n<meta name=\"robots\" content=\"index, follow, max-snippet:-1, max-image-preview:large, max-video-preview:-1\" \/>\n<link rel=\"canonical\" href=\"https:\/\/www.visit-ulcinj.com\/blog\/2009\/09\/22\/za-tv-ulcinj-150-000-eura\/\" \/>\n<meta property=\"og:locale\" content=\"en_US\" \/>\n<meta property=\"og:type\" content=\"article\" \/>\n<meta property=\"og:title\" content=\"Za TV Ulcinj 150.000 eura - Lajme nga Ulqini\" \/>\n<meta property=\"og:description\" content=\"Ulcinj - U objektu Radio Ulcinja privode se kraju radovi u okviru prve faze projekta renoviranja i opremanja prostorija za budu?u TV Ulcinj. Vrijednost\" \/>\n<meta property=\"og:url\" content=\"https:\/\/www.visit-ulcinj.com\/blog\/2009\/09\/22\/za-tv-ulcinj-150-000-eura\/\" \/>\n<meta property=\"og:site_name\" content=\"Lajme nga Ulqini\" \/>\n<meta property=\"article:published_time\" content=\"2009-09-22T17:56:42+00:00\" \/>\n<meta property=\"og:image\" content=\"http:\/\/www.visit-ulcinj.com\/blog\/wp-content\/uploads\/2009\/09\/RTV-Ulcinj.jpg\" \/>\n<meta name=\"twitter:label1\" content=\"Written by\" \/>\n\t<meta name=\"twitter:data1\" content=\"ulqini\" \/>\n\t<meta name=\"twitter:label2\" content=\"Est. reading time\" \/>\n\t<meta name=\"twitter:data2\" content=\"1 minute\" \/>\n<script type=\"application\/ld+json\" class=\"yoast-schema-graph\">{\"@context\":\"https:\/\/schema.org\",\"@graph\":[{\"@type\":\"WebSite\",\"@id\":\"https:\/\/www.visit-ulcinj.com\/blog\/#website\",\"url\":\"https:\/\/www.visit-ulcinj.com\/blog\/\",\"name\":\"Lajme nga Ulqini\",\"description\":\"Lajme,Vijesti,Ulqini,Ulqin,Crna Gora,Mali i Zi\",\"potentialAction\":[{\"@type\":\"SearchAction\",\"target\":{\"@type\":\"EntryPoint\",\"urlTemplate\":\"https:\/\/www.visit-ulcinj.com\/blog\/?s={search_term_string}\"},\"query-input\":\"required name=search_term_string\"}],\"inLanguage\":\"en-US\"},{\"@type\":\"ImageObject\",\"inLanguage\":\"en-US\",\"@id\":\"https:\/\/www.visit-ulcinj.com\/blog\/2009\/09\/22\/za-tv-ulcinj-150-000-eura\/#primaryimage\",\"url\":\"http:\/\/www.visit-ulcinj.com\/blog\/wp-content\/uploads\/2009\/09\/RTV-Ulcinj.jpg\",\"contentUrl\":\"http:\/\/www.visit-ulcinj.com\/blog\/wp-content\/uploads\/2009\/09\/RTV-Ulcinj.jpg\"},{\"@type\":\"WebPage\",\"@id\":\"https:\/\/www.visit-ulcinj.com\/blog\/2009\/09\/22\/za-tv-ulcinj-150-000-eura\/#webpage\",\"url\":\"https:\/\/www.visit-ulcinj.com\/blog\/2009\/09\/22\/za-tv-ulcinj-150-000-eura\/\",\"name\":\"Za TV Ulcinj 150.000 eura - Lajme nga Ulqini\",\"isPartOf\":{\"@id\":\"https:\/\/www.visit-ulcinj.com\/blog\/#website\"},\"primaryImageOfPage\":{\"@id\":\"https:\/\/www.visit-ulcinj.com\/blog\/2009\/09\/22\/za-tv-ulcinj-150-000-eura\/#primaryimage\"},\"datePublished\":\"2009-09-22T17:56:42+00:00\",\"dateModified\":\"2009-09-22T17:56:42+00:00\",\"author\":{\"@id\":\"https:\/\/www.visit-ulcinj.com\/blog\/#\/schema\/person\/dcab619c614d3038751c63bc2aadc06d\"},\"description\":\"Ulcinj - U objektu Radio Ulcinja privode se kraju radovi u okviru prve faze projekta renoviranja i opremanja prostorija za budu?u TV Ulcinj. Vrijednost\",\"breadcrumb\":{\"@id\":\"https:\/\/www.visit-ulcinj.com\/blog\/2009\/09\/22\/za-tv-ulcinj-150-000-eura\/#breadcrumb\"},\"inLanguage\":\"en-US\",\"potentialAction\":[{\"@type\":\"ReadAction\",\"target\":[\"https:\/\/www.visit-ulcinj.com\/blog\/2009\/09\/22\/za-tv-ulcinj-150-000-eura\/\"]}]},{\"@type\":\"BreadcrumbList\",\"@id\":\"https:\/\/www.visit-ulcinj.com\/blog\/2009\/09\/22\/za-tv-ulcinj-150-000-eura\/#breadcrumb\",\"itemListElement\":[{\"@type\":\"ListItem\",\"position\":1,\"name\":\"Za TV Ulcinj 150.000 eura\"}]},{\"@type\":\"Person\",\"@id\":\"https:\/\/www.visit-ulcinj.com\/blog\/#\/schema\/person\/dcab619c614d3038751c63bc2aadc06d\",\"name\":\"ulqini\",\"sameAs\":[\"http:\/\/www.visit-ulcinj.com\"],\"url\":\"https:\/\/www.visit-ulcinj.com\/blog\/author\/admin\/\"}]}<\/script>\n<!-- \/ Yoast SEO plugin. -->","yoast_head_json":{"title":"Za TV Ulcinj 150.000 eura - Lajme nga Ulqini","description":"Ulcinj - U objektu Radio Ulcinja privode se kraju radovi u okviru prve faze projekta renoviranja i opremanja prostorija za budu?u TV Ulcinj. Vrijednost","robots":{"index":"index","follow":"follow","max-snippet":"max-snippet:-1","max-image-preview":"max-image-preview:large","max-video-preview":"max-video-preview:-1"},"canonical":"https:\/\/www.visit-ulcinj.com\/blog\/2009\/09\/22\/za-tv-ulcinj-150-000-eura\/","og_locale":"en_US","og_type":"article","og_title":"Za TV Ulcinj 150.000 eura - Lajme nga Ulqini","og_description":"Ulcinj - U objektu Radio Ulcinja privode se kraju radovi u okviru prve faze projekta renoviranja i opremanja prostorija za budu?u TV Ulcinj. Vrijednost","og_url":"https:\/\/www.visit-ulcinj.com\/blog\/2009\/09\/22\/za-tv-ulcinj-150-000-eura\/","og_site_name":"Lajme nga Ulqini","article_published_time":"2009-09-22T17:56:42+00:00","og_image":[{"url":"http:\/\/www.visit-ulcinj.com\/blog\/wp-content\/uploads\/2009\/09\/RTV-Ulcinj.jpg"}],"twitter_misc":{"Written by":"ulqini","Est. reading time":"1 minute"},"schema":{"@context":"https:\/\/schema.org","@graph":[{"@type":"WebSite","@id":"https:\/\/www.visit-ulcinj.com\/blog\/#website","url":"https:\/\/www.visit-ulcinj.com\/blog\/","name":"Lajme nga Ulqini","description":"Lajme,Vijesti,Ulqini,Ulqin,Crna Gora,Mali i Zi","potentialAction":[{"@type":"SearchAction","target":{"@type":"EntryPoint","urlTemplate":"https:\/\/www.visit-ulcinj.com\/blog\/?s={search_term_string}"},"query-input":"required name=search_term_string"}],"inLanguage":"en-US"},{"@type":"ImageObject","inLanguage":"en-US","@id":"https:\/\/www.visit-ulcinj.com\/blog\/2009\/09\/22\/za-tv-ulcinj-150-000-eura\/#primaryimage","url":"http:\/\/www.visit-ulcinj.com\/blog\/wp-content\/uploads\/2009\/09\/RTV-Ulcinj.jpg","contentUrl":"http:\/\/www.visit-ulcinj.com\/blog\/wp-content\/uploads\/2009\/09\/RTV-Ulcinj.jpg"},{"@type":"WebPage","@id":"https:\/\/www.visit-ulcinj.com\/blog\/2009\/09\/22\/za-tv-ulcinj-150-000-eura\/#webpage","url":"https:\/\/www.visit-ulcinj.com\/blog\/2009\/09\/22\/za-tv-ulcinj-150-000-eura\/","name":"Za TV Ulcinj 150.000 eura - Lajme nga Ulqini","isPartOf":{"@id":"https:\/\/www.visit-ulcinj.com\/blog\/#website"},"primaryImageOfPage":{"@id":"https:\/\/www.visit-ulcinj.com\/blog\/2009\/09\/22\/za-tv-ulcinj-150-000-eura\/#primaryimage"},"datePublished":"2009-09-22T17:56:42+00:00","dateModified":"2009-09-22T17:56:42+00:00","author":{"@id":"https:\/\/www.visit-ulcinj.com\/blog\/#\/schema\/person\/dcab619c614d3038751c63bc2aadc06d"},"description":"Ulcinj - U objektu Radio Ulcinja privode se kraju radovi u okviru prve faze projekta renoviranja i opremanja prostorija za budu?u TV Ulcinj. Vrijednost","breadcrumb":{"@id":"https:\/\/www.visit-ulcinj.com\/blog\/2009\/09\/22\/za-tv-ulcinj-150-000-eura\/#breadcrumb"},"inLanguage":"en-US","potentialAction":[{"@type":"ReadAction","target":["https:\/\/www.visit-ulcinj.com\/blog\/2009\/09\/22\/za-tv-ulcinj-150-000-eura\/"]}]},{"@type":"BreadcrumbList","@id":"https:\/\/www.visit-ulcinj.com\/blog\/2009\/09\/22\/za-tv-ulcinj-150-000-eura\/#breadcrumb","itemListElement":[{"@type":"ListItem","position":1,"name":"Za TV Ulcinj 150.000 eura"}]},{"@type":"Person","@id":"https:\/\/www.visit-ulcinj.com\/blog\/#\/schema\/person\/dcab619c614d3038751c63bc2aadc06d","name":"ulqini","sameAs":["http:\/\/www.visit-ulcinj.com"],"url":"https:\/\/www.visit-ulcinj.com\/blog\/author\/admin\/"}]}},"jetpack_featured_media_url":"","jetpack_sharing_enabled":true,"jetpack_shortlink":"https:\/\/wp.me\/pe6lTn-6HT","_links":{"self":[{"href":"https:\/\/www.visit-ulcinj.com\/blog\/wp-json\/wp\/v2\/posts\/25785"}],"collection":[{"href":"https:\/\/www.visit-ulcinj.com\/blog\/wp-json\/wp\/v2\/posts"}],"about":[{"href":"https:\/\/www.visit-ulcinj.com\/blog\/wp-json\/wp\/v2\/types\/post"}],"author":[{"embeddable":true,"href":"https:\/\/www.visit-ulcinj.com\/blog\/wp-json\/wp\/v2\/users\/1"}],"replies":[{"embeddable":true,"href":"https:\/\/www.visit-ulcinj.com\/blog\/wp-json\/wp\/v2\/comments?post=25785"}],"version-history":[{"count":0,"href":"https:\/\/www.visit-ulcinj.com\/blog\/wp-json\/wp\/v2\/posts\/25785\/revisions"}],"wp:attachment":[{"href":"https:\/\/www.visit-ulcinj.com\/blog\/wp-json\/wp\/v2\/media?parent=25785"}],"wp:term":[{"taxonomy":"category","embeddable":true,"href":"https:\/\/www.visit-ulcinj.com\/blog\/wp-json\/wp\/v2\/categories?post=25785"},{"taxonomy":"post_tag","embeddable":true,"href":"https:\/\/www.visit-ulcinj.com\/blog\/wp-json\/wp\/v2\/tags?post=25785"}],"curies":[{"name":"wp","href":"https:\/\/api.w.org\/{rel}","templated":true}]}}