{"id":2579,"date":"2008-08-19T09:42:11","date_gmt":"2008-08-19T14:42:11","guid":{"rendered":"http:\/\/www.visit-ulcinj.com\/blog\/?p=2579"},"modified":"2008-08-19T09:42:11","modified_gmt":"2008-08-19T14:42:11","slug":"ne-vend-te-plazhit-perfundon-ne-burg","status":"publish","type":"post","link":"https:\/\/www.visit-ulcinj.com\/blog\/2008\/08\/19\/ne-vend-te-plazhit-perfundon-ne-burg\/","title":{"rendered":"N\u00eb vend t\u00eb plazhit p\u00ebrfundon n\u00eb burg"},"content":{"rendered":"<p><a href=\"http:\/\/chuckgallagher.files.wordpress.com\/2007\/11\/prison-hands.jpg\"><img loading=\"lazy\" class=\"alignleft\" title=\"Burgu n\u00eb Spuzh n\u00eb Mal t\u00eb Zi\" src=\"http:\/\/chuckgallagher.files.wordpress.com\/2007\/11\/prison-hands.jpg\" alt=\"\" width=\"384\" height=\"256\" \/><\/a>Ideja e tij ka qen\u00eb q\u00eb bashk\u00eb me familjen e tij t\u00eb kaloj\u00eb nj\u00eb pushim t\u00eb k\u00ebndsh\u00ebm n\u00eb rivier\u00ebn malaziase. P\u00ebrkund\u00ebr k\u00ebsaj d\u00ebshire \u2013 pushimet n\u00eb Mal t\u00eb Zi i kan\u00eb dal\u00eb dardh\u00eb me bisht ngase n\u00eb vend q\u00eb t\u00eb shtrihet n\u00eb r\u00ebr\u00ebn e nxeht\u00eb t\u00eb Ulqinit turisti kosovar \u00ebsht\u00eb \u201crehatuar\u201d n\u00eb \u00e7imenton e ftoht\u00eb t\u00eb burgut t\u00eb Spuzhit n\u00eb dalje t\u00eb Podgoric\u00ebs.<br \/>\nFlorent Turkaj kosovar me n\u00ebnshtet\u00ebsi suedeze pushimet verore i ka kaluar n\u00ebp\u00ebr burgjet e Malit t\u00eb Zi pa asnj\u00eb pik\u00eb faji, raporton gazeta e p\u00ebrditshme prishtinase \u201cExpress\u201d. Turkaj sipas gazet\u00ebs \u00ebsht\u00eb arrestuar p\u00ebr shkak t\u00eb dyshimit t\u00eb falsifikimit t\u00eb dokumenteve \u2013 t\u00eb patent\u00eb shoferit. Ai \u00ebsht\u00eb arrestuar n\u00eb vendkalimin kufitar Debeli Brijeg mes Mali t\u00eb Zi dhe Kroacis\u00eb ku edhe \u00ebsht\u00eb ndar\u00eb nga familja e tij.<br \/>\nVet\u00ebm pas nj\u00eb muaji t\u00eb kaluar n\u00eb burgun e Spuzhit Florent Turkaj \u00ebsht\u00eb liruar si i pafajsh\u00ebm. \u201cMua m\u00eb kan\u00eb torturuar pa asnj\u00eb faj t\u00eb b\u00ebr\u00eb. P\u00ebr t\u00eb gjitha k\u00ebto do t\u00eb ngre padi kund\u00ebr shtetit t\u00eb Malit t\u00eb Zi\u201d, i deklaroi Florent Turkaj p\u00ebrmes telefonit gazet\u00ebs prishtinase.<br \/>\n<strong>Burimi \/ Telegrafi<\/strong><\/p>\n","protected":false},"excerpt":{"rendered":"<p><img loading=\"lazy\" class=\"alignleft\" title=\"Burgu n\u00eb Spuzh n\u00eb Mal t\u00eb Zi\" src=\"http:\/\/chuckgallagher.files.wordpress.com\/2007\/11\/prison-hands.jpg\" alt=\"\" width=\"140\" height=\"140\" \/><\/p>\n","protected":false},"author":1,"featured_media":0,"comment_status":"open","ping_status":"closed","sticky":false,"template":"","format":"standard","meta":{"spay_email":"","jetpack_publicize_message":"","jetpack_is_tweetstorm":false,"jetpack_publicize_feature_enabled":true},"categories":[8,1,15],"tags":[4380],"jetpack_publicize_connections":[],"yoast_head":"<!-- This site is optimized with the Yoast SEO plugin v19.1 - https:\/\/yoast.com\/wordpress\/plugins\/seo\/ -->\n<title>N\u00eb vend t\u00eb plazhit p\u00ebrfundon n\u00eb burg - Lajme nga Ulqini<\/title>\n<meta name=\"robots\" content=\"index, follow, max-snippet:-1, max-image-preview:large, max-video-preview:-1\" \/>\n<link rel=\"canonical\" href=\"https:\/\/www.visit-ulcinj.com\/blog\/2008\/08\/19\/ne-vend-te-plazhit-perfundon-ne-burg\/\" \/>\n<meta property=\"og:locale\" content=\"en_US\" \/>\n<meta property=\"og:type\" content=\"article\" \/>\n<meta property=\"og:title\" content=\"N\u00eb vend t\u00eb plazhit p\u00ebrfundon n\u00eb burg - Lajme nga Ulqini\" \/>\n<meta property=\"og:url\" content=\"https:\/\/www.visit-ulcinj.com\/blog\/2008\/08\/19\/ne-vend-te-plazhit-perfundon-ne-burg\/\" \/>\n<meta property=\"og:site_name\" content=\"Lajme nga Ulqini\" \/>\n<meta property=\"article:published_time\" content=\"2008-08-19T14:42:11+00:00\" \/>\n<meta property=\"og:image\" content=\"http:\/\/chuckgallagher.files.wordpress.com\/2007\/11\/prison-hands.jpg\" \/>\n<meta name=\"twitter:label1\" content=\"Written by\" \/>\n\t<meta name=\"twitter:data1\" content=\"ulqini\" \/>\n\t<meta name=\"twitter:label2\" content=\"Est. reading time\" \/>\n\t<meta name=\"twitter:data2\" content=\"1 minute\" \/>\n<script type=\"application\/ld+json\" class=\"yoast-schema-graph\">{\"@context\":\"https:\/\/schema.org\",\"@graph\":[{\"@type\":\"WebSite\",\"@id\":\"https:\/\/www.visit-ulcinj.com\/blog\/#website\",\"url\":\"https:\/\/www.visit-ulcinj.com\/blog\/\",\"name\":\"Lajme nga Ulqini\",\"description\":\"Lajme,Vijesti,Ulqini,Ulqin,Crna Gora,Mali i Zi\",\"potentialAction\":[{\"@type\":\"SearchAction\",\"target\":{\"@type\":\"EntryPoint\",\"urlTemplate\":\"https:\/\/www.visit-ulcinj.com\/blog\/?s={search_term_string}\"},\"query-input\":\"required name=search_term_string\"}],\"inLanguage\":\"en-US\"},{\"@type\":\"ImageObject\",\"inLanguage\":\"en-US\",\"@id\":\"https:\/\/www.visit-ulcinj.com\/blog\/2008\/08\/19\/ne-vend-te-plazhit-perfundon-ne-burg\/#primaryimage\",\"url\":\"http:\/\/chuckgallagher.files.wordpress.com\/2007\/11\/prison-hands.jpg\",\"contentUrl\":\"http:\/\/chuckgallagher.files.wordpress.com\/2007\/11\/prison-hands.jpg\"},{\"@type\":\"WebPage\",\"@id\":\"https:\/\/www.visit-ulcinj.com\/blog\/2008\/08\/19\/ne-vend-te-plazhit-perfundon-ne-burg\/#webpage\",\"url\":\"https:\/\/www.visit-ulcinj.com\/blog\/2008\/08\/19\/ne-vend-te-plazhit-perfundon-ne-burg\/\",\"name\":\"N\u00eb vend t\u00eb plazhit p\u00ebrfundon n\u00eb burg - Lajme nga Ulqini\",\"isPartOf\":{\"@id\":\"https:\/\/www.visit-ulcinj.com\/blog\/#website\"},\"primaryImageOfPage\":{\"@id\":\"https:\/\/www.visit-ulcinj.com\/blog\/2008\/08\/19\/ne-vend-te-plazhit-perfundon-ne-burg\/#primaryimage\"},\"datePublished\":\"2008-08-19T14:42:11+00:00\",\"dateModified\":\"2008-08-19T14:42:11+00:00\",\"author\":{\"@id\":\"https:\/\/www.visit-ulcinj.com\/blog\/#\/schema\/person\/dcab619c614d3038751c63bc2aadc06d\"},\"breadcrumb\":{\"@id\":\"https:\/\/www.visit-ulcinj.com\/blog\/2008\/08\/19\/ne-vend-te-plazhit-perfundon-ne-burg\/#breadcrumb\"},\"inLanguage\":\"en-US\",\"potentialAction\":[{\"@type\":\"ReadAction\",\"target\":[\"https:\/\/www.visit-ulcinj.com\/blog\/2008\/08\/19\/ne-vend-te-plazhit-perfundon-ne-burg\/\"]}]},{\"@type\":\"BreadcrumbList\",\"@id\":\"https:\/\/www.visit-ulcinj.com\/blog\/2008\/08\/19\/ne-vend-te-plazhit-perfundon-ne-burg\/#breadcrumb\",\"itemListElement\":[{\"@type\":\"ListItem\",\"position\":1,\"name\":\"N\u00eb vend t\u00eb plazhit p\u00ebrfundon n\u00eb burg\"}]},{\"@type\":\"Person\",\"@id\":\"https:\/\/www.visit-ulcinj.com\/blog\/#\/schema\/person\/dcab619c614d3038751c63bc2aadc06d\",\"name\":\"ulqini\",\"sameAs\":[\"http:\/\/www.visit-ulcinj.com\"],\"url\":\"https:\/\/www.visit-ulcinj.com\/blog\/author\/admin\/\"}]}<\/script>\n<!-- \/ Yoast SEO plugin. -->","yoast_head_json":{"title":"N\u00eb vend t\u00eb plazhit p\u00ebrfundon n\u00eb burg - Lajme nga Ulqini","robots":{"index":"index","follow":"follow","max-snippet":"max-snippet:-1","max-image-preview":"max-image-preview:large","max-video-preview":"max-video-preview:-1"},"canonical":"https:\/\/www.visit-ulcinj.com\/blog\/2008\/08\/19\/ne-vend-te-plazhit-perfundon-ne-burg\/","og_locale":"en_US","og_type":"article","og_title":"N\u00eb vend t\u00eb plazhit p\u00ebrfundon n\u00eb burg - Lajme nga Ulqini","og_url":"https:\/\/www.visit-ulcinj.com\/blog\/2008\/08\/19\/ne-vend-te-plazhit-perfundon-ne-burg\/","og_site_name":"Lajme nga Ulqini","article_published_time":"2008-08-19T14:42:11+00:00","og_image":[{"url":"http:\/\/chuckgallagher.files.wordpress.com\/2007\/11\/prison-hands.jpg"}],"twitter_misc":{"Written by":"ulqini","Est. reading time":"1 minute"},"schema":{"@context":"https:\/\/schema.org","@graph":[{"@type":"WebSite","@id":"https:\/\/www.visit-ulcinj.com\/blog\/#website","url":"https:\/\/www.visit-ulcinj.com\/blog\/","name":"Lajme nga Ulqini","description":"Lajme,Vijesti,Ulqini,Ulqin,Crna Gora,Mali i Zi","potentialAction":[{"@type":"SearchAction","target":{"@type":"EntryPoint","urlTemplate":"https:\/\/www.visit-ulcinj.com\/blog\/?s={search_term_string}"},"query-input":"required name=search_term_string"}],"inLanguage":"en-US"},{"@type":"ImageObject","inLanguage":"en-US","@id":"https:\/\/www.visit-ulcinj.com\/blog\/2008\/08\/19\/ne-vend-te-plazhit-perfundon-ne-burg\/#primaryimage","url":"http:\/\/chuckgallagher.files.wordpress.com\/2007\/11\/prison-hands.jpg","contentUrl":"http:\/\/chuckgallagher.files.wordpress.com\/2007\/11\/prison-hands.jpg"},{"@type":"WebPage","@id":"https:\/\/www.visit-ulcinj.com\/blog\/2008\/08\/19\/ne-vend-te-plazhit-perfundon-ne-burg\/#webpage","url":"https:\/\/www.visit-ulcinj.com\/blog\/2008\/08\/19\/ne-vend-te-plazhit-perfundon-ne-burg\/","name":"N\u00eb vend t\u00eb plazhit p\u00ebrfundon n\u00eb burg - Lajme nga Ulqini","isPartOf":{"@id":"https:\/\/www.visit-ulcinj.com\/blog\/#website"},"primaryImageOfPage":{"@id":"https:\/\/www.visit-ulcinj.com\/blog\/2008\/08\/19\/ne-vend-te-plazhit-perfundon-ne-burg\/#primaryimage"},"datePublished":"2008-08-19T14:42:11+00:00","dateModified":"2008-08-19T14:42:11+00:00","author":{"@id":"https:\/\/www.visit-ulcinj.com\/blog\/#\/schema\/person\/dcab619c614d3038751c63bc2aadc06d"},"breadcrumb":{"@id":"https:\/\/www.visit-ulcinj.com\/blog\/2008\/08\/19\/ne-vend-te-plazhit-perfundon-ne-burg\/#breadcrumb"},"inLanguage":"en-US","potentialAction":[{"@type":"ReadAction","target":["https:\/\/www.visit-ulcinj.com\/blog\/2008\/08\/19\/ne-vend-te-plazhit-perfundon-ne-burg\/"]}]},{"@type":"BreadcrumbList","@id":"https:\/\/www.visit-ulcinj.com\/blog\/2008\/08\/19\/ne-vend-te-plazhit-perfundon-ne-burg\/#breadcrumb","itemListElement":[{"@type":"ListItem","position":1,"name":"N\u00eb vend t\u00eb plazhit p\u00ebrfundon n\u00eb burg"}]},{"@type":"Person","@id":"https:\/\/www.visit-ulcinj.com\/blog\/#\/schema\/person\/dcab619c614d3038751c63bc2aadc06d","name":"ulqini","sameAs":["http:\/\/www.visit-ulcinj.com"],"url":"https:\/\/www.visit-ulcinj.com\/blog\/author\/admin\/"}]}},"jetpack_featured_media_url":"","jetpack_sharing_enabled":true,"jetpack_shortlink":"https:\/\/wp.me\/pe6lTn-FB","_links":{"self":[{"href":"https:\/\/www.visit-ulcinj.com\/blog\/wp-json\/wp\/v2\/posts\/2579"}],"collection":[{"href":"https:\/\/www.visit-ulcinj.com\/blog\/wp-json\/wp\/v2\/posts"}],"about":[{"href":"https:\/\/www.visit-ulcinj.com\/blog\/wp-json\/wp\/v2\/types\/post"}],"author":[{"embeddable":true,"href":"https:\/\/www.visit-ulcinj.com\/blog\/wp-json\/wp\/v2\/users\/1"}],"replies":[{"embeddable":true,"href":"https:\/\/www.visit-ulcinj.com\/blog\/wp-json\/wp\/v2\/comments?post=2579"}],"version-history":[{"count":0,"href":"https:\/\/www.visit-ulcinj.com\/blog\/wp-json\/wp\/v2\/posts\/2579\/revisions"}],"wp:attachment":[{"href":"https:\/\/www.visit-ulcinj.com\/blog\/wp-json\/wp\/v2\/media?parent=2579"}],"wp:term":[{"taxonomy":"category","embeddable":true,"href":"https:\/\/www.visit-ulcinj.com\/blog\/wp-json\/wp\/v2\/categories?post=2579"},{"taxonomy":"post_tag","embeddable":true,"href":"https:\/\/www.visit-ulcinj.com\/blog\/wp-json\/wp\/v2\/tags?post=2579"}],"curies":[{"name":"wp","href":"https:\/\/api.w.org\/{rel}","templated":true}]}}