{"id":25832,"date":"2009-09-23T20:06:16","date_gmt":"2009-09-23T18:06:16","guid":{"rendered":"http:\/\/www.visit-ulcinj.com\/blog\/?p=25832"},"modified":"2009-09-23T20:06:16","modified_gmt":"2009-09-23T18:06:16","slug":"paralajmerohet-formimi-i-klubit-te-deputeteve-shqiptare","status":"publish","type":"post","link":"https:\/\/www.visit-ulcinj.com\/blog\/2009\/09\/23\/paralajmerohet-formimi-i-klubit-te-deputeteve-shqiptare\/","title":{"rendered":"Paralajm\u00ebrohet formimi i Klubit t\u00eb deputet\u00ebve shqiptar\u00eb"},"content":{"rendered":"<p><img loading=\"lazy\" class=\"alignleft\" src=\"http:\/\/www.visit-ulcinj.com\/blog\/wp-content\/uploads\/2009\/03\/koalicioni-shqiptar-ne-mal-te-zi1.jpg\" alt=\"\" width=\"362\" height=\"499\" \/>Podgoric\u00eb \u2013 Klubi i deputet\u00ebve shqiptar\u00eb n\u00eb Parlamentin e Malit t\u00eb Zi mund t\u00eb themelohet s\u00eb shpejti.<br \/>\nK\u00ebt\u00eb e ka paralajm\u00ebruar deputeti i Koalicionit Shqiptar \u201cPerspektiva\u201d, Amir Hollaj, n\u00eb nj\u00eb intervist\u00eb p\u00ebr gazet\u00ebn \u201cKoha javore\u201d.<br \/>\n\u201cShpresoj q\u00eb k\u00ebtyre dit\u00ebve do t\u00eb zyrtarizohet klubi dhe do t\u00eb filloj\u00eb t\u00eb punoj\u00eb n\u00eb t\u00eb mir\u00ebn e t\u00eb gjith\u00eb neve\u201d, ka th\u00ebn\u00eb ai.<br \/>\nHollaj ka th\u00ebn\u00eb se q\u00eb dit\u00ebn e par\u00eb iu ka b\u00ebr\u00eb t\u00eb ditur koleg\u00ebve deputet\u00eb nga radh\u00ebt e subjekteve politike shqiptare se ai \u00ebsht\u00eb p\u00ebr bashk\u00ebpunim, pa kompromis dhe pa kushte paraprake.<br \/>\n\u201cPikat p\u00ebr t\u00eb cilat do t\u00eb angazhohemi ne, jan\u00eb pak a shum\u00eb p\u00ebr ne t\u00eb pranueshme, nd\u00ebrsa secili subjekt ka autonomin\u00eb e vet jasht\u00eb k\u00ebtyre pikave. Vet\u00ebm t\u00eb bashkuar mund t\u00eb kemi suksese\u201d, ka th\u00ebn\u00eb ai.<br \/>\nEdhe pse tre deputet\u00ebt shqiptar\u00eb n\u00eb Parlamentin e Malit t\u00eb Zi, Genci Nimanbegu nga Forca e Re Demokratike, Mehmet Bardhi nga Lista Shqiptare dhe Amir Hollaj nga Koalicioni Shqiptar \u201cPerspektiva\u201d kan\u00eb shprehur gatishm\u00ebri p\u00ebr themelimin e klubit t\u00eb p\u00ebrbashk\u00ebt, kan\u00eb kaluar gati gjasht\u00eb muaj q\u00eb nga zgjedhjet parlamentare t\u00eb 29 marsit dhe Klubi i deputet\u00ebve shqiptar\u00eb nuk \u00ebsht\u00eb themeluar ende.<br \/>\nDeputet\u00ebt e k\u00ebtyre tre subjekteve politike nuk e kan\u00eb pranuar ftes\u00ebn e b\u00ebr\u00eb nga deputeti i UDSH-s\u00eb, Ferhat Dinosha (tani minist\u00ebr p\u00ebr t\u00eb Drejtat e Njeriut dhe Pakicave), p\u00ebr themelimin e klubit t\u00eb p\u00ebrbashk\u00ebt t\u00eb kat\u00ebr deputet\u00ebve t\u00eb subjekteve nacionale shqiptare n\u00eb Parlamentin e Malit t\u00eb Zi, p\u00ebrfshir\u00eb edhe deputetin e UDSH-s\u00eb.<br \/>\nN\u00eb baz\u00eb t\u00eb Rregullores s\u00eb Parlamentit t\u00eb Malit t\u00eb Zi parashikohet q\u00eb klubi i deputet\u00ebve p\u00ebrb\u00ebhet nga t\u00eb pakt\u00ebn tre deputet\u00eb.<br \/>\nN\u00eb Parlamentin e Malit t\u00eb Zi aktualisht funksionojn\u00eb gjasht\u00eb klube t\u00eb deputet\u00ebve.<br \/>\n<strong><br \/>\nI.Kallaba<br \/>\nKoha Javore<\/strong><\/p>\n","protected":false},"excerpt":{"rendered":"<p>Podgoric\u00eb \u2013 Klubi i deputet\u00ebve shqiptar\u00eb n\u00eb Parlamentin e Malit t\u00eb Zi mund t\u00eb themelohet s\u00eb shpejti. K\u00ebt\u00eb e ka paralajm\u00ebruar deputeti i Koalicionit Shqiptar \u201cPerspektiva\u201d, Amir Hollaj, n\u00eb nj\u00eb intervist\u00eb p\u00ebr gazet\u00ebn \u201cKoha javore\u201d. \u201cShpresoj q\u00eb k\u00ebtyre dit\u00ebve do t\u00eb zyrtarizohet klubi dhe do t\u00eb filloj\u00eb t\u00eb punoj\u00eb n\u00eb t\u00eb mir\u00ebn e t\u00eb gjith\u00eb [&hellip;]<\/p>\n","protected":false},"author":1,"featured_media":0,"comment_status":"open","ping_status":"closed","sticky":false,"template":"","format":"standard","meta":{"spay_email":"","jetpack_publicize_message":"","jetpack_is_tweetstorm":false,"jetpack_publicize_feature_enabled":true},"categories":[6],"tags":[1303,12512,10872,12513,12511,3460],"jetpack_publicize_connections":[],"yoast_head":"<!-- This site is optimized with the Yoast SEO plugin v19.1 - https:\/\/yoast.com\/wordpress\/plugins\/seo\/ -->\n<title>Paralajm\u00ebrohet formimi i Klubit t\u00eb deputet\u00ebve shqiptar\u00eb - Lajme nga Ulqini<\/title>\n<meta name=\"description\" content=\"Podgoric\u00eb \u2013 Klubi i deputet\u00ebve shqiptar\u00eb n\u00eb Parlamentin e Malit t\u00eb Zi mund t\u00eb themelohet s\u00eb shpejti. K\u00ebt\u00eb e ka paralajm\u00ebruar deputeti i Koalicionit\" \/>\n<meta name=\"robots\" content=\"index, follow, max-snippet:-1, max-image-preview:large, max-video-preview:-1\" \/>\n<link rel=\"canonical\" href=\"https:\/\/www.visit-ulcinj.com\/blog\/2009\/09\/23\/paralajmerohet-formimi-i-klubit-te-deputeteve-shqiptare\/\" \/>\n<meta property=\"og:locale\" content=\"en_US\" \/>\n<meta property=\"og:type\" content=\"article\" \/>\n<meta property=\"og:title\" content=\"Paralajm\u00ebrohet formimi i Klubit t\u00eb deputet\u00ebve shqiptar\u00eb - Lajme nga Ulqini\" \/>\n<meta property=\"og:description\" content=\"Podgoric\u00eb \u2013 Klubi i deputet\u00ebve shqiptar\u00eb n\u00eb Parlamentin e Malit t\u00eb Zi mund t\u00eb themelohet s\u00eb shpejti. K\u00ebt\u00eb e ka paralajm\u00ebruar deputeti i Koalicionit\" \/>\n<meta property=\"og:url\" content=\"https:\/\/www.visit-ulcinj.com\/blog\/2009\/09\/23\/paralajmerohet-formimi-i-klubit-te-deputeteve-shqiptare\/\" \/>\n<meta property=\"og:site_name\" content=\"Lajme nga Ulqini\" \/>\n<meta property=\"article:published_time\" content=\"2009-09-23T18:06:16+00:00\" \/>\n<meta property=\"og:image\" content=\"http:\/\/www.visit-ulcinj.com\/blog\/wp-content\/uploads\/2009\/03\/koalicioni-shqiptar-ne-mal-te-zi1.jpg\" \/>\n<meta name=\"twitter:label1\" content=\"Written by\" \/>\n\t<meta name=\"twitter:data1\" content=\"ulqini\" \/>\n\t<meta name=\"twitter:label2\" content=\"Est. reading time\" \/>\n\t<meta name=\"twitter:data2\" content=\"2 minutes\" \/>\n<script type=\"application\/ld+json\" class=\"yoast-schema-graph\">{\"@context\":\"https:\/\/schema.org\",\"@graph\":[{\"@type\":\"WebSite\",\"@id\":\"https:\/\/www.visit-ulcinj.com\/blog\/#website\",\"url\":\"https:\/\/www.visit-ulcinj.com\/blog\/\",\"name\":\"Lajme nga Ulqini\",\"description\":\"Lajme,Vijesti,Ulqini,Ulqin,Crna Gora,Mali i Zi\",\"potentialAction\":[{\"@type\":\"SearchAction\",\"target\":{\"@type\":\"EntryPoint\",\"urlTemplate\":\"https:\/\/www.visit-ulcinj.com\/blog\/?s={search_term_string}\"},\"query-input\":\"required name=search_term_string\"}],\"inLanguage\":\"en-US\"},{\"@type\":\"ImageObject\",\"inLanguage\":\"en-US\",\"@id\":\"https:\/\/www.visit-ulcinj.com\/blog\/2009\/09\/23\/paralajmerohet-formimi-i-klubit-te-deputeteve-shqiptare\/#primaryimage\",\"url\":\"https:\/\/www.visit-ulcinj.com\/blog\/wp-content\/uploads\/2009\/03\/koalicioni-shqiptar-ne-mal-te-zi1.jpg\",\"contentUrl\":\"https:\/\/www.visit-ulcinj.com\/blog\/wp-content\/uploads\/2009\/03\/koalicioni-shqiptar-ne-mal-te-zi1.jpg\",\"width\":\"415\",\"height\":\"573\"},{\"@type\":\"WebPage\",\"@id\":\"https:\/\/www.visit-ulcinj.com\/blog\/2009\/09\/23\/paralajmerohet-formimi-i-klubit-te-deputeteve-shqiptare\/#webpage\",\"url\":\"https:\/\/www.visit-ulcinj.com\/blog\/2009\/09\/23\/paralajmerohet-formimi-i-klubit-te-deputeteve-shqiptare\/\",\"name\":\"Paralajm\u00ebrohet formimi i Klubit t\u00eb deputet\u00ebve shqiptar\u00eb - Lajme nga Ulqini\",\"isPartOf\":{\"@id\":\"https:\/\/www.visit-ulcinj.com\/blog\/#website\"},\"primaryImageOfPage\":{\"@id\":\"https:\/\/www.visit-ulcinj.com\/blog\/2009\/09\/23\/paralajmerohet-formimi-i-klubit-te-deputeteve-shqiptare\/#primaryimage\"},\"datePublished\":\"2009-09-23T18:06:16+00:00\",\"dateModified\":\"2009-09-23T18:06:16+00:00\",\"author\":{\"@id\":\"https:\/\/www.visit-ulcinj.com\/blog\/#\/schema\/person\/dcab619c614d3038751c63bc2aadc06d\"},\"description\":\"Podgoric\u00eb \u2013 Klubi i deputet\u00ebve shqiptar\u00eb n\u00eb Parlamentin e Malit t\u00eb Zi mund t\u00eb themelohet s\u00eb shpejti. K\u00ebt\u00eb e ka paralajm\u00ebruar deputeti i Koalicionit\",\"breadcrumb\":{\"@id\":\"https:\/\/www.visit-ulcinj.com\/blog\/2009\/09\/23\/paralajmerohet-formimi-i-klubit-te-deputeteve-shqiptare\/#breadcrumb\"},\"inLanguage\":\"en-US\",\"potentialAction\":[{\"@type\":\"ReadAction\",\"target\":[\"https:\/\/www.visit-ulcinj.com\/blog\/2009\/09\/23\/paralajmerohet-formimi-i-klubit-te-deputeteve-shqiptare\/\"]}]},{\"@type\":\"BreadcrumbList\",\"@id\":\"https:\/\/www.visit-ulcinj.com\/blog\/2009\/09\/23\/paralajmerohet-formimi-i-klubit-te-deputeteve-shqiptare\/#breadcrumb\",\"itemListElement\":[{\"@type\":\"ListItem\",\"position\":1,\"name\":\"Paralajm\u00ebrohet formimi i Klubit t\u00eb deputet\u00ebve shqiptar\u00eb\"}]},{\"@type\":\"Person\",\"@id\":\"https:\/\/www.visit-ulcinj.com\/blog\/#\/schema\/person\/dcab619c614d3038751c63bc2aadc06d\",\"name\":\"ulqini\",\"sameAs\":[\"http:\/\/www.visit-ulcinj.com\"],\"url\":\"https:\/\/www.visit-ulcinj.com\/blog\/author\/admin\/\"}]}<\/script>\n<!-- \/ Yoast SEO plugin. -->","yoast_head_json":{"title":"Paralajm\u00ebrohet formimi i Klubit t\u00eb deputet\u00ebve shqiptar\u00eb - Lajme nga Ulqini","description":"Podgoric\u00eb \u2013 Klubi i deputet\u00ebve shqiptar\u00eb n\u00eb Parlamentin e Malit t\u00eb Zi mund t\u00eb themelohet s\u00eb shpejti. K\u00ebt\u00eb e ka paralajm\u00ebruar deputeti i Koalicionit","robots":{"index":"index","follow":"follow","max-snippet":"max-snippet:-1","max-image-preview":"max-image-preview:large","max-video-preview":"max-video-preview:-1"},"canonical":"https:\/\/www.visit-ulcinj.com\/blog\/2009\/09\/23\/paralajmerohet-formimi-i-klubit-te-deputeteve-shqiptare\/","og_locale":"en_US","og_type":"article","og_title":"Paralajm\u00ebrohet formimi i Klubit t\u00eb deputet\u00ebve shqiptar\u00eb - Lajme nga Ulqini","og_description":"Podgoric\u00eb \u2013 Klubi i deputet\u00ebve shqiptar\u00eb n\u00eb Parlamentin e Malit t\u00eb Zi mund t\u00eb themelohet s\u00eb shpejti. K\u00ebt\u00eb e ka paralajm\u00ebruar deputeti i Koalicionit","og_url":"https:\/\/www.visit-ulcinj.com\/blog\/2009\/09\/23\/paralajmerohet-formimi-i-klubit-te-deputeteve-shqiptare\/","og_site_name":"Lajme nga Ulqini","article_published_time":"2009-09-23T18:06:16+00:00","og_image":[{"url":"http:\/\/www.visit-ulcinj.com\/blog\/wp-content\/uploads\/2009\/03\/koalicioni-shqiptar-ne-mal-te-zi1.jpg"}],"twitter_misc":{"Written by":"ulqini","Est. reading time":"2 minutes"},"schema":{"@context":"https:\/\/schema.org","@graph":[{"@type":"WebSite","@id":"https:\/\/www.visit-ulcinj.com\/blog\/#website","url":"https:\/\/www.visit-ulcinj.com\/blog\/","name":"Lajme nga Ulqini","description":"Lajme,Vijesti,Ulqini,Ulqin,Crna Gora,Mali i Zi","potentialAction":[{"@type":"SearchAction","target":{"@type":"EntryPoint","urlTemplate":"https:\/\/www.visit-ulcinj.com\/blog\/?s={search_term_string}"},"query-input":"required name=search_term_string"}],"inLanguage":"en-US"},{"@type":"ImageObject","inLanguage":"en-US","@id":"https:\/\/www.visit-ulcinj.com\/blog\/2009\/09\/23\/paralajmerohet-formimi-i-klubit-te-deputeteve-shqiptare\/#primaryimage","url":"https:\/\/www.visit-ulcinj.com\/blog\/wp-content\/uploads\/2009\/03\/koalicioni-shqiptar-ne-mal-te-zi1.jpg","contentUrl":"https:\/\/www.visit-ulcinj.com\/blog\/wp-content\/uploads\/2009\/03\/koalicioni-shqiptar-ne-mal-te-zi1.jpg","width":"415","height":"573"},{"@type":"WebPage","@id":"https:\/\/www.visit-ulcinj.com\/blog\/2009\/09\/23\/paralajmerohet-formimi-i-klubit-te-deputeteve-shqiptare\/#webpage","url":"https:\/\/www.visit-ulcinj.com\/blog\/2009\/09\/23\/paralajmerohet-formimi-i-klubit-te-deputeteve-shqiptare\/","name":"Paralajm\u00ebrohet formimi i Klubit t\u00eb deputet\u00ebve shqiptar\u00eb - Lajme nga Ulqini","isPartOf":{"@id":"https:\/\/www.visit-ulcinj.com\/blog\/#website"},"primaryImageOfPage":{"@id":"https:\/\/www.visit-ulcinj.com\/blog\/2009\/09\/23\/paralajmerohet-formimi-i-klubit-te-deputeteve-shqiptare\/#primaryimage"},"datePublished":"2009-09-23T18:06:16+00:00","dateModified":"2009-09-23T18:06:16+00:00","author":{"@id":"https:\/\/www.visit-ulcinj.com\/blog\/#\/schema\/person\/dcab619c614d3038751c63bc2aadc06d"},"description":"Podgoric\u00eb \u2013 Klubi i deputet\u00ebve shqiptar\u00eb n\u00eb Parlamentin e Malit t\u00eb Zi mund t\u00eb themelohet s\u00eb shpejti. K\u00ebt\u00eb e ka paralajm\u00ebruar deputeti i Koalicionit","breadcrumb":{"@id":"https:\/\/www.visit-ulcinj.com\/blog\/2009\/09\/23\/paralajmerohet-formimi-i-klubit-te-deputeteve-shqiptare\/#breadcrumb"},"inLanguage":"en-US","potentialAction":[{"@type":"ReadAction","target":["https:\/\/www.visit-ulcinj.com\/blog\/2009\/09\/23\/paralajmerohet-formimi-i-klubit-te-deputeteve-shqiptare\/"]}]},{"@type":"BreadcrumbList","@id":"https:\/\/www.visit-ulcinj.com\/blog\/2009\/09\/23\/paralajmerohet-formimi-i-klubit-te-deputeteve-shqiptare\/#breadcrumb","itemListElement":[{"@type":"ListItem","position":1,"name":"Paralajm\u00ebrohet formimi i Klubit t\u00eb deputet\u00ebve shqiptar\u00eb"}]},{"@type":"Person","@id":"https:\/\/www.visit-ulcinj.com\/blog\/#\/schema\/person\/dcab619c614d3038751c63bc2aadc06d","name":"ulqini","sameAs":["http:\/\/www.visit-ulcinj.com"],"url":"https:\/\/www.visit-ulcinj.com\/blog\/author\/admin\/"}]}},"jetpack_featured_media_url":"","jetpack_sharing_enabled":true,"jetpack_shortlink":"https:\/\/wp.me\/pe6lTn-6IE","_links":{"self":[{"href":"https:\/\/www.visit-ulcinj.com\/blog\/wp-json\/wp\/v2\/posts\/25832"}],"collection":[{"href":"https:\/\/www.visit-ulcinj.com\/blog\/wp-json\/wp\/v2\/posts"}],"about":[{"href":"https:\/\/www.visit-ulcinj.com\/blog\/wp-json\/wp\/v2\/types\/post"}],"author":[{"embeddable":true,"href":"https:\/\/www.visit-ulcinj.com\/blog\/wp-json\/wp\/v2\/users\/1"}],"replies":[{"embeddable":true,"href":"https:\/\/www.visit-ulcinj.com\/blog\/wp-json\/wp\/v2\/comments?post=25832"}],"version-history":[{"count":0,"href":"https:\/\/www.visit-ulcinj.com\/blog\/wp-json\/wp\/v2\/posts\/25832\/revisions"}],"wp:attachment":[{"href":"https:\/\/www.visit-ulcinj.com\/blog\/wp-json\/wp\/v2\/media?parent=25832"}],"wp:term":[{"taxonomy":"category","embeddable":true,"href":"https:\/\/www.visit-ulcinj.com\/blog\/wp-json\/wp\/v2\/categories?post=25832"},{"taxonomy":"post_tag","embeddable":true,"href":"https:\/\/www.visit-ulcinj.com\/blog\/wp-json\/wp\/v2\/tags?post=25832"}],"curies":[{"name":"wp","href":"https:\/\/api.w.org\/{rel}","templated":true}]}}