{"id":25837,"date":"2009-09-23T20:51:55","date_gmt":"2009-09-23T18:51:55","guid":{"rendered":"http:\/\/www.visit-ulcinj.com\/blog\/?p=25837"},"modified":"2009-09-23T20:51:55","modified_gmt":"2009-09-23T18:51:55","slug":"341-vende-per-studentet-shqiptare-nga-mali-i-zi","status":"publish","type":"post","link":"https:\/\/www.visit-ulcinj.com\/blog\/2009\/09\/23\/341-vende-per-studentet-shqiptare-nga-mali-i-zi\/","title":{"rendered":"341 vende p\u00ebr student\u00ebt shqiptar\u00eb nga Mali i Zi"},"content":{"rendered":"<p><a href=\"http:\/\/www.visit-ulcinj.com\/blog\/wp-content\/uploads\/2009\/09\/Ministria-e-Arsimit-dhe-Shkenc\u00ebs-e-Republik\u00ebs-s\u00eb-Shqip\u00ebris\u00eb.jpg\"><img loading=\"lazy\" class=\"alignleft size-full wp-image-25838\" title=\"Ministria e Arsimit dhe Shkenc\u00ebs e Republik\u00ebs s\u00eb Shqip\u00ebris\u00eb\" src=\"http:\/\/www.visit-ulcinj.com\/blog\/wp-content\/uploads\/2009\/09\/Ministria-e-Arsimit-dhe-Shkenc\u00ebs-e-Republik\u00ebs-s\u00eb-Shqip\u00ebris\u00eb.jpg\" alt=\"Ministria e Arsimit dhe Shkenc\u00ebs e Republik\u00ebs s\u00eb Shqip\u00ebris\u00eb\" width=\"580\" height=\"180\" \/><\/a>Ministria e Arsimit dhe Shkenc\u00ebs e Republik\u00ebs s\u00eb Shqip\u00ebris\u00eb ka lejuar plot 341 vende p\u00ebr regjistrimin e student\u00ebve shqiptar\u00eb nga Mali i Zi q\u00eb d\u00ebshirojn\u00eb t\u00eb studiojn\u00eb n\u00eb universitetet e Shqip\u00ebris\u00eb.<br \/>\nNumri m\u00eb i madh i vendeve p\u00ebr regjistrim, 151 sosh, edhe sivjet \u00ebsht\u00eb parashikuar n\u00eb Universitetin e Shkodr\u00ebs \u00bbLuigj Gurakuqi\u00ab, pastaj n\u00eb at\u00eb t\u00eb Tiran\u00ebs, 95 vende. Kuota p\u00ebr student\u00ebt shqiptar\u00eb n\u00eb Mal t\u00eb Zi jan\u00eb parashikuar edhe n\u00eb Universitetin Politeknik t\u00eb Tiran\u00ebs, Universitetin Bujq\u00ebsor t\u00eb Kamz\u00ebs, Universitetin e Vlor\u00ebs, si dhe n\u00eb Akademin\u00eb e Arteve dhe at\u00eb t\u00eb Sporteve.<br \/>\nRegjistrimi i student\u00ebve edhe sivjet do t\u00eb b\u00ebhet p\u00ebrmes Ministris\u00eb p\u00ebr t\u00eb Drejtat e Njeriut dhe Pakicave.<br \/>\nNga kjo ministri kan\u00eb b\u00ebr\u00eb t\u00eb ditur se t\u00eb rinjt\u00eb e interesuar duhet t\u00eb dor\u00ebzojn\u00eb pran\u00eb k\u00ebsaj ministrie brenda datave 23-25 shtator k\u00ebrkes\u00ebn p\u00ebr regjistrim, d\u00ebftes\u00ebn origjinale t\u00eb notave p\u00ebr vitin e par\u00eb, dyt\u00eb, tret\u00eb dhe kat\u00ebrt t\u00eb shkoll\u00ebs s\u00eb mesme, \u00e7ertifikat\u00ebn e shtet\u00ebsis\u00eb dhe \u00e7ertifikat\u00ebn mjek\u00ebsore.<br \/>\nPas shpalljes s\u00eb list\u00ebs s\u00eb student\u00ebve fitues n\u00eb deg\u00ebt p\u00ebrkat\u00ebse, regjistrimi i tyre do t\u00eb b\u00ebhet m\u00eb 1, 2 dhe 3 tetor.<\/p>\n<p><strong>Kohapress<\/strong><\/p>\n","protected":false},"excerpt":{"rendered":"<p>Ministria e Arsimit dhe Shkenc\u00ebs e Republik\u00ebs s\u00eb Shqip\u00ebris\u00eb ka lejuar plot 341 vende p\u00ebr regjistrimin e student\u00ebve shqiptar\u00eb nga Mali i Zi q\u00eb d\u00ebshirojn\u00eb t\u00eb studiojn\u00eb n\u00eb universitetet e Shqip\u00ebris\u00eb. Numri m\u00eb i madh i vendeve p\u00ebr regjistrim, 151 sosh, edhe sivjet \u00ebsht\u00eb parashikuar n\u00eb Universitetin e Shkodr\u00ebs \u00bbLuigj Gurakuqi\u00ab, pastaj n\u00eb at\u00eb t\u00eb [&hellip;]<\/p>\n","protected":false},"author":1,"featured_media":0,"comment_status":"open","ping_status":"closed","sticky":false,"template":"","format":"standard","meta":{"spay_email":"","jetpack_publicize_message":"","jetpack_is_tweetstorm":false,"jetpack_publicize_feature_enabled":true},"categories":[12],"tags":[12517,12516],"jetpack_publicize_connections":[],"yoast_head":"<!-- This site is optimized with the Yoast SEO plugin v19.1 - https:\/\/yoast.com\/wordpress\/plugins\/seo\/ -->\n<title>341 vende p\u00ebr student\u00ebt shqiptar\u00eb nga Mali i Zi - Lajme nga Ulqini<\/title>\n<meta name=\"description\" content=\"Ministria e Arsimit dhe Shkenc\u00ebs e Republik\u00ebs s\u00eb Shqip\u00ebris\u00eb ka lejuar plot 341 vende p\u00ebr regjistrimin e student\u00ebve shqiptar\u00eb nga Mali i Zi q\u00eb d\u00ebshirojn\u00eb\" \/>\n<meta name=\"robots\" content=\"index, follow, max-snippet:-1, max-image-preview:large, max-video-preview:-1\" \/>\n<link rel=\"canonical\" href=\"https:\/\/www.visit-ulcinj.com\/blog\/2009\/09\/23\/341-vende-per-studentet-shqiptare-nga-mali-i-zi\/\" \/>\n<meta property=\"og:locale\" content=\"en_US\" \/>\n<meta property=\"og:type\" content=\"article\" \/>\n<meta property=\"og:title\" content=\"341 vende p\u00ebr student\u00ebt shqiptar\u00eb nga Mali i Zi - Lajme nga Ulqini\" \/>\n<meta property=\"og:description\" content=\"Ministria e Arsimit dhe Shkenc\u00ebs e Republik\u00ebs s\u00eb Shqip\u00ebris\u00eb ka lejuar plot 341 vende p\u00ebr regjistrimin e student\u00ebve shqiptar\u00eb nga Mali i Zi q\u00eb d\u00ebshirojn\u00eb\" \/>\n<meta property=\"og:url\" content=\"https:\/\/www.visit-ulcinj.com\/blog\/2009\/09\/23\/341-vende-per-studentet-shqiptare-nga-mali-i-zi\/\" \/>\n<meta property=\"og:site_name\" content=\"Lajme nga Ulqini\" \/>\n<meta property=\"article:published_time\" content=\"2009-09-23T18:51:55+00:00\" \/>\n<meta name=\"twitter:label1\" content=\"Written by\" \/>\n\t<meta name=\"twitter:data1\" content=\"ulqini\" \/>\n\t<meta name=\"twitter:label2\" content=\"Est. reading time\" \/>\n\t<meta name=\"twitter:data2\" content=\"1 minute\" \/>\n<script type=\"application\/ld+json\" class=\"yoast-schema-graph\">{\"@context\":\"https:\/\/schema.org\",\"@graph\":[{\"@type\":\"WebSite\",\"@id\":\"https:\/\/www.visit-ulcinj.com\/blog\/#website\",\"url\":\"https:\/\/www.visit-ulcinj.com\/blog\/\",\"name\":\"Lajme nga Ulqini\",\"description\":\"Lajme,Vijesti,Ulqini,Ulqin,Crna Gora,Mali i Zi\",\"potentialAction\":[{\"@type\":\"SearchAction\",\"target\":{\"@type\":\"EntryPoint\",\"urlTemplate\":\"https:\/\/www.visit-ulcinj.com\/blog\/?s={search_term_string}\"},\"query-input\":\"required name=search_term_string\"}],\"inLanguage\":\"en-US\"},{\"@type\":\"WebPage\",\"@id\":\"https:\/\/www.visit-ulcinj.com\/blog\/2009\/09\/23\/341-vende-per-studentet-shqiptare-nga-mali-i-zi\/#webpage\",\"url\":\"https:\/\/www.visit-ulcinj.com\/blog\/2009\/09\/23\/341-vende-per-studentet-shqiptare-nga-mali-i-zi\/\",\"name\":\"341 vende p\u00ebr student\u00ebt shqiptar\u00eb nga Mali i Zi - Lajme nga Ulqini\",\"isPartOf\":{\"@id\":\"https:\/\/www.visit-ulcinj.com\/blog\/#website\"},\"datePublished\":\"2009-09-23T18:51:55+00:00\",\"dateModified\":\"2009-09-23T18:51:55+00:00\",\"author\":{\"@id\":\"https:\/\/www.visit-ulcinj.com\/blog\/#\/schema\/person\/dcab619c614d3038751c63bc2aadc06d\"},\"description\":\"Ministria e Arsimit dhe Shkenc\u00ebs e Republik\u00ebs s\u00eb Shqip\u00ebris\u00eb ka lejuar plot 341 vende p\u00ebr regjistrimin e student\u00ebve shqiptar\u00eb nga Mali i Zi q\u00eb d\u00ebshirojn\u00eb\",\"breadcrumb\":{\"@id\":\"https:\/\/www.visit-ulcinj.com\/blog\/2009\/09\/23\/341-vende-per-studentet-shqiptare-nga-mali-i-zi\/#breadcrumb\"},\"inLanguage\":\"en-US\",\"potentialAction\":[{\"@type\":\"ReadAction\",\"target\":[\"https:\/\/www.visit-ulcinj.com\/blog\/2009\/09\/23\/341-vende-per-studentet-shqiptare-nga-mali-i-zi\/\"]}]},{\"@type\":\"BreadcrumbList\",\"@id\":\"https:\/\/www.visit-ulcinj.com\/blog\/2009\/09\/23\/341-vende-per-studentet-shqiptare-nga-mali-i-zi\/#breadcrumb\",\"itemListElement\":[{\"@type\":\"ListItem\",\"position\":1,\"name\":\"341 vende p\u00ebr student\u00ebt shqiptar\u00eb nga Mali i Zi\"}]},{\"@type\":\"Person\",\"@id\":\"https:\/\/www.visit-ulcinj.com\/blog\/#\/schema\/person\/dcab619c614d3038751c63bc2aadc06d\",\"name\":\"ulqini\",\"sameAs\":[\"http:\/\/www.visit-ulcinj.com\"],\"url\":\"https:\/\/www.visit-ulcinj.com\/blog\/author\/admin\/\"}]}<\/script>\n<!-- \/ Yoast SEO plugin. -->","yoast_head_json":{"title":"341 vende p\u00ebr student\u00ebt shqiptar\u00eb nga Mali i Zi - Lajme nga Ulqini","description":"Ministria e Arsimit dhe Shkenc\u00ebs e Republik\u00ebs s\u00eb Shqip\u00ebris\u00eb ka lejuar plot 341 vende p\u00ebr regjistrimin e student\u00ebve shqiptar\u00eb nga Mali i Zi q\u00eb d\u00ebshirojn\u00eb","robots":{"index":"index","follow":"follow","max-snippet":"max-snippet:-1","max-image-preview":"max-image-preview:large","max-video-preview":"max-video-preview:-1"},"canonical":"https:\/\/www.visit-ulcinj.com\/blog\/2009\/09\/23\/341-vende-per-studentet-shqiptare-nga-mali-i-zi\/","og_locale":"en_US","og_type":"article","og_title":"341 vende p\u00ebr student\u00ebt shqiptar\u00eb nga Mali i Zi - Lajme nga Ulqini","og_description":"Ministria e Arsimit dhe Shkenc\u00ebs e Republik\u00ebs s\u00eb Shqip\u00ebris\u00eb ka lejuar plot 341 vende p\u00ebr regjistrimin e student\u00ebve shqiptar\u00eb nga Mali i Zi q\u00eb d\u00ebshirojn\u00eb","og_url":"https:\/\/www.visit-ulcinj.com\/blog\/2009\/09\/23\/341-vende-per-studentet-shqiptare-nga-mali-i-zi\/","og_site_name":"Lajme nga Ulqini","article_published_time":"2009-09-23T18:51:55+00:00","twitter_misc":{"Written by":"ulqini","Est. reading time":"1 minute"},"schema":{"@context":"https:\/\/schema.org","@graph":[{"@type":"WebSite","@id":"https:\/\/www.visit-ulcinj.com\/blog\/#website","url":"https:\/\/www.visit-ulcinj.com\/blog\/","name":"Lajme nga Ulqini","description":"Lajme,Vijesti,Ulqini,Ulqin,Crna Gora,Mali i Zi","potentialAction":[{"@type":"SearchAction","target":{"@type":"EntryPoint","urlTemplate":"https:\/\/www.visit-ulcinj.com\/blog\/?s={search_term_string}"},"query-input":"required name=search_term_string"}],"inLanguage":"en-US"},{"@type":"WebPage","@id":"https:\/\/www.visit-ulcinj.com\/blog\/2009\/09\/23\/341-vende-per-studentet-shqiptare-nga-mali-i-zi\/#webpage","url":"https:\/\/www.visit-ulcinj.com\/blog\/2009\/09\/23\/341-vende-per-studentet-shqiptare-nga-mali-i-zi\/","name":"341 vende p\u00ebr student\u00ebt shqiptar\u00eb nga Mali i Zi - Lajme nga Ulqini","isPartOf":{"@id":"https:\/\/www.visit-ulcinj.com\/blog\/#website"},"datePublished":"2009-09-23T18:51:55+00:00","dateModified":"2009-09-23T18:51:55+00:00","author":{"@id":"https:\/\/www.visit-ulcinj.com\/blog\/#\/schema\/person\/dcab619c614d3038751c63bc2aadc06d"},"description":"Ministria e Arsimit dhe Shkenc\u00ebs e Republik\u00ebs s\u00eb Shqip\u00ebris\u00eb ka lejuar plot 341 vende p\u00ebr regjistrimin e student\u00ebve shqiptar\u00eb nga Mali i Zi q\u00eb d\u00ebshirojn\u00eb","breadcrumb":{"@id":"https:\/\/www.visit-ulcinj.com\/blog\/2009\/09\/23\/341-vende-per-studentet-shqiptare-nga-mali-i-zi\/#breadcrumb"},"inLanguage":"en-US","potentialAction":[{"@type":"ReadAction","target":["https:\/\/www.visit-ulcinj.com\/blog\/2009\/09\/23\/341-vende-per-studentet-shqiptare-nga-mali-i-zi\/"]}]},{"@type":"BreadcrumbList","@id":"https:\/\/www.visit-ulcinj.com\/blog\/2009\/09\/23\/341-vende-per-studentet-shqiptare-nga-mali-i-zi\/#breadcrumb","itemListElement":[{"@type":"ListItem","position":1,"name":"341 vende p\u00ebr student\u00ebt shqiptar\u00eb nga Mali i Zi"}]},{"@type":"Person","@id":"https:\/\/www.visit-ulcinj.com\/blog\/#\/schema\/person\/dcab619c614d3038751c63bc2aadc06d","name":"ulqini","sameAs":["http:\/\/www.visit-ulcinj.com"],"url":"https:\/\/www.visit-ulcinj.com\/blog\/author\/admin\/"}]}},"jetpack_featured_media_url":"","jetpack_sharing_enabled":true,"jetpack_shortlink":"https:\/\/wp.me\/pe6lTn-6IJ","_links":{"self":[{"href":"https:\/\/www.visit-ulcinj.com\/blog\/wp-json\/wp\/v2\/posts\/25837"}],"collection":[{"href":"https:\/\/www.visit-ulcinj.com\/blog\/wp-json\/wp\/v2\/posts"}],"about":[{"href":"https:\/\/www.visit-ulcinj.com\/blog\/wp-json\/wp\/v2\/types\/post"}],"author":[{"embeddable":true,"href":"https:\/\/www.visit-ulcinj.com\/blog\/wp-json\/wp\/v2\/users\/1"}],"replies":[{"embeddable":true,"href":"https:\/\/www.visit-ulcinj.com\/blog\/wp-json\/wp\/v2\/comments?post=25837"}],"version-history":[{"count":0,"href":"https:\/\/www.visit-ulcinj.com\/blog\/wp-json\/wp\/v2\/posts\/25837\/revisions"}],"wp:attachment":[{"href":"https:\/\/www.visit-ulcinj.com\/blog\/wp-json\/wp\/v2\/media?parent=25837"}],"wp:term":[{"taxonomy":"category","embeddable":true,"href":"https:\/\/www.visit-ulcinj.com\/blog\/wp-json\/wp\/v2\/categories?post=25837"},{"taxonomy":"post_tag","embeddable":true,"href":"https:\/\/www.visit-ulcinj.com\/blog\/wp-json\/wp\/v2\/tags?post=25837"}],"curies":[{"name":"wp","href":"https:\/\/api.w.org\/{rel}","templated":true}]}}