{"id":25841,"date":"2009-09-24T22:02:10","date_gmt":"2009-09-24T20:02:10","guid":{"rendered":"http:\/\/www.visit-ulcinj.com\/blog\/?p=25841"},"modified":"2009-09-24T22:07:46","modified_gmt":"2009-09-24T20:07:46","slug":"diskriminimi-i-ulqinit","status":"publish","type":"post","link":"https:\/\/www.visit-ulcinj.com\/blog\/2009\/09\/24\/diskriminimi-i-ulqinit\/","title":{"rendered":"Diskriminimi i Ulqinit"},"content":{"rendered":"<p><strong><a href=\"http:\/\/www.visit-ulcinj.com\/blog\/wp-content\/uploads\/2009\/09\/velika-plaza_ulcinj_morsko-dobro.jpg\"><img loading=\"lazy\" class=\"alignleft size-full wp-image-25842\" title=\"velika-plaza_ulcinj_morsko dobro\" src=\"http:\/\/www.visit-ulcinj.com\/blog\/wp-content\/uploads\/2009\/09\/velika-plaza_ulcinj_morsko-dobro.jpg\" alt=\"velika-plaza_ulcinj_morsko dobro\" width=\"580\" height=\"400\" \/><\/a>Standarde t\u00eb dyfishta n\u00eb Malin e Zi \u201ceuropian\u201d<\/strong><br \/>\nShembulli m\u00eb ilustrativ i zbatimit t\u00eb standardeve t\u00eb dyfishta \u00ebsht\u00eb gjith\u00ebsesi e ashtuquajtura Nd\u00ebrmarrja Publike p\u00ebr Qeverisjen e t\u00eb Mirave Detare. Mbase kjo m\u00eb s\u00eb miri mund t\u00eb shihet nga rasti q\u00eb vijon. Nj\u00eb ulqinak e ka sht\u00ebpin\u00eb n\u00eb kufirin e komunave kadastrore Ulqin dhe Tivar. Pjesa e sht\u00ebpis\u00eb n\u00eb territorin e Komun\u00ebs s\u00eb Ulqinit ndodhet n\u00eb zon\u00ebn e t\u00eb ashtuquajturave T\u00eb Mira Detare, kurse pjesa tjet\u00ebr q\u00eb i takon Tivarit nuk \u00ebsht\u00eb?! Si mund t\u00eb ndodh\u00eb kjo n\u00eb nj\u00eb shtet dhe si ta quajm\u00eb k\u00ebt\u00eb ve\u00e7se diskriminim!<br \/>\nMadje 56.3% e territorit t\u00eb p\u00ebrgjithsh\u00ebm t\u00eb cilin e qeveris ky institucion masonik ndodhet n\u00eb k\u00ebt\u00eb komun\u00eb. N\u00ebse \u00ebsht\u00eb k\u00ebshtu, mbase do t\u00eb ishte e radh\u00ebs q\u00eb selia e saj t\u00eb transferohet n\u00eb Ulqin. Por, kjo as q\u00eb u shkon nd\u00ebrmend, sikund\u00ebr q\u00eb as nuk e dim\u00eb se sa para n\u00ebp\u00ebrmjet k\u00ebsaj firme jan\u00eb derdhur n\u00eb trezorin e shtetit gjat\u00eb 17 viteve t\u00eb shkuara. N\u00ebse supozohet se kjo shum\u00eb n\u00eb shkall\u00eb vjetore arrin minimum nj\u00eb gjysm\u00eb milioni euro, at\u00ebher\u00eb me nj\u00eb llogaritje t\u00eb thjesht\u00eb mund t\u00eb arrihet deri te shifra prej 8.5 milion\u00eb euro. Investimet nuk kan\u00eb kapur as t\u00eb dhjet\u00ebn pjes\u00eb t\u00eb k\u00ebsaj shifre, q\u00eb ishte detyrim ligjor.<br \/>\n\u201cKur asohere u shit\u00ebn T\u00ebrsteno n\u00eb Kotorr, Maleviku n\u00eb Tivar apo Zavala n\u00eb Budva, k\u00ebto para shkuan n\u00eb kasafortat e komunave. N\u00ebse shitet \u00e7far\u00ebdo sendi n\u00eb Ulqin, parat\u00eb i shkojn\u00eb Qeveris\u00eb s\u00eb Malit t\u00eb Zi. Pra, parat\u00eb nuk mbesin n\u00eb k\u00ebt\u00eb qytet p\u00ebr t\u2019u shfryt\u00ebzuar p\u00ebr nd\u00ebrtimin e infrastruktur\u00ebs\u201d, pohon avokati Mustaf\u00eb \u00c7apuni.<br \/>\nAi pohon se n\u00eb Ulqin m\u00eb shum\u00eb shpenzohet kur mbahen fushatat parazgjedhore, sesa q\u00eb investohet n\u00eb zhvillim.<br \/>\nDhe v\u00ebrtet\u00eb: derisa ulqinak\u00ebve u jan\u00eb dh\u00ebn\u00eb thas\u00eb me premtime, flamujt (komb\u00ebtar\u00eb) p\u00ebr t\u2019i val\u00ebvitur dhe \u201cSht\u00ebpia e kultur\u00ebs\u201d q\u00eb atje t\u00eb luajn\u00eb e t\u00eb k\u00ebndojn\u00eb, parat\u00eb dhe pushteti gjat\u00eb gjith\u00eb k\u00ebtyre viteve kan\u00eb shkuar n\u00eb Podgoric\u00eb dhe Budva.<br \/>\nShembulli m\u00eb ilustrativ i zbatimit t\u00eb standardeve t\u00eb dyfishta \u00ebsht\u00eb gjith\u00ebsesi e ashtuquajtura Nd\u00ebrmarrja Publike p\u00ebr Qeverisjen e t\u00eb Mirave Detare. Mbase kjo m\u00eb s\u00eb miri mund t\u00eb shihet nga rasti q\u00eb vijon. Nj\u00eb ulqinak e ka sht\u00ebpin\u00eb n\u00eb kufirin e komunave kadastrore Ulqin dhe Tivar. Pjesa e sht\u00ebpis\u00eb n\u00eb territorin e Komun\u00ebs s\u00eb Ulqinit ndodhet n\u00eb zon\u00ebn e t\u00eb ashtuquajturave T\u00eb Mira Detare, kurse pjesa tjet\u00ebr q\u00eb i takon Tivarit nuk \u00ebsht\u00eb?! Si mund t\u00eb ndodh\u00eb kjo n\u00eb nj\u00eb shtet dhe si ta quajm\u00eb k\u00ebt\u00eb ve\u00e7se diskriminim!<br \/>\nMadje 56.3% e territorit t\u00eb p\u00ebrgjithsh\u00ebm t\u00eb cilin e qeveris ky institucion masonik ndodhet n\u00eb k\u00ebt\u00eb komun\u00eb. N\u00ebse \u00ebsht\u00eb k\u00ebshtu, mbase do t\u00eb ishte e radh\u00ebs q\u00eb selia e saj t\u00eb transferohet n\u00eb Ulqin. Por, kjo as q\u00eb u shkon nd\u00ebrmend, sikund\u00ebr q\u00eb as nuk e dim\u00eb se sa para n\u00ebp\u00ebrmjet k\u00ebsaj firme jan\u00eb derdhur n\u00eb trezorin e shtetit gjat\u00eb 17 viteve t\u00eb shkuara. N\u00ebse supozohet se kjo shum\u00eb n\u00eb shkall\u00eb vjetore arrin minimum nj\u00eb gjysm\u00eb milioni euro, at\u00ebher\u00eb me nj\u00eb llogaritje t\u00eb thjesht\u00eb mund t\u00eb arrihet deri te shifra prej 8.5 milion\u00eb euro. Investimet nuk kan\u00eb kapur as t\u00eb dhjet\u00ebn pjes\u00eb t\u00eb k\u00ebsaj shifre, q\u00eb ishte detyrim ligjor.<br \/>\nJa edhe nj\u00eb shembull eklatant dhe tragjik i diskriminimit, e ky \u00ebsht\u00eb shkat\u00ebrrimi i Nd\u00ebrmarrjes Hoteliere Turistike \u201cRiviera e Ulqinit\u201d.<br \/>\nKjo firm\u00eb nd\u00ebrtoi Ulqinin modern. Ajo ka qen\u00eb lokomotiv\u00eb e zhvillimit dhe n\u00eb t\u00eb punonte numri m\u00eb i madh i njer\u00ebzve.<br \/>\nDhe pik\u00ebrisht ajo n\u00eb fillim t\u00eb vitit 2004 u hodh n\u00eb falementim p\u00ebr shkak t\u00eb borxhit prej vet\u00ebm 230 mij\u00eb eurosh ndaj \u201cElektroekonomis\u00eb\u201d s\u00eb shtetit!<br \/>\nKjo nuk ndodhi as me NHT \u201cBudvanska Riviera\u201d as me NHT \u201cBoka\u201d, t\u00eb cilat kan\u00eb pasur borxhe t\u00eb m\u00ebdha ndaj kompanive shtet\u00ebrore.<br \/>\nDerisa zgjati falementimi, e ky n\u00eb thelb ka qen\u00eb falementim p\u00ebr Komun\u00ebn e Ulqinit, u shit\u00ebn pa hesap shumica e hoteleve t\u00eb \u201cRivier\u00ebs s\u00eb Ulqinit\u201d. Sot me ankth dhe dhembje n\u00eb zem\u00ebr i shqiptojm\u00eb emrat e tyre duke shpresuar se do t\u00eb presim dit\u00ebn kur ato t\u00eb vihen p\u00ebrs\u00ebri n\u00eb funksion. Gjith\u00ebsesi, m\u00eb s\u00eb v\u00ebshtiri e kan\u00eb ish-pun\u00ebtor\u00ebt e k\u00ebtij gjiganti t\u00eb dikursh\u00ebm. Disa prej tyre jan\u00eb n\u00eb pension, disa ik\u00ebn pa krye n\u00eb bot\u00ebn e jashtme, disa u detyruan q\u00eb n\u00eb mosh\u00eb t\u00eb thyer t\u00eb nd\u00ebrrojn\u00eb pun\u00eb, e vet\u00ebm nj\u00eb e pesta e tyre punojn\u00eb edhe tutje n\u00eb k\u00ebt\u00eb nd\u00ebrmarrje e cila num\u00ebron muajt dhe dit\u00ebt e veta t\u00eb fundit.<br \/>\nKjo nuk ka qen\u00eb v\u00ebshtir\u00eb t\u00eb parashikohet, sepse falementimi ka qen\u00eb zgjidhja m\u00eb e keqe e mundshme dhe zgjati pa nevoj\u00eb plot kat\u00ebr vite.<br \/>\nDhe nuk mjaftoi q\u00eb parat\u00eb nga shitja e k\u00ebtyre objekteve shkuan n\u00eb Podgoric\u00eb, por n\u00eb vitin 2007 aksionar\u00ebve iu nda edhe dividenta prej pes\u00eb milion\u00eb e 800 mij\u00eb euro, prej t\u00eb cilave shumic\u00ebn e p\u00ebrb\u00ebjn\u00eb fondet e shtetit. Pik\u00ebrisht me k\u00ebt\u00eb sasi t\u00eb parave \u00ebsht\u00eb shitur hoteli \u201cGaleb\u201d, simbol i industris\u00eb turistike t\u00eb Ulqinit.<br \/>\nMir\u00ebpo, duket se as kjo nuk mjaftoi. Tani jan\u00eb n\u00eb tender mbetjet e mbetjeve t\u00eb \u201cRivier\u00ebs s\u00eb Ulqinit\u201d. Synohet t\u00eb shiten 61% t\u00eb aksioneve, me \u00e7ka kjo nd\u00ebrmarrje p\u00ebrfundimisht do t\u00eb zhduket si subjekt ekonomik. Dhe, n\u00eb vend q\u00eb, si\u00e7 \u00ebsht\u00eb vepruar me \u201cElektroekonomin\u00eb\u201d, t\u00eb provohet t\u00eb gjendet partneri strategjik, i cili n\u00eb procesin e rikapitalizimit do t\u00eb siguronte rikonstruksionin e objekteve ekzistuese dhe nd\u00ebrtimin e objekteve t\u00eb reja, zhvillimin dhe p\u00ebrmir\u00ebsimin e sh\u00ebrbimeve, p\u00ebrs\u00ebri n\u00ebp\u00ebrmjet k\u00ebsaj firme tentohet t\u00eb mbushen fondet e zbraz\u00ebta t\u00eb shtetit. Pra, p\u00ebrs\u00ebri po punohet pik\u00ebrisht ashtu si nuk duhet! Nuk mund t\u00eb besoj q\u00eb k\u00ebt\u00eb gj\u00eb nuk e din\u00eb dhe nuk e kuptojn\u00eb profesor\u00ebt e Universitetit, ekspert\u00ebt dhe politikan\u00ebt q\u00eb rrin\u00eb n\u00eb Qeveri dhe n\u00eb K\u00ebshillin p\u00ebr Privatizim.<br \/>\nP\u00ebrse nj\u00eb q\u00ebndrim i till\u00eb n\u00ebn\u00e7mues dhe diskriminues ndaj nd\u00ebrmarrjeve ky\u00e7e dhe resurseve t\u00eb Ulqinit dhe ndaj qytetar\u00ebve t\u00eb tij? Kjo nuk \u00ebsht\u00eb n\u00eb interesin e askujt, kjo nuk mund t\u00eb jet\u00eb gj\u00eb e mir\u00eb dhe kjo nuk \u00e7on askund.<br \/>\n\u00cbsht\u00eb koha q\u00eb p\u00ebrfundimisht t\u00eb nd\u00ebrpritet nj\u00eb politik\u00eb e till\u00eb drit\u00ebshkurt\u00ebr dhe e d\u00ebmshme. Sa p\u00ebr fillim, duhet t\u00eb anulohen tender\u00ebt q\u00eb po shpallen pa p\u00eblqimin e vet\u00ebqeverisjes lokale dhe t\u00eb cil\u00ebt nuk marrin parasysh nevojat dhe interesat e tyre. N\u00eb k\u00ebt\u00eb m\u00ebnyr\u00eb do t\u00eb rikthehet sadopak besimi i humbur dhe do t\u00eb ushqehen shpresat p\u00ebr nj\u00eb fillim t\u00eb ri. N\u00eb t\u00eb nj\u00ebjt\u00ebn koh\u00eb, n\u00eb Kuvendin e Komun\u00ebs, n\u00eb tribuna dhe n\u00eb tryezat e rrumbullak\u00ebta duhet t\u00eb hapet urgjentisht debati i gjer\u00eb rreth \u00e7\u00ebshtjeve esenciale t\u00eb zhvillimit dhe ardhm\u00ebris\u00eb s\u00eb k\u00ebtij qyteti.<br \/>\nHeshtja dhe shmangia e marrjes s\u00eb p\u00ebrgjegj\u00ebsis\u00eb jan\u00eb zgjidhjet m\u00eb t\u00eb k\u00ebqia. M\u00eb t\u00eb k\u00ebqija se falementimi!<\/p>\n<p><strong>Mustafa Canka<br \/>\nKoha Javore<\/strong><\/p>\n<p><span><span style=\"font-family: Verdana; font-size: x-small;\"><strong><!--YouTube Error: bad URL entered--><br \/>\n<\/strong><\/span><\/span><\/p>\n","protected":false},"excerpt":{"rendered":"<p>Standarde t\u00eb dyfishta n\u00eb Malin e Zi \u201ceuropian\u201d Shembulli m\u00eb ilustrativ i zbatimit t\u00eb standardeve t\u00eb dyfishta \u00ebsht\u00eb gjith\u00ebsesi e ashtuquajtura Nd\u00ebrmarrja Publike p\u00ebr Qeverisjen e t\u00eb Mirave Detare. Mbase kjo m\u00eb s\u00eb miri mund t\u00eb shihet nga rasti q\u00eb vijon. Nj\u00eb ulqinak e ka sht\u00ebpin\u00eb n\u00eb kufirin e komunave kadastrore Ulqin dhe Tivar. Pjesa [&hellip;]<\/p>\n","protected":false},"author":1,"featured_media":0,"comment_status":"open","ping_status":"closed","sticky":false,"template":"","format":"standard","meta":{"spay_email":"","jetpack_publicize_message":"","jetpack_is_tweetstorm":false,"jetpack_publicize_feature_enabled":true},"categories":[13],"tags":[95,2019,12518,12278,12519,12520,200,18],"jetpack_publicize_connections":[],"yoast_head":"<!-- This site is optimized with the Yoast SEO plugin v19.1 - https:\/\/yoast.com\/wordpress\/plugins\/seo\/ -->\n<title>Diskriminimi i Ulqinit - Lajme nga Ulqini<\/title>\n<meta name=\"description\" content=\"Standarde t\u00eb dyfishta n\u00eb Malin e Zi \u201ceuropian\u201d Shembulli m\u00eb ilustrativ i zbatimit t\u00eb standardeve t\u00eb dyfishta \u00ebsht\u00eb gjith\u00ebsesi e ashtuquajtura Nd\u00ebrmarrja\" \/>\n<meta name=\"robots\" content=\"index, follow, max-snippet:-1, max-image-preview:large, max-video-preview:-1\" \/>\n<link rel=\"canonical\" href=\"https:\/\/www.visit-ulcinj.com\/blog\/2009\/09\/24\/diskriminimi-i-ulqinit\/\" \/>\n<meta property=\"og:locale\" content=\"en_US\" \/>\n<meta property=\"og:type\" content=\"article\" \/>\n<meta property=\"og:title\" content=\"Diskriminimi i Ulqinit - Lajme nga Ulqini\" \/>\n<meta property=\"og:description\" content=\"Standarde t\u00eb dyfishta n\u00eb Malin e Zi \u201ceuropian\u201d Shembulli m\u00eb ilustrativ i zbatimit t\u00eb standardeve t\u00eb dyfishta \u00ebsht\u00eb gjith\u00ebsesi e ashtuquajtura Nd\u00ebrmarrja\" \/>\n<meta property=\"og:url\" content=\"https:\/\/www.visit-ulcinj.com\/blog\/2009\/09\/24\/diskriminimi-i-ulqinit\/\" \/>\n<meta property=\"og:site_name\" content=\"Lajme nga Ulqini\" \/>\n<meta property=\"article:published_time\" content=\"2009-09-24T20:02:10+00:00\" \/>\n<meta property=\"article:modified_time\" content=\"2009-09-24T20:07:46+00:00\" \/>\n<meta property=\"og:image\" content=\"http:\/\/www.visit-ulcinj.com\/blog\/wp-content\/uploads\/2009\/09\/velika-plaza_ulcinj_morsko-dobro.jpg\" \/>\n<meta name=\"twitter:label1\" content=\"Written by\" \/>\n\t<meta name=\"twitter:data1\" content=\"ulqini\" \/>\n\t<meta name=\"twitter:label2\" content=\"Est. reading time\" \/>\n\t<meta name=\"twitter:data2\" content=\"6 minutes\" \/>\n<script type=\"application\/ld+json\" class=\"yoast-schema-graph\">{\"@context\":\"https:\/\/schema.org\",\"@graph\":[{\"@type\":\"WebSite\",\"@id\":\"https:\/\/www.visit-ulcinj.com\/blog\/#website\",\"url\":\"https:\/\/www.visit-ulcinj.com\/blog\/\",\"name\":\"Lajme nga Ulqini\",\"description\":\"Lajme,Vijesti,Ulqini,Ulqin,Crna Gora,Mali i Zi\",\"potentialAction\":[{\"@type\":\"SearchAction\",\"target\":{\"@type\":\"EntryPoint\",\"urlTemplate\":\"https:\/\/www.visit-ulcinj.com\/blog\/?s={search_term_string}\"},\"query-input\":\"required name=search_term_string\"}],\"inLanguage\":\"en-US\"},{\"@type\":\"ImageObject\",\"inLanguage\":\"en-US\",\"@id\":\"https:\/\/www.visit-ulcinj.com\/blog\/2009\/09\/24\/diskriminimi-i-ulqinit\/#primaryimage\",\"url\":\"https:\/\/www.visit-ulcinj.com\/blog\/wp-content\/uploads\/2009\/09\/velika-plaza_ulcinj_morsko-dobro.jpg\",\"contentUrl\":\"https:\/\/www.visit-ulcinj.com\/blog\/wp-content\/uploads\/2009\/09\/velika-plaza_ulcinj_morsko-dobro.jpg\",\"width\":\"640\",\"height\":\"430\"},{\"@type\":\"WebPage\",\"@id\":\"https:\/\/www.visit-ulcinj.com\/blog\/2009\/09\/24\/diskriminimi-i-ulqinit\/#webpage\",\"url\":\"https:\/\/www.visit-ulcinj.com\/blog\/2009\/09\/24\/diskriminimi-i-ulqinit\/\",\"name\":\"Diskriminimi i Ulqinit - Lajme nga Ulqini\",\"isPartOf\":{\"@id\":\"https:\/\/www.visit-ulcinj.com\/blog\/#website\"},\"primaryImageOfPage\":{\"@id\":\"https:\/\/www.visit-ulcinj.com\/blog\/2009\/09\/24\/diskriminimi-i-ulqinit\/#primaryimage\"},\"datePublished\":\"2009-09-24T20:02:10+00:00\",\"dateModified\":\"2009-09-24T20:07:46+00:00\",\"author\":{\"@id\":\"https:\/\/www.visit-ulcinj.com\/blog\/#\/schema\/person\/dcab619c614d3038751c63bc2aadc06d\"},\"description\":\"Standarde t\u00eb dyfishta n\u00eb Malin e Zi \u201ceuropian\u201d Shembulli m\u00eb ilustrativ i zbatimit t\u00eb standardeve t\u00eb dyfishta \u00ebsht\u00eb gjith\u00ebsesi e ashtuquajtura Nd\u00ebrmarrja\",\"breadcrumb\":{\"@id\":\"https:\/\/www.visit-ulcinj.com\/blog\/2009\/09\/24\/diskriminimi-i-ulqinit\/#breadcrumb\"},\"inLanguage\":\"en-US\",\"potentialAction\":[{\"@type\":\"ReadAction\",\"target\":[\"https:\/\/www.visit-ulcinj.com\/blog\/2009\/09\/24\/diskriminimi-i-ulqinit\/\"]}]},{\"@type\":\"BreadcrumbList\",\"@id\":\"https:\/\/www.visit-ulcinj.com\/blog\/2009\/09\/24\/diskriminimi-i-ulqinit\/#breadcrumb\",\"itemListElement\":[{\"@type\":\"ListItem\",\"position\":1,\"name\":\"Diskriminimi i Ulqinit\"}]},{\"@type\":\"Person\",\"@id\":\"https:\/\/www.visit-ulcinj.com\/blog\/#\/schema\/person\/dcab619c614d3038751c63bc2aadc06d\",\"name\":\"ulqini\",\"sameAs\":[\"http:\/\/www.visit-ulcinj.com\"],\"url\":\"https:\/\/www.visit-ulcinj.com\/blog\/author\/admin\/\"}]}<\/script>\n<!-- \/ Yoast SEO plugin. -->","yoast_head_json":{"title":"Diskriminimi i Ulqinit - Lajme nga Ulqini","description":"Standarde t\u00eb dyfishta n\u00eb Malin e Zi \u201ceuropian\u201d Shembulli m\u00eb ilustrativ i zbatimit t\u00eb standardeve t\u00eb dyfishta \u00ebsht\u00eb gjith\u00ebsesi e ashtuquajtura Nd\u00ebrmarrja","robots":{"index":"index","follow":"follow","max-snippet":"max-snippet:-1","max-image-preview":"max-image-preview:large","max-video-preview":"max-video-preview:-1"},"canonical":"https:\/\/www.visit-ulcinj.com\/blog\/2009\/09\/24\/diskriminimi-i-ulqinit\/","og_locale":"en_US","og_type":"article","og_title":"Diskriminimi i Ulqinit - Lajme nga Ulqini","og_description":"Standarde t\u00eb dyfishta n\u00eb Malin e Zi \u201ceuropian\u201d Shembulli m\u00eb ilustrativ i zbatimit t\u00eb standardeve t\u00eb dyfishta \u00ebsht\u00eb gjith\u00ebsesi e ashtuquajtura Nd\u00ebrmarrja","og_url":"https:\/\/www.visit-ulcinj.com\/blog\/2009\/09\/24\/diskriminimi-i-ulqinit\/","og_site_name":"Lajme nga Ulqini","article_published_time":"2009-09-24T20:02:10+00:00","article_modified_time":"2009-09-24T20:07:46+00:00","og_image":[{"url":"http:\/\/www.visit-ulcinj.com\/blog\/wp-content\/uploads\/2009\/09\/velika-plaza_ulcinj_morsko-dobro.jpg"}],"twitter_misc":{"Written by":"ulqini","Est. reading time":"6 minutes"},"schema":{"@context":"https:\/\/schema.org","@graph":[{"@type":"WebSite","@id":"https:\/\/www.visit-ulcinj.com\/blog\/#website","url":"https:\/\/www.visit-ulcinj.com\/blog\/","name":"Lajme nga Ulqini","description":"Lajme,Vijesti,Ulqini,Ulqin,Crna Gora,Mali i Zi","potentialAction":[{"@type":"SearchAction","target":{"@type":"EntryPoint","urlTemplate":"https:\/\/www.visit-ulcinj.com\/blog\/?s={search_term_string}"},"query-input":"required name=search_term_string"}],"inLanguage":"en-US"},{"@type":"ImageObject","inLanguage":"en-US","@id":"https:\/\/www.visit-ulcinj.com\/blog\/2009\/09\/24\/diskriminimi-i-ulqinit\/#primaryimage","url":"https:\/\/www.visit-ulcinj.com\/blog\/wp-content\/uploads\/2009\/09\/velika-plaza_ulcinj_morsko-dobro.jpg","contentUrl":"https:\/\/www.visit-ulcinj.com\/blog\/wp-content\/uploads\/2009\/09\/velika-plaza_ulcinj_morsko-dobro.jpg","width":"640","height":"430"},{"@type":"WebPage","@id":"https:\/\/www.visit-ulcinj.com\/blog\/2009\/09\/24\/diskriminimi-i-ulqinit\/#webpage","url":"https:\/\/www.visit-ulcinj.com\/blog\/2009\/09\/24\/diskriminimi-i-ulqinit\/","name":"Diskriminimi i Ulqinit - Lajme nga Ulqini","isPartOf":{"@id":"https:\/\/www.visit-ulcinj.com\/blog\/#website"},"primaryImageOfPage":{"@id":"https:\/\/www.visit-ulcinj.com\/blog\/2009\/09\/24\/diskriminimi-i-ulqinit\/#primaryimage"},"datePublished":"2009-09-24T20:02:10+00:00","dateModified":"2009-09-24T20:07:46+00:00","author":{"@id":"https:\/\/www.visit-ulcinj.com\/blog\/#\/schema\/person\/dcab619c614d3038751c63bc2aadc06d"},"description":"Standarde t\u00eb dyfishta n\u00eb Malin e Zi \u201ceuropian\u201d Shembulli m\u00eb ilustrativ i zbatimit t\u00eb standardeve t\u00eb dyfishta \u00ebsht\u00eb gjith\u00ebsesi e ashtuquajtura Nd\u00ebrmarrja","breadcrumb":{"@id":"https:\/\/www.visit-ulcinj.com\/blog\/2009\/09\/24\/diskriminimi-i-ulqinit\/#breadcrumb"},"inLanguage":"en-US","potentialAction":[{"@type":"ReadAction","target":["https:\/\/www.visit-ulcinj.com\/blog\/2009\/09\/24\/diskriminimi-i-ulqinit\/"]}]},{"@type":"BreadcrumbList","@id":"https:\/\/www.visit-ulcinj.com\/blog\/2009\/09\/24\/diskriminimi-i-ulqinit\/#breadcrumb","itemListElement":[{"@type":"ListItem","position":1,"name":"Diskriminimi i Ulqinit"}]},{"@type":"Person","@id":"https:\/\/www.visit-ulcinj.com\/blog\/#\/schema\/person\/dcab619c614d3038751c63bc2aadc06d","name":"ulqini","sameAs":["http:\/\/www.visit-ulcinj.com"],"url":"https:\/\/www.visit-ulcinj.com\/blog\/author\/admin\/"}]}},"jetpack_featured_media_url":"","jetpack_sharing_enabled":true,"jetpack_shortlink":"https:\/\/wp.me\/pe6lTn-6IN","_links":{"self":[{"href":"https:\/\/www.visit-ulcinj.com\/blog\/wp-json\/wp\/v2\/posts\/25841"}],"collection":[{"href":"https:\/\/www.visit-ulcinj.com\/blog\/wp-json\/wp\/v2\/posts"}],"about":[{"href":"https:\/\/www.visit-ulcinj.com\/blog\/wp-json\/wp\/v2\/types\/post"}],"author":[{"embeddable":true,"href":"https:\/\/www.visit-ulcinj.com\/blog\/wp-json\/wp\/v2\/users\/1"}],"replies":[{"embeddable":true,"href":"https:\/\/www.visit-ulcinj.com\/blog\/wp-json\/wp\/v2\/comments?post=25841"}],"version-history":[{"count":0,"href":"https:\/\/www.visit-ulcinj.com\/blog\/wp-json\/wp\/v2\/posts\/25841\/revisions"}],"wp:attachment":[{"href":"https:\/\/www.visit-ulcinj.com\/blog\/wp-json\/wp\/v2\/media?parent=25841"}],"wp:term":[{"taxonomy":"category","embeddable":true,"href":"https:\/\/www.visit-ulcinj.com\/blog\/wp-json\/wp\/v2\/categories?post=25841"},{"taxonomy":"post_tag","embeddable":true,"href":"https:\/\/www.visit-ulcinj.com\/blog\/wp-json\/wp\/v2\/tags?post=25841"}],"curies":[{"name":"wp","href":"https:\/\/api.w.org\/{rel}","templated":true}]}}