{"id":25851,"date":"2009-09-24T23:57:36","date_gmt":"2009-09-24T21:57:36","guid":{"rendered":"http:\/\/www.visit-ulcinj.com\/blog\/?p=25851"},"modified":"2009-09-24T23:57:36","modified_gmt":"2009-09-24T21:57:36","slug":"pergatitjet-e-fundit-per-dorezimin-e-ulqinit","status":"publish","type":"post","link":"https:\/\/www.visit-ulcinj.com\/blog\/2009\/09\/24\/pergatitjet-e-fundit-per-dorezimin-e-ulqinit\/","title":{"rendered":"P\u00ebrgatitjet e fundit p\u00ebr dor\u00ebzimin e Ulqinit"},"content":{"rendered":"<p><span style=\"font-family: Times New Roman;\"><span style=\"font-family: Arial,Helvetica,sans-serif; font-size: large;\"><span style=\"font-size: medium;\"><span style=\"text-decoration: underline;\"><a href=\"http:\/\/www.visit-ulcinj.com\/blog\/wp-content\/uploads\/2009\/09\/Beteja-e-Ulqinit-dhe-dorezimi_1.jpg\"><img loading=\"lazy\" class=\"alignleft size-full wp-image-25852\" title=\"Beteja e Ulqinit dhe dorezimi_\" src=\"http:\/\/www.visit-ulcinj.com\/blog\/wp-content\/uploads\/2009\/09\/Beteja-e-Ulqinit-dhe-dorezimi_1.jpg\" alt=\"Beteja e Ulqinit dhe dorezimi_\" width=\"580\" height=\"400\" \/><\/a>ULQINI N\u00cb VITET E LIDHJES SHQIPTARE T\u00cb PRIZRENIT 1878-1881 (37)<br \/>\n<\/span><\/span><\/span><\/span>P\u00ebrball\u00eb ushtris\u00eb malazeze n\u00eb Ulqin me rrethina n\u00eb gjysm\u00ebn e shtatorit 1880 q\u00ebndronin forcat vullnetare shqiptare. Numri i tyre sillej prej 6 mij\u00eb deri n\u00eb 8 mij\u00eb s\u00eb bashku me vend\u00ebsit e armatosur nga rajoni i Ulqinit me rrethinat.<br \/>\nM\u00eb 16 shtator 1880, konsulli Depollo i raportoi p\u00ebrfaq\u00ebsuesit austro-hungarez n\u00eb Cetin\u00eb, Temelit, se k\u00ebmb\u00ebngulja e shqiptar\u00ebve p\u00ebr t\u00eb kund\u00ebrshtuar l\u00ebshimin e Ulqinit, vendosm\u00ebria e tyre p\u00ebr t\u2019u matur me armikun, kishte marr\u00eb p\u00ebrpjes\u00ebtime t\u00eb m\u00ebdha. Trim\u00ebria dhe vrulli p\u00ebr t\u2019u p\u00ebrleshur me malazez\u00ebt kishte arritur n\u00eb nj\u00eb shkall\u00eb t\u00eb till\u00eb, saq\u00eb nj\u00eb nga krer\u00ebt e Ulqinit i kishte d\u00ebrguar ato dit\u00eb komandantit krahinor, Vuko Pejoviqit, nj\u00eb ftes\u00eb p\u00ebr t\u00eb dal\u00eb n\u00eb mejdan s\u00eb bashku me ushtrit\u00eb e veta n\u00eb Ulqin, se, p\u00ebrndryshe, ai vet\u00eb do t\u00eb shkonte me \u00e7etat e tij p\u00ebr t\u2019u ndeshur me t\u00eb n\u00eb Tivar. Ai shfaqte bindjen se as forcat e Malit t\u00eb Zi, as demonstratat e af\u00ebrta t\u00eb flot\u00ebs detare, nuk ishin n\u00eb gjendje t\u2019i zbusnin shpirtrat e shqiptar\u00ebve dhe ta dob\u00ebsonin rezistenc\u00ebn e tyre.<br \/>\nN\u00eb Paris dhe Lond\u00ebr qe d\u00ebgjuar p\u00ebr rezistenc\u00ebn dhe grumbullimin e shqiptar\u00ebve n\u00eb Ulqin dhe rrethina. Lordi Granvil i kishte telegrafuar Goshenit n\u00eb Stamboll q\u00eb s\u00eb bashku me p\u00ebrfaq\u00ebsuesit e tjer\u00eb t\u00eb k\u00ebrkonin nga Porta q\u00eb ta urdh\u00ebronin Riza pash\u00ebn q\u00eb t\u00eb b\u00ebnte t\u00eb mundsh\u00ebm dor\u00ebzimin e Ulqinit. Situata b\u00ebhej m\u00eb e komplikuar. Abedin pasha e lajm\u00ebron t\u00eb deleguarin e vet n\u00eb Paris, Sartinsk Efendiun, se Mali i Zi grumbullon forca ushtarake n\u00eb Tivar p\u00ebr ta okupuar Ulqinin. Kabineti francez iu p\u00ebrgjigj ambasadorit turk se princ Nikolla \u00ebsht\u00eb v\u00ebn\u00eb n\u00eb l\u00ebvizje me forcat ushtarake me ftes\u00eb t\u00eb Fuqive t\u00eb M\u00ebdha p\u00ebr ta marr\u00eb Ulqinin pa luft\u00eb ose sipas nevoj\u00ebs edhe me luft\u00eb, duke e shoq\u00ebruar flota e bashkuar nd\u00ebrkomb\u00ebtare.<br \/>\nMali i Zi ishte b\u00ebr\u00eb gati ushtarakisht. N\u00eb mesin e shtatorit 1880 kishte mobilizuar 6000 ushtar\u00eb dhe i kishte d\u00ebrguar n\u00ebn udh\u00ebheqjen e komandant\u00ebve n\u00eb Sutorman dhe Tivar. K\u00ebto forca ushtarake p\u00ebrb\u00ebheshin prej brigadave t\u00eb vojvod\u00eb Gjuro Petroviqit, vojvod\u00eb Llazar So\u00e7ic\u00ebs dhe vojvod\u00eb Masho Gjuroviqit. Brigada e vojvod\u00eb Mark Milanit dhe nj\u00eb pjes\u00eb e brigad\u00ebs s\u00eb vojvod\u00eb Mihajl Nishinit kishin pasur p\u00ebr detyr\u00eb t\u00eb ruanin Podgoric\u00ebn dhe Zet\u00ebn nga ana e Shqip\u00ebris\u00eb. N\u00eb dispozicion ishte v\u00ebn\u00eb edhe ushtria rezerv\u00eb. Komandant kryesor i ekspedit\u00ebs kund\u00ebr rezistenc\u00ebs s\u00eb Ulqinit qe caktuar vojvod\u00eb Bozho Petroviqi me k\u00ebshilltar\u00ebt vojvod\u00eb Petar Vukotiqi dhe vojvod\u00eb Sima Popoviqi. Ushtria ishte mir\u00eb e p\u00ebrgatitur dhe e furnizuar me gj\u00ebrat e duhura. Ushtria ishte e armatosur me 20 mij\u00eb pushk\u00eb, 6 milion\u00eb fishek\u00eb, 104 topa t\u00eb modeleve austriak\u00eb, rus\u00eb dhe anglez\u00eb. Arm\u00ebt dhe municionin e merrte nga Vjena me kushte t\u00eb volitshme p\u00ebr t\u2019i paguar n\u00eb tri k\u00ebste. Rusia, si \u00e7doher\u00eb, si mike dhe mbrojt\u00ebse e Malit t\u00eb Zi, p\u00ebr k\u00ebt\u00eb ekspedit\u00eb i kishte dh\u00ebn\u00eb nj\u00eb ndihm\u00eb prej 99 mij\u00eb rublash.<a href=\"http:\/\/www.visit-ulcinj.com\/blog\/wp-content\/uploads\/2009\/09\/jese-nga-dorezimi-i-qytetit-te-Ulqinit_-ILN-1880_.jpg\"><img loading=\"lazy\" class=\"alignleft size-full wp-image-25853\" title=\"jese nga dorezimi i qytetit te Ulqinit_ ILN 1880_\" src=\"http:\/\/www.visit-ulcinj.com\/blog\/wp-content\/uploads\/2009\/09\/jese-nga-dorezimi-i-qytetit-te-Ulqinit_-ILN-1880_.jpg\" alt=\"jese nga dorezimi i qytetit te Ulqinit_ ILN 1880_\" width=\"580\" height=\"500\" \/><\/a><br \/>\nP\u00ebrball\u00eb ushtris\u00eb malazeze n\u00eb Ulqin me rrethina n\u00eb gjysm\u00ebn e shtatorit 1880 q\u00ebndronin forcat vullnetare shqiptare. Numri i tyre sillej prej 6 mij\u00eb deri n\u00eb 8 mij\u00eb s\u00eb bashku me vend\u00ebsit e armatosur nga rajoni i Ulqinit me rrethinat. Vullnetar\u00ebt shqiptar\u00eb ishin t\u00eb p\u00ebrq\u00ebndruar k\u00ebshtu: n\u00eb qytet ishin rreth 4 mij\u00eb vet\u00eb, prej tyre 1 mij\u00eb vet\u00eb nga Ana e Malit, 3 mij\u00eb vet\u00eb nga Ulqini dhe rrethi i ngusht\u00eb. N\u00eb Goran\u00eb t\u00eb Madhe dhe Goran\u00eb t\u00eb Vog\u00ebl n\u00eb fillim t\u00eb shtatorit nuk kishte ushtri, por m\u00eb von\u00eb flitej se kishin qen\u00eb t\u00eb koncentruar 500-600 vet\u00eb. N\u00eb maj\u00ebn e malit Meranxh\u00eb kishte rreth 2 mij\u00eb vullnetar\u00eb, n\u00eb An\u00eb t\u00eb Malit ishin 1600 vet\u00eb t\u00eb armatosur, n\u00eb vij\u00ebn kufitare prej Ur\u00ebs s\u00eb M\u00ebrkotit e deri n\u00eb Megjure\u00e7 vullnetar\u00eb kishin dal\u00eb t\u00eb gjith\u00eb anamalasit, n\u00eb Kraj\u00eb q\u00ebndronin vet\u00ebm vend\u00ebsit, kurse n\u00eb vij\u00ebn Shkod\u00ebr \u2013 Ulqin \u2013 Mozhur q\u00ebndronin rreth 5-6 mij\u00eb vullnetar\u00eb t\u00eb tjer\u00eb.<br \/>\nThuhej se n\u00eb fillim t\u00eb shtatorit kishin shkuar p\u00ebr Ulqin tre batalione nizam\u00ebsh. Kah mesi i shtatorit 1880, ushtria turke kishte dy taborre me rreth 1500 ushtar\u00eb n\u00eb Ulqin, nd\u00ebrsa n\u00eb An\u00eb t\u00eb Malit rreth 6 taborre. Prej arm\u00ebve n\u00eb Ulqin kishte rreth 3-4 topa. Ushtria turke ishte stacionuar gjithashtu edhe n\u00eb Goric\u00eb, n\u00eb Amull dhe n\u00eb Shas. Riza pasha kishte n\u00eb dispozicion gjithsej 5 batalione t\u00eb ushtris\u00eb s\u00eb rregullt osmane.<\/p>\n<p><strong>Mr. Riza Rexha<br \/>\nKoha Javore<\/strong><\/p>\n","protected":false},"excerpt":{"rendered":"<p>ULQINI N\u00cb VITET E LIDHJES SHQIPTARE T\u00cb PRIZRENIT 1878-1881 (37) P\u00ebrball\u00eb ushtris\u00eb malazeze n\u00eb Ulqin me rrethina n\u00eb gjysm\u00ebn e shtatorit 1880 q\u00ebndronin forcat vullnetare shqiptare. Numri i tyre sillej prej 6 mij\u00eb deri n\u00eb 8 mij\u00eb s\u00eb bashku me vend\u00ebsit e armatosur nga rajoni i Ulqinit me rrethinat. M\u00eb 16 shtator 1880, konsulli Depollo [&hellip;]<\/p>\n","protected":false},"author":1,"featured_media":0,"comment_status":"open","ping_status":"closed","sticky":false,"template":"","format":"standard","meta":{"spay_email":"","jetpack_publicize_message":"","jetpack_is_tweetstorm":false,"jetpack_publicize_feature_enabled":true},"categories":[11],"tags":[12521,12522],"jetpack_publicize_connections":[],"yoast_head":"<!-- This site is optimized with the Yoast SEO plugin v19.1 - https:\/\/yoast.com\/wordpress\/plugins\/seo\/ -->\n<title>P\u00ebrgatitjet e fundit p\u00ebr dor\u00ebzimin e Ulqinit - Lajme nga Ulqini<\/title>\n<meta name=\"description\" content=\"ULQINI N\u00cb VITET E LIDHJES SHQIPTARE T\u00cb PRIZRENIT 1878-1881 (37) P\u00ebrball\u00eb ushtris\u00eb malazeze n\u00eb Ulqin me rrethina n\u00eb gjysm\u00ebn e shtatorit 1880 q\u00ebndronin\" \/>\n<meta name=\"robots\" content=\"index, follow, max-snippet:-1, max-image-preview:large, max-video-preview:-1\" \/>\n<link rel=\"canonical\" href=\"https:\/\/www.visit-ulcinj.com\/blog\/2009\/09\/24\/pergatitjet-e-fundit-per-dorezimin-e-ulqinit\/\" \/>\n<meta property=\"og:locale\" content=\"en_US\" \/>\n<meta property=\"og:type\" content=\"article\" \/>\n<meta property=\"og:title\" content=\"P\u00ebrgatitjet e fundit p\u00ebr dor\u00ebzimin e Ulqinit - Lajme nga Ulqini\" \/>\n<meta property=\"og:description\" content=\"ULQINI N\u00cb VITET E LIDHJES SHQIPTARE T\u00cb PRIZRENIT 1878-1881 (37) P\u00ebrball\u00eb ushtris\u00eb malazeze n\u00eb Ulqin me rrethina n\u00eb gjysm\u00ebn e shtatorit 1880 q\u00ebndronin\" \/>\n<meta property=\"og:url\" content=\"https:\/\/www.visit-ulcinj.com\/blog\/2009\/09\/24\/pergatitjet-e-fundit-per-dorezimin-e-ulqinit\/\" \/>\n<meta property=\"og:site_name\" content=\"Lajme nga Ulqini\" \/>\n<meta property=\"article:published_time\" content=\"2009-09-24T21:57:36+00:00\" \/>\n<meta property=\"og:image\" content=\"http:\/\/www.visit-ulcinj.com\/blog\/wp-content\/uploads\/2009\/09\/Beteja-e-Ulqinit-dhe-dorezimi_1.jpg\" \/>\n<meta name=\"twitter:label1\" content=\"Written by\" \/>\n\t<meta name=\"twitter:data1\" content=\"ulqini\" \/>\n\t<meta name=\"twitter:label2\" content=\"Est. reading time\" \/>\n\t<meta name=\"twitter:data2\" content=\"4 minutes\" \/>\n<script type=\"application\/ld+json\" class=\"yoast-schema-graph\">{\"@context\":\"https:\/\/schema.org\",\"@graph\":[{\"@type\":\"WebSite\",\"@id\":\"https:\/\/www.visit-ulcinj.com\/blog\/#website\",\"url\":\"https:\/\/www.visit-ulcinj.com\/blog\/\",\"name\":\"Lajme nga Ulqini\",\"description\":\"Lajme,Vijesti,Ulqini,Ulqin,Crna Gora,Mali i Zi\",\"potentialAction\":[{\"@type\":\"SearchAction\",\"target\":{\"@type\":\"EntryPoint\",\"urlTemplate\":\"https:\/\/www.visit-ulcinj.com\/blog\/?s={search_term_string}\"},\"query-input\":\"required name=search_term_string\"}],\"inLanguage\":\"en-US\"},{\"@type\":\"ImageObject\",\"inLanguage\":\"en-US\",\"@id\":\"https:\/\/www.visit-ulcinj.com\/blog\/2009\/09\/24\/pergatitjet-e-fundit-per-dorezimin-e-ulqinit\/#primaryimage\",\"url\":\"https:\/\/www.visit-ulcinj.com\/blog\/wp-content\/uploads\/2009\/09\/Beteja-e-Ulqinit-dhe-dorezimi_1.jpg\",\"contentUrl\":\"https:\/\/www.visit-ulcinj.com\/blog\/wp-content\/uploads\/2009\/09\/Beteja-e-Ulqinit-dhe-dorezimi_1.jpg\",\"width\":\"496\",\"height\":\"502\"},{\"@type\":\"WebPage\",\"@id\":\"https:\/\/www.visit-ulcinj.com\/blog\/2009\/09\/24\/pergatitjet-e-fundit-per-dorezimin-e-ulqinit\/#webpage\",\"url\":\"https:\/\/www.visit-ulcinj.com\/blog\/2009\/09\/24\/pergatitjet-e-fundit-per-dorezimin-e-ulqinit\/\",\"name\":\"P\u00ebrgatitjet e fundit p\u00ebr dor\u00ebzimin e Ulqinit - Lajme nga Ulqini\",\"isPartOf\":{\"@id\":\"https:\/\/www.visit-ulcinj.com\/blog\/#website\"},\"primaryImageOfPage\":{\"@id\":\"https:\/\/www.visit-ulcinj.com\/blog\/2009\/09\/24\/pergatitjet-e-fundit-per-dorezimin-e-ulqinit\/#primaryimage\"},\"datePublished\":\"2009-09-24T21:57:36+00:00\",\"dateModified\":\"2009-09-24T21:57:36+00:00\",\"author\":{\"@id\":\"https:\/\/www.visit-ulcinj.com\/blog\/#\/schema\/person\/dcab619c614d3038751c63bc2aadc06d\"},\"description\":\"ULQINI N\u00cb VITET E LIDHJES SHQIPTARE T\u00cb PRIZRENIT 1878-1881 (37) P\u00ebrball\u00eb ushtris\u00eb malazeze n\u00eb Ulqin me rrethina n\u00eb gjysm\u00ebn e shtatorit 1880 q\u00ebndronin\",\"breadcrumb\":{\"@id\":\"https:\/\/www.visit-ulcinj.com\/blog\/2009\/09\/24\/pergatitjet-e-fundit-per-dorezimin-e-ulqinit\/#breadcrumb\"},\"inLanguage\":\"en-US\",\"potentialAction\":[{\"@type\":\"ReadAction\",\"target\":[\"https:\/\/www.visit-ulcinj.com\/blog\/2009\/09\/24\/pergatitjet-e-fundit-per-dorezimin-e-ulqinit\/\"]}]},{\"@type\":\"BreadcrumbList\",\"@id\":\"https:\/\/www.visit-ulcinj.com\/blog\/2009\/09\/24\/pergatitjet-e-fundit-per-dorezimin-e-ulqinit\/#breadcrumb\",\"itemListElement\":[{\"@type\":\"ListItem\",\"position\":1,\"name\":\"P\u00ebrgatitjet e fundit p\u00ebr dor\u00ebzimin e Ulqinit\"}]},{\"@type\":\"Person\",\"@id\":\"https:\/\/www.visit-ulcinj.com\/blog\/#\/schema\/person\/dcab619c614d3038751c63bc2aadc06d\",\"name\":\"ulqini\",\"sameAs\":[\"http:\/\/www.visit-ulcinj.com\"],\"url\":\"https:\/\/www.visit-ulcinj.com\/blog\/author\/admin\/\"}]}<\/script>\n<!-- \/ Yoast SEO plugin. -->","yoast_head_json":{"title":"P\u00ebrgatitjet e fundit p\u00ebr dor\u00ebzimin e Ulqinit - Lajme nga Ulqini","description":"ULQINI N\u00cb VITET E LIDHJES SHQIPTARE T\u00cb PRIZRENIT 1878-1881 (37) P\u00ebrball\u00eb ushtris\u00eb malazeze n\u00eb Ulqin me rrethina n\u00eb gjysm\u00ebn e shtatorit 1880 q\u00ebndronin","robots":{"index":"index","follow":"follow","max-snippet":"max-snippet:-1","max-image-preview":"max-image-preview:large","max-video-preview":"max-video-preview:-1"},"canonical":"https:\/\/www.visit-ulcinj.com\/blog\/2009\/09\/24\/pergatitjet-e-fundit-per-dorezimin-e-ulqinit\/","og_locale":"en_US","og_type":"article","og_title":"P\u00ebrgatitjet e fundit p\u00ebr dor\u00ebzimin e Ulqinit - Lajme nga Ulqini","og_description":"ULQINI N\u00cb VITET E LIDHJES SHQIPTARE T\u00cb PRIZRENIT 1878-1881 (37) P\u00ebrball\u00eb ushtris\u00eb malazeze n\u00eb Ulqin me rrethina n\u00eb gjysm\u00ebn e shtatorit 1880 q\u00ebndronin","og_url":"https:\/\/www.visit-ulcinj.com\/blog\/2009\/09\/24\/pergatitjet-e-fundit-per-dorezimin-e-ulqinit\/","og_site_name":"Lajme nga Ulqini","article_published_time":"2009-09-24T21:57:36+00:00","og_image":[{"url":"http:\/\/www.visit-ulcinj.com\/blog\/wp-content\/uploads\/2009\/09\/Beteja-e-Ulqinit-dhe-dorezimi_1.jpg"}],"twitter_misc":{"Written by":"ulqini","Est. reading time":"4 minutes"},"schema":{"@context":"https:\/\/schema.org","@graph":[{"@type":"WebSite","@id":"https:\/\/www.visit-ulcinj.com\/blog\/#website","url":"https:\/\/www.visit-ulcinj.com\/blog\/","name":"Lajme nga Ulqini","description":"Lajme,Vijesti,Ulqini,Ulqin,Crna Gora,Mali i Zi","potentialAction":[{"@type":"SearchAction","target":{"@type":"EntryPoint","urlTemplate":"https:\/\/www.visit-ulcinj.com\/blog\/?s={search_term_string}"},"query-input":"required name=search_term_string"}],"inLanguage":"en-US"},{"@type":"ImageObject","inLanguage":"en-US","@id":"https:\/\/www.visit-ulcinj.com\/blog\/2009\/09\/24\/pergatitjet-e-fundit-per-dorezimin-e-ulqinit\/#primaryimage","url":"https:\/\/www.visit-ulcinj.com\/blog\/wp-content\/uploads\/2009\/09\/Beteja-e-Ulqinit-dhe-dorezimi_1.jpg","contentUrl":"https:\/\/www.visit-ulcinj.com\/blog\/wp-content\/uploads\/2009\/09\/Beteja-e-Ulqinit-dhe-dorezimi_1.jpg","width":"496","height":"502"},{"@type":"WebPage","@id":"https:\/\/www.visit-ulcinj.com\/blog\/2009\/09\/24\/pergatitjet-e-fundit-per-dorezimin-e-ulqinit\/#webpage","url":"https:\/\/www.visit-ulcinj.com\/blog\/2009\/09\/24\/pergatitjet-e-fundit-per-dorezimin-e-ulqinit\/","name":"P\u00ebrgatitjet e fundit p\u00ebr dor\u00ebzimin e Ulqinit - Lajme nga Ulqini","isPartOf":{"@id":"https:\/\/www.visit-ulcinj.com\/blog\/#website"},"primaryImageOfPage":{"@id":"https:\/\/www.visit-ulcinj.com\/blog\/2009\/09\/24\/pergatitjet-e-fundit-per-dorezimin-e-ulqinit\/#primaryimage"},"datePublished":"2009-09-24T21:57:36+00:00","dateModified":"2009-09-24T21:57:36+00:00","author":{"@id":"https:\/\/www.visit-ulcinj.com\/blog\/#\/schema\/person\/dcab619c614d3038751c63bc2aadc06d"},"description":"ULQINI N\u00cb VITET E LIDHJES SHQIPTARE T\u00cb PRIZRENIT 1878-1881 (37) P\u00ebrball\u00eb ushtris\u00eb malazeze n\u00eb Ulqin me rrethina n\u00eb gjysm\u00ebn e shtatorit 1880 q\u00ebndronin","breadcrumb":{"@id":"https:\/\/www.visit-ulcinj.com\/blog\/2009\/09\/24\/pergatitjet-e-fundit-per-dorezimin-e-ulqinit\/#breadcrumb"},"inLanguage":"en-US","potentialAction":[{"@type":"ReadAction","target":["https:\/\/www.visit-ulcinj.com\/blog\/2009\/09\/24\/pergatitjet-e-fundit-per-dorezimin-e-ulqinit\/"]}]},{"@type":"BreadcrumbList","@id":"https:\/\/www.visit-ulcinj.com\/blog\/2009\/09\/24\/pergatitjet-e-fundit-per-dorezimin-e-ulqinit\/#breadcrumb","itemListElement":[{"@type":"ListItem","position":1,"name":"P\u00ebrgatitjet e fundit p\u00ebr dor\u00ebzimin e Ulqinit"}]},{"@type":"Person","@id":"https:\/\/www.visit-ulcinj.com\/blog\/#\/schema\/person\/dcab619c614d3038751c63bc2aadc06d","name":"ulqini","sameAs":["http:\/\/www.visit-ulcinj.com"],"url":"https:\/\/www.visit-ulcinj.com\/blog\/author\/admin\/"}]}},"jetpack_featured_media_url":"","jetpack_sharing_enabled":true,"jetpack_shortlink":"https:\/\/wp.me\/pe6lTn-6IX","_links":{"self":[{"href":"https:\/\/www.visit-ulcinj.com\/blog\/wp-json\/wp\/v2\/posts\/25851"}],"collection":[{"href":"https:\/\/www.visit-ulcinj.com\/blog\/wp-json\/wp\/v2\/posts"}],"about":[{"href":"https:\/\/www.visit-ulcinj.com\/blog\/wp-json\/wp\/v2\/types\/post"}],"author":[{"embeddable":true,"href":"https:\/\/www.visit-ulcinj.com\/blog\/wp-json\/wp\/v2\/users\/1"}],"replies":[{"embeddable":true,"href":"https:\/\/www.visit-ulcinj.com\/blog\/wp-json\/wp\/v2\/comments?post=25851"}],"version-history":[{"count":0,"href":"https:\/\/www.visit-ulcinj.com\/blog\/wp-json\/wp\/v2\/posts\/25851\/revisions"}],"wp:attachment":[{"href":"https:\/\/www.visit-ulcinj.com\/blog\/wp-json\/wp\/v2\/media?parent=25851"}],"wp:term":[{"taxonomy":"category","embeddable":true,"href":"https:\/\/www.visit-ulcinj.com\/blog\/wp-json\/wp\/v2\/categories?post=25851"},{"taxonomy":"post_tag","embeddable":true,"href":"https:\/\/www.visit-ulcinj.com\/blog\/wp-json\/wp\/v2\/tags?post=25851"}],"curies":[{"name":"wp","href":"https:\/\/api.w.org\/{rel}","templated":true}]}}