{"id":25878,"date":"2009-09-26T00:20:15","date_gmt":"2009-09-25T22:20:15","guid":{"rendered":"http:\/\/www.visit-ulcinj.com\/blog\/?p=25878"},"modified":"2009-09-26T00:20:15","modified_gmt":"2009-09-25T22:20:15","slug":"aferdita-dreshaj-dhe-shpati-kasapi-kaluan-pushimet-ne-turqi","status":"publish","type":"post","link":"https:\/\/www.visit-ulcinj.com\/blog\/2009\/09\/26\/aferdita-dreshaj-dhe-shpati-kasapi-kaluan-pushimet-ne-turqi\/","title":{"rendered":"Af\u00ebrdita Dreshaj dhe Shpati Kasapi  kaluan pushimet n\u00eb Turqi"},"content":{"rendered":"<p><a href=\"http:\/\/www.visit-ulcinj.com\/blog\/wp-content\/uploads\/2009\/09\/Shpati-Kasapi-_Af\u00ebrdita-Dreshaj.jpg\"><img loading=\"lazy\" class=\"alignleft size-full wp-image-25879\" title=\"Shpati Kasapi _Af\u00ebrdita Dreshaj\" src=\"http:\/\/www.visit-ulcinj.com\/blog\/wp-content\/uploads\/2009\/09\/Shpati-Kasapi-_Af\u00ebrdita-Dreshaj.jpg\" alt=\"Shpati Kasapi _Af\u00ebrdita Dreshaj\" width=\"580\" height=\"400\" \/><\/a>Shpati Kasapi dhe Af\u00ebrdita Dreshaj kalojn\u00eb dit\u00eb t\u00eb bukura pushimi n\u00eb plazhet e shtrenjta t\u00eb bregdetit turk. Ata t\u00eb dy sapo jan\u00eb kthyer nga Anlatia dhe menj\u00ebher\u00eb jan\u00eb p\u00ebrveshur pun\u00ebs rreth planeve t\u00eb cilat i presin deri n\u00eb fund t\u00eb vitit 2009. Ata nuk ndahen p\u00ebr asnj\u00eb \u00e7ast nga nj\u00ebri-tjetri dhe jan\u00eb \u00e7ifti m\u00eb i bukur i momentit. Derisa Shpati realizoi nj\u00eb bashk\u00ebpunim t\u00eb suksessh\u00ebm me V-Ton, k\u00ebng\u00eb kjo e titulluar \u201cTi je ajo\u201d, q\u00eb ende qarkullon n\u00ebp\u00ebr ekranet televizive, n\u00eb an\u00ebn tjet\u00ebr edhe e fejuara e tij modelja e njohur Af\u00ebrdita Dreshaj, \u00ebsht\u00eb duke ecur mir\u00eb n\u00eb karrier\u00ebn e saj si k\u00ebng\u00ebtare.<br \/>\n\u201cT\u00eb pozosh n\u00eb kopertina revistash \u00ebsht\u00eb shum\u00eb e leht\u00eb, por t\u2019i gjendesh t\u00eb fejuar\u00ebs n\u00eb momente kur ajo ka nevoj\u00eb \u00ebsht\u00eb e v\u00ebshtir\u00eb\u201d, ka th\u00ebn\u00eb Shpati. Pasi publikoi dy k\u00ebng\u00eb me videoklipe, Af\u00ebrdita \u00ebsht\u00eb duke p\u00ebrgatitur p\u00ebr nj\u00eb surpriz\u00eb t\u00eb radh\u00ebs. K\u00ebsaj radhe si duket Shpati fillon t\u2019i jap hap\u00ebsir\u00eb n\u00eb estrad\u00eb bukuroshes s\u00eb tij. Af\u00ebrdita \u00ebsht\u00eb nj\u00ebra nd\u00ebr pjes\u00ebmarr\u00ebset e edicionit t\u00eb festivalit \u201cK\u00ebnga Magjike 2009\u201d. Pritet q\u00eb ajo t\u00eb kaloj\u00eb edhe n\u00eb finale me k\u00ebng\u00ebn e saj konkurruese.<\/p>\n<p><strong>Blerand Rexhepi<\/strong><\/p>\n<p><strong><\/p>\n<p><\/strong><\/p>\n<p><strong><!--YouTube Error: bad URL entered--><br \/>\n<\/strong><\/p>\n","protected":false},"excerpt":{"rendered":"<p>Shpati Kasapi dhe Af\u00ebrdita Dreshaj kalojn\u00eb dit\u00eb t\u00eb bukura pushimi n\u00eb plazhet e shtrenjta t\u00eb bregdetit turk. Ata t\u00eb dy sapo jan\u00eb kthyer nga Anlatia dhe menj\u00ebher\u00eb jan\u00eb p\u00ebrveshur pun\u00ebs rreth planeve t\u00eb cilat i presin deri n\u00eb fund t\u00eb vitit 2009. Ata nuk ndahen p\u00ebr asnj\u00eb \u00e7ast nga nj\u00ebri-tjetri dhe jan\u00eb \u00e7ifti m\u00eb i [&hellip;]<\/p>\n","protected":false},"author":1,"featured_media":0,"comment_status":"open","ping_status":"closed","sticky":false,"template":"","format":"standard","meta":{"spay_email":"","jetpack_publicize_message":"","jetpack_is_tweetstorm":false,"jetpack_publicize_feature_enabled":true},"categories":[1],"tags":[6121,12539],"jetpack_publicize_connections":[],"yoast_head":"<!-- This site is optimized with the Yoast SEO plugin v19.1 - https:\/\/yoast.com\/wordpress\/plugins\/seo\/ -->\n<title>Af\u00ebrdita Dreshaj dhe Shpati Kasapi kaluan pushimet n\u00eb Turqi - Lajme nga Ulqini<\/title>\n<meta name=\"description\" content=\"Shpati Kasapi dhe Af\u00ebrdita Dreshaj kalojn\u00eb dit\u00eb t\u00eb bukura pushimi n\u00eb plazhet e shtrenjta t\u00eb bregdetit turk. Ata t\u00eb dy sapo jan\u00eb kthyer nga Anlatia dhe\" \/>\n<meta name=\"robots\" content=\"index, follow, max-snippet:-1, max-image-preview:large, max-video-preview:-1\" \/>\n<link rel=\"canonical\" href=\"https:\/\/www.visit-ulcinj.com\/blog\/2009\/09\/26\/aferdita-dreshaj-dhe-shpati-kasapi-kaluan-pushimet-ne-turqi\/\" \/>\n<meta property=\"og:locale\" content=\"en_US\" \/>\n<meta property=\"og:type\" content=\"article\" \/>\n<meta property=\"og:title\" content=\"Af\u00ebrdita Dreshaj dhe Shpati Kasapi kaluan pushimet n\u00eb Turqi - Lajme nga Ulqini\" \/>\n<meta property=\"og:description\" content=\"Shpati Kasapi dhe Af\u00ebrdita Dreshaj kalojn\u00eb dit\u00eb t\u00eb bukura pushimi n\u00eb plazhet e shtrenjta t\u00eb bregdetit turk. Ata t\u00eb dy sapo jan\u00eb kthyer nga Anlatia dhe\" \/>\n<meta property=\"og:url\" content=\"https:\/\/www.visit-ulcinj.com\/blog\/2009\/09\/26\/aferdita-dreshaj-dhe-shpati-kasapi-kaluan-pushimet-ne-turqi\/\" \/>\n<meta property=\"og:site_name\" content=\"Lajme nga Ulqini\" \/>\n<meta property=\"article:published_time\" content=\"2009-09-25T22:20:15+00:00\" \/>\n<meta property=\"og:image\" content=\"https:\/\/www.visit-ulcinj.com\/blog\/wp-content\/uploads\/2009\/09\/Shpati-Kasapi-_Af\u00c3\u00abrdita-Dreshaj.jpg\" \/>\n<meta name=\"twitter:label1\" content=\"Written by\" \/>\n\t<meta name=\"twitter:data1\" content=\"ulqini\" \/>\n\t<meta name=\"twitter:label2\" content=\"Est. reading time\" \/>\n\t<meta name=\"twitter:data2\" content=\"1 minute\" \/>\n<script type=\"application\/ld+json\" class=\"yoast-schema-graph\">{\"@context\":\"https:\/\/schema.org\",\"@graph\":[{\"@type\":\"WebSite\",\"@id\":\"https:\/\/www.visit-ulcinj.com\/blog\/#website\",\"url\":\"https:\/\/www.visit-ulcinj.com\/blog\/\",\"name\":\"Lajme nga Ulqini\",\"description\":\"Lajme,Vijesti,Ulqini,Ulqin,Crna Gora,Mali i Zi\",\"potentialAction\":[{\"@type\":\"SearchAction\",\"target\":{\"@type\":\"EntryPoint\",\"urlTemplate\":\"https:\/\/www.visit-ulcinj.com\/blog\/?s={search_term_string}\"},\"query-input\":\"required name=search_term_string\"}],\"inLanguage\":\"en-US\"},{\"@type\":\"WebPage\",\"@id\":\"https:\/\/www.visit-ulcinj.com\/blog\/2009\/09\/26\/aferdita-dreshaj-dhe-shpati-kasapi-kaluan-pushimet-ne-turqi\/#webpage\",\"url\":\"https:\/\/www.visit-ulcinj.com\/blog\/2009\/09\/26\/aferdita-dreshaj-dhe-shpati-kasapi-kaluan-pushimet-ne-turqi\/\",\"name\":\"Af\u00ebrdita Dreshaj dhe Shpati Kasapi kaluan pushimet n\u00eb Turqi - Lajme nga Ulqini\",\"isPartOf\":{\"@id\":\"https:\/\/www.visit-ulcinj.com\/blog\/#website\"},\"datePublished\":\"2009-09-25T22:20:15+00:00\",\"dateModified\":\"2009-09-25T22:20:15+00:00\",\"author\":{\"@id\":\"https:\/\/www.visit-ulcinj.com\/blog\/#\/schema\/person\/dcab619c614d3038751c63bc2aadc06d\"},\"description\":\"Shpati Kasapi dhe Af\u00ebrdita Dreshaj kalojn\u00eb dit\u00eb t\u00eb bukura pushimi n\u00eb plazhet e shtrenjta t\u00eb bregdetit turk. Ata t\u00eb dy sapo jan\u00eb kthyer nga Anlatia dhe\",\"breadcrumb\":{\"@id\":\"https:\/\/www.visit-ulcinj.com\/blog\/2009\/09\/26\/aferdita-dreshaj-dhe-shpati-kasapi-kaluan-pushimet-ne-turqi\/#breadcrumb\"},\"inLanguage\":\"en-US\",\"potentialAction\":[{\"@type\":\"ReadAction\",\"target\":[\"https:\/\/www.visit-ulcinj.com\/blog\/2009\/09\/26\/aferdita-dreshaj-dhe-shpati-kasapi-kaluan-pushimet-ne-turqi\/\"]}]},{\"@type\":\"BreadcrumbList\",\"@id\":\"https:\/\/www.visit-ulcinj.com\/blog\/2009\/09\/26\/aferdita-dreshaj-dhe-shpati-kasapi-kaluan-pushimet-ne-turqi\/#breadcrumb\",\"itemListElement\":[{\"@type\":\"ListItem\",\"position\":1,\"name\":\"Af\u00ebrdita Dreshaj dhe Shpati Kasapi kaluan pushimet n\u00eb Turqi\"}]},{\"@type\":\"Person\",\"@id\":\"https:\/\/www.visit-ulcinj.com\/blog\/#\/schema\/person\/dcab619c614d3038751c63bc2aadc06d\",\"name\":\"ulqini\",\"sameAs\":[\"http:\/\/www.visit-ulcinj.com\"],\"url\":\"https:\/\/www.visit-ulcinj.com\/blog\/author\/admin\/\"}]}<\/script>\n<!-- \/ Yoast SEO plugin. -->","yoast_head_json":{"title":"Af\u00ebrdita Dreshaj dhe Shpati Kasapi kaluan pushimet n\u00eb Turqi - Lajme nga Ulqini","description":"Shpati Kasapi dhe Af\u00ebrdita Dreshaj kalojn\u00eb dit\u00eb t\u00eb bukura pushimi n\u00eb plazhet e shtrenjta t\u00eb bregdetit turk. Ata t\u00eb dy sapo jan\u00eb kthyer nga Anlatia dhe","robots":{"index":"index","follow":"follow","max-snippet":"max-snippet:-1","max-image-preview":"max-image-preview:large","max-video-preview":"max-video-preview:-1"},"canonical":"https:\/\/www.visit-ulcinj.com\/blog\/2009\/09\/26\/aferdita-dreshaj-dhe-shpati-kasapi-kaluan-pushimet-ne-turqi\/","og_locale":"en_US","og_type":"article","og_title":"Af\u00ebrdita Dreshaj dhe Shpati Kasapi kaluan pushimet n\u00eb Turqi - Lajme nga Ulqini","og_description":"Shpati Kasapi dhe Af\u00ebrdita Dreshaj kalojn\u00eb dit\u00eb t\u00eb bukura pushimi n\u00eb plazhet e shtrenjta t\u00eb bregdetit turk. Ata t\u00eb dy sapo jan\u00eb kthyer nga Anlatia dhe","og_url":"https:\/\/www.visit-ulcinj.com\/blog\/2009\/09\/26\/aferdita-dreshaj-dhe-shpati-kasapi-kaluan-pushimet-ne-turqi\/","og_site_name":"Lajme nga Ulqini","article_published_time":"2009-09-25T22:20:15+00:00","og_image":[{"url":"https:\/\/www.visit-ulcinj.com\/blog\/wp-content\/uploads\/2009\/09\/Shpati-Kasapi-_Af\u00c3\u00abrdita-Dreshaj.jpg"}],"twitter_misc":{"Written by":"ulqini","Est. reading time":"1 minute"},"schema":{"@context":"https:\/\/schema.org","@graph":[{"@type":"WebSite","@id":"https:\/\/www.visit-ulcinj.com\/blog\/#website","url":"https:\/\/www.visit-ulcinj.com\/blog\/","name":"Lajme nga Ulqini","description":"Lajme,Vijesti,Ulqini,Ulqin,Crna Gora,Mali i Zi","potentialAction":[{"@type":"SearchAction","target":{"@type":"EntryPoint","urlTemplate":"https:\/\/www.visit-ulcinj.com\/blog\/?s={search_term_string}"},"query-input":"required name=search_term_string"}],"inLanguage":"en-US"},{"@type":"WebPage","@id":"https:\/\/www.visit-ulcinj.com\/blog\/2009\/09\/26\/aferdita-dreshaj-dhe-shpati-kasapi-kaluan-pushimet-ne-turqi\/#webpage","url":"https:\/\/www.visit-ulcinj.com\/blog\/2009\/09\/26\/aferdita-dreshaj-dhe-shpati-kasapi-kaluan-pushimet-ne-turqi\/","name":"Af\u00ebrdita Dreshaj dhe Shpati Kasapi kaluan pushimet n\u00eb Turqi - Lajme nga Ulqini","isPartOf":{"@id":"https:\/\/www.visit-ulcinj.com\/blog\/#website"},"datePublished":"2009-09-25T22:20:15+00:00","dateModified":"2009-09-25T22:20:15+00:00","author":{"@id":"https:\/\/www.visit-ulcinj.com\/blog\/#\/schema\/person\/dcab619c614d3038751c63bc2aadc06d"},"description":"Shpati Kasapi dhe Af\u00ebrdita Dreshaj kalojn\u00eb dit\u00eb t\u00eb bukura pushimi n\u00eb plazhet e shtrenjta t\u00eb bregdetit turk. Ata t\u00eb dy sapo jan\u00eb kthyer nga Anlatia dhe","breadcrumb":{"@id":"https:\/\/www.visit-ulcinj.com\/blog\/2009\/09\/26\/aferdita-dreshaj-dhe-shpati-kasapi-kaluan-pushimet-ne-turqi\/#breadcrumb"},"inLanguage":"en-US","potentialAction":[{"@type":"ReadAction","target":["https:\/\/www.visit-ulcinj.com\/blog\/2009\/09\/26\/aferdita-dreshaj-dhe-shpati-kasapi-kaluan-pushimet-ne-turqi\/"]}]},{"@type":"BreadcrumbList","@id":"https:\/\/www.visit-ulcinj.com\/blog\/2009\/09\/26\/aferdita-dreshaj-dhe-shpati-kasapi-kaluan-pushimet-ne-turqi\/#breadcrumb","itemListElement":[{"@type":"ListItem","position":1,"name":"Af\u00ebrdita Dreshaj dhe Shpati Kasapi kaluan pushimet n\u00eb Turqi"}]},{"@type":"Person","@id":"https:\/\/www.visit-ulcinj.com\/blog\/#\/schema\/person\/dcab619c614d3038751c63bc2aadc06d","name":"ulqini","sameAs":["http:\/\/www.visit-ulcinj.com"],"url":"https:\/\/www.visit-ulcinj.com\/blog\/author\/admin\/"}]}},"jetpack_featured_media_url":"","jetpack_sharing_enabled":true,"jetpack_shortlink":"https:\/\/wp.me\/pe6lTn-6Jo","_links":{"self":[{"href":"https:\/\/www.visit-ulcinj.com\/blog\/wp-json\/wp\/v2\/posts\/25878"}],"collection":[{"href":"https:\/\/www.visit-ulcinj.com\/blog\/wp-json\/wp\/v2\/posts"}],"about":[{"href":"https:\/\/www.visit-ulcinj.com\/blog\/wp-json\/wp\/v2\/types\/post"}],"author":[{"embeddable":true,"href":"https:\/\/www.visit-ulcinj.com\/blog\/wp-json\/wp\/v2\/users\/1"}],"replies":[{"embeddable":true,"href":"https:\/\/www.visit-ulcinj.com\/blog\/wp-json\/wp\/v2\/comments?post=25878"}],"version-history":[{"count":0,"href":"https:\/\/www.visit-ulcinj.com\/blog\/wp-json\/wp\/v2\/posts\/25878\/revisions"}],"wp:attachment":[{"href":"https:\/\/www.visit-ulcinj.com\/blog\/wp-json\/wp\/v2\/media?parent=25878"}],"wp:term":[{"taxonomy":"category","embeddable":true,"href":"https:\/\/www.visit-ulcinj.com\/blog\/wp-json\/wp\/v2\/categories?post=25878"},{"taxonomy":"post_tag","embeddable":true,"href":"https:\/\/www.visit-ulcinj.com\/blog\/wp-json\/wp\/v2\/tags?post=25878"}],"curies":[{"name":"wp","href":"https:\/\/api.w.org\/{rel}","templated":true}]}}