{"id":2591,"date":"2008-08-19T13:21:57","date_gmt":"2008-08-19T18:21:57","guid":{"rendered":"http:\/\/www.visit-ulcinj.com\/blog\/?p=2591"},"modified":"2008-08-19T13:21:57","modified_gmt":"2008-08-19T18:21:57","slug":"preminuo-taksista-koji-se-sudario-sa-sakom-polumentom","status":"publish","type":"post","link":"https:\/\/www.visit-ulcinj.com\/blog\/2008\/08\/19\/preminuo-taksista-koji-se-sudario-sa-sakom-polumentom\/","title":{"rendered":"Preminuo taksista koji se sudario sa \u0160akom Polumentom"},"content":{"rendered":"<p><a href=\"http:\/\/www.alo.co.yu\/\/_customfiles\/Image\/slike\/2008\/08_avgust\/19\/vesti\/taksista-v.jpg\"><img loading=\"lazy\" class=\"alignleft\" title=\"Folk peva? \u0160ako Polumenta \" src=\"http:\/\/www.alo.co.yu\/\/_customfiles\/Image\/slike\/2008\/08_avgust\/19\/vesti\/taksista-v.jpg\" alt=\"\" width=\"368\" height=\"224\" \/><\/a>Ulcinjski taksista D\u017eemal Lje\u0161evi? (42), koji je u subotu ve?e te\u0161ko povre?en u saobra?ajnoj nesre?i na putu Ulcinj-Bar, preminuo je ju?e oko \u0161est sati u Op\u0161toj bolnici u Baru.<br \/>\nFolk peva? \u0160ako Polumenta koji je u pomenutom sudaru zadobio lak\u0161e povrede oporavlja se u ulcinjskom Domu zdravlja.<br \/>\nVest o smrti taksiste veoma je potresla \u0160aka Polumentu.<br \/>\n&#8211; On trenutno nije u stanju da bilo \u0161ta komentari\u0161e. Svi smo u \u0161oku. Cela porodica je ve? dva dana u bolnici &#8211; rekla je za \u201eAlo!\u201c Azra Polumenta, sestra popularnog peva?a.<br \/>\nIstraga o udesu do kojeg je do\u0161lo u subotu oko 22 sata kod crkve u blizini ulcinjskog mesta \u0160toj je u toku i nakon nje bi?e poznat uzrok nesre?e, kao i ko je od dvojice voza?a odgovoran. Prema nezvani?nim informacijama, \u201epropuste\u201c su napravila obojica. Lje\u0161evi? je upravljao \u201emercedesom\u201c iz pravca Ulcinja, a kada je poku\u0161ao da skrene na levo ka \u0160toju, do\u0161lo je do direktnog sudara sa d\u017eipom \u201etuareg\u201c, koji je dolazio iz suprotnog pravca i za ?ijim volanom se nalazio Polumenta. Od siline udara, \u0160akov d\u017eip je izleteo sa puta i zavr\u0161io na livadi, dok je na cesti ostao potpuno smrskani \u201emercedes\u201c. Osim taksiste i njegove mu\u0161terije Imera Ukaja iz Njujorka, koji je lak\u0161e povre?en, u \u201emercedesu\u201c je bio jo\u0161 jedan saputnik, koji je ostao nepovre?en.<br \/>\n&#8211; Prema njegovoj izjavi, taksista je pogre\u0161io skretanje i umesto na desno skrenuo je na levo ka \u0160toju, a zatim je na ulici poku\u0161ao da se okrene i vrati na pravi put. Dok se okretao, na njih je naleteo d\u017eip koji nije uspeo da se zaustavi &#8211; ka\u017ee na\u0161 izvor u policiji.<br \/>\nMe?utim, kako na\u0161 sagovornik dodaje, poznati peva? tako?e je vozio ve?om brzinom od dozvoljene, a uzeta mu je i krv na analizu, ?iji ?e rezultati pokazati da li je to ve?e pio.<br \/>\n<strong>Autor \/ B. J.<br \/>\nIzvor \/ Alo<\/strong><\/p>\n","protected":false},"excerpt":{"rendered":"<p><img loading=\"lazy\" class=\"alignleft\" title=\"Folk peva? \u0160ako Polumenta \" src=\"http:\/\/www.alo.co.yu\/\/_customfiles\/Image\/slike\/2008\/08_avgust\/19\/vesti\/taksista-v.jpg\" alt=\"\" width=\"140\" height=\"140\" \/><\/p>\n","protected":false},"author":1,"featured_media":0,"comment_status":"open","ping_status":"closed","sticky":false,"template":"","format":"standard","meta":{"spay_email":"","jetpack_publicize_message":"","jetpack_is_tweetstorm":false,"jetpack_publicize_feature_enabled":true},"categories":[1,12],"tags":[4383,4382,19],"jetpack_publicize_connections":[],"yoast_head":"<!-- This site is optimized with the Yoast SEO plugin v19.1 - https:\/\/yoast.com\/wordpress\/plugins\/seo\/ -->\n<title>Preminuo taksista koji se sudario sa \u0160akom Polumentom - Lajme nga Ulqini<\/title>\n<meta name=\"robots\" content=\"index, follow, max-snippet:-1, max-image-preview:large, max-video-preview:-1\" \/>\n<link rel=\"canonical\" href=\"https:\/\/www.visit-ulcinj.com\/blog\/2008\/08\/19\/preminuo-taksista-koji-se-sudario-sa-sakom-polumentom\/\" \/>\n<meta property=\"og:locale\" content=\"en_US\" \/>\n<meta property=\"og:type\" content=\"article\" \/>\n<meta property=\"og:title\" content=\"Preminuo taksista koji se sudario sa \u0160akom Polumentom - Lajme nga Ulqini\" \/>\n<meta property=\"og:url\" content=\"https:\/\/www.visit-ulcinj.com\/blog\/2008\/08\/19\/preminuo-taksista-koji-se-sudario-sa-sakom-polumentom\/\" \/>\n<meta property=\"og:site_name\" content=\"Lajme nga Ulqini\" \/>\n<meta property=\"article:published_time\" content=\"2008-08-19T18:21:57+00:00\" \/>\n<meta property=\"og:image\" content=\"http:\/\/www.alo.co.yu\/\/_customfiles\/Image\/slike\/2008\/08_avgust\/19\/vesti\/taksista-v.jpg\" \/>\n<meta name=\"twitter:label1\" content=\"Written by\" \/>\n\t<meta name=\"twitter:data1\" content=\"ulqini\" \/>\n\t<meta name=\"twitter:label2\" content=\"Est. reading time\" \/>\n\t<meta name=\"twitter:data2\" content=\"2 minutes\" \/>\n<script type=\"application\/ld+json\" class=\"yoast-schema-graph\">{\"@context\":\"https:\/\/schema.org\",\"@graph\":[{\"@type\":\"WebSite\",\"@id\":\"https:\/\/www.visit-ulcinj.com\/blog\/#website\",\"url\":\"https:\/\/www.visit-ulcinj.com\/blog\/\",\"name\":\"Lajme nga Ulqini\",\"description\":\"Lajme,Vijesti,Ulqini,Ulqin,Crna Gora,Mali i Zi\",\"potentialAction\":[{\"@type\":\"SearchAction\",\"target\":{\"@type\":\"EntryPoint\",\"urlTemplate\":\"https:\/\/www.visit-ulcinj.com\/blog\/?s={search_term_string}\"},\"query-input\":\"required name=search_term_string\"}],\"inLanguage\":\"en-US\"},{\"@type\":\"ImageObject\",\"inLanguage\":\"en-US\",\"@id\":\"https:\/\/www.visit-ulcinj.com\/blog\/2008\/08\/19\/preminuo-taksista-koji-se-sudario-sa-sakom-polumentom\/#primaryimage\",\"url\":\"http:\/\/www.alo.co.yu\/\/_customfiles\/Image\/slike\/2008\/08_avgust\/19\/vesti\/taksista-v.jpg\",\"contentUrl\":\"http:\/\/www.alo.co.yu\/\/_customfiles\/Image\/slike\/2008\/08_avgust\/19\/vesti\/taksista-v.jpg\"},{\"@type\":\"WebPage\",\"@id\":\"https:\/\/www.visit-ulcinj.com\/blog\/2008\/08\/19\/preminuo-taksista-koji-se-sudario-sa-sakom-polumentom\/#webpage\",\"url\":\"https:\/\/www.visit-ulcinj.com\/blog\/2008\/08\/19\/preminuo-taksista-koji-se-sudario-sa-sakom-polumentom\/\",\"name\":\"Preminuo taksista koji se sudario sa \u0160akom Polumentom - Lajme nga Ulqini\",\"isPartOf\":{\"@id\":\"https:\/\/www.visit-ulcinj.com\/blog\/#website\"},\"primaryImageOfPage\":{\"@id\":\"https:\/\/www.visit-ulcinj.com\/blog\/2008\/08\/19\/preminuo-taksista-koji-se-sudario-sa-sakom-polumentom\/#primaryimage\"},\"datePublished\":\"2008-08-19T18:21:57+00:00\",\"dateModified\":\"2008-08-19T18:21:57+00:00\",\"author\":{\"@id\":\"https:\/\/www.visit-ulcinj.com\/blog\/#\/schema\/person\/dcab619c614d3038751c63bc2aadc06d\"},\"breadcrumb\":{\"@id\":\"https:\/\/www.visit-ulcinj.com\/blog\/2008\/08\/19\/preminuo-taksista-koji-se-sudario-sa-sakom-polumentom\/#breadcrumb\"},\"inLanguage\":\"en-US\",\"potentialAction\":[{\"@type\":\"ReadAction\",\"target\":[\"https:\/\/www.visit-ulcinj.com\/blog\/2008\/08\/19\/preminuo-taksista-koji-se-sudario-sa-sakom-polumentom\/\"]}]},{\"@type\":\"BreadcrumbList\",\"@id\":\"https:\/\/www.visit-ulcinj.com\/blog\/2008\/08\/19\/preminuo-taksista-koji-se-sudario-sa-sakom-polumentom\/#breadcrumb\",\"itemListElement\":[{\"@type\":\"ListItem\",\"position\":1,\"name\":\"Preminuo taksista koji se sudario sa \u0160akom Polumentom\"}]},{\"@type\":\"Person\",\"@id\":\"https:\/\/www.visit-ulcinj.com\/blog\/#\/schema\/person\/dcab619c614d3038751c63bc2aadc06d\",\"name\":\"ulqini\",\"sameAs\":[\"http:\/\/www.visit-ulcinj.com\"],\"url\":\"https:\/\/www.visit-ulcinj.com\/blog\/author\/admin\/\"}]}<\/script>\n<!-- \/ Yoast SEO plugin. -->","yoast_head_json":{"title":"Preminuo taksista koji se sudario sa \u0160akom Polumentom - Lajme nga Ulqini","robots":{"index":"index","follow":"follow","max-snippet":"max-snippet:-1","max-image-preview":"max-image-preview:large","max-video-preview":"max-video-preview:-1"},"canonical":"https:\/\/www.visit-ulcinj.com\/blog\/2008\/08\/19\/preminuo-taksista-koji-se-sudario-sa-sakom-polumentom\/","og_locale":"en_US","og_type":"article","og_title":"Preminuo taksista koji se sudario sa \u0160akom Polumentom - Lajme nga Ulqini","og_url":"https:\/\/www.visit-ulcinj.com\/blog\/2008\/08\/19\/preminuo-taksista-koji-se-sudario-sa-sakom-polumentom\/","og_site_name":"Lajme nga Ulqini","article_published_time":"2008-08-19T18:21:57+00:00","og_image":[{"url":"http:\/\/www.alo.co.yu\/\/_customfiles\/Image\/slike\/2008\/08_avgust\/19\/vesti\/taksista-v.jpg"}],"twitter_misc":{"Written by":"ulqini","Est. reading time":"2 minutes"},"schema":{"@context":"https:\/\/schema.org","@graph":[{"@type":"WebSite","@id":"https:\/\/www.visit-ulcinj.com\/blog\/#website","url":"https:\/\/www.visit-ulcinj.com\/blog\/","name":"Lajme nga Ulqini","description":"Lajme,Vijesti,Ulqini,Ulqin,Crna Gora,Mali i Zi","potentialAction":[{"@type":"SearchAction","target":{"@type":"EntryPoint","urlTemplate":"https:\/\/www.visit-ulcinj.com\/blog\/?s={search_term_string}"},"query-input":"required name=search_term_string"}],"inLanguage":"en-US"},{"@type":"ImageObject","inLanguage":"en-US","@id":"https:\/\/www.visit-ulcinj.com\/blog\/2008\/08\/19\/preminuo-taksista-koji-se-sudario-sa-sakom-polumentom\/#primaryimage","url":"http:\/\/www.alo.co.yu\/\/_customfiles\/Image\/slike\/2008\/08_avgust\/19\/vesti\/taksista-v.jpg","contentUrl":"http:\/\/www.alo.co.yu\/\/_customfiles\/Image\/slike\/2008\/08_avgust\/19\/vesti\/taksista-v.jpg"},{"@type":"WebPage","@id":"https:\/\/www.visit-ulcinj.com\/blog\/2008\/08\/19\/preminuo-taksista-koji-se-sudario-sa-sakom-polumentom\/#webpage","url":"https:\/\/www.visit-ulcinj.com\/blog\/2008\/08\/19\/preminuo-taksista-koji-se-sudario-sa-sakom-polumentom\/","name":"Preminuo taksista koji se sudario sa \u0160akom Polumentom - Lajme nga Ulqini","isPartOf":{"@id":"https:\/\/www.visit-ulcinj.com\/blog\/#website"},"primaryImageOfPage":{"@id":"https:\/\/www.visit-ulcinj.com\/blog\/2008\/08\/19\/preminuo-taksista-koji-se-sudario-sa-sakom-polumentom\/#primaryimage"},"datePublished":"2008-08-19T18:21:57+00:00","dateModified":"2008-08-19T18:21:57+00:00","author":{"@id":"https:\/\/www.visit-ulcinj.com\/blog\/#\/schema\/person\/dcab619c614d3038751c63bc2aadc06d"},"breadcrumb":{"@id":"https:\/\/www.visit-ulcinj.com\/blog\/2008\/08\/19\/preminuo-taksista-koji-se-sudario-sa-sakom-polumentom\/#breadcrumb"},"inLanguage":"en-US","potentialAction":[{"@type":"ReadAction","target":["https:\/\/www.visit-ulcinj.com\/blog\/2008\/08\/19\/preminuo-taksista-koji-se-sudario-sa-sakom-polumentom\/"]}]},{"@type":"BreadcrumbList","@id":"https:\/\/www.visit-ulcinj.com\/blog\/2008\/08\/19\/preminuo-taksista-koji-se-sudario-sa-sakom-polumentom\/#breadcrumb","itemListElement":[{"@type":"ListItem","position":1,"name":"Preminuo taksista koji se sudario sa \u0160akom Polumentom"}]},{"@type":"Person","@id":"https:\/\/www.visit-ulcinj.com\/blog\/#\/schema\/person\/dcab619c614d3038751c63bc2aadc06d","name":"ulqini","sameAs":["http:\/\/www.visit-ulcinj.com"],"url":"https:\/\/www.visit-ulcinj.com\/blog\/author\/admin\/"}]}},"jetpack_featured_media_url":"","jetpack_sharing_enabled":true,"jetpack_shortlink":"https:\/\/wp.me\/pe6lTn-FN","_links":{"self":[{"href":"https:\/\/www.visit-ulcinj.com\/blog\/wp-json\/wp\/v2\/posts\/2591"}],"collection":[{"href":"https:\/\/www.visit-ulcinj.com\/blog\/wp-json\/wp\/v2\/posts"}],"about":[{"href":"https:\/\/www.visit-ulcinj.com\/blog\/wp-json\/wp\/v2\/types\/post"}],"author":[{"embeddable":true,"href":"https:\/\/www.visit-ulcinj.com\/blog\/wp-json\/wp\/v2\/users\/1"}],"replies":[{"embeddable":true,"href":"https:\/\/www.visit-ulcinj.com\/blog\/wp-json\/wp\/v2\/comments?post=2591"}],"version-history":[{"count":0,"href":"https:\/\/www.visit-ulcinj.com\/blog\/wp-json\/wp\/v2\/posts\/2591\/revisions"}],"wp:attachment":[{"href":"https:\/\/www.visit-ulcinj.com\/blog\/wp-json\/wp\/v2\/media?parent=2591"}],"wp:term":[{"taxonomy":"category","embeddable":true,"href":"https:\/\/www.visit-ulcinj.com\/blog\/wp-json\/wp\/v2\/categories?post=2591"},{"taxonomy":"post_tag","embeddable":true,"href":"https:\/\/www.visit-ulcinj.com\/blog\/wp-json\/wp\/v2\/tags?post=2591"}],"curies":[{"name":"wp","href":"https:\/\/api.w.org\/{rel}","templated":true}]}}