{"id":25919,"date":"2009-09-27T22:11:56","date_gmt":"2009-09-27T20:11:56","guid":{"rendered":"http:\/\/www.visit-ulcinj.com\/blog\/?p=25919"},"modified":"2009-09-27T22:11:56","modified_gmt":"2009-09-27T20:11:56","slug":"vesa-luma-edhe-nje-fundvit-tani-me-videospot","status":"publish","type":"post","link":"https:\/\/www.visit-ulcinj.com\/blog\/2009\/09\/27\/vesa-luma-edhe-nje-fundvit-tani-me-videospot\/","title":{"rendered":"Vesa Luma &#8220;Edhe nj\u00eb fundvit&#8221;, tani me videospot"},"content":{"rendered":"<address><strong><a href=\"http:\/\/www.visit-ulcinj.com\/blog\/wp-content\/uploads\/2009\/09\/Vesa-Luma.2.jpg\"><img loading=\"lazy\" class=\"alignleft size-full wp-image-25920\" title=\"Vesa Luma.2\" src=\"http:\/\/www.visit-ulcinj.com\/blog\/wp-content\/uploads\/2009\/09\/Vesa-Luma.2.jpg\" alt=\"Vesa Luma.2\" width=\"350\" height=\"477\" \/><\/a>K\u00ebng\u00ebtarja Vesa Luma nuk ka t\u00eb ndalur me sukseset e saj. Ajo \u00ebsht\u00eb nj\u00eb k\u00ebng\u00ebtare q\u00eb ka shum\u00eb vullnet dhe vizion p\u00ebr t\u00eb ecur p\u00ebrpara. Vesa gjat\u00eb periudh\u00ebs s\u00eb fundit ka realizuar disa k\u00ebng\u00eb mjaft t\u00eb mira, t\u00eb cilat p\u00ebr nj\u00eb koh\u00eb t\u00eb gjat\u00eb vazhdojn\u00eb t\u00eb jen\u00eb hite. Tani \u00ebsht\u00eb n\u00eb realizim t\u00eb nj\u00eb projekti t\u00eb ri. Vesa p\u00ebrve\u00e7 k\u00ebng\u00ebs, \u00ebsht\u00eb duke u marr\u00eb edhe me reklamat e telefonis\u00eb mobile IPKO. Sa i p\u00ebrket jet\u00ebs private nuk preferon t\u00eb flas\u00eb, edhe pse flitet se lidhja e saj me Genc Dobroshin ka marr\u00eb fund. P\u00ebr m\u00eb shum\u00eb rreth pun\u00ebs dhe projekteve t\u00eb saj flet p\u00ebr \u201cKosova Sot\u201d.<\/strong><\/address>\n<p><strong>Sezon i begat\u00eb veror<\/strong><br \/>\n<strong><br \/>\n\u201cKosova Sot\u201d:<\/strong> Me \u00e7far\u00eb keni qen\u00eb e angazhuar koh\u00ebn e fundit?<br \/>\n<strong>Vesa Luma:<\/strong> Koh\u00ebn e fundit kam qen\u00eb e angazhuar me paraqitjen time n\u00eb koncertin e madh, tashm\u00eb tradicional, Gala-koncert, t\u00eb Radiotelevizionit Publik t\u00eb Kosov\u00ebs. N\u00eb k\u00ebt\u00eb koncert jam paraqitur me nj\u00eb k\u00ebng\u00eb, gjegj\u00ebsisht balad\u00eb n\u00eb gjuh\u00ebn angleze, k\u00ebng\u00eb e rip\u00ebrpunuar prej bendit t\u00eb filarmonis\u00eb s\u00eb Kosov\u00ebs.<\/p>\n<p><strong>\u201cKosova Sot\u201d:<\/strong> \u00c7far\u00eb jeni duke punuar momentalisht?<br \/>\n<strong>Vesa Luma:<\/strong> Tani jam duke u marr\u00eb me nj\u00eb skenar q\u00eb do ta plot\u00ebsoj videoklipin e k\u00ebng\u00ebs \u201cEdhe nj\u00eb fundvit\u201d. K\u00ebt\u00eb k\u00ebng\u00eb e kam lansuar n\u00eb fillim t\u00eb k\u00ebtij viti dhe tani do t\u2019ia b\u00ebj edhe videospotin.<br \/>\n<strong><br \/>\n\u201cKosova Sot\u201d:<\/strong> Sa jeni e k\u00ebnaqur me sukseset\u00a0 tuaja?<br \/>\n<strong>Vesa Luma:<\/strong> Me sukseset e mia t\u00eb deritashme jam e k\u00ebnaqur, ngase kam vullnet dhe preferoj t\u00eb punoj shum\u00eb p\u00ebr krijimet e mia muzikore.<\/p>\n<p><strong>\u201cKosova Sot\u201d:<\/strong> Sa keni qen\u00eb e angazhuar k\u00ebt\u00eb vit me mbr\u00ebmjet muzikore, a ju kan\u00eb sjell\u00eb mjaft p\u00ebrfitime?<br \/>\n<strong>Vesa Luma:<\/strong> Po, k\u00ebt\u00eb vit kam qen\u00eb shum\u00eb e angazhuar me koncerte dhe mbr\u00ebmje muzikore si brenda ashtu edhe jasht\u00eb vendit. Tash kaloi sezoni i ver\u00ebs dhe jam m\u00eb pak e lir\u00eb. Nd\u00ebrsa sa u p\u00ebrket p\u00ebrfitimeve jam shum\u00eb e k\u00ebnaqur, ngase kam k\u00ebnduar tek ata q\u00eb m\u00eb kan\u00eb paguar mir\u00eb. Paraprakisht e kam ditur se ku t\u00eb k\u00ebndoj dhe te kush t\u00eb k\u00ebndoj.<\/p>\n<p><strong>Ofert\u00eb e papritur nga IPKO<\/strong><br \/>\n<strong><br \/>\n\u201cKosova Sot\u201d<\/strong>: Me t\u00ebr\u00eb p\u00ebrfitimet q\u00eb i keni, paguani tatim p\u00ebr shtet?<br \/>\n<strong>Vesa Luma:<\/strong> Gjat\u00eb periudh\u00ebs sa kam punuar n\u00eb RTK kam paguar me rregull tatim p\u00ebr shtetin. Nd\u00ebrsa prej se nuk jam m\u00eb n\u00eb k\u00ebt\u00eb televizion, nuk kam paguar ngase ende nuk m\u00eb kan\u00eb k\u00ebrkuar ta b\u00ebj\u00eb k\u00ebt\u00eb. N\u00eb momentin kur m\u00eb k\u00ebrkohet nga shteti t\u00eb paguaj, nuk do t\u00eb ngurroj.<br \/>\n<strong><br \/>\n\u201cKosova Sot\u201d:<\/strong> Koh\u00ebve t\u00eb fundit keni nisur edhe nj\u00eb pun\u00eb t\u00eb re, paraqiteni n\u00eb reklamat e kompanis\u00eb t\u00eb telefonis\u00eb mobile IPKO, si ndodhi ky bashk\u00ebpunim?<br \/>\n<strong>Vesa Luma:<\/strong> Oferta m\u00eb erdhi papritur, gj\u00eb q\u00eb nuk hezitova ta pranoja, ngase edhe aty kam nj\u00eb p\u00ebrfitim t\u00eb mir\u00eb, meq\u00eb dihet q\u00eb kompania e telefonis\u00eb mobile IPKO \u00ebsht\u00eb nj\u00eb kompani mjaft e madhe dhe e njohur n\u00eb t\u00ebr\u00eb rajonin.<\/p>\n<p><strong>\u201cKosova Sot\u201d: <\/strong>Do t\u00eb vazhdoni edhe m\u00eb tej t\u00eb jeni imazh i IPKO-s?<br \/>\n<strong>Vesa Luma: <\/strong>Po ende jam duke u marr\u00eb me reklamat e k\u00ebsaj kompanie, kam lidhur kontrat\u00eb nj\u00ebvje\u00e7are, do t\u00eb jem imazh i digjital IPKOS edhe p\u00ebr nj\u00eb periudh\u00eb.<br \/>\n<strong><br \/>\n\u201cKosova Sot\u201d:<\/strong> Na flisni di\u00e7ka p\u00ebr jet\u00ebn private?<br \/>\n<strong>Vesa Luma: <\/strong>Sa i p\u00ebrket jet\u00ebs private nuk do t\u00eb kisha d\u00ebshiruar t\u00eb flisja asgj\u00eb, tani nuk m\u00eb p\u00eblqen t\u00eb flas n\u00eb publik.<br \/>\n<strong><br \/>\n\u201cKosova Sot\u201d:<\/strong> Cilat jan\u00eb planet tuaja p\u00ebr t\u00eb ardhmen?<br \/>\n<strong>Vesa Luma:<\/strong> P\u00ebr t\u00eb ardhmen kam shum\u00eb plane, t\u00eb cilat me koh\u00eb shpresoj t\u2019i realizoj.<\/p>\n<p><strong>Kosova Sot<\/strong><\/p>\n<p><strong><\/p>\n<p><\/strong><\/p>\n<p><strong><!--YouTube Error: bad URL entered--><br \/>\n<\/strong><\/p>\n","protected":false},"excerpt":{"rendered":"<p>K\u00ebng\u00ebtarja Vesa Luma nuk ka t\u00eb ndalur me sukseset e saj. Ajo \u00ebsht\u00eb nj\u00eb k\u00ebng\u00ebtare q\u00eb ka shum\u00eb vullnet dhe vizion p\u00ebr t\u00eb ecur p\u00ebrpara. Vesa gjat\u00eb periudh\u00ebs s\u00eb fundit ka realizuar disa k\u00ebng\u00eb mjaft t\u00eb mira, t\u00eb cilat p\u00ebr nj\u00eb koh\u00eb t\u00eb gjat\u00eb vazhdojn\u00eb t\u00eb jen\u00eb hite. Tani \u00ebsht\u00eb n\u00eb realizim t\u00eb nj\u00eb projekti [&hellip;]<\/p>\n","protected":false},"author":1,"featured_media":0,"comment_status":"open","ping_status":"closed","sticky":false,"template":"","format":"standard","meta":{"spay_email":"","jetpack_publicize_message":"","jetpack_is_tweetstorm":false,"jetpack_publicize_feature_enabled":true},"categories":[1],"tags":[12550],"jetpack_publicize_connections":[],"yoast_head":"<!-- This site is optimized with the Yoast SEO plugin v19.1 - https:\/\/yoast.com\/wordpress\/plugins\/seo\/ -->\n<title>Vesa Luma &quot;Edhe nj\u00eb fundvit&quot;, tani me videospot - Lajme nga Ulqini<\/title>\n<meta name=\"description\" content=\"K\u00ebng\u00ebtarja Vesa Luma nuk ka t\u00eb ndalur me sukseset e saj. Ajo \u00ebsht\u00eb nj\u00eb k\u00ebng\u00ebtare q\u00eb ka shum\u00eb vullnet dhe vizion p\u00ebr t\u00eb ecur p\u00ebrpara. Vesa gjat\u00eb periudh\u00ebs\" \/>\n<meta name=\"robots\" content=\"index, follow, max-snippet:-1, max-image-preview:large, max-video-preview:-1\" \/>\n<link rel=\"canonical\" href=\"https:\/\/www.visit-ulcinj.com\/blog\/2009\/09\/27\/vesa-luma-edhe-nje-fundvit-tani-me-videospot\/\" \/>\n<meta property=\"og:locale\" content=\"en_US\" \/>\n<meta property=\"og:type\" content=\"article\" \/>\n<meta property=\"og:title\" content=\"Vesa Luma &quot;Edhe nj\u00eb fundvit&quot;, tani me videospot - Lajme nga Ulqini\" \/>\n<meta property=\"og:description\" content=\"K\u00ebng\u00ebtarja Vesa Luma nuk ka t\u00eb ndalur me sukseset e saj. Ajo \u00ebsht\u00eb nj\u00eb k\u00ebng\u00ebtare q\u00eb ka shum\u00eb vullnet dhe vizion p\u00ebr t\u00eb ecur p\u00ebrpara. Vesa gjat\u00eb periudh\u00ebs\" \/>\n<meta property=\"og:url\" content=\"https:\/\/www.visit-ulcinj.com\/blog\/2009\/09\/27\/vesa-luma-edhe-nje-fundvit-tani-me-videospot\/\" \/>\n<meta property=\"og:site_name\" content=\"Lajme nga Ulqini\" \/>\n<meta property=\"article:published_time\" content=\"2009-09-27T20:11:56+00:00\" \/>\n<meta property=\"og:image\" content=\"https:\/\/www.visit-ulcinj.com\/blog\/wp-content\/uploads\/2009\/09\/Vesa-Luma.2-150x150.jpg\" \/>\n<meta name=\"twitter:label1\" content=\"Written by\" \/>\n\t<meta name=\"twitter:data1\" content=\"ulqini\" \/>\n\t<meta name=\"twitter:label2\" content=\"Est. reading time\" \/>\n\t<meta name=\"twitter:data2\" content=\"3 minutes\" \/>\n<script type=\"application\/ld+json\" class=\"yoast-schema-graph\">{\"@context\":\"https:\/\/schema.org\",\"@graph\":[{\"@type\":\"WebSite\",\"@id\":\"https:\/\/www.visit-ulcinj.com\/blog\/#website\",\"url\":\"https:\/\/www.visit-ulcinj.com\/blog\/\",\"name\":\"Lajme nga Ulqini\",\"description\":\"Lajme,Vijesti,Ulqini,Ulqin,Crna Gora,Mali i Zi\",\"potentialAction\":[{\"@type\":\"SearchAction\",\"target\":{\"@type\":\"EntryPoint\",\"urlTemplate\":\"https:\/\/www.visit-ulcinj.com\/blog\/?s={search_term_string}\"},\"query-input\":\"required name=search_term_string\"}],\"inLanguage\":\"en-US\"},{\"@type\":\"ImageObject\",\"inLanguage\":\"en-US\",\"@id\":\"https:\/\/www.visit-ulcinj.com\/blog\/2009\/09\/27\/vesa-luma-edhe-nje-fundvit-tani-me-videospot\/#primaryimage\",\"url\":\"http:\/\/www.visit-ulcinj.com\/blog\/wp-content\/uploads\/2009\/09\/Vesa-Luma.2.jpg\",\"contentUrl\":\"http:\/\/www.visit-ulcinj.com\/blog\/wp-content\/uploads\/2009\/09\/Vesa-Luma.2.jpg\"},{\"@type\":\"WebPage\",\"@id\":\"https:\/\/www.visit-ulcinj.com\/blog\/2009\/09\/27\/vesa-luma-edhe-nje-fundvit-tani-me-videospot\/#webpage\",\"url\":\"https:\/\/www.visit-ulcinj.com\/blog\/2009\/09\/27\/vesa-luma-edhe-nje-fundvit-tani-me-videospot\/\",\"name\":\"Vesa Luma \\\"Edhe nj\u00eb fundvit\\\", tani me videospot - Lajme nga Ulqini\",\"isPartOf\":{\"@id\":\"https:\/\/www.visit-ulcinj.com\/blog\/#website\"},\"primaryImageOfPage\":{\"@id\":\"https:\/\/www.visit-ulcinj.com\/blog\/2009\/09\/27\/vesa-luma-edhe-nje-fundvit-tani-me-videospot\/#primaryimage\"},\"datePublished\":\"2009-09-27T20:11:56+00:00\",\"dateModified\":\"2009-09-27T20:11:56+00:00\",\"author\":{\"@id\":\"https:\/\/www.visit-ulcinj.com\/blog\/#\/schema\/person\/dcab619c614d3038751c63bc2aadc06d\"},\"description\":\"K\u00ebng\u00ebtarja Vesa Luma nuk ka t\u00eb ndalur me sukseset e saj. Ajo \u00ebsht\u00eb nj\u00eb k\u00ebng\u00ebtare q\u00eb ka shum\u00eb vullnet dhe vizion p\u00ebr t\u00eb ecur p\u00ebrpara. Vesa gjat\u00eb periudh\u00ebs\",\"breadcrumb\":{\"@id\":\"https:\/\/www.visit-ulcinj.com\/blog\/2009\/09\/27\/vesa-luma-edhe-nje-fundvit-tani-me-videospot\/#breadcrumb\"},\"inLanguage\":\"en-US\",\"potentialAction\":[{\"@type\":\"ReadAction\",\"target\":[\"https:\/\/www.visit-ulcinj.com\/blog\/2009\/09\/27\/vesa-luma-edhe-nje-fundvit-tani-me-videospot\/\"]}]},{\"@type\":\"BreadcrumbList\",\"@id\":\"https:\/\/www.visit-ulcinj.com\/blog\/2009\/09\/27\/vesa-luma-edhe-nje-fundvit-tani-me-videospot\/#breadcrumb\",\"itemListElement\":[{\"@type\":\"ListItem\",\"position\":1,\"name\":\"Vesa Luma &#8220;Edhe nj\u00eb fundvit&#8221;, tani me videospot\"}]},{\"@type\":\"Person\",\"@id\":\"https:\/\/www.visit-ulcinj.com\/blog\/#\/schema\/person\/dcab619c614d3038751c63bc2aadc06d\",\"name\":\"ulqini\",\"sameAs\":[\"http:\/\/www.visit-ulcinj.com\"],\"url\":\"https:\/\/www.visit-ulcinj.com\/blog\/author\/admin\/\"}]}<\/script>\n<!-- \/ Yoast SEO plugin. -->","yoast_head_json":{"title":"Vesa Luma \"Edhe nj\u00eb fundvit\", tani me videospot - Lajme nga Ulqini","description":"K\u00ebng\u00ebtarja Vesa Luma nuk ka t\u00eb ndalur me sukseset e saj. Ajo \u00ebsht\u00eb nj\u00eb k\u00ebng\u00ebtare q\u00eb ka shum\u00eb vullnet dhe vizion p\u00ebr t\u00eb ecur p\u00ebrpara. Vesa gjat\u00eb periudh\u00ebs","robots":{"index":"index","follow":"follow","max-snippet":"max-snippet:-1","max-image-preview":"max-image-preview:large","max-video-preview":"max-video-preview:-1"},"canonical":"https:\/\/www.visit-ulcinj.com\/blog\/2009\/09\/27\/vesa-luma-edhe-nje-fundvit-tani-me-videospot\/","og_locale":"en_US","og_type":"article","og_title":"Vesa Luma \"Edhe nj\u00eb fundvit\", tani me videospot - Lajme nga Ulqini","og_description":"K\u00ebng\u00ebtarja Vesa Luma nuk ka t\u00eb ndalur me sukseset e saj. Ajo \u00ebsht\u00eb nj\u00eb k\u00ebng\u00ebtare q\u00eb ka shum\u00eb vullnet dhe vizion p\u00ebr t\u00eb ecur p\u00ebrpara. Vesa gjat\u00eb periudh\u00ebs","og_url":"https:\/\/www.visit-ulcinj.com\/blog\/2009\/09\/27\/vesa-luma-edhe-nje-fundvit-tani-me-videospot\/","og_site_name":"Lajme nga Ulqini","article_published_time":"2009-09-27T20:11:56+00:00","og_image":[{"url":"https:\/\/www.visit-ulcinj.com\/blog\/wp-content\/uploads\/2009\/09\/Vesa-Luma.2-150x150.jpg"}],"twitter_misc":{"Written by":"ulqini","Est. reading time":"3 minutes"},"schema":{"@context":"https:\/\/schema.org","@graph":[{"@type":"WebSite","@id":"https:\/\/www.visit-ulcinj.com\/blog\/#website","url":"https:\/\/www.visit-ulcinj.com\/blog\/","name":"Lajme nga Ulqini","description":"Lajme,Vijesti,Ulqini,Ulqin,Crna Gora,Mali i Zi","potentialAction":[{"@type":"SearchAction","target":{"@type":"EntryPoint","urlTemplate":"https:\/\/www.visit-ulcinj.com\/blog\/?s={search_term_string}"},"query-input":"required name=search_term_string"}],"inLanguage":"en-US"},{"@type":"ImageObject","inLanguage":"en-US","@id":"https:\/\/www.visit-ulcinj.com\/blog\/2009\/09\/27\/vesa-luma-edhe-nje-fundvit-tani-me-videospot\/#primaryimage","url":"http:\/\/www.visit-ulcinj.com\/blog\/wp-content\/uploads\/2009\/09\/Vesa-Luma.2.jpg","contentUrl":"http:\/\/www.visit-ulcinj.com\/blog\/wp-content\/uploads\/2009\/09\/Vesa-Luma.2.jpg"},{"@type":"WebPage","@id":"https:\/\/www.visit-ulcinj.com\/blog\/2009\/09\/27\/vesa-luma-edhe-nje-fundvit-tani-me-videospot\/#webpage","url":"https:\/\/www.visit-ulcinj.com\/blog\/2009\/09\/27\/vesa-luma-edhe-nje-fundvit-tani-me-videospot\/","name":"Vesa Luma \"Edhe nj\u00eb fundvit\", tani me videospot - Lajme nga Ulqini","isPartOf":{"@id":"https:\/\/www.visit-ulcinj.com\/blog\/#website"},"primaryImageOfPage":{"@id":"https:\/\/www.visit-ulcinj.com\/blog\/2009\/09\/27\/vesa-luma-edhe-nje-fundvit-tani-me-videospot\/#primaryimage"},"datePublished":"2009-09-27T20:11:56+00:00","dateModified":"2009-09-27T20:11:56+00:00","author":{"@id":"https:\/\/www.visit-ulcinj.com\/blog\/#\/schema\/person\/dcab619c614d3038751c63bc2aadc06d"},"description":"K\u00ebng\u00ebtarja Vesa Luma nuk ka t\u00eb ndalur me sukseset e saj. Ajo \u00ebsht\u00eb nj\u00eb k\u00ebng\u00ebtare q\u00eb ka shum\u00eb vullnet dhe vizion p\u00ebr t\u00eb ecur p\u00ebrpara. Vesa gjat\u00eb periudh\u00ebs","breadcrumb":{"@id":"https:\/\/www.visit-ulcinj.com\/blog\/2009\/09\/27\/vesa-luma-edhe-nje-fundvit-tani-me-videospot\/#breadcrumb"},"inLanguage":"en-US","potentialAction":[{"@type":"ReadAction","target":["https:\/\/www.visit-ulcinj.com\/blog\/2009\/09\/27\/vesa-luma-edhe-nje-fundvit-tani-me-videospot\/"]}]},{"@type":"BreadcrumbList","@id":"https:\/\/www.visit-ulcinj.com\/blog\/2009\/09\/27\/vesa-luma-edhe-nje-fundvit-tani-me-videospot\/#breadcrumb","itemListElement":[{"@type":"ListItem","position":1,"name":"Vesa Luma &#8220;Edhe nj\u00eb fundvit&#8221;, tani me videospot"}]},{"@type":"Person","@id":"https:\/\/www.visit-ulcinj.com\/blog\/#\/schema\/person\/dcab619c614d3038751c63bc2aadc06d","name":"ulqini","sameAs":["http:\/\/www.visit-ulcinj.com"],"url":"https:\/\/www.visit-ulcinj.com\/blog\/author\/admin\/"}]}},"jetpack_featured_media_url":"","jetpack_sharing_enabled":true,"jetpack_shortlink":"https:\/\/wp.me\/pe6lTn-6K3","_links":{"self":[{"href":"https:\/\/www.visit-ulcinj.com\/blog\/wp-json\/wp\/v2\/posts\/25919"}],"collection":[{"href":"https:\/\/www.visit-ulcinj.com\/blog\/wp-json\/wp\/v2\/posts"}],"about":[{"href":"https:\/\/www.visit-ulcinj.com\/blog\/wp-json\/wp\/v2\/types\/post"}],"author":[{"embeddable":true,"href":"https:\/\/www.visit-ulcinj.com\/blog\/wp-json\/wp\/v2\/users\/1"}],"replies":[{"embeddable":true,"href":"https:\/\/www.visit-ulcinj.com\/blog\/wp-json\/wp\/v2\/comments?post=25919"}],"version-history":[{"count":0,"href":"https:\/\/www.visit-ulcinj.com\/blog\/wp-json\/wp\/v2\/posts\/25919\/revisions"}],"wp:attachment":[{"href":"https:\/\/www.visit-ulcinj.com\/blog\/wp-json\/wp\/v2\/media?parent=25919"}],"wp:term":[{"taxonomy":"category","embeddable":true,"href":"https:\/\/www.visit-ulcinj.com\/blog\/wp-json\/wp\/v2\/categories?post=25919"},{"taxonomy":"post_tag","embeddable":true,"href":"https:\/\/www.visit-ulcinj.com\/blog\/wp-json\/wp\/v2\/tags?post=25919"}],"curies":[{"name":"wp","href":"https:\/\/api.w.org\/{rel}","templated":true}]}}