{"id":25925,"date":"2009-09-28T19:56:43","date_gmt":"2009-09-28T17:56:43","guid":{"rendered":"http:\/\/www.visit-ulcinj.com\/blog\/?p=25925"},"modified":"2009-10-01T21:35:40","modified_gmt":"2009-10-01T19:35:40","slug":"ulqini-i-lene-pas-dorevazhdim-i-praktikes-se-vjeter","status":"publish","type":"post","link":"https:\/\/www.visit-ulcinj.com\/blog\/2009\/09\/28\/ulqini-i-lene-pas-dorevazhdim-i-praktikes-se-vjeter\/","title":{"rendered":"Ulqini i l\u00ebn\u00eb pas dore;Vazhdim i praktik\u00ebs s\u00eb vjet\u00ebr"},"content":{"rendered":"<p><a href=\"http:\/\/www.visit-ulcinj.com\/blog\/wp-content\/uploads\/2009\/09\/Tender_NHT-_Riviera-e-Ulqinit1.jpg\"><img loading=\"lazy\" class=\"alignleft size-full wp-image-25926\" title=\"Tender_NHT-_Riviera-e-Ulqinit\" src=\"http:\/\/www.visit-ulcinj.com\/blog\/wp-content\/uploads\/2009\/09\/Tender_NHT-_Riviera-e-Ulqinit1.jpg\" alt=\"Tender_NHT-_Riviera-e-Ulqinit\" width=\"580\" height=\"400\" \/><\/a>Mu p\u00ebr k\u00ebt\u00eb arsye nuk duhet t\u00eb \u00e7uditemi p\u00ebrse Ulqini \u00ebsht\u00eb i vetmi qytet n\u00eb Bregdet ku \u00ebsht\u00eb n\u00eb r\u00ebnie numri i banor\u00ebve, respektivisht q\u00eb n\u00eb t\u00eb sot jetojn\u00eb gjasht\u00eb mij\u00eb vet\u00eb m\u00eb pak sesa para 18 vitesh, kurse n\u00eb gishtat e nj\u00eb dore mund t\u00eb num\u00ebrohen investitor\u00ebt e mir\u00ebfillt\u00eb!?<br \/>\n\u201cNa anashkalojn\u00eb sikur t\u00eb kishim koler\u00ebn\u201d, u ankua para do kohe para publikut nj\u00eb funksionar i lart\u00eb partiak. Sido q\u00eb t\u00eb jet\u00eb, Ulqinit askush nuk duhet t\u2019i fal\u00eb asgj\u00eb, Zoti i madh\u00ebrish\u00ebm ka qen\u00eb mjaft dor\u00ebdh\u00ebn\u00eb, vet\u00ebm q\u00eb, p\u00ebrmes tatimeve, kontributeve, policive, inspeksioneve, t\u00eb mirave detare dhe institucioneve t\u00eb tjera shtet\u00ebrore dhe parashtet\u00ebrore t\u00eb mos i merren m\u00eb pothuajse tri t\u00eb kat\u00ebrtat e t\u00eb ardhurave q\u00eb realizohen k\u00ebtu. P\u00ebrndryshe, edhe normat e Kart\u00ebs Europiane mbi vet\u00ebqeverisjen lokale parashikojn\u00eb q\u00eb raporti do t\u00eb duhej t\u00eb ishte i anasjellt\u00eb.<br \/>\nT\u00eb gjith\u00eb ulqinak\u00ebt pajtohen se ky qytet, duke marr\u00eb parasysh potencialet e shumta dhe vendin q\u00eb do t\u00eb mund dhe do t\u00eb duhej ta kishte n\u00eb zhvillimin e turizmit dhe t\u00eb bujq\u00ebsis\u00eb pa t\u00eb drejt\u00eb \u00ebsht\u00eb l\u00ebn\u00eb pas dore tashm\u00eb nj\u00ebzet vite nga ana e autoriteteve malazeze. N\u00eb Projektpalnin Hap\u00ebsinor t\u00eb Malit t\u00eb Zi k\u00ebsaj komune i \u00ebsht\u00eb dh\u00ebn\u00eb r\u00ebnd\u00ebsi lokale (!?), e vet\u00ebm pas presionit t\u00eb zyrtar\u00ebve lokal\u00eb dhe t\u00eb opinionit publik \u00ebsht\u00eb parashikuar q\u00eb t\u00eb ket\u00eb nj\u00ebfar\u00eb r\u00ebnd\u00ebsie \u201ct\u00eb qendr\u00ebs rajonale pran\u00eb Komun\u00ebs s\u00eb Tivarit\u201d, me \u00e7ka Ulqini, sikurse para Luft\u00ebs s\u00eb Dyt\u00eb Bot\u00ebrore, p\u00ebrs\u00ebri ra n\u00ebn \u201cqarkun e Tivarit\u201d. E kjo n\u00eb thelb do t\u00eb thot\u00eb se t\u00eb gjitha vendimet e r\u00ebnd\u00ebsishme p\u00ebr t\u00eb ardhmen e k\u00ebtij qyteti do t\u00eb merren jasht\u00eb Ulqinit. Marr\u00ebdh\u00ebniet mbi rentimin afatgjat\u00eb t\u00eb Plazhit t\u00eb Madh apo t\u00eb Ad\u00ebs, pastaj fati i trisht\u00eb i nd\u00ebrmarrjeve dhe hoteleve t\u00eb pla\u00e7kitura, si dhe i Gjirit t\u00eb Valdanosit p\u00ebr t\u00eb cilin, m\u00eb mir\u00eb t\u00eb themi, \u00ebsht\u00eb kujdesur m\u00eb mir\u00eb Ushtria Jugosllave apo APJ, sesa Qeveria e Malit t\u00eb Zi, d\u00ebshmon fuqish\u00ebm p\u00ebr k\u00ebt\u00eb fakt t\u00eb mjeruesh\u00ebm.<br \/>\nFaktet historike gjithashtu d\u00ebshmojn\u00eb se nga viti 1880, respektivisht prej at\u00ebher\u00eb kur Ulqini i takoi Malit t\u00eb Zi e deri n\u00eb vitin 1934, n\u00eb k\u00ebt\u00eb qytet praktikisht nuk pati kurr\u00ebfar\u00eb aktivitetesh investuese t\u00eb shtetit t\u00eb ri, gj\u00eb e cila, si\u00e7 shkurante historiani Vaso Radoviq, solli deri n\u00eb stagnimin e Ulqinit n\u00eb aspektin ekonomik dhe \u00e7far\u00ebdo aspekti tjet\u00ebr. Trendi i stagnimit ekonomik dhe shoq\u00ebror vazhdoi edhe n\u00eb Mbret\u00ebrin\u00eb Serbo-Kroato-Sllovene, m\u00eb von\u00eb Mbret\u00ebrin\u00eb e Jugosllavis\u00eb.<br \/>\nKjo mund t\u00eb shihet n\u00eb baz\u00eb t\u00eb l\u00ebvizjes s\u00eb numrit t\u00eb banor\u00ebve. K\u00ebsisoji, Radoviq thekson se n\u00eb vitin 1880 Ulqini kishte nj\u00eb mij\u00eb sht\u00ebpi dhe kat\u00ebr mij\u00eb banor\u00eb dhe p\u00ebrnga madh\u00ebsia ishte qyteti i dyt\u00eb n\u00eb Malin e Zi, menj\u00ebher\u00eb pas Podgoric\u00ebs. Pes\u00ebdhjet\u00eb vite m\u00eb von\u00eb Ulqini kishte 840 sht\u00ebpi dhe 3704 banor\u00eb, q\u00eb do t\u00eb thot\u00eb se q\u00ebndronte mjaft pas Podgoric\u00ebs, kurse e tejkaluan edhe Nikshiqi, Herceg-Novi, Cetina dhe Plava. Vet\u00ebm nj\u00eb investim i madh, nd\u00ebrtimi i Kripores, si dhe i dy hoteleve nga mesi i viteve t\u00eb tridhjeta t\u00eb shekullit XX i dhan\u00eb nj\u00eb hov t\u00eb fuqish\u00ebm zhvillimit t\u00eb qytetit.<br \/>\nPor, ngecja vazhdoi p\u00ebrs\u00ebri edhe n\u00eb shtetin e ri komunist, p\u00ebr t\u00eb filluar rim\u00ebk\u00ebmbja ekonomike vet\u00ebm 25 vite pas luft\u00ebs.<br \/>\nKjo \u201cperiudh\u00eb e art\u00eb\u201d n\u00eb historin\u00eb e re t\u00eb qytetit zgjati vet\u00ebm nj\u00ebzet vite, p\u00ebr t\u2019u vazhduar n\u00eb fillim t\u00eb viteve t\u00eb nj\u00ebzeta politika nga mbarimi i shekullit XIX dhe fillimi i shekullit XX.<br \/>\nMu p\u00ebr k\u00ebt\u00eb arsye nuk duhet t\u00eb \u00e7uditemi p\u00ebrse Ulqini \u00ebsht\u00eb i vetmi qytet n\u00eb Bregdet ku \u00ebsht\u00eb n\u00eb r\u00ebnie numri i banor\u00ebve, respektivisht q\u00eb n\u00eb t\u00eb sot jetojn\u00eb gjasht\u00eb mij\u00eb vet\u00eb m\u00eb pak sesa para 18 vitesh, kurse n\u00eb gishtat e nj\u00eb dore mund t\u00eb num\u00ebrohen investitor\u00ebt e mir\u00ebfillt\u00eb!?<br \/>\n\u201cNa anashkalojn\u00eb sikur t\u00eb kishim koler\u00ebn\u201d, u ankua para do kohe para publikut nj\u00eb funksionar i lart\u00eb partiak. Sido q\u00eb t\u00eb jet\u00eb, Ulqinit askush nuk duhet t\u2019i fal\u00eb asgj\u00eb, Zoti i madh\u00ebrish\u00ebm ka qen\u00eb mjaft dor\u00ebdh\u00ebn\u00eb, vet\u00ebm q\u00eb, p\u00ebrmes tatimeve, kontributeve, policive, inspeksioneve, t\u00eb mirave detare dhe institucioneve t\u00eb tjera shtet\u00ebrore dhe parashtet\u00ebrore t\u00eb mos i merren m\u00eb pothuajse tri t\u00eb kat\u00ebrtat e t\u00eb ardhurave q\u00eb realizohen k\u00ebtu. P\u00ebrndryshe, edhe normat e Kart\u00ebs Europiane mbi vet\u00ebqeverisjen lokale parashikojn\u00eb q\u00eb raporti do t\u00eb duhej t\u00eb ishte i anasjellt\u00eb.<br \/>\nDuket se nj\u00eb gj\u00eb e till\u00eb m\u00eb n\u00eb fund u kuptua n\u00eb Bruksel, madje edhe n\u00eb Tiran\u00eb, por ende jo n\u00eb Prishtin\u00eb, derisa Podgorica zyrtare tenton t\u00eb vazhdoj\u00eb me praktik\u00ebn dhe politik\u00ebn e vjet\u00ebr. N\u00eb d\u00ebm t\u00eb vetin dhe n\u00eb d\u00ebmin e t\u00eb gjith\u00eb neve.<\/p>\n<p><strong>Mustafa Canka<br \/>\nKoha Javore<\/strong><\/p>\n<p><!--YouTube Error: bad URL entered--><strong><br \/>\n<\/strong><\/p>\n","protected":false},"excerpt":{"rendered":"<p>Mu p\u00ebr k\u00ebt\u00eb arsye nuk duhet t\u00eb \u00e7uditemi p\u00ebrse Ulqini \u00ebsht\u00eb i vetmi qytet n\u00eb Bregdet ku \u00ebsht\u00eb n\u00eb r\u00ebnie numri i banor\u00ebve, respektivisht q\u00eb n\u00eb t\u00eb sot jetojn\u00eb gjasht\u00eb mij\u00eb vet\u00eb m\u00eb pak sesa para 18 vitesh, kurse n\u00eb gishtat e nj\u00eb dore mund t\u00eb num\u00ebrohen investitor\u00ebt e mir\u00ebfillt\u00eb!? \u201cNa anashkalojn\u00eb sikur t\u00eb kishim [&hellip;]<\/p>\n","protected":false},"author":1,"featured_media":0,"comment_status":"open","ping_status":"closed","sticky":false,"template":"","format":"standard","meta":{"spay_email":"","jetpack_publicize_message":"","jetpack_is_tweetstorm":false,"jetpack_publicize_feature_enabled":true},"categories":[13],"tags":[138,95,11083,200,18,561],"jetpack_publicize_connections":[],"yoast_head":"<!-- This site is optimized with the Yoast SEO plugin v19.1 - https:\/\/yoast.com\/wordpress\/plugins\/seo\/ -->\n<title>Ulqini i l\u00ebn\u00eb pas dore;Vazhdim i praktik\u00ebs s\u00eb vjet\u00ebr - Lajme nga Ulqini<\/title>\n<meta name=\"description\" content=\"Mu p\u00ebr k\u00ebt\u00eb arsye nuk duhet t\u00eb \u00e7uditemi p\u00ebrse Ulqini \u00ebsht\u00eb i vetmi qytet n\u00eb Bregdet ku \u00ebsht\u00eb n\u00eb r\u00ebnie numri i banor\u00ebve, respektivisht q\u00eb n\u00eb t\u00eb sot jetojn\u00eb\" \/>\n<meta name=\"robots\" content=\"index, follow, max-snippet:-1, max-image-preview:large, max-video-preview:-1\" \/>\n<link rel=\"canonical\" href=\"https:\/\/www.visit-ulcinj.com\/blog\/2009\/09\/28\/ulqini-i-lene-pas-dorevazhdim-i-praktikes-se-vjeter\/\" \/>\n<meta property=\"og:locale\" content=\"en_US\" \/>\n<meta property=\"og:type\" content=\"article\" \/>\n<meta property=\"og:title\" content=\"Ulqini i l\u00ebn\u00eb pas dore;Vazhdim i praktik\u00ebs s\u00eb vjet\u00ebr - Lajme nga Ulqini\" \/>\n<meta property=\"og:description\" content=\"Mu p\u00ebr k\u00ebt\u00eb arsye nuk duhet t\u00eb \u00e7uditemi p\u00ebrse Ulqini \u00ebsht\u00eb i vetmi qytet n\u00eb Bregdet ku \u00ebsht\u00eb n\u00eb r\u00ebnie numri i banor\u00ebve, respektivisht q\u00eb n\u00eb t\u00eb sot jetojn\u00eb\" \/>\n<meta property=\"og:url\" content=\"https:\/\/www.visit-ulcinj.com\/blog\/2009\/09\/28\/ulqini-i-lene-pas-dorevazhdim-i-praktikes-se-vjeter\/\" \/>\n<meta property=\"og:site_name\" content=\"Lajme nga Ulqini\" \/>\n<meta property=\"article:published_time\" content=\"2009-09-28T17:56:43+00:00\" \/>\n<meta property=\"article:modified_time\" content=\"2009-10-01T19:35:40+00:00\" \/>\n<meta property=\"og:image\" content=\"http:\/\/www.visit-ulcinj.com\/blog\/wp-content\/uploads\/2009\/09\/Tender_NHT-_Riviera-e-Ulqinit1.jpg\" \/>\n<meta name=\"twitter:label1\" content=\"Written by\" \/>\n\t<meta name=\"twitter:data1\" content=\"ulqini\" \/>\n\t<meta name=\"twitter:label2\" content=\"Est. reading time\" \/>\n\t<meta name=\"twitter:data2\" content=\"4 minutes\" \/>\n<script type=\"application\/ld+json\" class=\"yoast-schema-graph\">{\"@context\":\"https:\/\/schema.org\",\"@graph\":[{\"@type\":\"WebSite\",\"@id\":\"https:\/\/www.visit-ulcinj.com\/blog\/#website\",\"url\":\"https:\/\/www.visit-ulcinj.com\/blog\/\",\"name\":\"Lajme nga Ulqini\",\"description\":\"Lajme,Vijesti,Ulqini,Ulqin,Crna Gora,Mali i Zi\",\"potentialAction\":[{\"@type\":\"SearchAction\",\"target\":{\"@type\":\"EntryPoint\",\"urlTemplate\":\"https:\/\/www.visit-ulcinj.com\/blog\/?s={search_term_string}\"},\"query-input\":\"required name=search_term_string\"}],\"inLanguage\":\"en-US\"},{\"@type\":\"ImageObject\",\"inLanguage\":\"en-US\",\"@id\":\"https:\/\/www.visit-ulcinj.com\/blog\/2009\/09\/28\/ulqini-i-lene-pas-dorevazhdim-i-praktikes-se-vjeter\/#primaryimage\",\"url\":\"https:\/\/www.visit-ulcinj.com\/blog\/wp-content\/uploads\/2009\/09\/Tender_NHT-_Riviera-e-Ulqinit1.jpg\",\"contentUrl\":\"https:\/\/www.visit-ulcinj.com\/blog\/wp-content\/uploads\/2009\/09\/Tender_NHT-_Riviera-e-Ulqinit1.jpg\",\"width\":\"800\",\"height\":\"424\"},{\"@type\":\"WebPage\",\"@id\":\"https:\/\/www.visit-ulcinj.com\/blog\/2009\/09\/28\/ulqini-i-lene-pas-dorevazhdim-i-praktikes-se-vjeter\/#webpage\",\"url\":\"https:\/\/www.visit-ulcinj.com\/blog\/2009\/09\/28\/ulqini-i-lene-pas-dorevazhdim-i-praktikes-se-vjeter\/\",\"name\":\"Ulqini i l\u00ebn\u00eb pas dore;Vazhdim i praktik\u00ebs s\u00eb vjet\u00ebr - Lajme nga Ulqini\",\"isPartOf\":{\"@id\":\"https:\/\/www.visit-ulcinj.com\/blog\/#website\"},\"primaryImageOfPage\":{\"@id\":\"https:\/\/www.visit-ulcinj.com\/blog\/2009\/09\/28\/ulqini-i-lene-pas-dorevazhdim-i-praktikes-se-vjeter\/#primaryimage\"},\"datePublished\":\"2009-09-28T17:56:43+00:00\",\"dateModified\":\"2009-10-01T19:35:40+00:00\",\"author\":{\"@id\":\"https:\/\/www.visit-ulcinj.com\/blog\/#\/schema\/person\/dcab619c614d3038751c63bc2aadc06d\"},\"description\":\"Mu p\u00ebr k\u00ebt\u00eb arsye nuk duhet t\u00eb \u00e7uditemi p\u00ebrse Ulqini \u00ebsht\u00eb i vetmi qytet n\u00eb Bregdet ku \u00ebsht\u00eb n\u00eb r\u00ebnie numri i banor\u00ebve, respektivisht q\u00eb n\u00eb t\u00eb sot jetojn\u00eb\",\"breadcrumb\":{\"@id\":\"https:\/\/www.visit-ulcinj.com\/blog\/2009\/09\/28\/ulqini-i-lene-pas-dorevazhdim-i-praktikes-se-vjeter\/#breadcrumb\"},\"inLanguage\":\"en-US\",\"potentialAction\":[{\"@type\":\"ReadAction\",\"target\":[\"https:\/\/www.visit-ulcinj.com\/blog\/2009\/09\/28\/ulqini-i-lene-pas-dorevazhdim-i-praktikes-se-vjeter\/\"]}]},{\"@type\":\"BreadcrumbList\",\"@id\":\"https:\/\/www.visit-ulcinj.com\/blog\/2009\/09\/28\/ulqini-i-lene-pas-dorevazhdim-i-praktikes-se-vjeter\/#breadcrumb\",\"itemListElement\":[{\"@type\":\"ListItem\",\"position\":1,\"name\":\"Ulqini i l\u00ebn\u00eb pas dore;Vazhdim i praktik\u00ebs s\u00eb vjet\u00ebr\"}]},{\"@type\":\"Person\",\"@id\":\"https:\/\/www.visit-ulcinj.com\/blog\/#\/schema\/person\/dcab619c614d3038751c63bc2aadc06d\",\"name\":\"ulqini\",\"sameAs\":[\"http:\/\/www.visit-ulcinj.com\"],\"url\":\"https:\/\/www.visit-ulcinj.com\/blog\/author\/admin\/\"}]}<\/script>\n<!-- \/ Yoast SEO plugin. -->","yoast_head_json":{"title":"Ulqini i l\u00ebn\u00eb pas dore;Vazhdim i praktik\u00ebs s\u00eb vjet\u00ebr - Lajme nga Ulqini","description":"Mu p\u00ebr k\u00ebt\u00eb arsye nuk duhet t\u00eb \u00e7uditemi p\u00ebrse Ulqini \u00ebsht\u00eb i vetmi qytet n\u00eb Bregdet ku \u00ebsht\u00eb n\u00eb r\u00ebnie numri i banor\u00ebve, respektivisht q\u00eb n\u00eb t\u00eb sot jetojn\u00eb","robots":{"index":"index","follow":"follow","max-snippet":"max-snippet:-1","max-image-preview":"max-image-preview:large","max-video-preview":"max-video-preview:-1"},"canonical":"https:\/\/www.visit-ulcinj.com\/blog\/2009\/09\/28\/ulqini-i-lene-pas-dorevazhdim-i-praktikes-se-vjeter\/","og_locale":"en_US","og_type":"article","og_title":"Ulqini i l\u00ebn\u00eb pas dore;Vazhdim i praktik\u00ebs s\u00eb vjet\u00ebr - Lajme nga Ulqini","og_description":"Mu p\u00ebr k\u00ebt\u00eb arsye nuk duhet t\u00eb \u00e7uditemi p\u00ebrse Ulqini \u00ebsht\u00eb i vetmi qytet n\u00eb Bregdet ku \u00ebsht\u00eb n\u00eb r\u00ebnie numri i banor\u00ebve, respektivisht q\u00eb n\u00eb t\u00eb sot jetojn\u00eb","og_url":"https:\/\/www.visit-ulcinj.com\/blog\/2009\/09\/28\/ulqini-i-lene-pas-dorevazhdim-i-praktikes-se-vjeter\/","og_site_name":"Lajme nga Ulqini","article_published_time":"2009-09-28T17:56:43+00:00","article_modified_time":"2009-10-01T19:35:40+00:00","og_image":[{"url":"http:\/\/www.visit-ulcinj.com\/blog\/wp-content\/uploads\/2009\/09\/Tender_NHT-_Riviera-e-Ulqinit1.jpg"}],"twitter_misc":{"Written by":"ulqini","Est. reading time":"4 minutes"},"schema":{"@context":"https:\/\/schema.org","@graph":[{"@type":"WebSite","@id":"https:\/\/www.visit-ulcinj.com\/blog\/#website","url":"https:\/\/www.visit-ulcinj.com\/blog\/","name":"Lajme nga Ulqini","description":"Lajme,Vijesti,Ulqini,Ulqin,Crna Gora,Mali i Zi","potentialAction":[{"@type":"SearchAction","target":{"@type":"EntryPoint","urlTemplate":"https:\/\/www.visit-ulcinj.com\/blog\/?s={search_term_string}"},"query-input":"required name=search_term_string"}],"inLanguage":"en-US"},{"@type":"ImageObject","inLanguage":"en-US","@id":"https:\/\/www.visit-ulcinj.com\/blog\/2009\/09\/28\/ulqini-i-lene-pas-dorevazhdim-i-praktikes-se-vjeter\/#primaryimage","url":"https:\/\/www.visit-ulcinj.com\/blog\/wp-content\/uploads\/2009\/09\/Tender_NHT-_Riviera-e-Ulqinit1.jpg","contentUrl":"https:\/\/www.visit-ulcinj.com\/blog\/wp-content\/uploads\/2009\/09\/Tender_NHT-_Riviera-e-Ulqinit1.jpg","width":"800","height":"424"},{"@type":"WebPage","@id":"https:\/\/www.visit-ulcinj.com\/blog\/2009\/09\/28\/ulqini-i-lene-pas-dorevazhdim-i-praktikes-se-vjeter\/#webpage","url":"https:\/\/www.visit-ulcinj.com\/blog\/2009\/09\/28\/ulqini-i-lene-pas-dorevazhdim-i-praktikes-se-vjeter\/","name":"Ulqini i l\u00ebn\u00eb pas dore;Vazhdim i praktik\u00ebs s\u00eb vjet\u00ebr - Lajme nga Ulqini","isPartOf":{"@id":"https:\/\/www.visit-ulcinj.com\/blog\/#website"},"primaryImageOfPage":{"@id":"https:\/\/www.visit-ulcinj.com\/blog\/2009\/09\/28\/ulqini-i-lene-pas-dorevazhdim-i-praktikes-se-vjeter\/#primaryimage"},"datePublished":"2009-09-28T17:56:43+00:00","dateModified":"2009-10-01T19:35:40+00:00","author":{"@id":"https:\/\/www.visit-ulcinj.com\/blog\/#\/schema\/person\/dcab619c614d3038751c63bc2aadc06d"},"description":"Mu p\u00ebr k\u00ebt\u00eb arsye nuk duhet t\u00eb \u00e7uditemi p\u00ebrse Ulqini \u00ebsht\u00eb i vetmi qytet n\u00eb Bregdet ku \u00ebsht\u00eb n\u00eb r\u00ebnie numri i banor\u00ebve, respektivisht q\u00eb n\u00eb t\u00eb sot jetojn\u00eb","breadcrumb":{"@id":"https:\/\/www.visit-ulcinj.com\/blog\/2009\/09\/28\/ulqini-i-lene-pas-dorevazhdim-i-praktikes-se-vjeter\/#breadcrumb"},"inLanguage":"en-US","potentialAction":[{"@type":"ReadAction","target":["https:\/\/www.visit-ulcinj.com\/blog\/2009\/09\/28\/ulqini-i-lene-pas-dorevazhdim-i-praktikes-se-vjeter\/"]}]},{"@type":"BreadcrumbList","@id":"https:\/\/www.visit-ulcinj.com\/blog\/2009\/09\/28\/ulqini-i-lene-pas-dorevazhdim-i-praktikes-se-vjeter\/#breadcrumb","itemListElement":[{"@type":"ListItem","position":1,"name":"Ulqini i l\u00ebn\u00eb pas dore;Vazhdim i praktik\u00ebs s\u00eb vjet\u00ebr"}]},{"@type":"Person","@id":"https:\/\/www.visit-ulcinj.com\/blog\/#\/schema\/person\/dcab619c614d3038751c63bc2aadc06d","name":"ulqini","sameAs":["http:\/\/www.visit-ulcinj.com"],"url":"https:\/\/www.visit-ulcinj.com\/blog\/author\/admin\/"}]}},"jetpack_featured_media_url":"","jetpack_sharing_enabled":true,"jetpack_shortlink":"https:\/\/wp.me\/pe6lTn-6K9","_links":{"self":[{"href":"https:\/\/www.visit-ulcinj.com\/blog\/wp-json\/wp\/v2\/posts\/25925"}],"collection":[{"href":"https:\/\/www.visit-ulcinj.com\/blog\/wp-json\/wp\/v2\/posts"}],"about":[{"href":"https:\/\/www.visit-ulcinj.com\/blog\/wp-json\/wp\/v2\/types\/post"}],"author":[{"embeddable":true,"href":"https:\/\/www.visit-ulcinj.com\/blog\/wp-json\/wp\/v2\/users\/1"}],"replies":[{"embeddable":true,"href":"https:\/\/www.visit-ulcinj.com\/blog\/wp-json\/wp\/v2\/comments?post=25925"}],"version-history":[{"count":0,"href":"https:\/\/www.visit-ulcinj.com\/blog\/wp-json\/wp\/v2\/posts\/25925\/revisions"}],"wp:attachment":[{"href":"https:\/\/www.visit-ulcinj.com\/blog\/wp-json\/wp\/v2\/media?parent=25925"}],"wp:term":[{"taxonomy":"category","embeddable":true,"href":"https:\/\/www.visit-ulcinj.com\/blog\/wp-json\/wp\/v2\/categories?post=25925"},{"taxonomy":"post_tag","embeddable":true,"href":"https:\/\/www.visit-ulcinj.com\/blog\/wp-json\/wp\/v2\/tags?post=25925"}],"curies":[{"name":"wp","href":"https:\/\/api.w.org\/{rel}","templated":true}]}}