{"id":25929,"date":"2009-09-28T20:35:34","date_gmt":"2009-09-28T18:35:34","guid":{"rendered":"http:\/\/www.visit-ulcinj.com\/blog\/?p=25929"},"modified":"2009-09-28T20:35:34","modified_gmt":"2009-09-28T18:35:34","slug":"njevjetori-i-vdekjes-se-fiqri-hasanages","status":"publish","type":"post","link":"https:\/\/www.visit-ulcinj.com\/blog\/2009\/09\/28\/njevjetori-i-vdekjes-se-fiqri-hasanages\/","title":{"rendered":"Nj\u00ebvjetori i vdekjes s\u00eb Fiqri Hasanag\u00ebs"},"content":{"rendered":"<p><strong><a href=\"http:\/\/www.visit-ulcinj.com\/blog\/wp-content\/uploads\/2009\/09\/Fiqri-Fiqo-Hasanaga.jpg_0.JPG\"><img loading=\"lazy\" class=\"alignleft size-full wp-image-25930\" title=\"Fiqri - Fiqo - Hasanaga.jpg_0\" src=\"http:\/\/www.visit-ulcinj.com\/blog\/wp-content\/uploads\/2009\/09\/Fiqri-Fiqo-Hasanaga.jpg_0.JPG\" alt=\"Fiqri - Fiqo - Hasanaga.jpg_0\" width=\"580\" height=\"400\" \/><\/a>Vler\u00ebsimi i vonuar<\/strong><br \/>\nTani q\u00eb s\u2019e kemi m\u00eb Fiqon, meditojm\u00eb me krijimet e tij muzikore, me mendimet e \u00e7muara q\u00eb aq shum\u00eb u lodh\u00eb p\u00ebr t\u2019i nxjerr\u00eb n\u00eb drit\u00eb. Ai iku e prishi pun\u00eb, me pun\u00ebn e tij p\u00ebrfundoi librin -Val\u00ebt e Ulqinit, dhe nj\u00eb tjet\u00ebr e la n\u00eb kompjuter. Ndaj, ndarja fizike e Fiqos nuk e zbeh \u00ebndrr\u00ebn e tij. Derisa \u00ebndrra e tij \u00ebsht\u00eb gjall\u00eb, gjall\u00eb \u00ebsht\u00eb edhe Fiqoja.A mund t\u00eb p\u00ebrcillet n\u00eb pakthim pa nj\u00eb therje n\u00eb zem\u00ebr nj\u00eb mik i till\u00eb.<br \/>\nTash e nj\u00eb vit m\u00eb par\u00eb, n\u00eb mosh\u00ebn 55 vje\u00e7are hyri n\u00eb dhe n\u00eb qytetin e lindjes, n\u00eb Ulqin, Fiqri-Fiqo Hasanaga, nj\u00ebri nga personalitetet m\u00eb t\u00eb jasht\u00ebzakonsh\u00ebm q\u00eb kam pasur nderin ta njoh qysh n\u00eb bankat e shkoll\u00ebs s\u00eb mesme t\u00eb muzik\u00ebs n\u00eb Prishtin\u00eb.<br \/>\nPor \u00ebsht\u00eb rasti t\u00eb kujtoj me nderimin m\u00eb t\u00eb thell\u00eb \u00e7\u2019ka b\u00ebr\u00eb ai p\u00ebr vendin e tij t\u00eb lindjes, ve\u00e7an\u00ebrisht n\u00eb fush\u00ebn e muzik\u00ebs. Pata arritur t\u00eb hyj\u00eb n\u00eb rrethin e tij n\u00eb saje t\u00eb njohjes me te n\u00eb Prishtin\u00eb por edhe si koen\u00e7idenc\u00eb sepse profesor\u00ebt e tij n\u00eb shkoll\u00ebn e mesme t\u00eb muzik\u00ebs ishin t\u00eb njohur t\u00eb mi, e ata mbanin p\u00ebr t\u00eb nj\u00eb simpati t\u00eb ve\u00e7ant\u00eb si djal\u00eb ulqinak po edhe si mjesht\u00ebr i instrumentave muzikore- si\u00e7 thonin ata n\u00eb ato vite.Shum\u00eb shpejt do t\u00eb fillonte t\u00eb njihej me pasionin e tij, p\u00ebr muzik\u00ebn, p\u00ebr kompozimet q\u00eb ai b\u00ebnte gjithmon\u00eb i konsultuar me profesor\u00ebt e tij Rexhep Munishi, Tomorr Berisha e Sami Piraj<br \/>\nSot sh\u00ebnohet p\u00ebrmes val\u00ebve t\u00eb Radio Ulqinit ky p\u00ebrvjetor i vdekjes s\u00eb gjeniut t\u00eb muzik\u00ebs, q\u00eb jetonte me t\u00eb, ku bashk\u00ebpun\u00ebtor\u00ebt e njihnin si k\u00ebshilltar e themelues t\u00eb Grupit t\u00eb Burrave e q\u00eb n\u00eb vitet e fundit t\u00eb jet\u00ebs s\u00eb tij ka ditur t\u00eb jet\u00eb edhe krijues.N\u00eb k\u00ebt\u00eb p\u00ebrvjetor t\u00eb dhembjes ky mbetet nj\u00eb moment i v\u00ebshtir\u00eb p\u00ebr familjen, kolektivin ku punoi por edhe p\u00ebr brezat q\u00eb p\u00ebrgatiti e edukoi n\u00eb fush\u00ebn e muzik\u00ebs.<br \/>\nDimensioni publik u pa qart\u00eb vet\u00ebm pas ikjes s\u00eb tij, ku nuk d\u00ebgjohet m\u00eb mandolina, nuk d\u00ebgjohet grupi i burrave i prir\u00eb prej tij, ndaj nuk \u00ebsht\u00eb leht\u00eb t\u00eb mbushet boshll\u00ebku i krijuar me munges\u00ebn e Fiqos, energjin\u00eb dhe dimensionet q\u00eb ai kishte p\u00ebr muzik\u00ebn, \u00ebndrra vazhdon dhe nj\u00eb vit pas ikjes, t\u00eb gjith\u00eb e ndijm\u00eb, e shohim dhe e ndjejm\u00eb se kjo \u00ebsht\u00eb e v\u00ebrtet\u00eb. Kjo tregon edhe nj\u00eb merit\u00eb tjet\u00ebr t\u00eb Fiqos. Ai ishte i aft\u00eb t\u00eb mbante me ne \u00ebndrr\u00ebn dhe pasionin e tij p\u00ebr muzik\u00ebn<br \/>\nGjithnj\u00eb kam dashur ta takoja, t\u00eb pija me te kafen\u00eb e m\u00ebngjesit, por edhe t\u2019i thosha disa fjal\u00eb, t\u2019i shprehja admirimin tim si koleg, si njeri i thjesht\u00eb. N\u00eb ndeja kur bisedoja me te fitoja p\u00ebrshtypjen e nj\u00eb njeriu t\u00eb thjesht\u00eb, t\u00eb \u00e7lir\u00ebt, t\u00eb drejtp\u00ebrdrejt\u00eb dhe n\u00eb pak minuta sikur e njihja prej koh\u00ebsh.Gjithmon\u00eb p\u00ebrs\u00ebriste se \u00ebsht\u00eb i lir\u00eb p\u00ebr t\u00eb krijuar, asnj\u00ebher\u00eb i angazhuar p\u00ebr pun\u00eb fikse, duke vazhduar pun\u00ebn e tij p\u00ebr disa t\u00eb tjer\u00eb sidomos t\u00eb rinj\u00eb. \u00c7do m\u00ebngjes kam pasur fatin t\u00eb jem p\u00ebrball me te, vazhdoja biseda t\u00eb sinqerta p\u00ebr jet\u00ebn n\u00eb p\u00ebrgjith\u00ebsi, p\u00ebr artin e kultur\u00ebn n\u00eb ve\u00e7anti, por at\u00eb dit\u00eb t\u00eb 23 shtatorit, m\u00ebngjesi na shtangu t\u00eb gjith\u00ebve n\u00eb kolektvin ton\u00eb me lajmin se Fiqoja ka vdekur.<br \/>\nFiqoja q\u00eb un\u00eb njoha ishte nj\u00eb lider i lindur i k\u00ebtij qyteti p\u00ebr muzik\u00eb, nj\u00eb njeri q\u00eb dinte t\u00eb ishte vet\u00ebm i pari edhe kur duhej t\u00eb prezentonte krijimtarin\u00eb popullore ulqinake n\u00eb shum\u00eb festivale n\u00eb t\u00eb gjitha trojet shqiptare edhe kur organizonte festivale p\u00ebr f\u00ebmij\u00eb n\u00eb qytetin e lindjes. Ishte njeri i dashur me pun\u00ebn, i dashur me at\u00eb q\u00eb krijonte. K\u00ebshtu edhe bashk\u00ebpun\u00ebtor\u00ebt e tij i b\u00ebnte t\u00eb dashuronin krijes\u00ebn e tyre.Ishte nj\u00eb shpirt krenar, nj\u00eb vrapues i pandalur.<br \/>\nTani sa m\u00eb shum\u00eb koh\u00eb kalon aq m\u00eb shum\u00eb ndihet mungesa e Fiqos. Gjith\u00eb sa e njoh\u00ebm ndijm\u00eb se iku qet\u00ebsia, kuraja p\u00ebr t\u2019u p\u00ebrballur me sfidat e jet\u00ebs duke ngjallur optimiz\u00ebm me pun\u00eb e vet\u00ebm me pun\u00eb e korrekt\u00ebsi, por q\u00eb vdekja e papritur mposhti dhe i preu t\u00eb gjitha planet.E pangushllueshme ikja e tij, pa pritur dhe pa kujtuar, para kohe. Iku dhe la nj\u00eb boshll\u00ebk t\u00eb pambushur p\u00ebr familjen, shok\u00ebt q\u00eb i k\u00ebrkonin ndonj\u00eb mendim p\u00ebr pun\u00ebn e pambaruar. Emri i tij \u00ebsht\u00eb atje ku jan\u00eb nx\u00ebn\u00ebsit m\u00eb t\u00eb mir\u00eb t\u00eb muzik\u00ebs. Nj\u00eb jet\u00eb jetoi n\u00eb mes nx\u00ebn\u00ebsve t\u00eb tij ulqinak q\u00eb e donin aq shum\u00eb, m\u00eb i p\u00ebrkushtuari n\u00eb gjetjen e k\u00ebng\u00ebve dhe teksteve t\u00eb muzik\u00ebs popullore si dhe t\u00eb asaj p\u00ebr f\u00ebmij\u00eb.<br \/>\nDometh\u00ebn\u00ebs vler\u00ebsimi i vonuar por i meritur i pun\u00ebs s\u00eb tij disavje\u00e7are n\u00eb arsim e Radio Ulqin. Tani q\u00eb s\u2019e kemi m\u00eb Fiqon, meditojm\u00eb me krijimet e tij muzikore, me mendimet e \u00e7muara q\u00eb aq shum\u00eb u lodh\u00eb p\u00ebr t\u2019i nxjerr\u00eb n\u00eb drit\u00eb. Ai iku e prishi pun\u00eb, me pun\u00ebn e tij p\u00ebrfundoi librin -Val\u00ebt e Ulqinit, dhe nj\u00eb tjet\u00ebr e la n\u00eb kompjuter. Ndaj, ndarja fizike e Fiqos nuk e zbeh \u00ebndrr\u00ebn e tij. Derisa \u00ebndrra e tij \u00ebsht\u00eb gjall\u00eb, gjall\u00eb \u00ebsht\u00eb edhe Fiqoja.A mund t\u00eb p\u00ebrcillet n\u00eb pakthim pa nj\u00eb therje n\u00eb zem\u00ebr nj\u00eb mik i till\u00eb.<\/p>\n<p><strong>Shaban Peraj<br \/>\nKoha Javore<\/strong><\/p>\n<!--YouTube Error: bad URL entered-->\n","protected":false},"excerpt":{"rendered":"<p>Vler\u00ebsimi i vonuar Tani q\u00eb s\u2019e kemi m\u00eb Fiqon, meditojm\u00eb me krijimet e tij muzikore, me mendimet e \u00e7muara q\u00eb aq shum\u00eb u lodh\u00eb p\u00ebr t\u2019i nxjerr\u00eb n\u00eb drit\u00eb. Ai iku e prishi pun\u00eb, me pun\u00ebn e tij p\u00ebrfundoi librin -Val\u00ebt e Ulqinit, dhe nj\u00eb tjet\u00ebr e la n\u00eb kompjuter. Ndaj, ndarja fizike e Fiqos [&hellip;]<\/p>\n","protected":false},"author":1,"featured_media":0,"comment_status":"open","ping_status":"closed","sticky":false,"template":"","format":"standard","meta":{"spay_email":"","jetpack_publicize_message":"","jetpack_is_tweetstorm":false,"jetpack_publicize_feature_enabled":true},"categories":[1],"tags":[12551,4611,12557,12552,12553,125,12554,12556,12555,200],"jetpack_publicize_connections":[],"yoast_head":"<!-- This site is optimized with the Yoast SEO plugin v19.1 - https:\/\/yoast.com\/wordpress\/plugins\/seo\/ -->\n<title>Nj\u00ebvjetori i vdekjes s\u00eb Fiqri Hasanag\u00ebs - Lajme nga Ulqini<\/title>\n<meta name=\"description\" content=\"Vler\u00ebsimi i vonuar Tani q\u00eb s\u2019e kemi m\u00eb Fiqon, meditojm\u00eb me krijimet e tij muzikore, me mendimet e \u00e7muara q\u00eb aq shum\u00eb u lodh\u00eb p\u00ebr t\u2019i nxjerr\u00eb n\u00eb drit\u00eb. Ai\" \/>\n<meta name=\"robots\" content=\"index, follow, max-snippet:-1, max-image-preview:large, max-video-preview:-1\" \/>\n<link rel=\"canonical\" href=\"https:\/\/www.visit-ulcinj.com\/blog\/2009\/09\/28\/njevjetori-i-vdekjes-se-fiqri-hasanages\/\" \/>\n<meta property=\"og:locale\" content=\"en_US\" \/>\n<meta property=\"og:type\" content=\"article\" \/>\n<meta property=\"og:title\" content=\"Nj\u00ebvjetori i vdekjes s\u00eb Fiqri Hasanag\u00ebs - Lajme nga Ulqini\" \/>\n<meta property=\"og:description\" content=\"Vler\u00ebsimi i vonuar Tani q\u00eb s\u2019e kemi m\u00eb Fiqon, meditojm\u00eb me krijimet e tij muzikore, me mendimet e \u00e7muara q\u00eb aq shum\u00eb u lodh\u00eb p\u00ebr t\u2019i nxjerr\u00eb n\u00eb drit\u00eb. Ai\" \/>\n<meta property=\"og:url\" content=\"https:\/\/www.visit-ulcinj.com\/blog\/2009\/09\/28\/njevjetori-i-vdekjes-se-fiqri-hasanages\/\" \/>\n<meta property=\"og:site_name\" content=\"Lajme nga Ulqini\" \/>\n<meta property=\"article:published_time\" content=\"2009-09-28T18:35:34+00:00\" \/>\n<meta property=\"og:image\" content=\"http:\/\/www.visit-ulcinj.com\/blog\/wp-content\/uploads\/2009\/09\/Fiqri-Fiqo-Hasanaga.jpg_0.JPG\" \/>\n<meta name=\"twitter:label1\" content=\"Written by\" \/>\n\t<meta name=\"twitter:data1\" content=\"ulqini\" \/>\n\t<meta name=\"twitter:label2\" content=\"Est. reading time\" \/>\n\t<meta name=\"twitter:data2\" content=\"5 minutes\" \/>\n<script type=\"application\/ld+json\" class=\"yoast-schema-graph\">{\"@context\":\"https:\/\/schema.org\",\"@graph\":[{\"@type\":\"WebSite\",\"@id\":\"https:\/\/www.visit-ulcinj.com\/blog\/#website\",\"url\":\"https:\/\/www.visit-ulcinj.com\/blog\/\",\"name\":\"Lajme nga Ulqini\",\"description\":\"Lajme,Vijesti,Ulqini,Ulqin,Crna Gora,Mali i Zi\",\"potentialAction\":[{\"@type\":\"SearchAction\",\"target\":{\"@type\":\"EntryPoint\",\"urlTemplate\":\"https:\/\/www.visit-ulcinj.com\/blog\/?s={search_term_string}\"},\"query-input\":\"required name=search_term_string\"}],\"inLanguage\":\"en-US\"},{\"@type\":\"ImageObject\",\"inLanguage\":\"en-US\",\"@id\":\"https:\/\/www.visit-ulcinj.com\/blog\/2009\/09\/28\/njevjetori-i-vdekjes-se-fiqri-hasanages\/#primaryimage\",\"url\":\"https:\/\/www.visit-ulcinj.com\/blog\/wp-content\/uploads\/2009\/09\/Fiqri-Fiqo-Hasanaga.jpg_0.JPG\",\"contentUrl\":\"https:\/\/www.visit-ulcinj.com\/blog\/wp-content\/uploads\/2009\/09\/Fiqri-Fiqo-Hasanaga.jpg_0.JPG\",\"width\":\"1024\",\"height\":\"731\"},{\"@type\":\"WebPage\",\"@id\":\"https:\/\/www.visit-ulcinj.com\/blog\/2009\/09\/28\/njevjetori-i-vdekjes-se-fiqri-hasanages\/#webpage\",\"url\":\"https:\/\/www.visit-ulcinj.com\/blog\/2009\/09\/28\/njevjetori-i-vdekjes-se-fiqri-hasanages\/\",\"name\":\"Nj\u00ebvjetori i vdekjes s\u00eb Fiqri Hasanag\u00ebs - Lajme nga Ulqini\",\"isPartOf\":{\"@id\":\"https:\/\/www.visit-ulcinj.com\/blog\/#website\"},\"primaryImageOfPage\":{\"@id\":\"https:\/\/www.visit-ulcinj.com\/blog\/2009\/09\/28\/njevjetori-i-vdekjes-se-fiqri-hasanages\/#primaryimage\"},\"datePublished\":\"2009-09-28T18:35:34+00:00\",\"dateModified\":\"2009-09-28T18:35:34+00:00\",\"author\":{\"@id\":\"https:\/\/www.visit-ulcinj.com\/blog\/#\/schema\/person\/dcab619c614d3038751c63bc2aadc06d\"},\"description\":\"Vler\u00ebsimi i vonuar Tani q\u00eb s\u2019e kemi m\u00eb Fiqon, meditojm\u00eb me krijimet e tij muzikore, me mendimet e \u00e7muara q\u00eb aq shum\u00eb u lodh\u00eb p\u00ebr t\u2019i nxjerr\u00eb n\u00eb drit\u00eb. Ai\",\"breadcrumb\":{\"@id\":\"https:\/\/www.visit-ulcinj.com\/blog\/2009\/09\/28\/njevjetori-i-vdekjes-se-fiqri-hasanages\/#breadcrumb\"},\"inLanguage\":\"en-US\",\"potentialAction\":[{\"@type\":\"ReadAction\",\"target\":[\"https:\/\/www.visit-ulcinj.com\/blog\/2009\/09\/28\/njevjetori-i-vdekjes-se-fiqri-hasanages\/\"]}]},{\"@type\":\"BreadcrumbList\",\"@id\":\"https:\/\/www.visit-ulcinj.com\/blog\/2009\/09\/28\/njevjetori-i-vdekjes-se-fiqri-hasanages\/#breadcrumb\",\"itemListElement\":[{\"@type\":\"ListItem\",\"position\":1,\"name\":\"Nj\u00ebvjetori i vdekjes s\u00eb Fiqri Hasanag\u00ebs\"}]},{\"@type\":\"Person\",\"@id\":\"https:\/\/www.visit-ulcinj.com\/blog\/#\/schema\/person\/dcab619c614d3038751c63bc2aadc06d\",\"name\":\"ulqini\",\"sameAs\":[\"http:\/\/www.visit-ulcinj.com\"],\"url\":\"https:\/\/www.visit-ulcinj.com\/blog\/author\/admin\/\"}]}<\/script>\n<!-- \/ Yoast SEO plugin. -->","yoast_head_json":{"title":"Nj\u00ebvjetori i vdekjes s\u00eb Fiqri Hasanag\u00ebs - Lajme nga Ulqini","description":"Vler\u00ebsimi i vonuar Tani q\u00eb s\u2019e kemi m\u00eb Fiqon, meditojm\u00eb me krijimet e tij muzikore, me mendimet e \u00e7muara q\u00eb aq shum\u00eb u lodh\u00eb p\u00ebr t\u2019i nxjerr\u00eb n\u00eb drit\u00eb. Ai","robots":{"index":"index","follow":"follow","max-snippet":"max-snippet:-1","max-image-preview":"max-image-preview:large","max-video-preview":"max-video-preview:-1"},"canonical":"https:\/\/www.visit-ulcinj.com\/blog\/2009\/09\/28\/njevjetori-i-vdekjes-se-fiqri-hasanages\/","og_locale":"en_US","og_type":"article","og_title":"Nj\u00ebvjetori i vdekjes s\u00eb Fiqri Hasanag\u00ebs - Lajme nga Ulqini","og_description":"Vler\u00ebsimi i vonuar Tani q\u00eb s\u2019e kemi m\u00eb Fiqon, meditojm\u00eb me krijimet e tij muzikore, me mendimet e \u00e7muara q\u00eb aq shum\u00eb u lodh\u00eb p\u00ebr t\u2019i nxjerr\u00eb n\u00eb drit\u00eb. Ai","og_url":"https:\/\/www.visit-ulcinj.com\/blog\/2009\/09\/28\/njevjetori-i-vdekjes-se-fiqri-hasanages\/","og_site_name":"Lajme nga Ulqini","article_published_time":"2009-09-28T18:35:34+00:00","og_image":[{"url":"http:\/\/www.visit-ulcinj.com\/blog\/wp-content\/uploads\/2009\/09\/Fiqri-Fiqo-Hasanaga.jpg_0.JPG"}],"twitter_misc":{"Written by":"ulqini","Est. reading time":"5 minutes"},"schema":{"@context":"https:\/\/schema.org","@graph":[{"@type":"WebSite","@id":"https:\/\/www.visit-ulcinj.com\/blog\/#website","url":"https:\/\/www.visit-ulcinj.com\/blog\/","name":"Lajme nga Ulqini","description":"Lajme,Vijesti,Ulqini,Ulqin,Crna Gora,Mali i Zi","potentialAction":[{"@type":"SearchAction","target":{"@type":"EntryPoint","urlTemplate":"https:\/\/www.visit-ulcinj.com\/blog\/?s={search_term_string}"},"query-input":"required name=search_term_string"}],"inLanguage":"en-US"},{"@type":"ImageObject","inLanguage":"en-US","@id":"https:\/\/www.visit-ulcinj.com\/blog\/2009\/09\/28\/njevjetori-i-vdekjes-se-fiqri-hasanages\/#primaryimage","url":"https:\/\/www.visit-ulcinj.com\/blog\/wp-content\/uploads\/2009\/09\/Fiqri-Fiqo-Hasanaga.jpg_0.JPG","contentUrl":"https:\/\/www.visit-ulcinj.com\/blog\/wp-content\/uploads\/2009\/09\/Fiqri-Fiqo-Hasanaga.jpg_0.JPG","width":"1024","height":"731"},{"@type":"WebPage","@id":"https:\/\/www.visit-ulcinj.com\/blog\/2009\/09\/28\/njevjetori-i-vdekjes-se-fiqri-hasanages\/#webpage","url":"https:\/\/www.visit-ulcinj.com\/blog\/2009\/09\/28\/njevjetori-i-vdekjes-se-fiqri-hasanages\/","name":"Nj\u00ebvjetori i vdekjes s\u00eb Fiqri Hasanag\u00ebs - Lajme nga Ulqini","isPartOf":{"@id":"https:\/\/www.visit-ulcinj.com\/blog\/#website"},"primaryImageOfPage":{"@id":"https:\/\/www.visit-ulcinj.com\/blog\/2009\/09\/28\/njevjetori-i-vdekjes-se-fiqri-hasanages\/#primaryimage"},"datePublished":"2009-09-28T18:35:34+00:00","dateModified":"2009-09-28T18:35:34+00:00","author":{"@id":"https:\/\/www.visit-ulcinj.com\/blog\/#\/schema\/person\/dcab619c614d3038751c63bc2aadc06d"},"description":"Vler\u00ebsimi i vonuar Tani q\u00eb s\u2019e kemi m\u00eb Fiqon, meditojm\u00eb me krijimet e tij muzikore, me mendimet e \u00e7muara q\u00eb aq shum\u00eb u lodh\u00eb p\u00ebr t\u2019i nxjerr\u00eb n\u00eb drit\u00eb. Ai","breadcrumb":{"@id":"https:\/\/www.visit-ulcinj.com\/blog\/2009\/09\/28\/njevjetori-i-vdekjes-se-fiqri-hasanages\/#breadcrumb"},"inLanguage":"en-US","potentialAction":[{"@type":"ReadAction","target":["https:\/\/www.visit-ulcinj.com\/blog\/2009\/09\/28\/njevjetori-i-vdekjes-se-fiqri-hasanages\/"]}]},{"@type":"BreadcrumbList","@id":"https:\/\/www.visit-ulcinj.com\/blog\/2009\/09\/28\/njevjetori-i-vdekjes-se-fiqri-hasanages\/#breadcrumb","itemListElement":[{"@type":"ListItem","position":1,"name":"Nj\u00ebvjetori i vdekjes s\u00eb Fiqri Hasanag\u00ebs"}]},{"@type":"Person","@id":"https:\/\/www.visit-ulcinj.com\/blog\/#\/schema\/person\/dcab619c614d3038751c63bc2aadc06d","name":"ulqini","sameAs":["http:\/\/www.visit-ulcinj.com"],"url":"https:\/\/www.visit-ulcinj.com\/blog\/author\/admin\/"}]}},"jetpack_featured_media_url":"","jetpack_sharing_enabled":true,"jetpack_shortlink":"https:\/\/wp.me\/pe6lTn-6Kd","_links":{"self":[{"href":"https:\/\/www.visit-ulcinj.com\/blog\/wp-json\/wp\/v2\/posts\/25929"}],"collection":[{"href":"https:\/\/www.visit-ulcinj.com\/blog\/wp-json\/wp\/v2\/posts"}],"about":[{"href":"https:\/\/www.visit-ulcinj.com\/blog\/wp-json\/wp\/v2\/types\/post"}],"author":[{"embeddable":true,"href":"https:\/\/www.visit-ulcinj.com\/blog\/wp-json\/wp\/v2\/users\/1"}],"replies":[{"embeddable":true,"href":"https:\/\/www.visit-ulcinj.com\/blog\/wp-json\/wp\/v2\/comments?post=25929"}],"version-history":[{"count":0,"href":"https:\/\/www.visit-ulcinj.com\/blog\/wp-json\/wp\/v2\/posts\/25929\/revisions"}],"wp:attachment":[{"href":"https:\/\/www.visit-ulcinj.com\/blog\/wp-json\/wp\/v2\/media?parent=25929"}],"wp:term":[{"taxonomy":"category","embeddable":true,"href":"https:\/\/www.visit-ulcinj.com\/blog\/wp-json\/wp\/v2\/categories?post=25929"},{"taxonomy":"post_tag","embeddable":true,"href":"https:\/\/www.visit-ulcinj.com\/blog\/wp-json\/wp\/v2\/tags?post=25929"}],"curies":[{"name":"wp","href":"https:\/\/api.w.org\/{rel}","templated":true}]}}