{"id":25944,"date":"2009-09-29T19:50:28","date_gmt":"2009-09-29T17:50:28","guid":{"rendered":"http:\/\/www.visit-ulcinj.com\/blog\/?p=25944"},"modified":"2009-10-01T07:08:47","modified_gmt":"2009-10-01T05:08:47","slug":"luksic-slab-na-ulcinjane","status":"publish","type":"post","link":"https:\/\/www.visit-ulcinj.com\/blog\/2009\/09\/29\/luksic-slab-na-ulcinjane\/","title":{"rendered":"Luk\u0161i? slab na Ulcinjane"},"content":{"rendered":"<p><strong><a href=\"http:\/\/www.visit-ulcinj.com\/blog\/wp-content\/uploads\/2009\/09\/igor-Luk\u0161i?_Fatmir-?eka.jpg\"><img loading=\"lazy\" class=\"alignleft size-full wp-image-25945\" title=\"igor Luk\u0161i?_Fatmir ?eka\" src=\"http:\/\/www.visit-ulcinj.com\/blog\/wp-content\/uploads\/2009\/09\/igor-Luk\u0161i?_Fatmir-?eka.jpg\" alt=\"igor Luk\u0161i?_Fatmir ?eka\" width=\"580\" height=\"344\" \/><\/a>Ministarstvu finansija nedovoljna dva mjeseca da utvrdi zakonitost naplate boravi\u0161nih taksi<\/strong><br \/>\nMinistarstvo finansija ni nakon dva mjeseca nije utvrdilo da li se naplata boravi\u0161ne takse u Ulcinju sprovodi u skladu sa zakonom. U toj op\u0161tini pau\u0161alno napla?uju boravi\u0161nu taksu, \u0161to zna?i da izdavaoci privatnog smje\u0161taja pla?aju tu da\u017ebinu unaprijed, iako nijesu sigurni ho?e li njihov objekat biti pun. S druge strane, izdavaoci mogu i platiti manje nego \u0161to bi trebalo, jer postoji mogu?nost da u njihovim objektima boravi vi\u0161e gostiju u odnosu na unaprijed pla?enu taksu.<br \/>\nIz Ministarstva finansija, koje je nadle\u017eno za nadzor primjene Zakona o boravi\u0161noj taksi, 28. avgusta su saop\u0161tili da su uputili op\u0161tini Ulcinj pismo o dostavljanju informacije o naplati boravi\u0161ne takse na teritoriji tog grada.<br \/>\nIz Ministarstva su tada kazali da ?e nakon dobijanja informacije i uvida u dokumentaciju o naplati boravi\u0161ne takse &#8220;biti u mogu?nosti da utvrde&#8221; da li je op\u0161tina Ulcinj prekr\u0161ila Zakon.<br \/>\nTo je bio i posljednji odgovor Ministarstva, iako je agencija Mina biznis ove sedmice ponovo tra\u017eila odgovore na tu temu.<br \/>\nTaj Vladin resor je ranije tvrdio da zasad nije uo?ilo nepravilnosti u primjeni tog propisa. Takav stav Ministarstva finansija suprotan je tuma?enjima Vladinog resora za turizam, u kojem tvrde da Zakon o boravi\u0161noj taksi ne predvi?a mogu?nost pau\u0161alnog napla?ivanja.<br \/>\nMalo je vjerovatno da ?e se neko \u017ealiti na takav na?in naplate, jer se otvara mogu?nost da vlasnik privatnog smje\u0161taja pau\u0161alno plati manje takse od one koju bi platio na osnovu broja gostiju.<br \/>\nSekretar Sekretarijata za finansije i bud\u017eet u op\u0161tini Ulcinj Fatmir ?eka kazao je po?etkom avgusta da se lokalna uprava za pau\u0161alnu naplatu boravi\u0161ne takse odlu?ila na osnovu ?lana zakona i dodao da se taj metod napla?ivanja pokazao kao veoma efikasan.<br \/>\nU ?lanu zakona na koji se ?eka poziva pi\u0161e da je boravi\u0161na taksa pau\u0161alni nov?ani iznos koji pla?a osoba kad izvan svog prebivali\u0161ta koristi usluge smje\u0161taja u objektu u kojem se obavlja turisti?ka ili ugostiteljska djelatnost. U tom ?lanu nigdje nije navedena obaveza za izdavaoce privatnog smje\u0161taja.<br \/>\nOp\u0161tine Bar i Budva boravi\u0161nu taksu ne napla?uju pau\u0161alno, jer takva mogu?nost, kako su kazali njihovi predstavnici, nije predvi?ena propisima.<br \/>\nUlcinj, koji je prepoznat kao grad sa zna?ajnim potencijalima, jo\u0161 nema lokalnu turisti?ku organizaciju, zbog ?ega je nejasno kako se tro\u0161i novac od boravi\u0161ne takse. Zakonom je predvi?eno da dio prihoda od takse bude upla?en lokalnoj i Nacionalnoj turisti?koj organizaciji.<br \/>\n<a href=\"http:\/\/www.dan.co.me\/?nivo=3&amp;rubrika=Ekonomija&amp;clanak=202533&amp;datum=2009-09-28\"><strong>DAN<\/strong><\/a><br \/>\n<strong>(Mina biznis)<\/strong><\/p>\n<p><strong><!--YouTube Error: bad URL entered--><br \/>\n<\/strong><\/p>\n","protected":false},"excerpt":{"rendered":"<p>Ministarstvu finansija nedovoljna dva mjeseca da utvrdi zakonitost naplate boravi\u0161nih taksi Ministarstvo finansija ni nakon dva mjeseca nije utvrdilo da li se naplata boravi\u0161ne takse u Ulcinju sprovodi u skladu sa zakonom. U toj op\u0161tini pau\u0161alno napla?uju boravi\u0161nu taksu, \u0161to zna?i da izdavaoci privatnog smje\u0161taja pla?aju tu da\u017ebinu unaprijed, iako nijesu sigurni ho?e li njihov [&hellip;]<\/p>\n","protected":false},"author":1,"featured_media":0,"comment_status":"open","ping_status":"closed","sticky":false,"template":"","format":"standard","meta":{"spay_email":"","jetpack_publicize_message":"","jetpack_is_tweetstorm":false,"jetpack_publicize_feature_enabled":true},"categories":[10],"tags":[12561,147,12563,264,12562],"jetpack_publicize_connections":[],"yoast_head":"<!-- This site is optimized with the Yoast SEO plugin v19.1 - https:\/\/yoast.com\/wordpress\/plugins\/seo\/ -->\n<title>Luk\u0161i? slab na Ulcinjane - Lajme nga Ulqini<\/title>\n<meta name=\"description\" content=\"Ministarstvu finansija nedovoljna dva mjeseca da utvrdi zakonitost naplate boravi\u0161nih taksi Ministarstvo finansija ni nakon dva mjeseca nije utvrdilo da\" \/>\n<meta name=\"robots\" content=\"index, follow, max-snippet:-1, max-image-preview:large, max-video-preview:-1\" \/>\n<link rel=\"canonical\" href=\"https:\/\/www.visit-ulcinj.com\/blog\/2009\/09\/29\/luksic-slab-na-ulcinjane\/\" \/>\n<meta property=\"og:locale\" content=\"en_US\" \/>\n<meta property=\"og:type\" content=\"article\" \/>\n<meta property=\"og:title\" content=\"Luk\u0161i? slab na Ulcinjane - Lajme nga Ulqini\" \/>\n<meta property=\"og:description\" content=\"Ministarstvu finansija nedovoljna dva mjeseca da utvrdi zakonitost naplate boravi\u0161nih taksi Ministarstvo finansija ni nakon dva mjeseca nije utvrdilo da\" \/>\n<meta property=\"og:url\" content=\"https:\/\/www.visit-ulcinj.com\/blog\/2009\/09\/29\/luksic-slab-na-ulcinjane\/\" \/>\n<meta property=\"og:site_name\" content=\"Lajme nga Ulqini\" \/>\n<meta property=\"article:published_time\" content=\"2009-09-29T17:50:28+00:00\" \/>\n<meta property=\"article:modified_time\" content=\"2009-10-01T05:08:47+00:00\" \/>\n<meta name=\"twitter:label1\" content=\"Written by\" \/>\n\t<meta name=\"twitter:data1\" content=\"ulqini\" \/>\n\t<meta name=\"twitter:label2\" content=\"Est. reading time\" \/>\n\t<meta name=\"twitter:data2\" content=\"2 minutes\" \/>\n<script type=\"application\/ld+json\" class=\"yoast-schema-graph\">{\"@context\":\"https:\/\/schema.org\",\"@graph\":[{\"@type\":\"WebSite\",\"@id\":\"https:\/\/www.visit-ulcinj.com\/blog\/#website\",\"url\":\"https:\/\/www.visit-ulcinj.com\/blog\/\",\"name\":\"Lajme nga Ulqini\",\"description\":\"Lajme,Vijesti,Ulqini,Ulqin,Crna Gora,Mali i Zi\",\"potentialAction\":[{\"@type\":\"SearchAction\",\"target\":{\"@type\":\"EntryPoint\",\"urlTemplate\":\"https:\/\/www.visit-ulcinj.com\/blog\/?s={search_term_string}\"},\"query-input\":\"required name=search_term_string\"}],\"inLanguage\":\"en-US\"},{\"@type\":\"WebPage\",\"@id\":\"https:\/\/www.visit-ulcinj.com\/blog\/2009\/09\/29\/luksic-slab-na-ulcinjane\/#webpage\",\"url\":\"https:\/\/www.visit-ulcinj.com\/blog\/2009\/09\/29\/luksic-slab-na-ulcinjane\/\",\"name\":\"Luk\u0161i? slab na Ulcinjane - Lajme nga Ulqini\",\"isPartOf\":{\"@id\":\"https:\/\/www.visit-ulcinj.com\/blog\/#website\"},\"datePublished\":\"2009-09-29T17:50:28+00:00\",\"dateModified\":\"2009-10-01T05:08:47+00:00\",\"author\":{\"@id\":\"https:\/\/www.visit-ulcinj.com\/blog\/#\/schema\/person\/dcab619c614d3038751c63bc2aadc06d\"},\"description\":\"Ministarstvu finansija nedovoljna dva mjeseca da utvrdi zakonitost naplate boravi\u0161nih taksi Ministarstvo finansija ni nakon dva mjeseca nije utvrdilo da\",\"breadcrumb\":{\"@id\":\"https:\/\/www.visit-ulcinj.com\/blog\/2009\/09\/29\/luksic-slab-na-ulcinjane\/#breadcrumb\"},\"inLanguage\":\"en-US\",\"potentialAction\":[{\"@type\":\"ReadAction\",\"target\":[\"https:\/\/www.visit-ulcinj.com\/blog\/2009\/09\/29\/luksic-slab-na-ulcinjane\/\"]}]},{\"@type\":\"BreadcrumbList\",\"@id\":\"https:\/\/www.visit-ulcinj.com\/blog\/2009\/09\/29\/luksic-slab-na-ulcinjane\/#breadcrumb\",\"itemListElement\":[{\"@type\":\"ListItem\",\"position\":1,\"name\":\"Luk\u0161i? slab na Ulcinjane\"}]},{\"@type\":\"Person\",\"@id\":\"https:\/\/www.visit-ulcinj.com\/blog\/#\/schema\/person\/dcab619c614d3038751c63bc2aadc06d\",\"name\":\"ulqini\",\"sameAs\":[\"http:\/\/www.visit-ulcinj.com\"],\"url\":\"https:\/\/www.visit-ulcinj.com\/blog\/author\/admin\/\"}]}<\/script>\n<!-- \/ Yoast SEO plugin. -->","yoast_head_json":{"title":"Luk\u0161i? slab na Ulcinjane - Lajme nga Ulqini","description":"Ministarstvu finansija nedovoljna dva mjeseca da utvrdi zakonitost naplate boravi\u0161nih taksi Ministarstvo finansija ni nakon dva mjeseca nije utvrdilo da","robots":{"index":"index","follow":"follow","max-snippet":"max-snippet:-1","max-image-preview":"max-image-preview:large","max-video-preview":"max-video-preview:-1"},"canonical":"https:\/\/www.visit-ulcinj.com\/blog\/2009\/09\/29\/luksic-slab-na-ulcinjane\/","og_locale":"en_US","og_type":"article","og_title":"Luk\u0161i? slab na Ulcinjane - Lajme nga Ulqini","og_description":"Ministarstvu finansija nedovoljna dva mjeseca da utvrdi zakonitost naplate boravi\u0161nih taksi Ministarstvo finansija ni nakon dva mjeseca nije utvrdilo da","og_url":"https:\/\/www.visit-ulcinj.com\/blog\/2009\/09\/29\/luksic-slab-na-ulcinjane\/","og_site_name":"Lajme nga Ulqini","article_published_time":"2009-09-29T17:50:28+00:00","article_modified_time":"2009-10-01T05:08:47+00:00","twitter_misc":{"Written by":"ulqini","Est. reading time":"2 minutes"},"schema":{"@context":"https:\/\/schema.org","@graph":[{"@type":"WebSite","@id":"https:\/\/www.visit-ulcinj.com\/blog\/#website","url":"https:\/\/www.visit-ulcinj.com\/blog\/","name":"Lajme nga Ulqini","description":"Lajme,Vijesti,Ulqini,Ulqin,Crna Gora,Mali i Zi","potentialAction":[{"@type":"SearchAction","target":{"@type":"EntryPoint","urlTemplate":"https:\/\/www.visit-ulcinj.com\/blog\/?s={search_term_string}"},"query-input":"required name=search_term_string"}],"inLanguage":"en-US"},{"@type":"WebPage","@id":"https:\/\/www.visit-ulcinj.com\/blog\/2009\/09\/29\/luksic-slab-na-ulcinjane\/#webpage","url":"https:\/\/www.visit-ulcinj.com\/blog\/2009\/09\/29\/luksic-slab-na-ulcinjane\/","name":"Luk\u0161i? slab na Ulcinjane - Lajme nga Ulqini","isPartOf":{"@id":"https:\/\/www.visit-ulcinj.com\/blog\/#website"},"datePublished":"2009-09-29T17:50:28+00:00","dateModified":"2009-10-01T05:08:47+00:00","author":{"@id":"https:\/\/www.visit-ulcinj.com\/blog\/#\/schema\/person\/dcab619c614d3038751c63bc2aadc06d"},"description":"Ministarstvu finansija nedovoljna dva mjeseca da utvrdi zakonitost naplate boravi\u0161nih taksi Ministarstvo finansija ni nakon dva mjeseca nije utvrdilo da","breadcrumb":{"@id":"https:\/\/www.visit-ulcinj.com\/blog\/2009\/09\/29\/luksic-slab-na-ulcinjane\/#breadcrumb"},"inLanguage":"en-US","potentialAction":[{"@type":"ReadAction","target":["https:\/\/www.visit-ulcinj.com\/blog\/2009\/09\/29\/luksic-slab-na-ulcinjane\/"]}]},{"@type":"BreadcrumbList","@id":"https:\/\/www.visit-ulcinj.com\/blog\/2009\/09\/29\/luksic-slab-na-ulcinjane\/#breadcrumb","itemListElement":[{"@type":"ListItem","position":1,"name":"Luk\u0161i? slab na Ulcinjane"}]},{"@type":"Person","@id":"https:\/\/www.visit-ulcinj.com\/blog\/#\/schema\/person\/dcab619c614d3038751c63bc2aadc06d","name":"ulqini","sameAs":["http:\/\/www.visit-ulcinj.com"],"url":"https:\/\/www.visit-ulcinj.com\/blog\/author\/admin\/"}]}},"jetpack_featured_media_url":"","jetpack_sharing_enabled":true,"jetpack_shortlink":"https:\/\/wp.me\/pe6lTn-6Ks","_links":{"self":[{"href":"https:\/\/www.visit-ulcinj.com\/blog\/wp-json\/wp\/v2\/posts\/25944"}],"collection":[{"href":"https:\/\/www.visit-ulcinj.com\/blog\/wp-json\/wp\/v2\/posts"}],"about":[{"href":"https:\/\/www.visit-ulcinj.com\/blog\/wp-json\/wp\/v2\/types\/post"}],"author":[{"embeddable":true,"href":"https:\/\/www.visit-ulcinj.com\/blog\/wp-json\/wp\/v2\/users\/1"}],"replies":[{"embeddable":true,"href":"https:\/\/www.visit-ulcinj.com\/blog\/wp-json\/wp\/v2\/comments?post=25944"}],"version-history":[{"count":0,"href":"https:\/\/www.visit-ulcinj.com\/blog\/wp-json\/wp\/v2\/posts\/25944\/revisions"}],"wp:attachment":[{"href":"https:\/\/www.visit-ulcinj.com\/blog\/wp-json\/wp\/v2\/media?parent=25944"}],"wp:term":[{"taxonomy":"category","embeddable":true,"href":"https:\/\/www.visit-ulcinj.com\/blog\/wp-json\/wp\/v2\/categories?post=25944"},{"taxonomy":"post_tag","embeddable":true,"href":"https:\/\/www.visit-ulcinj.com\/blog\/wp-json\/wp\/v2\/tags?post=25944"}],"curies":[{"name":"wp","href":"https:\/\/api.w.org\/{rel}","templated":true}]}}