{"id":25949,"date":"2009-09-29T20:38:14","date_gmt":"2009-09-29T18:38:14","guid":{"rendered":"http:\/\/www.visit-ulcinj.com\/blog\/?p=25949"},"modified":"2009-09-30T22:51:53","modified_gmt":"2009-09-30T20:51:53","slug":"konference-per-shtyp-e-forca-se","status":"publish","type":"post","link":"https:\/\/www.visit-ulcinj.com\/blog\/2009\/09\/29\/konference-per-shtyp-e-forca-se\/","title":{"rendered":"Konferenc\u00eb p\u00ebr shtyp e Forc\u00ebs"},"content":{"rendered":"<p><a href=\"http:\/\/www.visit-ulcinj.com\/blog\/wp-content\/uploads\/2009\/09\/nazif-cungu.jpg\"><img loading=\"lazy\" class=\"alignleft size-full wp-image-25950\" title=\"nazif-cungu\" src=\"http:\/\/www.visit-ulcinj.com\/blog\/wp-content\/uploads\/2009\/09\/nazif-cungu.jpg\" alt=\"nazif-cungu\" width=\"580\" height=\"400\" \/><\/a><br \/>\n<strong>Dita e Turizmit<\/strong><\/p>\n<p><strong>I nderuari Minist\u00ebr i turizmit Neneziq,<\/strong><\/p>\n<p>Me rastin e dit\u00ebs bot\u00ebrore t\u00eb turizmit nuk jeni drejtuar qytetar\u00ebve t\u00eb Ulqinit q\u00eb ti tregoni se \u00e7ka \u00ebsht\u00eb duke ndodhur n\u00eb Ulqin dhe p\u00ebrse e ka merituar populli i Ulqinit k\u00ebt\u00eb denim.<\/p>\n<p>Para 20 vitesh, Z-Neneziq, pra n\u00eb vitin 1989,Ulqini ka pasur mbi 1.700.000 fjetje t\u00eb regjistruara kurse tash pas 20 vitesh 1 milion fjetje ma pak. Pjes\u00ebmarrja e Ulqinit n\u00eb qarkullimin turistik, n\u00eb nivel t\u00eb Malit t\u00eb Zi ishte rreth 19%, kurse tash q\u00eb ju jeni Minist\u00ebr, kjo pjes\u00ebmarrje asht\u00eb n\u00ebn 9%.<\/p>\n<p><strong>Sigurisht ju nuk e ndieni veten fajtor p\u00ebr k\u00ebt\u00eb r\u00ebnie drastike.<\/strong><\/p>\n<p>Hoteli \u201dJadran\u201d nuk ekziston , hoteli \u201cGaleb\u201d, simbol i turizmit t\u00eb Malit t\u00eb Zi i shkat\u00ebrruar pa asnj\u00eb shpjegim, hoteli \u201cMediteran\u201d pret planet urbanistike, hoteli \u201c Albatros\u201d \u00ebsht\u00eb duke pritur ndonj\u00eb bler\u00ebs t\u00eb majm\u00eb, hoteli \u201cOtrant\u201d i privatizuar prej taksistit rus partner strategjik, hoteli \u201cGrand Lido\u201d dhe \u201cLido bungalow\u201d presin dit\u00eb m\u00eb t\u00eb mira, \u201cRiviera e Ulqinit\u201d \u00ebsht\u00eb n\u00eb pritje t\u00eb ndonj\u00eb bler\u00ebsi strategjik.<\/p>\n<p><strong>Z- Minist\u00ebr Neneziq, si e shpjegoni se n\u00eb Ulqin jan\u00eb t\u00eb regjistruar vet\u00eb 2 hotele mbi 3 yje kurse n\u00eb Budve 86 hotele?<\/strong><\/p>\n<p>A e dini sa dhe \u00e7far\u00eb kapacitetesh turistike ka Ulqini? Ne nuk mundemi t\u00eb vijm\u00eb deri tek ato t\u00eb dh\u00ebna.<\/p>\n<p><strong>Prej vitit 2004 \u00ebsht\u00eb n\u00eb fuqi Ligji p\u00ebr Organizata Turistike.<\/strong><\/p>\n<p>Ju e dini mir\u00eb se vet\u00ebm komuna e Ulqinit nuk e ka themelua Organizat\u00ebn Turistike p\u00ebr arsye se miku i juaj, kryetari energjik dhe strategjik, akoma nuk ka vendos kush t\u00eb em\u00ebrohet p\u00ebr drejtor: p\u00ebrfaq\u00ebsuesi i UDSh-\u00ebs, SDP-es\u00eb, DPS-it apo PDP-es\u00eb.<\/p>\n<p>Sigurisht se posti i drejtorit t\u00eb Organizat\u00ebs Turistike do ti takoj\u00eb nj\u00ebrit nga ekspert\u00ebt e PDP-s\u00eb se edhe n\u00eb praks\u00eb jan\u00eb v\u00ebrtetuar n\u00eb udh\u00ebheqjen e t\u00eb gjitha nd\u00ebrmarrjeve publike.<\/p>\n<p><strong>I nderuari Minist\u00ebr Neneziq,<\/strong><\/p>\n<p>N\u00eb vend q\u00eb t\u00eb paguhet taks-banimi dhe taksa turistike n\u00eb baza ligjore,e para pla\u00e7kitet kurse e dyta nuk paguhet fare, se n\u00ebpun\u00ebsit nuk kan\u00eb koh\u00eb t\u00eb vrapojn\u00eb pas vikendashave kurse banor\u00ebt e Ulqinit jan\u00eb t\u00eb but dhe nuk kan\u00eb ku p\u00ebr t\u00eb shkuar. Ato taksa paguhen n\u00eb m\u00ebnyr\u00eb selektive.<\/p>\n<p>Planet strategjike zhvillimore sigurisht do t\u00eb realizohen n\u00eb periudh\u00ebn e ardh\u00ebshme pasi q\u00eb ky mandat asht\u00eb shum\u00eb i shkurt\u00ebr dhe zot\u00ebrit nuk kan\u00eb patur koh\u00eb as p\u00ebr t\u00eb b\u00ebr\u00eb evidenc\u00ebn e pron\u00ebs e jo t\u00eb fillojn\u00eb realizimin e projekteve.<\/p>\n<p>Revizioni shtet\u00ebror\u00eb para shum\u00eb koh\u00ebsh ia ka dor\u00ebzuar Raportin p\u00ebr gjendjen n\u00eb Komun\u00ebn e Ulqinit agjencis\u00eb p\u00ebr korupcion dhe krim t\u00eb organizuar. \u00c7ka duket inspektori ka b\u00ebr\u00eb gabim n\u00eb raport ose ka gabuar adres\u00ebn.<\/p>\n<p>Z-Minist\u00ebr Neneziq, ndoshta pas k\u00ebsaj letre t\u00eb hapur do t\u00eb merrni masa p\u00ebr t\u00eb b\u00ebr\u00eb di\u00e7ka, se viti i ardhsh\u00ebm \u00ebsht\u00eb viti i zgjedhjeve lokale dhe k\u00ebtij popull duhet tregohen arsyet e k\u00ebsaj gjendje, apo do ta ndizni motorin, si zakonisht, 2 muaj para zgjedhjeve se ashtu i keni efektet m\u00eb t\u00eb mira.<\/p>\n<p><strong>Shpresojm\u00eb q\u00eb edhe Ulqini nj\u00eb dit\u00eb do t\u00eb festoi dit\u00ebn bot\u00ebrore t\u00eb turizmit.<\/strong><\/p>\n<p><strong>Ju faleminderit<\/strong><\/p>\n<p><strong>Nazif Cungu<\/strong><\/p>\n<p><strong><!--YouTube Error: bad URL entered--><br \/>\n<\/strong><\/p>\n","protected":false},"excerpt":{"rendered":"<p>Dita e Turizmit I nderuari Minist\u00ebr i turizmit Neneziq, Me rastin e dit\u00ebs bot\u00ebrore t\u00eb turizmit nuk jeni drejtuar qytetar\u00ebve t\u00eb Ulqinit q\u00eb ti tregoni se \u00e7ka \u00ebsht\u00eb duke ndodhur n\u00eb Ulqin dhe p\u00ebrse e ka merituar populli i Ulqinit k\u00ebt\u00eb denim. Para 20 vitesh, Z-Neneziq, pra n\u00eb vitin 1989,Ulqini ka pasur mbi 1.700.000 fjetje [&hellip;]<\/p>\n","protected":false},"author":1,"featured_media":0,"comment_status":"open","ping_status":"closed","sticky":false,"template":"","format":"standard","meta":{"spay_email":"","jetpack_publicize_message":"","jetpack_is_tweetstorm":false,"jetpack_publicize_feature_enabled":true},"categories":[6],"tags":[672,723,118],"jetpack_publicize_connections":[],"yoast_head":"<!-- This site is optimized with the Yoast SEO plugin v19.1 - https:\/\/yoast.com\/wordpress\/plugins\/seo\/ -->\n<title>Konferenc\u00eb p\u00ebr shtyp e Forc\u00ebs - Lajme nga Ulqini<\/title>\n<meta name=\"description\" content=\"Dita e Turizmit I nderuari Minist\u00ebr i turizmit Neneziq, Me rastin e dit\u00ebs bot\u00ebrore t\u00eb turizmit nuk jeni drejtuar qytetar\u00ebve t\u00eb Ulqinit q\u00eb ti tregoni se\" \/>\n<meta name=\"robots\" content=\"index, follow, max-snippet:-1, max-image-preview:large, max-video-preview:-1\" \/>\n<link rel=\"canonical\" href=\"https:\/\/www.visit-ulcinj.com\/blog\/2009\/09\/29\/konference-per-shtyp-e-forca-se\/\" \/>\n<meta property=\"og:locale\" content=\"en_US\" \/>\n<meta property=\"og:type\" content=\"article\" \/>\n<meta property=\"og:title\" content=\"Konferenc\u00eb p\u00ebr shtyp e Forc\u00ebs - Lajme nga Ulqini\" \/>\n<meta property=\"og:description\" content=\"Dita e Turizmit I nderuari Minist\u00ebr i turizmit Neneziq, Me rastin e dit\u00ebs bot\u00ebrore t\u00eb turizmit nuk jeni drejtuar qytetar\u00ebve t\u00eb Ulqinit q\u00eb ti tregoni se\" \/>\n<meta property=\"og:url\" content=\"https:\/\/www.visit-ulcinj.com\/blog\/2009\/09\/29\/konference-per-shtyp-e-forca-se\/\" \/>\n<meta property=\"og:site_name\" content=\"Lajme nga Ulqini\" \/>\n<meta property=\"article:published_time\" content=\"2009-09-29T18:38:14+00:00\" \/>\n<meta property=\"article:modified_time\" content=\"2009-09-30T20:51:53+00:00\" \/>\n<meta property=\"og:image\" content=\"http:\/\/www.visit-ulcinj.com\/blog\/wp-content\/uploads\/2009\/09\/nazif-cungu.jpg\" \/>\n<meta name=\"twitter:label1\" content=\"Written by\" \/>\n\t<meta name=\"twitter:data1\" content=\"ulqini\" \/>\n\t<meta name=\"twitter:label2\" content=\"Est. reading time\" \/>\n\t<meta name=\"twitter:data2\" content=\"3 minutes\" \/>\n<script type=\"application\/ld+json\" class=\"yoast-schema-graph\">{\"@context\":\"https:\/\/schema.org\",\"@graph\":[{\"@type\":\"WebSite\",\"@id\":\"https:\/\/www.visit-ulcinj.com\/blog\/#website\",\"url\":\"https:\/\/www.visit-ulcinj.com\/blog\/\",\"name\":\"Lajme nga Ulqini\",\"description\":\"Lajme,Vijesti,Ulqini,Ulqin,Crna Gora,Mali i Zi\",\"potentialAction\":[{\"@type\":\"SearchAction\",\"target\":{\"@type\":\"EntryPoint\",\"urlTemplate\":\"https:\/\/www.visit-ulcinj.com\/blog\/?s={search_term_string}\"},\"query-input\":\"required name=search_term_string\"}],\"inLanguage\":\"en-US\"},{\"@type\":\"ImageObject\",\"inLanguage\":\"en-US\",\"@id\":\"https:\/\/www.visit-ulcinj.com\/blog\/2009\/09\/29\/konference-per-shtyp-e-forca-se\/#primaryimage\",\"url\":\"https:\/\/www.visit-ulcinj.com\/blog\/wp-content\/uploads\/2009\/09\/nazif-cungu.jpg\",\"contentUrl\":\"https:\/\/www.visit-ulcinj.com\/blog\/wp-content\/uploads\/2009\/09\/nazif-cungu.jpg\",\"width\":\"500\",\"height\":\"400\"},{\"@type\":\"WebPage\",\"@id\":\"https:\/\/www.visit-ulcinj.com\/blog\/2009\/09\/29\/konference-per-shtyp-e-forca-se\/#webpage\",\"url\":\"https:\/\/www.visit-ulcinj.com\/blog\/2009\/09\/29\/konference-per-shtyp-e-forca-se\/\",\"name\":\"Konferenc\u00eb p\u00ebr shtyp e Forc\u00ebs - Lajme nga Ulqini\",\"isPartOf\":{\"@id\":\"https:\/\/www.visit-ulcinj.com\/blog\/#website\"},\"primaryImageOfPage\":{\"@id\":\"https:\/\/www.visit-ulcinj.com\/blog\/2009\/09\/29\/konference-per-shtyp-e-forca-se\/#primaryimage\"},\"datePublished\":\"2009-09-29T18:38:14+00:00\",\"dateModified\":\"2009-09-30T20:51:53+00:00\",\"author\":{\"@id\":\"https:\/\/www.visit-ulcinj.com\/blog\/#\/schema\/person\/dcab619c614d3038751c63bc2aadc06d\"},\"description\":\"Dita e Turizmit I nderuari Minist\u00ebr i turizmit Neneziq, Me rastin e dit\u00ebs bot\u00ebrore t\u00eb turizmit nuk jeni drejtuar qytetar\u00ebve t\u00eb Ulqinit q\u00eb ti tregoni se\",\"breadcrumb\":{\"@id\":\"https:\/\/www.visit-ulcinj.com\/blog\/2009\/09\/29\/konference-per-shtyp-e-forca-se\/#breadcrumb\"},\"inLanguage\":\"en-US\",\"potentialAction\":[{\"@type\":\"ReadAction\",\"target\":[\"https:\/\/www.visit-ulcinj.com\/blog\/2009\/09\/29\/konference-per-shtyp-e-forca-se\/\"]}]},{\"@type\":\"BreadcrumbList\",\"@id\":\"https:\/\/www.visit-ulcinj.com\/blog\/2009\/09\/29\/konference-per-shtyp-e-forca-se\/#breadcrumb\",\"itemListElement\":[{\"@type\":\"ListItem\",\"position\":1,\"name\":\"Konferenc\u00eb p\u00ebr shtyp e Forc\u00ebs\"}]},{\"@type\":\"Person\",\"@id\":\"https:\/\/www.visit-ulcinj.com\/blog\/#\/schema\/person\/dcab619c614d3038751c63bc2aadc06d\",\"name\":\"ulqini\",\"sameAs\":[\"http:\/\/www.visit-ulcinj.com\"],\"url\":\"https:\/\/www.visit-ulcinj.com\/blog\/author\/admin\/\"}]}<\/script>\n<!-- \/ Yoast SEO plugin. -->","yoast_head_json":{"title":"Konferenc\u00eb p\u00ebr shtyp e Forc\u00ebs - Lajme nga Ulqini","description":"Dita e Turizmit I nderuari Minist\u00ebr i turizmit Neneziq, Me rastin e dit\u00ebs bot\u00ebrore t\u00eb turizmit nuk jeni drejtuar qytetar\u00ebve t\u00eb Ulqinit q\u00eb ti tregoni se","robots":{"index":"index","follow":"follow","max-snippet":"max-snippet:-1","max-image-preview":"max-image-preview:large","max-video-preview":"max-video-preview:-1"},"canonical":"https:\/\/www.visit-ulcinj.com\/blog\/2009\/09\/29\/konference-per-shtyp-e-forca-se\/","og_locale":"en_US","og_type":"article","og_title":"Konferenc\u00eb p\u00ebr shtyp e Forc\u00ebs - Lajme nga Ulqini","og_description":"Dita e Turizmit I nderuari Minist\u00ebr i turizmit Neneziq, Me rastin e dit\u00ebs bot\u00ebrore t\u00eb turizmit nuk jeni drejtuar qytetar\u00ebve t\u00eb Ulqinit q\u00eb ti tregoni se","og_url":"https:\/\/www.visit-ulcinj.com\/blog\/2009\/09\/29\/konference-per-shtyp-e-forca-se\/","og_site_name":"Lajme nga Ulqini","article_published_time":"2009-09-29T18:38:14+00:00","article_modified_time":"2009-09-30T20:51:53+00:00","og_image":[{"url":"http:\/\/www.visit-ulcinj.com\/blog\/wp-content\/uploads\/2009\/09\/nazif-cungu.jpg"}],"twitter_misc":{"Written by":"ulqini","Est. reading time":"3 minutes"},"schema":{"@context":"https:\/\/schema.org","@graph":[{"@type":"WebSite","@id":"https:\/\/www.visit-ulcinj.com\/blog\/#website","url":"https:\/\/www.visit-ulcinj.com\/blog\/","name":"Lajme nga Ulqini","description":"Lajme,Vijesti,Ulqini,Ulqin,Crna Gora,Mali i Zi","potentialAction":[{"@type":"SearchAction","target":{"@type":"EntryPoint","urlTemplate":"https:\/\/www.visit-ulcinj.com\/blog\/?s={search_term_string}"},"query-input":"required name=search_term_string"}],"inLanguage":"en-US"},{"@type":"ImageObject","inLanguage":"en-US","@id":"https:\/\/www.visit-ulcinj.com\/blog\/2009\/09\/29\/konference-per-shtyp-e-forca-se\/#primaryimage","url":"https:\/\/www.visit-ulcinj.com\/blog\/wp-content\/uploads\/2009\/09\/nazif-cungu.jpg","contentUrl":"https:\/\/www.visit-ulcinj.com\/blog\/wp-content\/uploads\/2009\/09\/nazif-cungu.jpg","width":"500","height":"400"},{"@type":"WebPage","@id":"https:\/\/www.visit-ulcinj.com\/blog\/2009\/09\/29\/konference-per-shtyp-e-forca-se\/#webpage","url":"https:\/\/www.visit-ulcinj.com\/blog\/2009\/09\/29\/konference-per-shtyp-e-forca-se\/","name":"Konferenc\u00eb p\u00ebr shtyp e Forc\u00ebs - Lajme nga Ulqini","isPartOf":{"@id":"https:\/\/www.visit-ulcinj.com\/blog\/#website"},"primaryImageOfPage":{"@id":"https:\/\/www.visit-ulcinj.com\/blog\/2009\/09\/29\/konference-per-shtyp-e-forca-se\/#primaryimage"},"datePublished":"2009-09-29T18:38:14+00:00","dateModified":"2009-09-30T20:51:53+00:00","author":{"@id":"https:\/\/www.visit-ulcinj.com\/blog\/#\/schema\/person\/dcab619c614d3038751c63bc2aadc06d"},"description":"Dita e Turizmit I nderuari Minist\u00ebr i turizmit Neneziq, Me rastin e dit\u00ebs bot\u00ebrore t\u00eb turizmit nuk jeni drejtuar qytetar\u00ebve t\u00eb Ulqinit q\u00eb ti tregoni se","breadcrumb":{"@id":"https:\/\/www.visit-ulcinj.com\/blog\/2009\/09\/29\/konference-per-shtyp-e-forca-se\/#breadcrumb"},"inLanguage":"en-US","potentialAction":[{"@type":"ReadAction","target":["https:\/\/www.visit-ulcinj.com\/blog\/2009\/09\/29\/konference-per-shtyp-e-forca-se\/"]}]},{"@type":"BreadcrumbList","@id":"https:\/\/www.visit-ulcinj.com\/blog\/2009\/09\/29\/konference-per-shtyp-e-forca-se\/#breadcrumb","itemListElement":[{"@type":"ListItem","position":1,"name":"Konferenc\u00eb p\u00ebr shtyp e Forc\u00ebs"}]},{"@type":"Person","@id":"https:\/\/www.visit-ulcinj.com\/blog\/#\/schema\/person\/dcab619c614d3038751c63bc2aadc06d","name":"ulqini","sameAs":["http:\/\/www.visit-ulcinj.com"],"url":"https:\/\/www.visit-ulcinj.com\/blog\/author\/admin\/"}]}},"jetpack_featured_media_url":"","jetpack_sharing_enabled":true,"jetpack_shortlink":"https:\/\/wp.me\/pe6lTn-6Kx","_links":{"self":[{"href":"https:\/\/www.visit-ulcinj.com\/blog\/wp-json\/wp\/v2\/posts\/25949"}],"collection":[{"href":"https:\/\/www.visit-ulcinj.com\/blog\/wp-json\/wp\/v2\/posts"}],"about":[{"href":"https:\/\/www.visit-ulcinj.com\/blog\/wp-json\/wp\/v2\/types\/post"}],"author":[{"embeddable":true,"href":"https:\/\/www.visit-ulcinj.com\/blog\/wp-json\/wp\/v2\/users\/1"}],"replies":[{"embeddable":true,"href":"https:\/\/www.visit-ulcinj.com\/blog\/wp-json\/wp\/v2\/comments?post=25949"}],"version-history":[{"count":0,"href":"https:\/\/www.visit-ulcinj.com\/blog\/wp-json\/wp\/v2\/posts\/25949\/revisions"}],"wp:attachment":[{"href":"https:\/\/www.visit-ulcinj.com\/blog\/wp-json\/wp\/v2\/media?parent=25949"}],"wp:term":[{"taxonomy":"category","embeddable":true,"href":"https:\/\/www.visit-ulcinj.com\/blog\/wp-json\/wp\/v2\/categories?post=25949"},{"taxonomy":"post_tag","embeddable":true,"href":"https:\/\/www.visit-ulcinj.com\/blog\/wp-json\/wp\/v2\/tags?post=25949"}],"curies":[{"name":"wp","href":"https:\/\/api.w.org\/{rel}","templated":true}]}}