{"id":25953,"date":"2009-09-29T23:21:26","date_gmt":"2009-09-29T21:21:26","guid":{"rendered":"http:\/\/www.visit-ulcinj.com\/blog\/?p=25953"},"modified":"2009-09-29T23:21:26","modified_gmt":"2009-09-29T21:21:26","slug":"autoktonine-e-shqiptareve-dhe-historine-tone-nuk-do-te-mund-ta-mohoje-as-enciklopedia-maqedonase","status":"publish","type":"post","link":"https:\/\/www.visit-ulcinj.com\/blog\/2009\/09\/29\/autoktonine-e-shqiptareve-dhe-historine-tone-nuk-do-te-mund-ta-mohoje-as-enciklopedia-maqedonase\/","title":{"rendered":"Autoktonin\u00eb e shqiptar\u00ebve dhe historin\u00eb ton\u00eb nuk do t\u00eb mund ta mohoj\u00eb as Enciklopedia Maqedonase"},"content":{"rendered":"<p><strong><a href=\"http:\/\/www.visit-ulcinj.com\/blog\/wp-content\/uploads\/2009\/09\/Mehmet-Bardhi.jpg\"><img loading=\"lazy\" class=\"size-full wp-image-25954 alignright\" title=\"Mehmet Bardhi\" src=\"http:\/\/www.visit-ulcinj.com\/blog\/wp-content\/uploads\/2009\/09\/Mehmet-Bardhi.jpg\" alt=\"Mehmet Bardhi\" width=\"335\" height=\"412\" srcset=\"https:\/\/www.visit-ulcinj.com\/blog\/wp-content\/uploads\/2009\/09\/Mehmet-Bardhi.jpg 484w, https:\/\/www.visit-ulcinj.com\/blog\/wp-content\/uploads\/2009\/09\/Mehmet-Bardhi-243x300.jpg 243w\" sizes=\"(max-width: 335px) 100vw, 335px\" \/><\/a>Sulm ndaj t\u00eb v\u00ebrtet\u00ebs shkencore e historike<\/strong><br \/>\nN\u00eb momentin kur menduam se politika antishqiptare sllavo-shovene do t\u00eb mbizot\u00ebrohet nga e v\u00ebrteta historike, realiteti shoq\u00ebror e vet\u00ebdija njoh\u00ebse shkencore dhe m\u00ebsimet nga e kaluara, marr\u00ebdh\u00ebnie t\u00eb nj\u00eb mir\u00ebkuptimi t\u00eb nd\u00ebrsjell\u00eb nd\u00ebrnacional p\u00ebr vendosjen e paqes s\u00eb drejt\u00eb n\u00eb Ballkan, ngren krye p\u00ebrs\u00ebri politika e vjet\u00ebr nxit\u00ebse e urrejtjes ndaj shqiptar\u00ebve. Kjo \u00ebsht\u00eb e papranueshme, prandaj edhe e d\u00ebnojm\u00eb si nj\u00eb akt luft\u00ebnxit\u00ebs, hegjemonisto-shovenist. K\u00ebrkojm\u00eb q\u00eb Enciklopedia t\u00eb t\u00ebrhiqet. Nj\u00ebsia p\u00ebr shqiptar\u00ebt t\u00eb rib\u00ebhet. T\u00eb shkruhet nga kompetent\u00ebt shqiptar\u00eb, etj., duke respektuar parimet e kriteret shkencore, t\u00eb v\u00ebrteten historike dhe realitetin shoq\u00ebror e jet\u00ebsor.<br \/>\nLidhja Demokratike n\u00eb Mal t\u00eb Zi, an\u00ebtar\u00ebt e saj \u2013 shqiptar\u00ebt n\u00eb trojet e veta shekullore, sot n\u00eb Malin e Zi, me shqet\u00ebsim e indinjat\u00eb m\u00ebsuan p\u00ebr provokimet e reja q\u00eb solli Enciklopedia Maqedone, nj\u00eb botim luksoz e skandaloz, q\u00eb k\u00ebto dit\u00eb doli nga shtypi nga MANU (Akademia e Shkencave dhe e Arteve t\u00eb Maqedonis\u00eb), n\u00ebn redaktur\u00ebn e \u201eakademikut\u201c e \u201eshkenc\u00ebtarit\u201c Blazhe Ristevski dhe bashk\u00ebmendimtar\u00ebve t\u00eb tij t\u00eb njohur e t\u00eb d\u00ebshmuar edhe n\u00eb t\u00eb kaluar\u00ebn p\u00ebr antishqiptariz\u00ebm n\u00eb Maqedoni.<br \/>\nN\u00eb k\u00ebt\u00eb botim, q\u00eb pretendon t\u00eb jet\u00eb dokument historik p\u00ebr gjeneratat e ardhshme, q\u00eb n\u00eb fillim, n\u00eb shkronj\u00ebn A, n\u00eb nj\u00ebsin\u00eb p\u00ebr shqiptar\u00ebt, shp\u00ebrthen dufi e mllefi antishqiptar, duke i fyer shqiptar\u00ebt dhe shtremb\u00ebruar e falsifikuar historin\u00eb shqiptare. Nj\u00ebsia \u00ebsht\u00eb plot me interpretime keqdash\u00ebse dhe deformime t\u00eb q\u00ebllimshme t\u00eb fakteve historike t\u00eb autoktonis\u00eb dhe prejardhjes s\u00eb shqiptar\u00ebve. Shqiptar\u00ebt n\u00eb Enciklopedi paraqiten me emra t\u00eb ndrysh\u00ebm, si \u201earbanasi\u201c, \u201earnauti\u201c, madje \u201eshiftari\u201c dhe \u201epllaninci\u201c (malok\u00eb, popull i pacivilizuar, q\u00eb vjen mali, popull primitiv, me fjal\u00eb t\u00eb tjera popull i eg\u00ebr&#8230;) q\u00eb kan\u00eb zbritur nga malet, nga veriu i Shqip\u00ebris\u00eb dhe me ndihm\u00ebn e bandave t\u00eb ka\u00e7ak\u00ebve jan\u00eb vendosur n\u00eb trojet maqedone duke d\u00ebbuar me dhun\u00eb popullsin\u00eb maqedone autoktone.<br \/>\nSipas tyre, kjo ka ndodhur pas shekullit XVI \u2013 XVIII. Pra shqiptar\u00ebt nuk jan\u00eb autokton\u00eb, ata jan\u00eb ardhacak\u00eb, madje ka\u00e7ak\u00eb, pla\u00e7kit\u00ebs e uzurpues&#8230; Pastaj Ali Pash\u00eb Tepelena p\u00ebrmendet si personi q\u00eb ka mund\u00ebsuar v\u00ebrshimin e shqiptar\u00ebve, etj., etj.<br \/>\nK\u00ebto t\u00eb pav\u00ebrteta e fyerje pa m\u00ebdyshje jan\u00eb shqet\u00ebsuese p\u00ebr shqiptar\u00ebt, e jo vet\u00ebm p\u00ebr ne, kur dihet se krejt k\u00ebto thuhen e shkruhen n\u00eb k\u00ebt\u00eb enciklopedi \u201eshkencore\u201c q\u00eb doli nga organi m\u00eb i lart\u00eb shtet\u00ebroro-shkencor i Maqedonis\u00eb.<br \/>\nLidhja Demokratike k\u00ebto shtremb\u00ebrime e falsifikime t\u00eb historis\u00eb shqiptare nga sllavo-maqedonasit i vler\u00ebson si sulm ndaj t\u00eb v\u00ebrtet\u00ebs shkencore e historike dhe si nj\u00eb nga tentativat, tashm\u00eb t\u00eb njohura e t\u00eb vonuara t\u00eb shtr\u00ebmb\u00ebrimit t\u00eb historis\u00eb p\u00ebr q\u00ebllime t\u00eb brendshme politike, me q\u00ebllim homogjenizimi e manipulimi t\u00eb popullat\u00ebs maqedonase, tashm\u00eb t\u00eb d\u00ebshmuara nga kuzhinat politiko-shtet\u00ebrore hegjemoniste e shoviniste sllave.<br \/>\nZot\u00ebrinjt\u00eb \u201eshkenc\u00ebtar\u00eb akademik\u00eb\u201c duhet t\u00eb din\u00eb se historin\u00eb shqiptare nuk mund ta shkruajn\u00eb m\u00eb ashtu si\u00e7 jan\u00eb m\u00ebsuar, sipas shijeve e nevojave t\u00eb tyre politike hegjemoniste. Sepse historia e popullit shqiptar tashm\u00eb \u00ebsht\u00eb e qart\u00eb, e d\u00ebshmuar dhe e konsoliduar, megjith\u00ebse shqiptar\u00ebt ende edhe sot, n\u00eb trojet e veta, jetojn\u00eb n\u00ebp\u00ebr disa shtete.<br \/>\nZhvillimi historik i gjuh\u00ebs shqipe jep d\u00ebshmi t\u00eb pakontestueshme p\u00ebr pranin\u00eb e vazhdueshme t\u00eb faktorit shqiptar n\u00eb trojet ku shqiptar\u00ebt sot banojn\u00eb e jetojn\u00eb. Nd\u00ebrsa marr\u00ebdh\u00ebniet gjuh\u00ebsore n\u00eb k\u00ebto hap\u00ebsira tregojn\u00eb qart\u00eb p\u00ebr dyndjet sllave dhe vendosjen e tyre n\u00eb Ballkan n\u00eb mesjet\u00ebn e hershme. Pastaj shkenca historike dhe arkealogjike ka dh\u00ebn\u00eb fjal\u00ebn e vet t\u00eb qart\u00eb p\u00ebr Maqedonin\u00eb e sotme se ajo nuk ka t\u00eb b\u00ebj\u00eb me Maqedonin\u00eb antike, pastaj p\u00ebr popullsin\u00eb e sotme maqedonase, etj. etj.<br \/>\nPrandaj edhe ne ngrisim z\u00ebrin lart dhe vendosm\u00ebrisht kund\u00ebr k\u00ebtyre deformimeve t\u00eb q\u00ebllimta, p\u00ebr t\u00eb mbrojtur dinjitetin e n\u00ebp\u00ebrk\u00ebmbur nga k\u00ebto pseudoshkenc\u00ebtar\u00eb. N\u00eb momentin kur menduam se politika antishqiptare sllavo-shovene do t\u00eb mbizot\u00ebrohet nga e v\u00ebrteta historike, realiteti shoq\u00ebror e vet\u00ebdija njoh\u00ebse shkencore dhe m\u00ebsimet nga e kaluara, marr\u00ebdh\u00ebnie t\u00eb nj\u00eb mir\u00ebkuptimi t\u00eb nd\u00ebrsjell\u00eb nd\u00ebrnacional p\u00ebr vendosjen e paqes s\u00eb drejt\u00eb n\u00eb Ballkan, ngren krye p\u00ebrs\u00ebri politika e vjet\u00ebr nxit\u00ebse e urrejtjes ndaj shqiptar\u00ebve. Kjo \u00ebsht\u00eb e papranueshme, prandaj edhe e d\u00ebnojm\u00eb si nj\u00eb akt luft\u00ebnxit\u00ebs, hegjemonisto-shovenist. K\u00ebrkojm\u00eb q\u00eb Enciklopedia t\u00eb t\u00ebrhiqet. Nj\u00ebsia p\u00ebr shqiptar\u00ebt t\u00eb rib\u00ebhet. T\u00eb shkruhet nga kompetent\u00ebt shqiptar\u00eb, etj., duke respektuar parimet e kriteret shkencore, t\u00eb v\u00ebrteten historike dhe realitetin shoq\u00ebror e jet\u00ebsor.\u00cbsht\u00eb koha e fundit q\u00eb shkenc\u00ebtar\u00ebt dhe politikan\u00ebt shqiptar\u00eb t\u00eb gjejn\u00eb vetveten dhe vendin q\u00eb iu takon.<\/p>\n<p><strong>Mehmet Bardhi<br \/>\nKoha Javore<\/strong><\/p>\n","protected":false},"excerpt":{"rendered":"<p>Sulm ndaj t\u00eb v\u00ebrtet\u00ebs shkencore e historike N\u00eb momentin kur menduam se politika antishqiptare sllavo-shovene do t\u00eb mbizot\u00ebrohet nga e v\u00ebrteta historike, realiteti shoq\u00ebror e vet\u00ebdija njoh\u00ebse shkencore dhe m\u00ebsimet nga e kaluara, marr\u00ebdh\u00ebnie t\u00eb nj\u00eb mir\u00ebkuptimi t\u00eb nd\u00ebrsjell\u00eb nd\u00ebrnacional p\u00ebr vendosjen e paqes s\u00eb drejt\u00eb n\u00eb Ballkan, ngren krye p\u00ebrs\u00ebri politika e vjet\u00ebr nxit\u00ebse [&hellip;]<\/p>\n","protected":false},"author":1,"featured_media":0,"comment_status":"open","ping_status":"closed","sticky":false,"template":"","format":"standard","meta":{"spay_email":"","jetpack_publicize_message":"","jetpack_is_tweetstorm":false,"jetpack_publicize_feature_enabled":true},"categories":[11],"tags":[12564,687,12565],"jetpack_publicize_connections":[],"yoast_head":"<!-- This site is optimized with the Yoast SEO plugin v19.1 - https:\/\/yoast.com\/wordpress\/plugins\/seo\/ -->\n<title>Autoktonin\u00eb e shqiptar\u00ebve dhe historin\u00eb ton\u00eb nuk do t\u00eb mund ta mohoj\u00eb as Enciklopedia Maqedonase - Lajme nga Ulqini<\/title>\n<meta name=\"description\" content=\"Sulm ndaj t\u00eb v\u00ebrtet\u00ebs shkencore e historike N\u00eb momentin kur menduam se politika antishqiptare sllavo-shovene do t\u00eb mbizot\u00ebrohet nga e v\u00ebrteta historike,\" \/>\n<meta name=\"robots\" content=\"index, follow, max-snippet:-1, max-image-preview:large, max-video-preview:-1\" \/>\n<link rel=\"canonical\" href=\"https:\/\/www.visit-ulcinj.com\/blog\/2009\/09\/29\/autoktonine-e-shqiptareve-dhe-historine-tone-nuk-do-te-mund-ta-mohoje-as-enciklopedia-maqedonase\/\" \/>\n<meta property=\"og:locale\" content=\"en_US\" \/>\n<meta property=\"og:type\" content=\"article\" \/>\n<meta property=\"og:title\" content=\"Autoktonin\u00eb e shqiptar\u00ebve dhe historin\u00eb ton\u00eb nuk do t\u00eb mund ta mohoj\u00eb as Enciklopedia Maqedonase - Lajme nga Ulqini\" \/>\n<meta property=\"og:description\" content=\"Sulm ndaj t\u00eb v\u00ebrtet\u00ebs shkencore e historike N\u00eb momentin kur menduam se politika antishqiptare sllavo-shovene do t\u00eb mbizot\u00ebrohet nga e v\u00ebrteta historike,\" \/>\n<meta property=\"og:url\" content=\"https:\/\/www.visit-ulcinj.com\/blog\/2009\/09\/29\/autoktonine-e-shqiptareve-dhe-historine-tone-nuk-do-te-mund-ta-mohoje-as-enciklopedia-maqedonase\/\" \/>\n<meta property=\"og:site_name\" content=\"Lajme nga Ulqini\" \/>\n<meta property=\"article:published_time\" content=\"2009-09-29T21:21:26+00:00\" \/>\n<meta property=\"og:image\" content=\"http:\/\/www.visit-ulcinj.com\/blog\/wp-content\/uploads\/2009\/09\/Mehmet-Bardhi.jpg\" \/>\n<meta name=\"twitter:label1\" content=\"Written by\" \/>\n\t<meta name=\"twitter:data1\" content=\"ulqini\" \/>\n\t<meta name=\"twitter:label2\" content=\"Est. reading time\" \/>\n\t<meta name=\"twitter:data2\" content=\"4 minutes\" \/>\n<script type=\"application\/ld+json\" class=\"yoast-schema-graph\">{\"@context\":\"https:\/\/schema.org\",\"@graph\":[{\"@type\":\"WebSite\",\"@id\":\"https:\/\/www.visit-ulcinj.com\/blog\/#website\",\"url\":\"https:\/\/www.visit-ulcinj.com\/blog\/\",\"name\":\"Lajme nga Ulqini\",\"description\":\"Lajme,Vijesti,Ulqini,Ulqin,Crna Gora,Mali i Zi\",\"potentialAction\":[{\"@type\":\"SearchAction\",\"target\":{\"@type\":\"EntryPoint\",\"urlTemplate\":\"https:\/\/www.visit-ulcinj.com\/blog\/?s={search_term_string}\"},\"query-input\":\"required name=search_term_string\"}],\"inLanguage\":\"en-US\"},{\"@type\":\"ImageObject\",\"inLanguage\":\"en-US\",\"@id\":\"https:\/\/www.visit-ulcinj.com\/blog\/2009\/09\/29\/autoktonine-e-shqiptareve-dhe-historine-tone-nuk-do-te-mund-ta-mohoje-as-enciklopedia-maqedonase\/#primaryimage\",\"url\":\"https:\/\/www.visit-ulcinj.com\/blog\/wp-content\/uploads\/2009\/09\/Mehmet-Bardhi.jpg\",\"contentUrl\":\"https:\/\/www.visit-ulcinj.com\/blog\/wp-content\/uploads\/2009\/09\/Mehmet-Bardhi.jpg\",\"width\":\"484\",\"height\":\"596\"},{\"@type\":\"WebPage\",\"@id\":\"https:\/\/www.visit-ulcinj.com\/blog\/2009\/09\/29\/autoktonine-e-shqiptareve-dhe-historine-tone-nuk-do-te-mund-ta-mohoje-as-enciklopedia-maqedonase\/#webpage\",\"url\":\"https:\/\/www.visit-ulcinj.com\/blog\/2009\/09\/29\/autoktonine-e-shqiptareve-dhe-historine-tone-nuk-do-te-mund-ta-mohoje-as-enciklopedia-maqedonase\/\",\"name\":\"Autoktonin\u00eb e shqiptar\u00ebve dhe historin\u00eb ton\u00eb nuk do t\u00eb mund ta mohoj\u00eb as Enciklopedia Maqedonase - Lajme nga Ulqini\",\"isPartOf\":{\"@id\":\"https:\/\/www.visit-ulcinj.com\/blog\/#website\"},\"primaryImageOfPage\":{\"@id\":\"https:\/\/www.visit-ulcinj.com\/blog\/2009\/09\/29\/autoktonine-e-shqiptareve-dhe-historine-tone-nuk-do-te-mund-ta-mohoje-as-enciklopedia-maqedonase\/#primaryimage\"},\"datePublished\":\"2009-09-29T21:21:26+00:00\",\"dateModified\":\"2009-09-29T21:21:26+00:00\",\"author\":{\"@id\":\"https:\/\/www.visit-ulcinj.com\/blog\/#\/schema\/person\/dcab619c614d3038751c63bc2aadc06d\"},\"description\":\"Sulm ndaj t\u00eb v\u00ebrtet\u00ebs shkencore e historike N\u00eb momentin kur menduam se politika antishqiptare sllavo-shovene do t\u00eb mbizot\u00ebrohet nga e v\u00ebrteta historike,\",\"breadcrumb\":{\"@id\":\"https:\/\/www.visit-ulcinj.com\/blog\/2009\/09\/29\/autoktonine-e-shqiptareve-dhe-historine-tone-nuk-do-te-mund-ta-mohoje-as-enciklopedia-maqedonase\/#breadcrumb\"},\"inLanguage\":\"en-US\",\"potentialAction\":[{\"@type\":\"ReadAction\",\"target\":[\"https:\/\/www.visit-ulcinj.com\/blog\/2009\/09\/29\/autoktonine-e-shqiptareve-dhe-historine-tone-nuk-do-te-mund-ta-mohoje-as-enciklopedia-maqedonase\/\"]}]},{\"@type\":\"BreadcrumbList\",\"@id\":\"https:\/\/www.visit-ulcinj.com\/blog\/2009\/09\/29\/autoktonine-e-shqiptareve-dhe-historine-tone-nuk-do-te-mund-ta-mohoje-as-enciklopedia-maqedonase\/#breadcrumb\",\"itemListElement\":[{\"@type\":\"ListItem\",\"position\":1,\"name\":\"Autoktonin\u00eb e shqiptar\u00ebve dhe historin\u00eb ton\u00eb nuk do t\u00eb mund ta mohoj\u00eb as Enciklopedia Maqedonase\"}]},{\"@type\":\"Person\",\"@id\":\"https:\/\/www.visit-ulcinj.com\/blog\/#\/schema\/person\/dcab619c614d3038751c63bc2aadc06d\",\"name\":\"ulqini\",\"sameAs\":[\"http:\/\/www.visit-ulcinj.com\"],\"url\":\"https:\/\/www.visit-ulcinj.com\/blog\/author\/admin\/\"}]}<\/script>\n<!-- \/ Yoast SEO plugin. -->","yoast_head_json":{"title":"Autoktonin\u00eb e shqiptar\u00ebve dhe historin\u00eb ton\u00eb nuk do t\u00eb mund ta mohoj\u00eb as Enciklopedia Maqedonase - Lajme nga Ulqini","description":"Sulm ndaj t\u00eb v\u00ebrtet\u00ebs shkencore e historike N\u00eb momentin kur menduam se politika antishqiptare sllavo-shovene do t\u00eb mbizot\u00ebrohet nga e v\u00ebrteta historike,","robots":{"index":"index","follow":"follow","max-snippet":"max-snippet:-1","max-image-preview":"max-image-preview:large","max-video-preview":"max-video-preview:-1"},"canonical":"https:\/\/www.visit-ulcinj.com\/blog\/2009\/09\/29\/autoktonine-e-shqiptareve-dhe-historine-tone-nuk-do-te-mund-ta-mohoje-as-enciklopedia-maqedonase\/","og_locale":"en_US","og_type":"article","og_title":"Autoktonin\u00eb e shqiptar\u00ebve dhe historin\u00eb ton\u00eb nuk do t\u00eb mund ta mohoj\u00eb as Enciklopedia Maqedonase - Lajme nga Ulqini","og_description":"Sulm ndaj t\u00eb v\u00ebrtet\u00ebs shkencore e historike N\u00eb momentin kur menduam se politika antishqiptare sllavo-shovene do t\u00eb mbizot\u00ebrohet nga e v\u00ebrteta historike,","og_url":"https:\/\/www.visit-ulcinj.com\/blog\/2009\/09\/29\/autoktonine-e-shqiptareve-dhe-historine-tone-nuk-do-te-mund-ta-mohoje-as-enciklopedia-maqedonase\/","og_site_name":"Lajme nga Ulqini","article_published_time":"2009-09-29T21:21:26+00:00","og_image":[{"url":"http:\/\/www.visit-ulcinj.com\/blog\/wp-content\/uploads\/2009\/09\/Mehmet-Bardhi.jpg"}],"twitter_misc":{"Written by":"ulqini","Est. reading time":"4 minutes"},"schema":{"@context":"https:\/\/schema.org","@graph":[{"@type":"WebSite","@id":"https:\/\/www.visit-ulcinj.com\/blog\/#website","url":"https:\/\/www.visit-ulcinj.com\/blog\/","name":"Lajme nga Ulqini","description":"Lajme,Vijesti,Ulqini,Ulqin,Crna Gora,Mali i Zi","potentialAction":[{"@type":"SearchAction","target":{"@type":"EntryPoint","urlTemplate":"https:\/\/www.visit-ulcinj.com\/blog\/?s={search_term_string}"},"query-input":"required name=search_term_string"}],"inLanguage":"en-US"},{"@type":"ImageObject","inLanguage":"en-US","@id":"https:\/\/www.visit-ulcinj.com\/blog\/2009\/09\/29\/autoktonine-e-shqiptareve-dhe-historine-tone-nuk-do-te-mund-ta-mohoje-as-enciklopedia-maqedonase\/#primaryimage","url":"https:\/\/www.visit-ulcinj.com\/blog\/wp-content\/uploads\/2009\/09\/Mehmet-Bardhi.jpg","contentUrl":"https:\/\/www.visit-ulcinj.com\/blog\/wp-content\/uploads\/2009\/09\/Mehmet-Bardhi.jpg","width":"484","height":"596"},{"@type":"WebPage","@id":"https:\/\/www.visit-ulcinj.com\/blog\/2009\/09\/29\/autoktonine-e-shqiptareve-dhe-historine-tone-nuk-do-te-mund-ta-mohoje-as-enciklopedia-maqedonase\/#webpage","url":"https:\/\/www.visit-ulcinj.com\/blog\/2009\/09\/29\/autoktonine-e-shqiptareve-dhe-historine-tone-nuk-do-te-mund-ta-mohoje-as-enciklopedia-maqedonase\/","name":"Autoktonin\u00eb e shqiptar\u00ebve dhe historin\u00eb ton\u00eb nuk do t\u00eb mund ta mohoj\u00eb as Enciklopedia Maqedonase - Lajme nga Ulqini","isPartOf":{"@id":"https:\/\/www.visit-ulcinj.com\/blog\/#website"},"primaryImageOfPage":{"@id":"https:\/\/www.visit-ulcinj.com\/blog\/2009\/09\/29\/autoktonine-e-shqiptareve-dhe-historine-tone-nuk-do-te-mund-ta-mohoje-as-enciklopedia-maqedonase\/#primaryimage"},"datePublished":"2009-09-29T21:21:26+00:00","dateModified":"2009-09-29T21:21:26+00:00","author":{"@id":"https:\/\/www.visit-ulcinj.com\/blog\/#\/schema\/person\/dcab619c614d3038751c63bc2aadc06d"},"description":"Sulm ndaj t\u00eb v\u00ebrtet\u00ebs shkencore e historike N\u00eb momentin kur menduam se politika antishqiptare sllavo-shovene do t\u00eb mbizot\u00ebrohet nga e v\u00ebrteta historike,","breadcrumb":{"@id":"https:\/\/www.visit-ulcinj.com\/blog\/2009\/09\/29\/autoktonine-e-shqiptareve-dhe-historine-tone-nuk-do-te-mund-ta-mohoje-as-enciklopedia-maqedonase\/#breadcrumb"},"inLanguage":"en-US","potentialAction":[{"@type":"ReadAction","target":["https:\/\/www.visit-ulcinj.com\/blog\/2009\/09\/29\/autoktonine-e-shqiptareve-dhe-historine-tone-nuk-do-te-mund-ta-mohoje-as-enciklopedia-maqedonase\/"]}]},{"@type":"BreadcrumbList","@id":"https:\/\/www.visit-ulcinj.com\/blog\/2009\/09\/29\/autoktonine-e-shqiptareve-dhe-historine-tone-nuk-do-te-mund-ta-mohoje-as-enciklopedia-maqedonase\/#breadcrumb","itemListElement":[{"@type":"ListItem","position":1,"name":"Autoktonin\u00eb e shqiptar\u00ebve dhe historin\u00eb ton\u00eb nuk do t\u00eb mund ta mohoj\u00eb as Enciklopedia Maqedonase"}]},{"@type":"Person","@id":"https:\/\/www.visit-ulcinj.com\/blog\/#\/schema\/person\/dcab619c614d3038751c63bc2aadc06d","name":"ulqini","sameAs":["http:\/\/www.visit-ulcinj.com"],"url":"https:\/\/www.visit-ulcinj.com\/blog\/author\/admin\/"}]}},"jetpack_featured_media_url":"","jetpack_sharing_enabled":true,"jetpack_shortlink":"https:\/\/wp.me\/pe6lTn-6KB","_links":{"self":[{"href":"https:\/\/www.visit-ulcinj.com\/blog\/wp-json\/wp\/v2\/posts\/25953"}],"collection":[{"href":"https:\/\/www.visit-ulcinj.com\/blog\/wp-json\/wp\/v2\/posts"}],"about":[{"href":"https:\/\/www.visit-ulcinj.com\/blog\/wp-json\/wp\/v2\/types\/post"}],"author":[{"embeddable":true,"href":"https:\/\/www.visit-ulcinj.com\/blog\/wp-json\/wp\/v2\/users\/1"}],"replies":[{"embeddable":true,"href":"https:\/\/www.visit-ulcinj.com\/blog\/wp-json\/wp\/v2\/comments?post=25953"}],"version-history":[{"count":0,"href":"https:\/\/www.visit-ulcinj.com\/blog\/wp-json\/wp\/v2\/posts\/25953\/revisions"}],"wp:attachment":[{"href":"https:\/\/www.visit-ulcinj.com\/blog\/wp-json\/wp\/v2\/media?parent=25953"}],"wp:term":[{"taxonomy":"category","embeddable":true,"href":"https:\/\/www.visit-ulcinj.com\/blog\/wp-json\/wp\/v2\/categories?post=25953"},{"taxonomy":"post_tag","embeddable":true,"href":"https:\/\/www.visit-ulcinj.com\/blog\/wp-json\/wp\/v2\/tags?post=25953"}],"curies":[{"name":"wp","href":"https:\/\/api.w.org\/{rel}","templated":true}]}}