{"id":2596,"date":"2008-08-20T04:27:08","date_gmt":"2008-08-20T09:27:08","guid":{"rendered":"http:\/\/www.visit-ulcinj.com\/blog\/?p=2596"},"modified":"2008-08-20T04:27:08","modified_gmt":"2008-08-20T09:27:08","slug":"more-je-cisto","status":"publish","type":"post","link":"https:\/\/www.visit-ulcinj.com\/blog\/2008\/08\/20\/more-je-cisto\/","title":{"rendered":"More je ?isto"},"content":{"rendered":"<p><a href=\"http:\/\/www.rgbtour.ru\/image\/hotels\/13432.jpg\"><img loading=\"lazy\" class=\"alignleft\" title=\"More je ?isto u crnu goru\" src=\"http:\/\/www.rgbtour.ru\/image\/hotels\/13432.jpg\" alt=\"\" width=\"324\" height=\"344\" \/><\/a><strong>Na kupali\u0161tima du\u017e Crnogorskog primorja morska voda sanitarno ispravna i kvalitetna za kupanje i rekreaciju<\/strong><br \/>\nBudva &#8211; Posljednje analize kvaliteta morske vode na kupali\u0161tima koje je Hidrometeorolo\u0161ki zavod Crne Gore obavio 16. i 17. avgusta pokazuju da je morska voda na Crnogorskom primorju sanitarno ispravna i kvalitetna za kupanje i rekreaciju.<\/p>\n<p>Iz JP za upravljanje morskim dobrom saop\u0161tavaju da je na osnovu analiza obavljenih na 84 lokacije, kvalitet morska vode na 59 lokacija bio prve i na 25 druge klase.<br \/>\nKvalitet morske vode prve klase zabilje\u017een je na podur?ju Ulcinja na Adi Bojani, kupali\u0161tima na Velikoj pla\u017ei-\u201dKitesfera\u201d, \u201cCopacabana\u201d, \u201cEvropa beach\u201d, \u201cTropicana\u201d, \u201cSafari\u201d, \u201cMiami\u201d i \u201cTony grill\u201d,u Borovoj \u0161umi i Maloj pla\u017ei dok je u op\u0161tini Bar to slu?aj sa pla\u017eama Utjeha na kupali\u0161tu &#8220;Paradizo&#8221;, Topolici, \u017dukotrlici, Crvenoj pla\u017ei , u Sutomoru na kupli\u0161tu Inex Zlatna Obala i kod \u201cTri duda\u201d. Ocjenjeno je i da kvalitet vode prve klase na Budvanskoj rivijeri zadovoljen na pla\u017eama Lu?ice, isto?noj i zapadnoj Svetostefanskoj, na Pr\u017enu, Kamenovu, Be?i?koj na kupali\u0161tima hotela \u201cThe Queen of Montenegro\u201d, \u201cMOC\u201d,\u201dSveti Toma\u201d i hotela \u201cBelvi\u201d, na Slovenskoj pla\u017ei kod hotela \u201cPark\u201d, na Ri?ardovoj Glavi, na Jazu na biv\u0161oj nudisti?koj U op\u0161tini Kotor to su pla\u017ee Trsteno, Stoliv, Markov rt, kod hotela &#8220;Fjord&#8221;, pla\u017ea &#8220;Malibu&#8221; u Dobroti i u Perastu (kupatila II), a u Tivtu kupali\u0161te &#8220;Plavi Horizont&#8221;, Oblatno, Kra\u0161i?i, Solila, Kalardovo, kod hotela &#8220;Palma&#8221;, ponta Seljanovo i Opatovo. U Hercegnovskoj op\u0161tini ,prva klasa vode je ustanovljena na Kamenarima, kupali\u0161tu hotela &#8220;Delfin&#8221; u Bijeloj, Bao\u0161i?ima, ?enovi?ima na kupali\u0161tu Bambi, Kumboru, kupali\u0161tima\u00bbVila Perla\u00ab,\u201dYachting Club&#8221;, i \u00bbCopas\u00ab, \u00bbTopla\u00ab, Novosadsko kupali\u0161te Igalo (pla\u017ea Instituta RVI, na Blatnoj pla\u017ei, kupali\u0161tu hotela &#8220;Riviera resort&#8221; u Njivicama, na Miri\u0161tu, \u017danjicama (kupali\u0161ta &#8220;Porto&#8221; i &#8220;Cuba Libre) i Dobre?.<br \/>\nKvalitet morske vode druge klase potvr?en je u Ulcinju na u\u0161?u kanala Port Milena, u Baru na Velikom pijesku, te u Sutomoru na kupali\u0161tu Centar i u ?anju, kao i u Budvi, na pla\u017eama Buljarice, Petrovac , Rafailovi?i, na Slovenskoj pla\u017ei kod Gr?evice , na kupali\u0161tima \u201cBlue magic\u201d, Mogren I i na Jazu \u201cS and I Beach Life\u201d.<br \/>\nNa podru?ju kotorske op\u0161tine to su pla\u017ee: Sv.Matija, Sv. Stasija, Orahovac, Perast kupatilo I kupali\u0161te hotela \u201cTeuta\u201d u Risnu i Morinju, u Tivtu pala\u017ea Kalimanj i u Herceg Novom u Kumboru, Zeleniki, gradskoj pla\u017ei u Meljinama, ?orovi?a pla\u017ei , Igalu kod Vile \u201cGaleb\u201d i na Blatnoj pla\u017ei.<br \/>\nPodsje?amo da se sanitarni kvalitet morske vode odre?uje na osnovu 12 fizi?ko hemijskih i mikrobiolo\u0161kih parametara te da se vode prve i druge klase smatraju kvaltetnom i sanitarno bezbjednom za kupanje i rekreaciju. Kako je najavljeno iz Morskog dobra sljede?e analize kvaliteta morske vode vr\u0161i?e se od 1. do5.septembra.<br \/>\n<strong>Autor \/ J.Niki?<br \/>\nIzvor \/ Republika<\/strong><\/p>\n<!-- vimeo error: not a vimeo video -->\n","protected":false},"excerpt":{"rendered":"<p><img loading=\"lazy\" class=\"alignleft\" title=\"More je ?isto u crnu goru\" src=\"http:\/\/www.rgbtour.ru\/image\/hotels\/13432.jpg\" alt=\"\" width=\"140\" height=\"140\" \/><\/p>\n","protected":false},"author":1,"featured_media":0,"comment_status":"open","ping_status":"closed","sticky":false,"template":"","format":"standard","meta":{"spay_email":"","jetpack_publicize_message":"","jetpack_is_tweetstorm":false,"jetpack_publicize_feature_enabled":true},"categories":[12,15],"tags":[19],"jetpack_publicize_connections":[],"yoast_head":"<!-- This site is optimized with the Yoast SEO plugin v19.1 - https:\/\/yoast.com\/wordpress\/plugins\/seo\/ -->\n<title>More je ?isto - Lajme nga Ulqini<\/title>\n<meta name=\"robots\" content=\"index, follow, max-snippet:-1, max-image-preview:large, max-video-preview:-1\" \/>\n<link rel=\"canonical\" href=\"https:\/\/www.visit-ulcinj.com\/blog\/2008\/08\/20\/more-je-cisto\/\" \/>\n<meta property=\"og:locale\" content=\"en_US\" \/>\n<meta property=\"og:type\" content=\"article\" \/>\n<meta property=\"og:title\" content=\"More je ?isto - Lajme nga Ulqini\" \/>\n<meta property=\"og:url\" content=\"https:\/\/www.visit-ulcinj.com\/blog\/2008\/08\/20\/more-je-cisto\/\" \/>\n<meta property=\"og:site_name\" content=\"Lajme nga Ulqini\" \/>\n<meta property=\"article:published_time\" content=\"2008-08-20T09:27:08+00:00\" \/>\n<meta property=\"og:image\" content=\"http:\/\/www.rgbtour.ru\/image\/hotels\/13432.jpg\" \/>\n<meta name=\"twitter:label1\" content=\"Written by\" \/>\n\t<meta name=\"twitter:data1\" content=\"ulqini\" \/>\n\t<meta name=\"twitter:label2\" content=\"Est. reading time\" \/>\n\t<meta name=\"twitter:data2\" content=\"3 minutes\" \/>\n<script type=\"application\/ld+json\" class=\"yoast-schema-graph\">{\"@context\":\"https:\/\/schema.org\",\"@graph\":[{\"@type\":\"WebSite\",\"@id\":\"https:\/\/www.visit-ulcinj.com\/blog\/#website\",\"url\":\"https:\/\/www.visit-ulcinj.com\/blog\/\",\"name\":\"Lajme nga Ulqini\",\"description\":\"Lajme,Vijesti,Ulqini,Ulqin,Crna Gora,Mali i Zi\",\"potentialAction\":[{\"@type\":\"SearchAction\",\"target\":{\"@type\":\"EntryPoint\",\"urlTemplate\":\"https:\/\/www.visit-ulcinj.com\/blog\/?s={search_term_string}\"},\"query-input\":\"required name=search_term_string\"}],\"inLanguage\":\"en-US\"},{\"@type\":\"ImageObject\",\"inLanguage\":\"en-US\",\"@id\":\"https:\/\/www.visit-ulcinj.com\/blog\/2008\/08\/20\/more-je-cisto\/#primaryimage\",\"url\":\"http:\/\/www.rgbtour.ru\/image\/hotels\/13432.jpg\",\"contentUrl\":\"http:\/\/www.rgbtour.ru\/image\/hotels\/13432.jpg\"},{\"@type\":\"WebPage\",\"@id\":\"https:\/\/www.visit-ulcinj.com\/blog\/2008\/08\/20\/more-je-cisto\/#webpage\",\"url\":\"https:\/\/www.visit-ulcinj.com\/blog\/2008\/08\/20\/more-je-cisto\/\",\"name\":\"More je ?isto - Lajme nga Ulqini\",\"isPartOf\":{\"@id\":\"https:\/\/www.visit-ulcinj.com\/blog\/#website\"},\"primaryImageOfPage\":{\"@id\":\"https:\/\/www.visit-ulcinj.com\/blog\/2008\/08\/20\/more-je-cisto\/#primaryimage\"},\"datePublished\":\"2008-08-20T09:27:08+00:00\",\"dateModified\":\"2008-08-20T09:27:08+00:00\",\"author\":{\"@id\":\"https:\/\/www.visit-ulcinj.com\/blog\/#\/schema\/person\/dcab619c614d3038751c63bc2aadc06d\"},\"breadcrumb\":{\"@id\":\"https:\/\/www.visit-ulcinj.com\/blog\/2008\/08\/20\/more-je-cisto\/#breadcrumb\"},\"inLanguage\":\"en-US\",\"potentialAction\":[{\"@type\":\"ReadAction\",\"target\":[\"https:\/\/www.visit-ulcinj.com\/blog\/2008\/08\/20\/more-je-cisto\/\"]}]},{\"@type\":\"BreadcrumbList\",\"@id\":\"https:\/\/www.visit-ulcinj.com\/blog\/2008\/08\/20\/more-je-cisto\/#breadcrumb\",\"itemListElement\":[{\"@type\":\"ListItem\",\"position\":1,\"name\":\"More je ?isto\"}]},{\"@type\":\"Person\",\"@id\":\"https:\/\/www.visit-ulcinj.com\/blog\/#\/schema\/person\/dcab619c614d3038751c63bc2aadc06d\",\"name\":\"ulqini\",\"sameAs\":[\"http:\/\/www.visit-ulcinj.com\"],\"url\":\"https:\/\/www.visit-ulcinj.com\/blog\/author\/admin\/\"}]}<\/script>\n<!-- \/ Yoast SEO plugin. -->","yoast_head_json":{"title":"More je ?isto - Lajme nga Ulqini","robots":{"index":"index","follow":"follow","max-snippet":"max-snippet:-1","max-image-preview":"max-image-preview:large","max-video-preview":"max-video-preview:-1"},"canonical":"https:\/\/www.visit-ulcinj.com\/blog\/2008\/08\/20\/more-je-cisto\/","og_locale":"en_US","og_type":"article","og_title":"More je ?isto - Lajme nga Ulqini","og_url":"https:\/\/www.visit-ulcinj.com\/blog\/2008\/08\/20\/more-je-cisto\/","og_site_name":"Lajme nga Ulqini","article_published_time":"2008-08-20T09:27:08+00:00","og_image":[{"url":"http:\/\/www.rgbtour.ru\/image\/hotels\/13432.jpg"}],"twitter_misc":{"Written by":"ulqini","Est. reading time":"3 minutes"},"schema":{"@context":"https:\/\/schema.org","@graph":[{"@type":"WebSite","@id":"https:\/\/www.visit-ulcinj.com\/blog\/#website","url":"https:\/\/www.visit-ulcinj.com\/blog\/","name":"Lajme nga Ulqini","description":"Lajme,Vijesti,Ulqini,Ulqin,Crna Gora,Mali i Zi","potentialAction":[{"@type":"SearchAction","target":{"@type":"EntryPoint","urlTemplate":"https:\/\/www.visit-ulcinj.com\/blog\/?s={search_term_string}"},"query-input":"required name=search_term_string"}],"inLanguage":"en-US"},{"@type":"ImageObject","inLanguage":"en-US","@id":"https:\/\/www.visit-ulcinj.com\/blog\/2008\/08\/20\/more-je-cisto\/#primaryimage","url":"http:\/\/www.rgbtour.ru\/image\/hotels\/13432.jpg","contentUrl":"http:\/\/www.rgbtour.ru\/image\/hotels\/13432.jpg"},{"@type":"WebPage","@id":"https:\/\/www.visit-ulcinj.com\/blog\/2008\/08\/20\/more-je-cisto\/#webpage","url":"https:\/\/www.visit-ulcinj.com\/blog\/2008\/08\/20\/more-je-cisto\/","name":"More je ?isto - Lajme nga Ulqini","isPartOf":{"@id":"https:\/\/www.visit-ulcinj.com\/blog\/#website"},"primaryImageOfPage":{"@id":"https:\/\/www.visit-ulcinj.com\/blog\/2008\/08\/20\/more-je-cisto\/#primaryimage"},"datePublished":"2008-08-20T09:27:08+00:00","dateModified":"2008-08-20T09:27:08+00:00","author":{"@id":"https:\/\/www.visit-ulcinj.com\/blog\/#\/schema\/person\/dcab619c614d3038751c63bc2aadc06d"},"breadcrumb":{"@id":"https:\/\/www.visit-ulcinj.com\/blog\/2008\/08\/20\/more-je-cisto\/#breadcrumb"},"inLanguage":"en-US","potentialAction":[{"@type":"ReadAction","target":["https:\/\/www.visit-ulcinj.com\/blog\/2008\/08\/20\/more-je-cisto\/"]}]},{"@type":"BreadcrumbList","@id":"https:\/\/www.visit-ulcinj.com\/blog\/2008\/08\/20\/more-je-cisto\/#breadcrumb","itemListElement":[{"@type":"ListItem","position":1,"name":"More je ?isto"}]},{"@type":"Person","@id":"https:\/\/www.visit-ulcinj.com\/blog\/#\/schema\/person\/dcab619c614d3038751c63bc2aadc06d","name":"ulqini","sameAs":["http:\/\/www.visit-ulcinj.com"],"url":"https:\/\/www.visit-ulcinj.com\/blog\/author\/admin\/"}]}},"jetpack_featured_media_url":"","jetpack_sharing_enabled":true,"jetpack_shortlink":"https:\/\/wp.me\/pe6lTn-FS","_links":{"self":[{"href":"https:\/\/www.visit-ulcinj.com\/blog\/wp-json\/wp\/v2\/posts\/2596"}],"collection":[{"href":"https:\/\/www.visit-ulcinj.com\/blog\/wp-json\/wp\/v2\/posts"}],"about":[{"href":"https:\/\/www.visit-ulcinj.com\/blog\/wp-json\/wp\/v2\/types\/post"}],"author":[{"embeddable":true,"href":"https:\/\/www.visit-ulcinj.com\/blog\/wp-json\/wp\/v2\/users\/1"}],"replies":[{"embeddable":true,"href":"https:\/\/www.visit-ulcinj.com\/blog\/wp-json\/wp\/v2\/comments?post=2596"}],"version-history":[{"count":0,"href":"https:\/\/www.visit-ulcinj.com\/blog\/wp-json\/wp\/v2\/posts\/2596\/revisions"}],"wp:attachment":[{"href":"https:\/\/www.visit-ulcinj.com\/blog\/wp-json\/wp\/v2\/media?parent=2596"}],"wp:term":[{"taxonomy":"category","embeddable":true,"href":"https:\/\/www.visit-ulcinj.com\/blog\/wp-json\/wp\/v2\/categories?post=2596"},{"taxonomy":"post_tag","embeddable":true,"href":"https:\/\/www.visit-ulcinj.com\/blog\/wp-json\/wp\/v2\/tags?post=2596"}],"curies":[{"name":"wp","href":"https:\/\/api.w.org\/{rel}","templated":true}]}}