{"id":2598,"date":"2008-08-20T04:47:38","date_gmt":"2008-08-20T09:47:38","guid":{"rendered":"http:\/\/www.visit-ulcinj.com\/blog\/?p=2598"},"modified":"2008-08-20T04:50:14","modified_gmt":"2008-08-20T09:50:14","slug":"interviste-me-kryebashkiakun-e-qytetit-rochester-hills-bryan-barnett","status":"publish","type":"post","link":"https:\/\/www.visit-ulcinj.com\/blog\/2008\/08\/20\/interviste-me-kryebashkiakun-e-qytetit-rochester-hills-bryan-barnett\/","title":{"rendered":"Intervist\u00eb me kryebashkiakun e qytetit Rochester Hills, Bryan Barnett"},"content":{"rendered":"<p><a title=\"Mayor Bryan K. Barnett  \" href=\"http:\/\/www.rochesterhills.org\/our_government\/mayors_office\/overview.asp\" target=\"_blank\"><img loading=\"lazy\" class=\"alignleft\" title=\"Mayor Bryan K. Barnett  \" src=\"http:\/\/www.rochesterhills.org\/our_government\/images\/Mayor_portrait_Dave_Roberts.jpg\" alt=\"\" width=\"165\" height=\"192\" \/><\/a><strong>Kombi im i vler\u00ebson dhe p\u00ebrjeton t\u00eb gjitha vlerat dhe kualitetet e lirive<\/strong><br \/>\n<strong>Koha javore: <\/strong>Z. Barnett, si po ndiheni n\u00eb Mal\u00ebsi dhe \u00e7far\u00eb p\u00ebrshtypjesh po u l\u00ebn\u00eb mal\u00ebsor\u00ebt k\u00ebtu?<br \/>\n<strong><a href=\"http:\/\/www.rochesterhills.org\/our_government\/mayors_office\/overview.asp\" target=\"_blank\">B.Barnett:<\/a> <\/strong>Si\u00e7 po shihet, q\u00ebllimi i vizit\u00ebs son\u00eb \u00ebsht\u00eb realizuar. Ekipi yn\u00eb k\u00ebtu po kalon \u00e7aste t\u00eb mira dhe t\u00eb k\u00ebnaqshme. Kjo q\u00eb po b\u00ebni ju \u00ebsht\u00eb di\u00e7ka e jasht\u00ebzakonshme dhe e ngroht\u00eb. N\u00eb t\u00eb gjitha takimet q\u00eb kam zhvilluar deri m\u00eb tani, mikpritja ka qen\u00eb shum\u00eb e p\u00ebrzem\u00ebrt dhe p\u00ebr k\u00ebt\u00eb ju jam shum\u00eb mir\u00ebnjoh\u00ebs, k\u00ebshtu q\u00eb e kemi ndier veten si n\u00eb sht\u00ebpin\u00eb ton\u00eb. Sa u p\u00ebrket impresioneve t\u00eb mia p\u00ebr popullin tuaj, me ata q\u00eb kam pasur kontakte edhe m\u00eb par\u00eb, mund t\u00eb thuhet se kan\u00eb nj\u00eb pasion p\u00ebr jet\u00eb dhe krenari p\u00ebr trash\u00ebgimi kulturore.<br \/>\n<strong>Koha javore:<\/strong> A mund tzna tregoni se si u realizua projekti i binjak\u00ebzimit midis Tuzit dhe Rochester Hillsit?<br \/>\n<a href=\"http:\/\/www.rochesterhills.org\/our_government\/mayors_office\/overview.asp\" target=\"_blank\"><strong>B.Barnett<\/strong>:<\/a> Absolutisht, kjo \u00ebsht\u00eb nj\u00eb pyetje mjaft interesante. Sikur e dini, qyteti Rochester Hills, ka fat q\u00eb ka nj\u00eb nga famullit\u00eb katolike m\u00eb t\u00eb m\u00ebdha n\u00eb SHBA. Duke punuar dhe duke u njoftuar me udh\u00ebheq\u00ebsin\u00eb e kish\u00ebs s\u00eb Sh\u00ebn Palit, ne filluam t\u00eb kuptojm\u00eb se ky popull ka nostalgji t\u00eb madhe p\u00ebr Mal\u00ebsin\u00eb dhe Tuzin. N\u00eb diskutim e sip\u00ebr me udh\u00ebheq\u00ebsin\u00eb e k\u00ebsaj famullie, si me dr. Prek\u00eb Ivezaj etj., u krijua oportuniteti i shansit q\u00eb rezultoi me binjak\u00ebzim. Q\u00ebllimisht isha i interesuar dhe gjithmon\u00eb kam qen\u00eb kurioz q\u00eb t\u00eb njihem me shum\u00eb vende tjera t\u00eb bot\u00ebs. Tuzi ishte nj\u00eb vend, p\u00ebr t\u00eb cilin nuk kam ditur shum\u00eb, por gjat\u00eb takimeve me ekipin e udh\u00ebheq\u00ebsis\u00eb s\u00eb kish\u00ebs ata m\u00eb shpjeguan situat\u00ebn n\u00eb Mal\u00ebsi. K\u00ebshtu erdhi deri te lidhja natyrore midis Rochester Hillsit dhe Tuzit. Meq\u00eb shum\u00eb qytetar\u00eb nga treva juaj jetojn\u00eb n\u00eb Rochester, propozimi p\u00ebr binjak\u00ebzim ishte i logjiksh\u00ebm dhe k\u00ebshtu ne p\u00ebrgatit\u00ebm dokumentacionin e binjak\u00ebzimit. Me rastin e vizit\u00ebs s\u00eb kryetarit t\u00eb KU t\u00eb Tuzit, Smajl \u00c7unmulaj dhe kryetarit t\u00eb Kuvendit, Nikoll\u00eb Camaj, n\u00eb mars t\u00eb vitit t\u00eb kaluar, an\u00ebtar\u00ebt e k\u00ebshillit t\u00eb dy qyteteve ran\u00eb dakord unanimisht p\u00ebr t\u00eb krijuar k\u00ebt\u00eb lidhje miq\u00ebsore.<br \/>\n<strong>Koha javore:<\/strong> Kur filluan kantaktet tuaja t\u00eb para me shqiptar\u00ebt e k\u00ebtyre viseve?<br \/>\n<a href=\"http:\/\/www.rochesterhills.org\/our_government\/mayors_office\/overview.asp\" target=\"_blank\"><strong>B.Barnett:<\/strong><\/a> Kontakti im i par\u00eb me shqiptar\u00ebt ka qen\u00eb at\u00ebher\u00eb kur isha i ftuar zyrtarisht n\u00eb kish\u00ebn katolike shqiptare t\u00eb &#8220;Sh\u00ebn Palit&#8221;, ku prezent ishte edhe presidenti i Shqip\u00ebris\u00eb, Sali Berisha, n\u00eb inaugurimin e bustit t\u00eb heroit komb\u00ebtar, Gjergj Kastrioti Sk\u00ebnderbeu. Kjo p\u00ebr mua dhe bashk\u00ebshorten time ka qen\u00eb nj\u00eb nder dhe respekt i ve\u00e7ant\u00eb, q\u00eb t\u00eb rri pran\u00eb presidentit t\u00eb Shqip\u00ebris\u00eb. K\u00ebtu pata rastin q\u00eb p\u00ebr her\u00eb t\u00eb par\u00eb t\u00eb shoh dhe t\u00eb d\u00ebgjoj muzik\u00ebn shqipe. Kjo ka qen\u00eb hera e par\u00eb kur edhe filloi lidhja jon\u00eb. Kjo \u00ebsht\u00eb edhe arsyeja q\u00eb ne jemi sot k\u00ebtu.<br \/>\n<strong>Koha javore:<\/strong> Para nisjes nga Michigani keni deklaruar p\u00ebr media se do t\u00eb b\u00ebni di\u00e7ka p\u00ebr Tuzin. Ju lutem p\u00ebr \u00e7ka \u00ebsht\u00eb fjala?<br \/>\n<a href=\"http:\/\/www.rochesterhills.org\/our_government\/mayors_office\/overview.asp\" target=\"_blank\"><strong>B.Barnett:<\/strong> <\/a>Po. Jam shum\u00eb i k\u00ebnaqur q\u00eb me delegacionin tim solla nj\u00eb dhurat\u00eb gjeneroze nga populli i komunitetit ton\u00eb, pik\u00ebrisht nga fakulteti i Rochester Hillsit. Kjo dhurat\u00eb i \u00ebsht\u00eb dedikuar arsimit, edukat\u00ebs. Kjo \u00ebsht\u00eb formalisht nj\u00eb burs\u00eb e plot\u00eb p\u00ebr kat\u00ebr vite, me mbulimin total t\u00eb shpenzimeve, p\u00ebr shkollim, libra dhe banim. Fjala \u00ebsht\u00eb p\u00ebr nj\u00eb burs\u00eb me vler\u00ebn prej 100 mij\u00eb dollar\u00eb amerikan\u00eb, q\u00eb do tzi jepet nj\u00eb studentit, apo studenteje nga Tuzi. Pas p\u00ebrfundimit t\u00eb studimeve n\u00eb fakultetin Rochester Hills, ai student, apo ajo studente, duhet q\u00eb t\u00eb kthehet n\u00eb Mal\u00ebsi p\u00ebr ta ndihmuar at\u00eb, me q\u00ebllim q\u00eb nga Rochesteri t\u00eb sjell diturin\u00eb dhe eksperienc\u00ebn e nevojshme p\u00ebr trev\u00ebn tuaj. Jam shum\u00eb i g\u00ebzuar q\u00eb jam pjes\u00ebmarr\u00ebs n\u00eb di\u00e7ka q\u00eb mendoj se do t\u00eb jet\u00eb historike.<br \/>\n<strong>Koha javore:<\/strong> Cila \u00ebsht\u00eb eksperienca Juaj me shqiptar\u00ebt e k\u00ebtyre viseve q\u00eb jetojn\u00eb n\u00eb Amerik\u00eb ?<br \/>\n<a href=\"http:\/\/www.rochesterhills.org\/our_government\/mayors_office\/overview.asp\" target=\"_blank\"><strong>B.Barnett:<\/strong><\/a> Si\u00e7 thash\u00eb edhe m\u00eb lart, n\u00eb Rochester Hills jetojn\u00eb nj\u00eb num\u00ebr i madh i shqiptar\u00ebve dhe kam pasur fatin q\u00eb t\u00eb njihem me nj\u00eb num\u00ebr t\u00eb konsideruesh\u00ebm t\u00eb tyre. Shqiptar\u00ebt jan\u00eb popull shum\u00eb krenar. N\u00eb qytetin Rochester Hills jan\u00eb qytetar\u00eb t\u00eb mir\u00eb. Kemi fat q\u00eb jan\u00eb pjes\u00eb e popullit ton\u00eb.<br \/>\n<strong>Koha javore: <\/strong>Sa jeni i njoftuar me statusin e KU-s\u00eb s\u00eb Tuzit dhe me lidershipin e saj ?<\/p>\n<div style=\"width: 360px\" class=\"wp-caption alignright\"><a title=\"rochester hills\" href=\"http:\/\/www.rochesterhills.org\/our_community\/overview.asp\" target=\"_blank\"><img loading=\"lazy\" title=\"City of Rochester Hills\" src=\"http:\/\/www.rochesterhills.org\/our_community\/images\/OC_CollageFinal2.jpg\" alt=\"City of Rochester Hills\" width=\"350\" height=\"156\" \/><\/a><p class=\"wp-caption-text\">City of Rochester Hills<\/p><\/div>\n<p><a href=\"http:\/\/www.rochesterhills.org\/our_government\/mayors_office\/overview.asp\" target=\"_blank\"><strong>B.Barnett:<\/strong> <\/a>Jam mjaft i njoftuar me k\u00ebt\u00eb \u00e7\u00ebshtje, sa p\u00ebrmes asaj q\u00eb un\u00eb e kam studiuar, sa p\u00ebrmes kontakteve q\u00eb kam pasur k\u00ebtu dhe atje, e sidomos informatave q\u00eb jam munduar tzi mbledhi para udh\u00ebtimit tim. Jam i impresionuar me m\u00ebnyr\u00ebs se si kryetari \u00c7unmulaj dhe ai i Kuvendit Camaj e menaxhojn\u00eb situat\u00ebn dhe nj\u00ebkoh\u00ebsisht jam i impresionuar edhe nga vizioni i tyre p\u00ebr t\u00eb ardhmen. Integriteti i tyre d\u00ebshmohet dhe shihet edhe nga kontaktet q\u00eb kan\u00eb me popullat\u00ebn vendore. Sa i p\u00ebrket statusit t\u00eb k\u00ebsaj komune nuk pretrendoj tzi kuptoj t\u00eb gjitha detajet, por at\u00eb q\u00eb mund t\u00eb them \u00ebsht\u00eb se kombi im i ka vler\u00ebsuar dhe p\u00ebrjetuar t\u00eb gjitha vlerat dhe kualitetet e lirive sociale, ekonomike, religjioze, k\u00ebshtu q\u00eb do t\u00eb doja q\u00eb edhe populli i Tuzit dhe t\u00eb gjith\u00eb t\u00eb tjer\u00ebt n\u00eb Mal t\u00eb Zi tzi shijoj\u00eb ato, me shpres\u00eb se kjo do t\u00eb arrihet n\u00ebn udh\u00ebheqjen e k\u00ebtyre dy zot\u00ebrinj\u00ebve.<br \/>\n<strong>Koha Javore<\/strong><\/p>\n<!-- vimeo error: not a vimeo video -->\n","protected":false},"excerpt":{"rendered":"<p><img loading=\"lazy\" class=\"alignleft\" title=\"Mayor Bryan K. Barnett  \" src=\"http:\/\/www.rochesterhills.org\/our_government\/images\/Mayor_portrait_Dave_Roberts.jpg\" alt=\"\" width=\"140\" height=\"140\" \/><\/p>\n","protected":false},"author":1,"featured_media":0,"comment_status":"open","ping_status":"closed","sticky":false,"template":"","format":"standard","meta":{"spay_email":"","jetpack_publicize_message":"","jetpack_is_tweetstorm":false,"jetpack_publicize_feature_enabled":true},"categories":[5,11,12],"tags":[4386,4385],"jetpack_publicize_connections":[],"yoast_head":"<!-- This site is optimized with the Yoast SEO plugin v19.1 - https:\/\/yoast.com\/wordpress\/plugins\/seo\/ -->\n<title>Intervist\u00eb me kryebashkiakun e qytetit Rochester Hills, Bryan Barnett - Lajme nga Ulqini<\/title>\n<meta name=\"robots\" content=\"index, follow, max-snippet:-1, max-image-preview:large, max-video-preview:-1\" \/>\n<link rel=\"canonical\" href=\"https:\/\/www.visit-ulcinj.com\/blog\/2008\/08\/20\/interviste-me-kryebashkiakun-e-qytetit-rochester-hills-bryan-barnett\/\" \/>\n<meta property=\"og:locale\" content=\"en_US\" \/>\n<meta property=\"og:type\" content=\"article\" \/>\n<meta property=\"og:title\" content=\"Intervist\u00eb me kryebashkiakun e qytetit Rochester Hills, Bryan Barnett - Lajme nga Ulqini\" \/>\n<meta property=\"og:url\" content=\"https:\/\/www.visit-ulcinj.com\/blog\/2008\/08\/20\/interviste-me-kryebashkiakun-e-qytetit-rochester-hills-bryan-barnett\/\" \/>\n<meta property=\"og:site_name\" content=\"Lajme nga Ulqini\" \/>\n<meta property=\"article:published_time\" content=\"2008-08-20T09:47:38+00:00\" \/>\n<meta property=\"article:modified_time\" content=\"2008-08-20T09:50:14+00:00\" \/>\n<meta property=\"og:image\" content=\"http:\/\/www.rochesterhills.org\/our_government\/images\/Mayor_portrait_Dave_Roberts.jpg\" \/>\n<meta name=\"twitter:label1\" content=\"Written by\" \/>\n\t<meta name=\"twitter:data1\" content=\"ulqini\" \/>\n\t<meta name=\"twitter:label2\" content=\"Est. reading time\" \/>\n\t<meta name=\"twitter:data2\" content=\"5 minutes\" \/>\n<script type=\"application\/ld+json\" class=\"yoast-schema-graph\">{\"@context\":\"https:\/\/schema.org\",\"@graph\":[{\"@type\":\"WebSite\",\"@id\":\"https:\/\/www.visit-ulcinj.com\/blog\/#website\",\"url\":\"https:\/\/www.visit-ulcinj.com\/blog\/\",\"name\":\"Lajme nga Ulqini\",\"description\":\"Lajme,Vijesti,Ulqini,Ulqin,Crna Gora,Mali i Zi\",\"potentialAction\":[{\"@type\":\"SearchAction\",\"target\":{\"@type\":\"EntryPoint\",\"urlTemplate\":\"https:\/\/www.visit-ulcinj.com\/blog\/?s={search_term_string}\"},\"query-input\":\"required name=search_term_string\"}],\"inLanguage\":\"en-US\"},{\"@type\":\"ImageObject\",\"inLanguage\":\"en-US\",\"@id\":\"https:\/\/www.visit-ulcinj.com\/blog\/2008\/08\/20\/interviste-me-kryebashkiakun-e-qytetit-rochester-hills-bryan-barnett\/#primaryimage\",\"url\":\"http:\/\/www.rochesterhills.org\/our_government\/images\/Mayor_portrait_Dave_Roberts.jpg\",\"contentUrl\":\"http:\/\/www.rochesterhills.org\/our_government\/images\/Mayor_portrait_Dave_Roberts.jpg\"},{\"@type\":\"WebPage\",\"@id\":\"https:\/\/www.visit-ulcinj.com\/blog\/2008\/08\/20\/interviste-me-kryebashkiakun-e-qytetit-rochester-hills-bryan-barnett\/#webpage\",\"url\":\"https:\/\/www.visit-ulcinj.com\/blog\/2008\/08\/20\/interviste-me-kryebashkiakun-e-qytetit-rochester-hills-bryan-barnett\/\",\"name\":\"Intervist\u00eb me kryebashkiakun e qytetit Rochester Hills, Bryan Barnett - Lajme nga Ulqini\",\"isPartOf\":{\"@id\":\"https:\/\/www.visit-ulcinj.com\/blog\/#website\"},\"primaryImageOfPage\":{\"@id\":\"https:\/\/www.visit-ulcinj.com\/blog\/2008\/08\/20\/interviste-me-kryebashkiakun-e-qytetit-rochester-hills-bryan-barnett\/#primaryimage\"},\"datePublished\":\"2008-08-20T09:47:38+00:00\",\"dateModified\":\"2008-08-20T09:50:14+00:00\",\"author\":{\"@id\":\"https:\/\/www.visit-ulcinj.com\/blog\/#\/schema\/person\/dcab619c614d3038751c63bc2aadc06d\"},\"breadcrumb\":{\"@id\":\"https:\/\/www.visit-ulcinj.com\/blog\/2008\/08\/20\/interviste-me-kryebashkiakun-e-qytetit-rochester-hills-bryan-barnett\/#breadcrumb\"},\"inLanguage\":\"en-US\",\"potentialAction\":[{\"@type\":\"ReadAction\",\"target\":[\"https:\/\/www.visit-ulcinj.com\/blog\/2008\/08\/20\/interviste-me-kryebashkiakun-e-qytetit-rochester-hills-bryan-barnett\/\"]}]},{\"@type\":\"BreadcrumbList\",\"@id\":\"https:\/\/www.visit-ulcinj.com\/blog\/2008\/08\/20\/interviste-me-kryebashkiakun-e-qytetit-rochester-hills-bryan-barnett\/#breadcrumb\",\"itemListElement\":[{\"@type\":\"ListItem\",\"position\":1,\"name\":\"Intervist\u00eb me kryebashkiakun e qytetit Rochester Hills, Bryan Barnett\"}]},{\"@type\":\"Person\",\"@id\":\"https:\/\/www.visit-ulcinj.com\/blog\/#\/schema\/person\/dcab619c614d3038751c63bc2aadc06d\",\"name\":\"ulqini\",\"sameAs\":[\"http:\/\/www.visit-ulcinj.com\"],\"url\":\"https:\/\/www.visit-ulcinj.com\/blog\/author\/admin\/\"}]}<\/script>\n<!-- \/ Yoast SEO plugin. -->","yoast_head_json":{"title":"Intervist\u00eb me kryebashkiakun e qytetit Rochester Hills, Bryan Barnett - Lajme nga Ulqini","robots":{"index":"index","follow":"follow","max-snippet":"max-snippet:-1","max-image-preview":"max-image-preview:large","max-video-preview":"max-video-preview:-1"},"canonical":"https:\/\/www.visit-ulcinj.com\/blog\/2008\/08\/20\/interviste-me-kryebashkiakun-e-qytetit-rochester-hills-bryan-barnett\/","og_locale":"en_US","og_type":"article","og_title":"Intervist\u00eb me kryebashkiakun e qytetit Rochester Hills, Bryan Barnett - Lajme nga Ulqini","og_url":"https:\/\/www.visit-ulcinj.com\/blog\/2008\/08\/20\/interviste-me-kryebashkiakun-e-qytetit-rochester-hills-bryan-barnett\/","og_site_name":"Lajme nga Ulqini","article_published_time":"2008-08-20T09:47:38+00:00","article_modified_time":"2008-08-20T09:50:14+00:00","og_image":[{"url":"http:\/\/www.rochesterhills.org\/our_government\/images\/Mayor_portrait_Dave_Roberts.jpg"}],"twitter_misc":{"Written by":"ulqini","Est. reading time":"5 minutes"},"schema":{"@context":"https:\/\/schema.org","@graph":[{"@type":"WebSite","@id":"https:\/\/www.visit-ulcinj.com\/blog\/#website","url":"https:\/\/www.visit-ulcinj.com\/blog\/","name":"Lajme nga Ulqini","description":"Lajme,Vijesti,Ulqini,Ulqin,Crna Gora,Mali i Zi","potentialAction":[{"@type":"SearchAction","target":{"@type":"EntryPoint","urlTemplate":"https:\/\/www.visit-ulcinj.com\/blog\/?s={search_term_string}"},"query-input":"required name=search_term_string"}],"inLanguage":"en-US"},{"@type":"ImageObject","inLanguage":"en-US","@id":"https:\/\/www.visit-ulcinj.com\/blog\/2008\/08\/20\/interviste-me-kryebashkiakun-e-qytetit-rochester-hills-bryan-barnett\/#primaryimage","url":"http:\/\/www.rochesterhills.org\/our_government\/images\/Mayor_portrait_Dave_Roberts.jpg","contentUrl":"http:\/\/www.rochesterhills.org\/our_government\/images\/Mayor_portrait_Dave_Roberts.jpg"},{"@type":"WebPage","@id":"https:\/\/www.visit-ulcinj.com\/blog\/2008\/08\/20\/interviste-me-kryebashkiakun-e-qytetit-rochester-hills-bryan-barnett\/#webpage","url":"https:\/\/www.visit-ulcinj.com\/blog\/2008\/08\/20\/interviste-me-kryebashkiakun-e-qytetit-rochester-hills-bryan-barnett\/","name":"Intervist\u00eb me kryebashkiakun e qytetit Rochester Hills, Bryan Barnett - Lajme nga Ulqini","isPartOf":{"@id":"https:\/\/www.visit-ulcinj.com\/blog\/#website"},"primaryImageOfPage":{"@id":"https:\/\/www.visit-ulcinj.com\/blog\/2008\/08\/20\/interviste-me-kryebashkiakun-e-qytetit-rochester-hills-bryan-barnett\/#primaryimage"},"datePublished":"2008-08-20T09:47:38+00:00","dateModified":"2008-08-20T09:50:14+00:00","author":{"@id":"https:\/\/www.visit-ulcinj.com\/blog\/#\/schema\/person\/dcab619c614d3038751c63bc2aadc06d"},"breadcrumb":{"@id":"https:\/\/www.visit-ulcinj.com\/blog\/2008\/08\/20\/interviste-me-kryebashkiakun-e-qytetit-rochester-hills-bryan-barnett\/#breadcrumb"},"inLanguage":"en-US","potentialAction":[{"@type":"ReadAction","target":["https:\/\/www.visit-ulcinj.com\/blog\/2008\/08\/20\/interviste-me-kryebashkiakun-e-qytetit-rochester-hills-bryan-barnett\/"]}]},{"@type":"BreadcrumbList","@id":"https:\/\/www.visit-ulcinj.com\/blog\/2008\/08\/20\/interviste-me-kryebashkiakun-e-qytetit-rochester-hills-bryan-barnett\/#breadcrumb","itemListElement":[{"@type":"ListItem","position":1,"name":"Intervist\u00eb me kryebashkiakun e qytetit Rochester Hills, Bryan Barnett"}]},{"@type":"Person","@id":"https:\/\/www.visit-ulcinj.com\/blog\/#\/schema\/person\/dcab619c614d3038751c63bc2aadc06d","name":"ulqini","sameAs":["http:\/\/www.visit-ulcinj.com"],"url":"https:\/\/www.visit-ulcinj.com\/blog\/author\/admin\/"}]}},"jetpack_featured_media_url":"","jetpack_sharing_enabled":true,"jetpack_shortlink":"https:\/\/wp.me\/pe6lTn-FU","_links":{"self":[{"href":"https:\/\/www.visit-ulcinj.com\/blog\/wp-json\/wp\/v2\/posts\/2598"}],"collection":[{"href":"https:\/\/www.visit-ulcinj.com\/blog\/wp-json\/wp\/v2\/posts"}],"about":[{"href":"https:\/\/www.visit-ulcinj.com\/blog\/wp-json\/wp\/v2\/types\/post"}],"author":[{"embeddable":true,"href":"https:\/\/www.visit-ulcinj.com\/blog\/wp-json\/wp\/v2\/users\/1"}],"replies":[{"embeddable":true,"href":"https:\/\/www.visit-ulcinj.com\/blog\/wp-json\/wp\/v2\/comments?post=2598"}],"version-history":[{"count":0,"href":"https:\/\/www.visit-ulcinj.com\/blog\/wp-json\/wp\/v2\/posts\/2598\/revisions"}],"wp:attachment":[{"href":"https:\/\/www.visit-ulcinj.com\/blog\/wp-json\/wp\/v2\/media?parent=2598"}],"wp:term":[{"taxonomy":"category","embeddable":true,"href":"https:\/\/www.visit-ulcinj.com\/blog\/wp-json\/wp\/v2\/categories?post=2598"},{"taxonomy":"post_tag","embeddable":true,"href":"https:\/\/www.visit-ulcinj.com\/blog\/wp-json\/wp\/v2\/tags?post=2598"}],"curies":[{"name":"wp","href":"https:\/\/api.w.org\/{rel}","templated":true}]}}