{"id":25999,"date":"2009-09-30T11:53:06","date_gmt":"2009-09-30T09:53:06","guid":{"rendered":"http:\/\/www.visit-ulcinj.com\/blog\/?p=25999"},"modified":"2009-09-30T11:53:06","modified_gmt":"2009-09-30T09:53:06","slug":"perandoria-osmane-rikushtezon-dorezimin-e-ulqinit","status":"publish","type":"post","link":"https:\/\/www.visit-ulcinj.com\/blog\/2009\/09\/30\/perandoria-osmane-rikushtezon-dorezimin-e-ulqinit\/","title":{"rendered":"Perandoria Osmane rikusht\u00ebzon dor\u00ebzimin e Ulqinit"},"content":{"rendered":"<p><strong><a href=\"http:\/\/www.scribd.com\/doc\/2395295\/The-Land-of-the-Black-MountainThe-Adventures-of-Two-Englishmen-in-Montenegro-by-Prance-Gerald\" target=\"_blank\"><img loading=\"lazy\" class=\"alignleft size-full wp-image-26000\" title=\"bazaar life DULCIGNO\" src=\"http:\/\/www.visit-ulcinj.com\/blog\/wp-content\/uploads\/2009\/09\/bazaar-life-DULCIGNO.jpg\" alt=\"bazaar life DULCIGNO\" width=\"580\" height=\"400\" \/><\/a><a href=\"http:\/\/www.scribd.com\/doc\/2395295\/The-Land-of-the-Black-MountainThe-Adventures-of-Two-Englishmen-in-Montenegro-by-Prance-Gerald\" target=\"_blank\">ULQINI N\u00cb VITET E LIDHJES SHQIPTARE T\u00cb PRIZRENIT 1878-1881 (38)<\/a> <\/strong><br \/>\nSituata konkrete tregonte se dor\u00ebzimi i Ulqinit nuk do t\u00eb kryhej pa arm\u00eb. Duke e vler\u00ebsuar si gjendje kritike, konferenca e admiral\u00ebve, t\u00eb cil\u00ebn e drejtonte admirali Sejmur, kishte marr\u00eb q\u00ebndrim q\u00eb kori konsullar n\u00eb Shkod\u00ebr me familje, p\u00ebr shkak t\u00eb siguris\u00eb, do t\u00eb duhej t\u00eb largohej nga qyteti e t\u00eb vendosej n\u00eb nj\u00eb vend m\u00eb t\u00eb sigurt.<br \/>\nAdmirali Lafon n\u00eb raportin e tij t\u00eb shkruar m\u00eb 16 shtator 1880 nga anija luftarake \u201cSuffrein\u201d n\u00eb flot\u00ebn e bashkuar nd\u00ebrkomb\u00ebtare n\u00eb Gruzh\u00eb, thekson: <a href=\"http:\/\/www.scribd.com\/doc\/2395295\/The-Land-of-the-Black-MountainThe-Adventures-of-Two-Englishmen-in-Montenegro-by-Prance-Gerald\" target=\"_blank\"><img loading=\"lazy\" class=\"alignleft size-full wp-image-26001\" title=\"Frederick Seymour\" src=\"http:\/\/www.visit-ulcinj.com\/blog\/wp-content\/uploads\/2009\/09\/Frederick-Seymour.jpg\" alt=\"Frederick Seymour\" width=\"200\" height=\"222\" \/><\/a>\u201cAdmirali Sejmur ka organizuar nj\u00eb konferenc\u00eb t\u00eb komandant\u00ebve t\u00eb divizioneve t\u00eb ndryshme detare q\u00eb ta shqyrtojn\u00eb s\u00eb bashku m\u00ebnyr\u00ebn me t\u00eb cil\u00ebn do t\u00eb mund ta okupojn\u00eb m\u00eb leht\u00eb Ulqinin me rrethina dhe t\u2019ia dor\u00ebzojn\u00eb Malit t\u00eb Zi. N\u00eb at\u00eb konferenc\u00eb ka marr\u00eb pjes\u00eb edhe kapidani anglez, Sell, t\u00eb cilin admirali Sejmur e caktoi si k\u00ebshilltar\u201d.<br \/>\nN\u00ebnkonsulli austro-hungarez nga Tivari shkruante: \u201cK\u00ebmb\u00ebngulja e shqiptar\u00ebve q\u00eb t\u00eb mos e l\u00ebshonin Ulqinin dhe q\u00ebndresa e fort\u00eb e tyre p\u00ebr t\u2019u matur me armikun e trefisht\u00eb \u2013 Fuqit\u00eb e M\u00ebdha, Malin e Zi dhe Perandorin\u00eb Osmane, ka marr\u00eb p\u00ebrhapje t\u00eb gjer\u00eb. Trim\u00ebria p\u00ebr t\u2019u kapur fytas me malazez\u00eb ka arritur n\u00eb nj\u00eb shkall\u00eb t\u00eb lart\u00eb\u201d. Ai vazhdonte: \u201cAs forcat e Malit t\u00eb Zi, as demonstrata e af\u00ebrt e flot\u00ebs s\u00eb bashkuar nd\u00ebrkomb\u00ebtare nuk jan\u00eb n\u00eb gjendje t\u00eb zbusin shpirtin e shqiptar\u00ebve e t\u00eb p\u00ebrkulin q\u00ebndrimin e tyre\u201d. Edhe kapiteni anglez, Sell, i cili ishte kthyer nga Tivari dhe e njihte mir\u00eb situat\u00ebn, theksonte se komandanti malazez e kishte vler\u00ebsuar se nuk ishte n\u00eb gjendje t\u00eb shkonte p\u00ebr Ulqin, edhe sikur t\u00eb ishte i shoq\u00ebruar nga flota e bashkuar nd\u00ebrkomb\u00ebtare, p\u00ebr shkak t\u00eb rezistenc\u00ebs s\u00eb shqiptar\u00ebve.<br \/>\n<a href=\"http:\/\/www.scribd.com\/doc\/2395295\/The-Land-of-the-Black-MountainThe-Adventures-of-Two-Englishmen-in-Montenegro-by-Prance-Gerald\" target=\"_blank\"><img loading=\"lazy\" class=\"alignleft size-full wp-image-26002\" title=\"SKETCH MAP OF MONTENEGRO\" src=\"http:\/\/www.visit-ulcinj.com\/blog\/wp-content\/uploads\/2009\/09\/SKETCH-MAP-OF-MONTENEGRO.jpg\" alt=\"SKETCH MAP OF MONTENEGRO\" width=\"479\" height=\"473\" srcset=\"https:\/\/www.visit-ulcinj.com\/blog\/wp-content\/uploads\/2009\/09\/SKETCH-MAP-OF-MONTENEGRO.jpg 479w, https:\/\/www.visit-ulcinj.com\/blog\/wp-content\/uploads\/2009\/09\/SKETCH-MAP-OF-MONTENEGRO-300x296.jpg 300w\" sizes=\"(max-width: 479px) 100vw, 479px\" \/><\/a>Situata konkrete tregonte se dor\u00ebzimi i Ulqinit nuk do t\u00eb kryhej pa arm\u00eb. Duke e vler\u00ebsuar si gjendje kritike, konferenca e admiral\u00ebve, t\u00eb cil\u00ebn e drejtonte admirali Sejmur, kishte marr\u00eb q\u00ebndrim q\u00eb kori konsullar n\u00eb Shkod\u00ebr me familje, p\u00ebr shkak t\u00eb siguris\u00eb, do t\u00eb duhej t\u00eb largohej nga qyteti e t\u00eb vendosej n\u00eb nj\u00eb vend m\u00eb t\u00eb sigurt.<br \/>\nM\u00eb 17 shtator, admirali Sejmur kishte caktuar dy oficer\u00eb, komandantin e anijes angleze \u201cAlexandra\u201d, lordin Valter Kerr dhe kapidanin Kajar, q\u00eb t\u00eb shkonin te Riza pasha n\u00eb Shkod\u00ebr e t\u2019ia dor\u00ebzonin ultimatumin, me t\u00eb cilin k\u00ebrkonte q\u00eb n\u00eb nj\u00eb afat prej tre dit\u00ebsh t\u00eb p\u00ebrgjigjeshin se a do ta dor\u00ebzonin Ulqinin me rrethina n\u00eb m\u00ebnyr\u00eb paq\u00ebsore ose malazez\u00ebt do ta merrnin me arm\u00eb duke u ndihmuar nga flota e bashkuar nd\u00ebrkomb\u00ebtare. Ata duhej t\u00eb udh\u00ebtonin n\u00ebp\u00ebr rrug\u00ebn tok\u00ebsore Kotorr \u2013 Cetin\u00eb \u2013 Shkod\u00ebr.<br \/>\nM\u00eb 17 shtator 1880, Perandoria Osmane parashtroi nj\u00eb propozim t\u00eb ri para Fuqive t\u00eb M\u00ebdha, me t\u00eb cilin e kusht\u00ebzonte dor\u00ebzimin e Ulqinit Malit t\u00eb Zi. Arsyetimin e k\u00ebrkes\u00ebs e mb\u00ebshteste n\u00eb faktin se qeveria perandorake gjendej para nj\u00eb s\u00ebr\u00eb nd\u00ebrlikimesh dhe se duke dashur q\u00eb t\u2019u jepte fund mosmarr\u00ebveshjeve q\u00eb kishin t\u00eb b\u00ebnin me \u00e7\u00ebshtjen e Ulqinit, ajo qe shtr\u00ebnguar t\u00eb merrte k\u00ebt\u00eb q\u00ebndrim. Qeveria perandorake ishte e gatshme t\u2019ia dor\u00ebzonte Ulqinin Malit t\u00eb Zi, por nuk ishte fare e sigurt se a do t\u00eb zgjidhej \u00e7\u00ebshtja n\u00eb k\u00ebt\u00eb m\u00ebnyr\u00eb dhe a do t\u00eb lirohej nga k\u00ebto mosmarr\u00ebveshje. Ajo mendonte se nuk mund t\u00eb hynte n\u00eb nj\u00eb flijim si\u00e7 \u00ebsht\u00eb dor\u00ebzimi i Ulqinit, p\u00ebrderisa Fuqit\u00eb e M\u00ebdha nuk do t\u2019i garantonin n\u00eb m\u00ebnyr\u00eb serioze dhe zyrtare se do t\u2019i plot\u00ebsoheshin k\u00ebto tri k\u00ebrkesa kryesore:<br \/>\n1. Me aktin e dor\u00ebzimit t\u00eb Ulqinit Malit t\u00eb Zi, Fuqit\u00eb e M\u00ebdha evropiane p\u00ebrfundimisht do t\u00eb braktisin \u00e7do plan p\u00ebr demonstrim detar pa k\u00ebrc\u00ebnim dhe frik\u00ebsim p\u00ebr \u00e7\u00ebshtjen e tanishme dhe t\u00eb ardhshme;<br \/>\n2. Duhet t\u00eb ruhen dhe t\u00eb garantohen pasurit\u00eb, jeta, nderi, besimi dhe t\u00eb gjitha t\u00eb drejtat q\u00eb u p\u00ebrkasin banor\u00ebve t\u00eb krishter\u00eb dhe mysliman\u00eb si p\u00ebr ata q\u00eb pas dor\u00ebzimit t\u00eb Ulqinit do t\u00eb donin t\u00eb emigrojn\u00eb, po ashtu edhe p\u00ebr ata, t\u00eb cil\u00ebt pas dor\u00ebzimit t\u00eb Ulqinit nuk do t\u00eb donin t\u00eb emigrojn\u00eb;<br \/>\n3. Menj\u00ebher\u00eb pas dor\u00ebzimit t\u00eb Ulqinit, Fuqit\u00eb e M\u00ebdha evropiane duhet ta pranojn\u00eb baz\u00ebn e statuquo-s\u00eb territoriale dhe n\u00eb t\u00eb ardhmen asnj\u00eb l\u00ebshim nuk do t\u2019i b\u00ebhet Malit t\u00eb Zi, n\u00eb cil\u00ebndo trajt\u00eb qoft\u00eb.<br \/>\n<strong><br \/>\nMr. Riza Rexha<br \/>\nKoha Javore<br \/>\n<!--YouTube Error: bad URL entered--><\/strong><\/p>\n<p><strong><br \/>\n<\/strong><\/p>\n","protected":false},"excerpt":{"rendered":"<p>ULQINI N\u00cb VITET E LIDHJES SHQIPTARE T\u00cb PRIZRENIT 1878-1881 (38) Situata konkrete tregonte se dor\u00ebzimi i Ulqinit nuk do t\u00eb kryhej pa arm\u00eb. Duke e vler\u00ebsuar si gjendje kritike, konferenca e admiral\u00ebve, t\u00eb cil\u00ebn e drejtonte admirali Sejmur, kishte marr\u00eb q\u00ebndrim q\u00eb kori konsullar n\u00eb Shkod\u00ebr me familje, p\u00ebr shkak t\u00eb siguris\u00eb, do t\u00eb duhej [&hellip;]<\/p>\n","protected":false},"author":1,"featured_media":0,"comment_status":"open","ping_status":"closed","sticky":false,"template":"","format":"standard","meta":{"spay_email":"","jetpack_publicize_message":"","jetpack_is_tweetstorm":false,"jetpack_publicize_feature_enabled":true},"categories":[11],"tags":[12568,12569],"jetpack_publicize_connections":[],"yoast_head":"<!-- This site is optimized with the Yoast SEO plugin v19.1 - https:\/\/yoast.com\/wordpress\/plugins\/seo\/ -->\n<title>Perandoria Osmane rikusht\u00ebzon dor\u00ebzimin e Ulqinit - Lajme nga Ulqini<\/title>\n<meta name=\"description\" content=\"ULQINI N\u00cb VITET E LIDHJES SHQIPTARE T\u00cb PRIZRENIT 1878-1881 (38) Situata konkrete tregonte se dor\u00ebzimi i Ulqinit nuk do t\u00eb kryhej pa arm\u00eb. Duke e vler\u00ebsuar\" \/>\n<meta name=\"robots\" content=\"index, follow, max-snippet:-1, max-image-preview:large, max-video-preview:-1\" \/>\n<link rel=\"canonical\" href=\"https:\/\/www.visit-ulcinj.com\/blog\/2009\/09\/30\/perandoria-osmane-rikushtezon-dorezimin-e-ulqinit\/\" \/>\n<meta property=\"og:locale\" content=\"en_US\" \/>\n<meta property=\"og:type\" content=\"article\" \/>\n<meta property=\"og:title\" content=\"Perandoria Osmane rikusht\u00ebzon dor\u00ebzimin e Ulqinit - Lajme nga Ulqini\" \/>\n<meta property=\"og:description\" content=\"ULQINI N\u00cb VITET E LIDHJES SHQIPTARE T\u00cb PRIZRENIT 1878-1881 (38) Situata konkrete tregonte se dor\u00ebzimi i Ulqinit nuk do t\u00eb kryhej pa arm\u00eb. Duke e vler\u00ebsuar\" \/>\n<meta property=\"og:url\" content=\"https:\/\/www.visit-ulcinj.com\/blog\/2009\/09\/30\/perandoria-osmane-rikushtezon-dorezimin-e-ulqinit\/\" \/>\n<meta property=\"og:site_name\" content=\"Lajme nga Ulqini\" \/>\n<meta property=\"article:published_time\" content=\"2009-09-30T09:53:06+00:00\" \/>\n<meta property=\"og:image\" content=\"http:\/\/www.visit-ulcinj.com\/blog\/wp-content\/uploads\/2009\/09\/bazaar-life-DULCIGNO.jpg\" \/>\n<meta name=\"twitter:label1\" content=\"Written by\" \/>\n\t<meta name=\"twitter:data1\" content=\"ulqini\" \/>\n\t<meta name=\"twitter:label2\" content=\"Est. reading time\" \/>\n\t<meta name=\"twitter:data2\" content=\"4 minutes\" \/>\n<script type=\"application\/ld+json\" class=\"yoast-schema-graph\">{\"@context\":\"https:\/\/schema.org\",\"@graph\":[{\"@type\":\"WebSite\",\"@id\":\"https:\/\/www.visit-ulcinj.com\/blog\/#website\",\"url\":\"https:\/\/www.visit-ulcinj.com\/blog\/\",\"name\":\"Lajme nga Ulqini\",\"description\":\"Lajme,Vijesti,Ulqini,Ulqin,Crna Gora,Mali i Zi\",\"potentialAction\":[{\"@type\":\"SearchAction\",\"target\":{\"@type\":\"EntryPoint\",\"urlTemplate\":\"https:\/\/www.visit-ulcinj.com\/blog\/?s={search_term_string}\"},\"query-input\":\"required name=search_term_string\"}],\"inLanguage\":\"en-US\"},{\"@type\":\"ImageObject\",\"inLanguage\":\"en-US\",\"@id\":\"https:\/\/www.visit-ulcinj.com\/blog\/2009\/09\/30\/perandoria-osmane-rikushtezon-dorezimin-e-ulqinit\/#primaryimage\",\"url\":\"https:\/\/www.visit-ulcinj.com\/blog\/wp-content\/uploads\/2009\/09\/bazaar-life-DULCIGNO.jpg\",\"contentUrl\":\"https:\/\/www.visit-ulcinj.com\/blog\/wp-content\/uploads\/2009\/09\/bazaar-life-DULCIGNO.jpg\",\"width\":\"640\",\"height\":\"400\"},{\"@type\":\"WebPage\",\"@id\":\"https:\/\/www.visit-ulcinj.com\/blog\/2009\/09\/30\/perandoria-osmane-rikushtezon-dorezimin-e-ulqinit\/#webpage\",\"url\":\"https:\/\/www.visit-ulcinj.com\/blog\/2009\/09\/30\/perandoria-osmane-rikushtezon-dorezimin-e-ulqinit\/\",\"name\":\"Perandoria Osmane rikusht\u00ebzon dor\u00ebzimin e Ulqinit - Lajme nga Ulqini\",\"isPartOf\":{\"@id\":\"https:\/\/www.visit-ulcinj.com\/blog\/#website\"},\"primaryImageOfPage\":{\"@id\":\"https:\/\/www.visit-ulcinj.com\/blog\/2009\/09\/30\/perandoria-osmane-rikushtezon-dorezimin-e-ulqinit\/#primaryimage\"},\"datePublished\":\"2009-09-30T09:53:06+00:00\",\"dateModified\":\"2009-09-30T09:53:06+00:00\",\"author\":{\"@id\":\"https:\/\/www.visit-ulcinj.com\/blog\/#\/schema\/person\/dcab619c614d3038751c63bc2aadc06d\"},\"description\":\"ULQINI N\u00cb VITET E LIDHJES SHQIPTARE T\u00cb PRIZRENIT 1878-1881 (38) Situata konkrete tregonte se dor\u00ebzimi i Ulqinit nuk do t\u00eb kryhej pa arm\u00eb. Duke e vler\u00ebsuar\",\"breadcrumb\":{\"@id\":\"https:\/\/www.visit-ulcinj.com\/blog\/2009\/09\/30\/perandoria-osmane-rikushtezon-dorezimin-e-ulqinit\/#breadcrumb\"},\"inLanguage\":\"en-US\",\"potentialAction\":[{\"@type\":\"ReadAction\",\"target\":[\"https:\/\/www.visit-ulcinj.com\/blog\/2009\/09\/30\/perandoria-osmane-rikushtezon-dorezimin-e-ulqinit\/\"]}]},{\"@type\":\"BreadcrumbList\",\"@id\":\"https:\/\/www.visit-ulcinj.com\/blog\/2009\/09\/30\/perandoria-osmane-rikushtezon-dorezimin-e-ulqinit\/#breadcrumb\",\"itemListElement\":[{\"@type\":\"ListItem\",\"position\":1,\"name\":\"Perandoria Osmane rikusht\u00ebzon dor\u00ebzimin e Ulqinit\"}]},{\"@type\":\"Person\",\"@id\":\"https:\/\/www.visit-ulcinj.com\/blog\/#\/schema\/person\/dcab619c614d3038751c63bc2aadc06d\",\"name\":\"ulqini\",\"sameAs\":[\"http:\/\/www.visit-ulcinj.com\"],\"url\":\"https:\/\/www.visit-ulcinj.com\/blog\/author\/admin\/\"}]}<\/script>\n<!-- \/ Yoast SEO plugin. -->","yoast_head_json":{"title":"Perandoria Osmane rikusht\u00ebzon dor\u00ebzimin e Ulqinit - Lajme nga Ulqini","description":"ULQINI N\u00cb VITET E LIDHJES SHQIPTARE T\u00cb PRIZRENIT 1878-1881 (38) Situata konkrete tregonte se dor\u00ebzimi i Ulqinit nuk do t\u00eb kryhej pa arm\u00eb. Duke e vler\u00ebsuar","robots":{"index":"index","follow":"follow","max-snippet":"max-snippet:-1","max-image-preview":"max-image-preview:large","max-video-preview":"max-video-preview:-1"},"canonical":"https:\/\/www.visit-ulcinj.com\/blog\/2009\/09\/30\/perandoria-osmane-rikushtezon-dorezimin-e-ulqinit\/","og_locale":"en_US","og_type":"article","og_title":"Perandoria Osmane rikusht\u00ebzon dor\u00ebzimin e Ulqinit - Lajme nga Ulqini","og_description":"ULQINI N\u00cb VITET E LIDHJES SHQIPTARE T\u00cb PRIZRENIT 1878-1881 (38) Situata konkrete tregonte se dor\u00ebzimi i Ulqinit nuk do t\u00eb kryhej pa arm\u00eb. Duke e vler\u00ebsuar","og_url":"https:\/\/www.visit-ulcinj.com\/blog\/2009\/09\/30\/perandoria-osmane-rikushtezon-dorezimin-e-ulqinit\/","og_site_name":"Lajme nga Ulqini","article_published_time":"2009-09-30T09:53:06+00:00","og_image":[{"url":"http:\/\/www.visit-ulcinj.com\/blog\/wp-content\/uploads\/2009\/09\/bazaar-life-DULCIGNO.jpg"}],"twitter_misc":{"Written by":"ulqini","Est. reading time":"4 minutes"},"schema":{"@context":"https:\/\/schema.org","@graph":[{"@type":"WebSite","@id":"https:\/\/www.visit-ulcinj.com\/blog\/#website","url":"https:\/\/www.visit-ulcinj.com\/blog\/","name":"Lajme nga Ulqini","description":"Lajme,Vijesti,Ulqini,Ulqin,Crna Gora,Mali i Zi","potentialAction":[{"@type":"SearchAction","target":{"@type":"EntryPoint","urlTemplate":"https:\/\/www.visit-ulcinj.com\/blog\/?s={search_term_string}"},"query-input":"required name=search_term_string"}],"inLanguage":"en-US"},{"@type":"ImageObject","inLanguage":"en-US","@id":"https:\/\/www.visit-ulcinj.com\/blog\/2009\/09\/30\/perandoria-osmane-rikushtezon-dorezimin-e-ulqinit\/#primaryimage","url":"https:\/\/www.visit-ulcinj.com\/blog\/wp-content\/uploads\/2009\/09\/bazaar-life-DULCIGNO.jpg","contentUrl":"https:\/\/www.visit-ulcinj.com\/blog\/wp-content\/uploads\/2009\/09\/bazaar-life-DULCIGNO.jpg","width":"640","height":"400"},{"@type":"WebPage","@id":"https:\/\/www.visit-ulcinj.com\/blog\/2009\/09\/30\/perandoria-osmane-rikushtezon-dorezimin-e-ulqinit\/#webpage","url":"https:\/\/www.visit-ulcinj.com\/blog\/2009\/09\/30\/perandoria-osmane-rikushtezon-dorezimin-e-ulqinit\/","name":"Perandoria Osmane rikusht\u00ebzon dor\u00ebzimin e Ulqinit - Lajme nga Ulqini","isPartOf":{"@id":"https:\/\/www.visit-ulcinj.com\/blog\/#website"},"primaryImageOfPage":{"@id":"https:\/\/www.visit-ulcinj.com\/blog\/2009\/09\/30\/perandoria-osmane-rikushtezon-dorezimin-e-ulqinit\/#primaryimage"},"datePublished":"2009-09-30T09:53:06+00:00","dateModified":"2009-09-30T09:53:06+00:00","author":{"@id":"https:\/\/www.visit-ulcinj.com\/blog\/#\/schema\/person\/dcab619c614d3038751c63bc2aadc06d"},"description":"ULQINI N\u00cb VITET E LIDHJES SHQIPTARE T\u00cb PRIZRENIT 1878-1881 (38) Situata konkrete tregonte se dor\u00ebzimi i Ulqinit nuk do t\u00eb kryhej pa arm\u00eb. Duke e vler\u00ebsuar","breadcrumb":{"@id":"https:\/\/www.visit-ulcinj.com\/blog\/2009\/09\/30\/perandoria-osmane-rikushtezon-dorezimin-e-ulqinit\/#breadcrumb"},"inLanguage":"en-US","potentialAction":[{"@type":"ReadAction","target":["https:\/\/www.visit-ulcinj.com\/blog\/2009\/09\/30\/perandoria-osmane-rikushtezon-dorezimin-e-ulqinit\/"]}]},{"@type":"BreadcrumbList","@id":"https:\/\/www.visit-ulcinj.com\/blog\/2009\/09\/30\/perandoria-osmane-rikushtezon-dorezimin-e-ulqinit\/#breadcrumb","itemListElement":[{"@type":"ListItem","position":1,"name":"Perandoria Osmane rikusht\u00ebzon dor\u00ebzimin e Ulqinit"}]},{"@type":"Person","@id":"https:\/\/www.visit-ulcinj.com\/blog\/#\/schema\/person\/dcab619c614d3038751c63bc2aadc06d","name":"ulqini","sameAs":["http:\/\/www.visit-ulcinj.com"],"url":"https:\/\/www.visit-ulcinj.com\/blog\/author\/admin\/"}]}},"jetpack_featured_media_url":"","jetpack_sharing_enabled":true,"jetpack_shortlink":"https:\/\/wp.me\/pe6lTn-6Ll","_links":{"self":[{"href":"https:\/\/www.visit-ulcinj.com\/blog\/wp-json\/wp\/v2\/posts\/25999"}],"collection":[{"href":"https:\/\/www.visit-ulcinj.com\/blog\/wp-json\/wp\/v2\/posts"}],"about":[{"href":"https:\/\/www.visit-ulcinj.com\/blog\/wp-json\/wp\/v2\/types\/post"}],"author":[{"embeddable":true,"href":"https:\/\/www.visit-ulcinj.com\/blog\/wp-json\/wp\/v2\/users\/1"}],"replies":[{"embeddable":true,"href":"https:\/\/www.visit-ulcinj.com\/blog\/wp-json\/wp\/v2\/comments?post=25999"}],"version-history":[{"count":0,"href":"https:\/\/www.visit-ulcinj.com\/blog\/wp-json\/wp\/v2\/posts\/25999\/revisions"}],"wp:attachment":[{"href":"https:\/\/www.visit-ulcinj.com\/blog\/wp-json\/wp\/v2\/media?parent=25999"}],"wp:term":[{"taxonomy":"category","embeddable":true,"href":"https:\/\/www.visit-ulcinj.com\/blog\/wp-json\/wp\/v2\/categories?post=25999"},{"taxonomy":"post_tag","embeddable":true,"href":"https:\/\/www.visit-ulcinj.com\/blog\/wp-json\/wp\/v2\/tags?post=25999"}],"curies":[{"name":"wp","href":"https:\/\/api.w.org\/{rel}","templated":true}]}}