{"id":26,"date":"2008-01-03T14:09:10","date_gmt":"2008-01-03T19:09:10","guid":{"rendered":"http:\/\/www.visit-ulcinj.com\/blog\/2008\/01\/03\/pour-les-ulqinake-de-ulqin-que-pensez-vous-de-la-privatisation-de-votre-ville\/"},"modified":"2008-02-12T18:04:05","modified_gmt":"2008-02-12T23:04:05","slug":"pour-les-ulqinake-de-ulqin-que-pensez-vous-de-la-privatisation-de-votre-ville","status":"publish","type":"post","link":"https:\/\/www.visit-ulcinj.com\/blog\/2008\/01\/03\/pour-les-ulqinake-de-ulqin-que-pensez-vous-de-la-privatisation-de-votre-ville\/","title":{"rendered":"Pour les Ulqinake de Ulqin : que pensez-vous de la privatisation de votre ville?"},"content":{"rendered":"<p>[googlevideo]http:\/\/video.google.com\/videoplay?docid=-4238476290706707223&amp;hl=en[\/googlevideo]<br \/>\nDepuis l&#8217;ind\u00e9pendance du Mont\u00e9n\u00e9gro, la ville d&#8217;Ulcinj\/Ulqin est \u00e0 vendre. Tous les biens de l&#8217;\u00c9tat, y compris les plus grands h\u00f4tels de la c\u00f4te, sont en cours de privatisation. Et plut\u00f4t que les acheteurs russes qui se pressent pour investir, la municipalit\u00e9 souhaiterait voir arriver des hommes d&#8217;affaires albanais&#8230;<!--more--><\/p>\n<p>Jusqu&#8217;\u00e0 pr\u00e9sent, les hommes d&#8217;affaires kosovars n&#8217;avaient manifest\u00e9 aucun int\u00e9r\u00eat pour la privatisation des h\u00f4tels et des plages dans la riviera d&#8217;Ulcinj\/Ulqin. M\u00eame si le processus de privatisation touche \u00e0 sa fin, il reste encore de grands h\u00f4tels \u00e0 privatiser. Les institutions municipales ainsi que les repr\u00e9sentants du monde des affaires ont invit\u00e9 les hommes d&#8217;affaires kosovars, et en g\u00e9n\u00e9ral albanais, \u00e0 prendre part \u00e0 la privatisation, et \u00e0 investir leur argent dans cette ville de bord de mer. Gezim Hajdinaga, pr\u00e9sident de l&#8217;assembl\u00e9e communale d&#8217;Ulcinj\/Ulqin, a expliqu\u00e9 la frilosit\u00e9 des hommes d&#8217;affaires kosovars et de la diaspora. Selon Hajdinaga, si autrefois ce manque d&#8217;investissement dans les zones albanaises du Mont\u00e9n\u00e9gro s&#8217;expliquait par le rattachement \u00e0 la Serbie, il n&#8217;y a aujourd&#8217;hui plus aucune raison \u00e0 cette r\u00e9ticence. Le Mont\u00e9n\u00e9gro, et plus particuli\u00e8rement les Albanais qui y vivent, sont tr\u00e8s ouverts aux investissements kosovars.<\/p>\n<p>\u00ab Les Kosovars et les Albanais en g\u00e9n\u00e9ral n&#8217;ont pas exprim\u00e9 de volont\u00e9 d&#8217;investir \u00e0 Ulcinj\/Ulqin, que cela soit dans la privatisation des h\u00f4tels ou dans d&#8217;autres domaines. Nous avons invit\u00e9 les hommes d&#8217;affaires kosovars \u00e0 participer. Cela sous-entend qu&#8217;ils suivent les offres et la privatisation au Mont\u00e9n\u00e9gro \u00bb, a d\u00e9clar\u00e9 Hajdinaga.<\/p>\n<p>Toujours selon Hajdinaga, la diaspora albanaise ne s&#8217;est pas coordonn\u00e9e pour investir. \u00ab Apr\u00e8s l&#8217;ind\u00e9pendance du Mont\u00e9n\u00e9gro, peu de nos compatriotes ont investi, mis \u00e0 part Isa Beqoviq, qui a privatis\u00e9 un des plus grands h\u00f4tels d&#8217;Ulcinj\/Ulqin, le Mediteran \u00bb. Depuis le d\u00e9but du processus de privatisation, cinq h\u00f4tels ont \u00e9t\u00e9 privatis\u00e9s : le Galeb, l&#8217;Otranto, le Medieran, le Lido ainsi qu&#8217;une partie de l&#8217;h\u00f4tel Olympic &amp; Bellevue. L&#8217;\u00eele Ada a \u00e9galement \u00e9t\u00e9 privatis\u00e9e.<\/p>\n<p>A la diff\u00e9rence des h\u00f4tels qui ont \u00e9t\u00e9 vendus, l&#8217;\u00eele Ada ne va pas \u00eatre donn\u00e9e en concession. Les plus grands acheteurs des h\u00f4tels de la riviera d&#8217;Ulcinj\/Ulqin sont les hommes d&#8217;affaires russes qui ont notamment privatis\u00e9 l&#8217;Otranto, l&#8217;h\u00f4tel Albatros ainsi qu&#8217;une partie de la grande plage. Les h\u00f4tels Mediteran et Galeb ont \u00e9t\u00e9 privatis\u00e9s par des hommes d&#8217;affaires mont\u00e9n\u00e9grins vivant aux \u00c9tats-Unis et \u00e0 Ulcinj\/Ulqin.<\/p>\n<p>Gezim Hajdinaga a d\u00e9clar\u00e9 qu&#8217;il serait plus favorable \u00e0 accueillir des acheteurs venant d&#8217;Europe occidentale, des \u00c9tats-Unis, et surtout du Kosovo et du Mont\u00e9n\u00e9gro. \u00ab Nous aimerions que les investisseurs viennent d&#8217;Europe occidentale et des \u00c9tats-Unis mais nous sommes ouverts \u00e0 tout investisseur. Nous sommes aussi ouverts aux investissements venant d&#8217;Europe de l&#8217;Est. Il y a encore des investissements \u00e0 faire ici, nous n&#8217;avons pas termin\u00e9 le processus de privatisation \u00bb. La Norv\u00e8ge, l&#8217;\u00c9cosse ainsi que d&#8217;autres pays occidentaux ont manifest\u00e9 un certain int\u00e9r\u00eat pour la ville.<\/p>\n<p>Hajdinaga a garanti aux Kosovars qu&#8217;ils seraient sur un pied d&#8217;\u00e9galit\u00e9 avec les autres investisseurs. Isa Beqoviq est un \u00e9migrant albanais des \u00c9tats-Unis. Il a achet\u00e9 l&#8217;h\u00f4tel Mediteran pour 930.000 euros et a investi 6 millions d&#8217;euros dans un complexe d&#8217;h\u00f4tels privatis\u00e9s. Pour Beqoviq, cet investissement est tr\u00e8s rentable, c&#8217;est pourquoi il invite les hommes d&#8217;affaires \u00e0 investir dans les villes albanaises pour les faire ressembler aux villes occidentales. Selon lui, le travail de la diaspora albanaise b\u00e9n\u00e9ficie aux villes et aux r\u00e9gions d&#8217;o\u00f9 ils sont originaires.<\/p>\n<p><strong>Source: Gazeta Express<\/strong><\/p>\n","protected":false},"excerpt":{"rendered":"<p>NOT IMAGE<\/p>\n","protected":false},"author":1,"featured_media":0,"comment_status":"open","ping_status":"closed","sticky":false,"template":"","format":"standard","meta":{"spay_email":"","jetpack_publicize_message":"","jetpack_is_tweetstorm":false,"jetpack_publicize_feature_enabled":true},"categories":[15],"tags":[1165,1164,138,20,222,140,272,271,276,270,79,19,200,18,136],"jetpack_publicize_connections":[],"yoast_head":"<!-- This site is optimized with the Yoast SEO plugin v19.1 - https:\/\/yoast.com\/wordpress\/plugins\/seo\/ -->\n<title>Pour les Ulqinake de Ulqin : que pensez-vous de la privatisation de votre ville? - Lajme nga Ulqini<\/title>\n<meta name=\"description\" content=\"NOT IMAGE\" \/>\n<meta name=\"robots\" content=\"index, follow, max-snippet:-1, max-image-preview:large, max-video-preview:-1\" \/>\n<link rel=\"canonical\" href=\"https:\/\/www.visit-ulcinj.com\/blog\/2008\/01\/03\/pour-les-ulqinake-de-ulqin-que-pensez-vous-de-la-privatisation-de-votre-ville\/\" \/>\n<meta property=\"og:locale\" content=\"en_US\" \/>\n<meta property=\"og:type\" content=\"article\" \/>\n<meta property=\"og:title\" content=\"Pour les Ulqinake de Ulqin : que pensez-vous de la privatisation de votre ville? - Lajme nga Ulqini\" \/>\n<meta property=\"og:description\" content=\"NOT IMAGE\" \/>\n<meta property=\"og:url\" content=\"https:\/\/www.visit-ulcinj.com\/blog\/2008\/01\/03\/pour-les-ulqinake-de-ulqin-que-pensez-vous-de-la-privatisation-de-votre-ville\/\" \/>\n<meta property=\"og:site_name\" content=\"Lajme nga Ulqini\" \/>\n<meta property=\"article:published_time\" content=\"2008-01-03T19:09:10+00:00\" \/>\n<meta property=\"article:modified_time\" content=\"2008-02-12T23:04:05+00:00\" \/>\n<meta name=\"twitter:label1\" content=\"Written by\" \/>\n\t<meta name=\"twitter:data1\" content=\"ulqini\" \/>\n\t<meta name=\"twitter:label2\" content=\"Est. reading time\" \/>\n\t<meta name=\"twitter:data2\" content=\"3 minutes\" \/>\n<script type=\"application\/ld+json\" class=\"yoast-schema-graph\">{\"@context\":\"https:\/\/schema.org\",\"@graph\":[{\"@type\":\"WebSite\",\"@id\":\"https:\/\/www.visit-ulcinj.com\/blog\/#website\",\"url\":\"https:\/\/www.visit-ulcinj.com\/blog\/\",\"name\":\"Lajme nga Ulqini\",\"description\":\"Lajme,Vijesti,Ulqini,Ulqin,Crna Gora,Mali i Zi\",\"potentialAction\":[{\"@type\":\"SearchAction\",\"target\":{\"@type\":\"EntryPoint\",\"urlTemplate\":\"https:\/\/www.visit-ulcinj.com\/blog\/?s={search_term_string}\"},\"query-input\":\"required name=search_term_string\"}],\"inLanguage\":\"en-US\"},{\"@type\":\"WebPage\",\"@id\":\"https:\/\/www.visit-ulcinj.com\/blog\/2008\/01\/03\/pour-les-ulqinake-de-ulqin-que-pensez-vous-de-la-privatisation-de-votre-ville\/#webpage\",\"url\":\"https:\/\/www.visit-ulcinj.com\/blog\/2008\/01\/03\/pour-les-ulqinake-de-ulqin-que-pensez-vous-de-la-privatisation-de-votre-ville\/\",\"name\":\"Pour les Ulqinake de Ulqin : que pensez-vous de la privatisation de votre ville? - Lajme nga Ulqini\",\"isPartOf\":{\"@id\":\"https:\/\/www.visit-ulcinj.com\/blog\/#website\"},\"datePublished\":\"2008-01-03T19:09:10+00:00\",\"dateModified\":\"2008-02-12T23:04:05+00:00\",\"author\":{\"@id\":\"https:\/\/www.visit-ulcinj.com\/blog\/#\/schema\/person\/dcab619c614d3038751c63bc2aadc06d\"},\"description\":\"NOT IMAGE\",\"breadcrumb\":{\"@id\":\"https:\/\/www.visit-ulcinj.com\/blog\/2008\/01\/03\/pour-les-ulqinake-de-ulqin-que-pensez-vous-de-la-privatisation-de-votre-ville\/#breadcrumb\"},\"inLanguage\":\"en-US\",\"potentialAction\":[{\"@type\":\"ReadAction\",\"target\":[\"https:\/\/www.visit-ulcinj.com\/blog\/2008\/01\/03\/pour-les-ulqinake-de-ulqin-que-pensez-vous-de-la-privatisation-de-votre-ville\/\"]}]},{\"@type\":\"BreadcrumbList\",\"@id\":\"https:\/\/www.visit-ulcinj.com\/blog\/2008\/01\/03\/pour-les-ulqinake-de-ulqin-que-pensez-vous-de-la-privatisation-de-votre-ville\/#breadcrumb\",\"itemListElement\":[{\"@type\":\"ListItem\",\"position\":1,\"name\":\"Pour les Ulqinake de Ulqin : que pensez-vous de la privatisation de votre ville?\"}]},{\"@type\":\"Person\",\"@id\":\"https:\/\/www.visit-ulcinj.com\/blog\/#\/schema\/person\/dcab619c614d3038751c63bc2aadc06d\",\"name\":\"ulqini\",\"sameAs\":[\"http:\/\/www.visit-ulcinj.com\"],\"url\":\"https:\/\/www.visit-ulcinj.com\/blog\/author\/admin\/\"}]}<\/script>\n<!-- \/ Yoast SEO plugin. -->","yoast_head_json":{"title":"Pour les Ulqinake de Ulqin : que pensez-vous de la privatisation de votre ville? - Lajme nga Ulqini","description":"NOT IMAGE","robots":{"index":"index","follow":"follow","max-snippet":"max-snippet:-1","max-image-preview":"max-image-preview:large","max-video-preview":"max-video-preview:-1"},"canonical":"https:\/\/www.visit-ulcinj.com\/blog\/2008\/01\/03\/pour-les-ulqinake-de-ulqin-que-pensez-vous-de-la-privatisation-de-votre-ville\/","og_locale":"en_US","og_type":"article","og_title":"Pour les Ulqinake de Ulqin : que pensez-vous de la privatisation de votre ville? - Lajme nga Ulqini","og_description":"NOT IMAGE","og_url":"https:\/\/www.visit-ulcinj.com\/blog\/2008\/01\/03\/pour-les-ulqinake-de-ulqin-que-pensez-vous-de-la-privatisation-de-votre-ville\/","og_site_name":"Lajme nga Ulqini","article_published_time":"2008-01-03T19:09:10+00:00","article_modified_time":"2008-02-12T23:04:05+00:00","twitter_misc":{"Written by":"ulqini","Est. reading time":"3 minutes"},"schema":{"@context":"https:\/\/schema.org","@graph":[{"@type":"WebSite","@id":"https:\/\/www.visit-ulcinj.com\/blog\/#website","url":"https:\/\/www.visit-ulcinj.com\/blog\/","name":"Lajme nga Ulqini","description":"Lajme,Vijesti,Ulqini,Ulqin,Crna Gora,Mali i Zi","potentialAction":[{"@type":"SearchAction","target":{"@type":"EntryPoint","urlTemplate":"https:\/\/www.visit-ulcinj.com\/blog\/?s={search_term_string}"},"query-input":"required name=search_term_string"}],"inLanguage":"en-US"},{"@type":"WebPage","@id":"https:\/\/www.visit-ulcinj.com\/blog\/2008\/01\/03\/pour-les-ulqinake-de-ulqin-que-pensez-vous-de-la-privatisation-de-votre-ville\/#webpage","url":"https:\/\/www.visit-ulcinj.com\/blog\/2008\/01\/03\/pour-les-ulqinake-de-ulqin-que-pensez-vous-de-la-privatisation-de-votre-ville\/","name":"Pour les Ulqinake de Ulqin : que pensez-vous de la privatisation de votre ville? - Lajme nga Ulqini","isPartOf":{"@id":"https:\/\/www.visit-ulcinj.com\/blog\/#website"},"datePublished":"2008-01-03T19:09:10+00:00","dateModified":"2008-02-12T23:04:05+00:00","author":{"@id":"https:\/\/www.visit-ulcinj.com\/blog\/#\/schema\/person\/dcab619c614d3038751c63bc2aadc06d"},"description":"NOT IMAGE","breadcrumb":{"@id":"https:\/\/www.visit-ulcinj.com\/blog\/2008\/01\/03\/pour-les-ulqinake-de-ulqin-que-pensez-vous-de-la-privatisation-de-votre-ville\/#breadcrumb"},"inLanguage":"en-US","potentialAction":[{"@type":"ReadAction","target":["https:\/\/www.visit-ulcinj.com\/blog\/2008\/01\/03\/pour-les-ulqinake-de-ulqin-que-pensez-vous-de-la-privatisation-de-votre-ville\/"]}]},{"@type":"BreadcrumbList","@id":"https:\/\/www.visit-ulcinj.com\/blog\/2008\/01\/03\/pour-les-ulqinake-de-ulqin-que-pensez-vous-de-la-privatisation-de-votre-ville\/#breadcrumb","itemListElement":[{"@type":"ListItem","position":1,"name":"Pour les Ulqinake de Ulqin : que pensez-vous de la privatisation de votre ville?"}]},{"@type":"Person","@id":"https:\/\/www.visit-ulcinj.com\/blog\/#\/schema\/person\/dcab619c614d3038751c63bc2aadc06d","name":"ulqini","sameAs":["http:\/\/www.visit-ulcinj.com"],"url":"https:\/\/www.visit-ulcinj.com\/blog\/author\/admin\/"}]}},"jetpack_featured_media_url":"","jetpack_sharing_enabled":true,"jetpack_shortlink":"https:\/\/wp.me\/pe6lTn-q","_links":{"self":[{"href":"https:\/\/www.visit-ulcinj.com\/blog\/wp-json\/wp\/v2\/posts\/26"}],"collection":[{"href":"https:\/\/www.visit-ulcinj.com\/blog\/wp-json\/wp\/v2\/posts"}],"about":[{"href":"https:\/\/www.visit-ulcinj.com\/blog\/wp-json\/wp\/v2\/types\/post"}],"author":[{"embeddable":true,"href":"https:\/\/www.visit-ulcinj.com\/blog\/wp-json\/wp\/v2\/users\/1"}],"replies":[{"embeddable":true,"href":"https:\/\/www.visit-ulcinj.com\/blog\/wp-json\/wp\/v2\/comments?post=26"}],"version-history":[{"count":0,"href":"https:\/\/www.visit-ulcinj.com\/blog\/wp-json\/wp\/v2\/posts\/26\/revisions"}],"wp:attachment":[{"href":"https:\/\/www.visit-ulcinj.com\/blog\/wp-json\/wp\/v2\/media?parent=26"}],"wp:term":[{"taxonomy":"category","embeddable":true,"href":"https:\/\/www.visit-ulcinj.com\/blog\/wp-json\/wp\/v2\/categories?post=26"},{"taxonomy":"post_tag","embeddable":true,"href":"https:\/\/www.visit-ulcinj.com\/blog\/wp-json\/wp\/v2\/tags?post=26"}],"curies":[{"name":"wp","href":"https:\/\/api.w.org\/{rel}","templated":true}]}}