{"id":26013,"date":"2009-09-30T23:45:44","date_gmt":"2009-09-30T21:45:44","guid":{"rendered":"http:\/\/www.visit-ulcinj.com\/blog\/?p=26013"},"modified":"2009-09-30T23:45:44","modified_gmt":"2009-09-30T21:45:44","slug":"ciljeta-ndahet-nga-romeo","status":"publish","type":"post","link":"https:\/\/www.visit-ulcinj.com\/blog\/2009\/09\/30\/ciljeta-ndahet-nga-romeo\/","title":{"rendered":"\u00c7iljeta ndahet nga Romeo?"},"content":{"rendered":"<p><span><a href=\"http:\/\/www.visit-ulcinj.com\/blog\/wp-content\/uploads\/2009\/09\/\u00c7iljet-dhe-Romeo.1.jpg\"><img loading=\"lazy\" class=\"alignleft size-full wp-image-26014\" title=\"\u00c7iljet dhe Romeo.1\" src=\"http:\/\/www.visit-ulcinj.com\/blog\/wp-content\/uploads\/2009\/09\/\u00c7iljet-dhe-Romeo.1.jpg\" alt=\"\u00c7iljet dhe Romeo.1\" width=\"580\" height=\"353\" \/><\/a>N\u00eb fund t\u00eb korrikut festuan 4 vjetorin e historis\u00eb s\u00eb dashuris\u00eb. Por, kjo lidhje mes \u00c7iljet\u00ebs dhe Romeos, nuk ka m\u00eb at\u00eb pasion t\u00eb zjarrt\u00eb si dikur. \u00cbsht\u00eb e flashk\u00ebt, me shk\u00ebndija z\u00ebnkash dhe xhelozish, q\u00eb miqt\u00eb e besuar t\u00eb k\u00ebng\u00ebtares i kan\u00eb rr\u00ebfyer me shum\u00eb siklet.<br \/>\n<a href=\"http:\/\/www.visit-ulcinj.com\/blog\/wp-content\/uploads\/2009\/09\/Ciljeta-dhe-Romeo..jpg\"><img loading=\"lazy\" class=\"alignleft size-thumbnail wp-image-26018\" title=\"Ciljeta dhe Romeo.\" src=\"http:\/\/www.visit-ulcinj.com\/blog\/wp-content\/uploads\/2009\/09\/Ciljeta-dhe-Romeo.-150x150.jpg\" alt=\"Ciljeta dhe Romeo.\" width=\"150\" height=\"150\" \/><\/a>Gjithmon\u00eb n\u00eb syt\u00eb e publikut, ajo ka qen\u00eb historia m\u00eb e bukur e dashuris\u00eb, me ulje-ngritje nga ato q\u00eb kemi par\u00eb p\u00ebrdit\u00eb mes \u201ctok\u00ebsor\u00ebsh\u201d. Flitet se lidhja e tyre \u00ebsht\u00eb n\u00eb krahmat e fundit: m\u00eb shum\u00eb z\u00ebnka, debate, xhelozi (m\u00eb shum\u00eb nga ana e \u00c7iljet\u00ebs), me m\u00ebri t\u00eb vockla dhe t\u00eb sikletshme. Askush nuk e pohon me goj\u00ebn plot t\u00eb v\u00ebrtet\u00ebn, me shpres\u00ebn se mes tyre mund t\u00eb ndreqet gjith\u00e7ka, por k\u00ebt\u00eb jav\u00eb, pasi kemi ndjekur l\u00ebvizjet e \u00e7iftit, kemi kuptuar se ata nuk jan\u00eb af\u00ebr si m\u00eb p\u00ebrpara. Secili p\u00ebr hesap t\u00eb vet: \u00c7iljeta n\u00ebn shoq\u00ebrin\u00eb e miqve t\u00eb saj, nd\u00ebrsa Romeo duke pir\u00eb n\u00eb nj\u00eb lokal tjet\u00ebr n\u00eb zon\u00ebn e ish-Bllokut. <a href=\"http:\/\/www.visit-ulcinj.com\/blog\/wp-content\/uploads\/2009\/09\/Ciljeta-dhe-Romeo.2.jpg\"><img loading=\"lazy\" class=\"alignright size-thumbnail wp-image-26019\" title=\"Ciljeta  dhe Romeo.2\" src=\"http:\/\/www.visit-ulcinj.com\/blog\/wp-content\/uploads\/2009\/09\/Ciljeta-dhe-Romeo.2-150x150.jpg\" alt=\"Ciljeta  dhe Romeo.2\" width=\"150\" height=\"150\" \/><\/a><br \/>\nT\u00eb jen\u00eb ndar\u00eb zyrtarisht? Ende nuk dihet asgj\u00eb me siguri, por ne kemi ndjekur hapat e tyre k\u00ebt\u00eb jav\u00eb dhe kemi par\u00eb se ata nuk kan\u00eb qen\u00eb n\u00eb krah\u00ebt e nj\u00ebri-tjetrit, por secili p\u00ebr hesap t\u00eb vet, t\u00eb p\u00ebrfshir\u00eb nga rutina e p\u00ebrditshme. \u201cKa pasur disa skena xhelozie mes tyre. Disa kan\u00eb qen\u00eb m\u00eb t\u00eb theksuara gjat\u00eb ver\u00ebs, kur i dashuri i saj ka ikur p\u00ebr pushime pa e pyetur dhe \u00c7iljeta \u00ebsht\u00eb m\u00ebrzitur tej mase. Por, n\u00eb k\u00ebto situata kam par\u00eb se ata jan\u00eb pajtuar s\u00ebrish\u201d \u2013 tregon nj\u00eb mikesh\u00eb e \u00e7iftit.<\/p>\n<p><strong>Daljet e \u00c7iljet\u00ebs<br \/>\n<\/strong><br \/>\n<a href=\"http:\/\/www.visit-ulcinj.com\/blog\/wp-content\/uploads\/2009\/09\/Ciljeta-dhe-Romeo.9.jpg\"><img loading=\"lazy\" class=\"alignleft size-medium wp-image-26020\" title=\"Ciljeta  dhe Romeo.9\" src=\"http:\/\/www.visit-ulcinj.com\/blog\/wp-content\/uploads\/2009\/09\/Ciljeta-dhe-Romeo.9-300x173.jpg\" alt=\"Ciljeta  dhe Romeo.9\" width=\"300\" height=\"173\" \/><\/a>K\u00ebng\u00ebtarja bukuroshe s\u00eb fundmi \u00ebsht\u00eb par\u00eb m\u00eb s\u00eb shumti me miqt\u00eb e saj n\u00eb lokalet e zon\u00ebs s\u00eb ish-Bllokut, gjat\u00eb mesdit\u00ebs, nj\u00eb prej k\u00ebtyre momenteve me foto e kemi publikuar her\u00ebn e shkuar n\u00eb faqet e \u201cBluetooth\u201d. Sigurisht, nuk mund t\u00eb harrojm\u00eb faktin se \u00c7ili ka frekuentuar daljet me koleget e saj, me t\u00eb cil\u00ebn prej vitesh jan\u00eb mikesha shum\u00eb t\u00eb ngushta dhe ruajn\u00eb nj\u00eb raport shum\u00eb t\u00eb fort\u00eb. Ecejaket e zakonshme t\u00eb saj jan\u00eb p\u00ebrq\u00ebndruar p\u00ebrve\u00e7 lokaleve me shoq\u00ebrine nga sht\u00ebpia me destinacion dyqanin e s\u00eb \u00ebm\u00ebs, nj\u00eb parukeri q\u00eb frekuentohet edhe nga miqt\u00eb m\u00eb t\u00eb af\u00ebrt t\u00eb k\u00ebng\u00ebtares. <a href=\"http:\/\/www.visit-ulcinj.com\/blog\/wp-content\/uploads\/2009\/09\/Ciljeta-dhe-Romeo.3.jpg\"><img loading=\"lazy\" class=\"alignright size-medium wp-image-26021\" title=\"Ciljeta  dhe Romeo.3\" src=\"http:\/\/www.visit-ulcinj.com\/blog\/wp-content\/uploads\/2009\/09\/Ciljeta-dhe-Romeo.3-300x201.jpg\" alt=\"Ciljeta  dhe Romeo.3\" width=\"300\" height=\"201\" \/><\/a><br \/>\nNd\u00ebrkoh\u00eb n\u00eb fotografit\u00eb e publikuara pothuajse \u00e7do dit\u00eb n\u00eb gazetat e p\u00ebrditshme, \u00c7iljeta \u00ebsht\u00eb shfaqur p\u00ebrkrah djaloshit, i cili ka qen\u00eb protagonist n\u00eb videoklipin e saj t\u00eb suksessh\u00ebm \u201cDeja Vu\u201d. Gjithsesi nj\u00eb gj\u00eb \u00ebsht\u00eb e sigurt, mes tyre ka vet\u00ebm nj\u00eb raport shoq\u00ebror dhe asgj\u00eb tjet\u00ebr. Fakti q\u00eb ka ngritur m\u00eb shum\u00eb dyshime ka qen\u00eb mungesa e Romeos! Ku ka qen\u00eb gjat\u00eb gjith\u00eb k\u00ebsaj kohe ai pa u shfaqur p\u00ebrkrah \u00c7iljet\u00ebs?<\/p>\n<p><strong>Romeo n\u00eb ish-Bllok, n\u00eb shoq\u00ebrin\u00eb e shok\u00ebve<br \/>\n<\/strong><br \/>\n<a href=\"http:\/\/www.visit-ulcinj.com\/blog\/wp-content\/uploads\/2009\/09\/Ciljeta-dhe-Romeo.5.jpg\"><img loading=\"lazy\" class=\"alignleft size-medium wp-image-26022\" title=\"Ciljeta  dhe Romeo.5\" src=\"http:\/\/www.visit-ulcinj.com\/blog\/wp-content\/uploads\/2009\/09\/Ciljeta-dhe-Romeo.5-300x200.jpg\" alt=\"Ciljeta  dhe Romeo.5\" width=\"300\" height=\"200\" \/><\/a>Romeo, pak m\u00eb indiferent ndjek rutin\u00ebn e p\u00ebrditshme, teksa preokupohet n\u00eb maksimum p\u00ebr biznesin e tij, nj\u00eb lokal lojrash fati diku af\u00ebr shkoll\u00ebs \u201cSk\u00ebnderbej\u201d, q\u00eb menaxhon me nj\u00eb mikun e tij t\u00eb ngusht\u00eb. Pasditeve shihet pothuajse p\u00ebrher\u00eb n\u00eb palestr\u00ebn e tij t\u00eb preferuar, sip\u00ebr Gard\u00ebs s\u00eb Republik\u00ebs, ku edhe e kemi par\u00eb dje teksa zbriste shkujdesur. Mbr\u00ebmjeve, Romeo \u00ebsht\u00eb par\u00eb shpesh n\u00eb lokalet e zon\u00ebs s\u00eb ish-Bllokut. Ai djaloshi q\u00eb i kishte rr\u00ebmbyer prej vitesh zemr\u00ebs k\u00ebng\u00ebtares s\u00eb talentuar dhe sup\u00ebr seksi, ka qen\u00eb n\u00ebn shoq\u00ebrin\u00eb e miqve t\u00eb tij, kurrsesi me \u00c7iljet\u00ebn n\u00eb krah, ashtu si e kemi par\u00eb m\u00eb s\u00eb shumti. \u201cLokalin Romeo e ka me nj\u00eb shokun e tij t\u00eb ngusht\u00eb. \u00cbsht\u00eb nj\u00eb kazino q\u00eb frekuentohet kryesisht nga student\u00ebt e Shkoll\u00ebs s\u00eb Bashkuar, por p\u00ebr tre jav\u00eb ata e kishin mbyllur kan\u00eb pak dit\u00eb q\u00eb e kan\u00eb hapur s\u00ebrish\u201d \u2013 tregon nj\u00eb shit\u00ebs, q\u00eb shet pak metra larg kazinos\u00eb s\u00eb t\u00eb dashurit t\u00eb k\u00ebng\u00ebtares. Ai rr\u00ebfen se n\u00eb tezg\u00ebn e tij, Romeo dhe miku i tij b\u00ebjn\u00eb blerjet e p\u00ebrditshme, kryesisht paketa dhe karta rimbush\u00ebse.<a href=\"http:\/\/www.visit-ulcinj.com\/blog\/wp-content\/uploads\/2009\/09\/Ciljeta-dhe-Romeo.4.jpg\"><img loading=\"lazy\" class=\"alignright size-thumbnail wp-image-26023\" title=\"Ciljeta  dhe Romeo.4\" src=\"http:\/\/www.visit-ulcinj.com\/blog\/wp-content\/uploads\/2009\/09\/Ciljeta-dhe-Romeo.4-150x150.jpg\" alt=\"Ciljeta  dhe Romeo.4\" width=\"150\" height=\"150\" \/><\/a><br \/>\n\u201c\u00c7iljeta vinte shpesh k\u00ebtu, e shoq\u00ebronte Romeon. Ajo rrinte n\u00eb makin\u00eb, kurse ai ngjitej lart kontrollonte pun\u00ebn, por ka pak koh\u00eb q\u00eb nuk ekam par\u00eb t\u00eb vij\u00eb si m\u00eb p\u00ebrpara\u201d \u2013 thot\u00eb shit\u00ebsi. M\u00eb shum\u00eb sesa mungesa e klientit t\u00eb p\u00ebrhersh\u00ebm, atij nuk i \u00ebsht\u00eb shfaqur si m\u00eb par\u00eb imazhi josh\u00ebs i \u00c7iljet\u00ebs, teksa priste e qet\u00eb n\u00eb sediljen e par\u00eb t\u00eb makin\u00ebs s\u00eb saj Volskvagen Tuareg.<\/p>\n<p><strong>Si nisi xhelozia?<br \/>\n<\/strong><br \/>\n<a href=\"http:\/\/www.visit-ulcinj.com\/blog\/wp-content\/uploads\/2009\/09\/Ciljeta-dhe-Romeo.8.jpg\"><img loading=\"lazy\" class=\"alignleft size-medium wp-image-26024\" title=\"Ciljeta  dhe Romeo.8\" src=\"http:\/\/www.visit-ulcinj.com\/blog\/wp-content\/uploads\/2009\/09\/Ciljeta-dhe-Romeo.8-300x217.jpg\" alt=\"Ciljeta  dhe Romeo.8\" width=\"300\" height=\"217\" \/><\/a>Miqt\u00eb e af\u00ebrt, e perifrazojn\u00eb karakterzin e \u00c7iljet\u00ebs si tejet t\u00eb sinqert\u00eb, por edhe shum\u00eb fataliste: xhelozohet edhe p\u00ebr gj\u00ebrat m\u00eb t\u00eb vogla q\u00eb mund t\u00eb v\u00ebr\u00eb re tek sjellet e Romeos, duke u b\u00ebr\u00eb shkak p\u00ebr grindje t\u00eb vogla mes tyre. Por, nj\u00eb nga momentet q\u00eb \u00ebsht\u00eb mendohet se ka ndezur duksh\u00ebm gjakrat mes tyre ka qen\u00eb nj\u00eb ndodhi q\u00eb e ka zanafill\u00ebn n\u00eb fillim t\u00eb muajit qershor. Pik\u00ebrisht sapo startoi stina e ver\u00ebs, historia p\u00ebsoi nj\u00eb krisje t\u00eb dukshme. U p\u00ebrfol se n\u00eb mes kishte hyr\u00eb nj\u00eb fem\u00ebr tjet\u00ebr, e sapo shfaqur n\u00eb ekran dhe q\u00eb kishte shum\u00eb ngjash\u00ebmri n\u00eb paraqitje me \u00c7iljet\u00ebn.<br \/>\nT\u00eb pakt\u00ebn k\u00ebshtu u p\u00ebrfol: emri i saj u lidh ngusht\u00eb me publikun gjat\u00eb pjes\u00ebmarrjes n\u00eb nj\u00eb reality shou televiziv, ku edhe u etiketua se kishte nj\u00eb ngjash\u00ebmri pothuajse identike me k\u00ebng\u00ebtaren e njohur t\u00eb sken\u00ebs. \u00c7iljeta i kishin shkuar n\u00eb vesh kaq shum\u00eb thashetheme, prandja edhe pati guximin q\u00eb t\u00eb zgjidhte vet\u00eb gjith\u00eb k\u00ebt\u00eb situat\u00eb, e cila kishte filluar t\u00eb p\u00ebrflitej tej mase edhe nga njer\u00ebzit m\u00eb t\u00eb af\u00ebrt. E pranishme n\u00eb nj\u00eb sfiltat\u00eb q\u00eb po organizohej n\u00eb kryeqytet, ku ndodhej edhe vajza q\u00eb i ngjante, \u00c7iljeta takohet me t\u00eb, p\u00ebr t\u00eb sqaruar gjith\u00e7ka. <a href=\"http:\/\/www.visit-ulcinj.com\/blog\/wp-content\/uploads\/2009\/09\/Ciljeta-dhe-Romeo.7.jpg\"><img loading=\"lazy\" class=\"alignright size-medium wp-image-26025\" title=\"Ciljeta  dhe Romeo.7\" src=\"http:\/\/www.visit-ulcinj.com\/blog\/wp-content\/uploads\/2009\/09\/Ciljeta-dhe-Romeo.7-300x189.jpg\" alt=\"Ciljeta  dhe Romeo.7\" width=\"300\" height=\"189\" \/><\/a><br \/>\nPas k\u00ebtij momenti, se ky sqarim kishte hedhur pas gjith\u00eb fjal\u00ebt e dala, duke v\u00ebrtetuar se mes saj dhe t\u00eb dahsurit t\u00eb \u00c7ilit, nuk kishte pasur kurrsesi ndonj\u00eb dalje me q\u00ebllim prishjen e lidhjes. Dhe ajo e p\u00ebrligj gjith\u00eb k\u00ebt\u00eb situat\u00eb me faktin, se \u00ebsht\u00eb natyr\u00eb shum\u00eb xheloze, madje e ka pohuar k\u00ebt\u00eb edhe n\u00eb nj\u00eb intervist\u00eb t\u00eb para do koh\u00ebsh p\u00ebr \u201cBluetooth\u201d. \u201cUn\u00eb kur b\u00ebhem xheloze e shpreh, dhe shum\u00eb madje. Ka di\u00e7ka shum\u00eb t\u00eb bukur, kur b\u00ebhet xheloz Romeo, afeksionohet edhe m\u00eb shum\u00eb pas meje, \u00e7ka do t\u00eb thot\u00eb q\u00eb xhelozin\u00eb e shpreh me dashuri\u201d \u2013 ka th\u00ebn\u00eb ajo. Ndoshta k\u00ebt\u00eb her\u00eb nuk ka mbajtur m\u00eb \u201cuj\u00eb pilafi\u201d dhe ajo mund t\u00eb jet\u00eb shk\u00ebputur p\u00ebr nj\u00eb pauz\u00eb reflektimi, p\u00ebr t\u00eb vedosur p\u00ebrfundimisht se cil\u00ebn udh\u00eb do t\u00eb ndjek\u00eb historia e tyre e dashuris\u00eb.<br \/>\nGjithsesi, 4 vjet dashuri nuk jan\u00eb kurrsesi pak, p\u00ebr m\u00eb tep\u00ebr ata kan\u00eb qen\u00eb gjithmon\u00eb n\u00eb qend\u00ebr t\u00eb v\u00ebmendjes si nj\u00eb nd\u00ebr \u00e7iftet m\u00eb t\u00eb preferuar n\u00eb publik, nj\u00eb marr\u00ebdh\u00ebnie tejet e konsoliduar, ndryshe nga sa ndodh p\u00ebrdit\u00eb n\u00eb bot\u00ebn e shuobizit. P\u00ebrpos ulje-ngritjeve q\u00eb i kan\u00eb shoq\u00ebruar gjat\u00eb k\u00ebtyre viteve, \u00c7iljeta dhe Romeo, kan\u00eb fiksuar imazhin model, shpesh n\u00eb qend\u00ebr t\u00eb v\u00ebmendjes p\u00ebr aventur\u00ebn e tyre dashurore\u2026!<\/span><\/p>\n<p><span><!--YouTube Error: bad URL entered--><br \/>\n<\/span><\/p>\n","protected":false},"excerpt":{"rendered":"<p>N\u00eb fund t\u00eb korrikut festuan 4 vjetorin e historis\u00eb s\u00eb dashuris\u00eb. Por, kjo lidhje mes \u00c7iljet\u00ebs dhe Romeos, nuk ka m\u00eb at\u00eb pasion t\u00eb zjarrt\u00eb si dikur. \u00cbsht\u00eb e flashk\u00ebt, me shk\u00ebndija z\u00ebnkash dhe xhelozish, q\u00eb miqt\u00eb e besuar t\u00eb k\u00ebng\u00ebtares i kan\u00eb rr\u00ebfyer me shum\u00eb siklet. Gjithmon\u00eb n\u00eb syt\u00eb e publikut, ajo ka qen\u00eb [&hellip;]<\/p>\n","protected":false},"author":1,"featured_media":0,"comment_status":"open","ping_status":"closed","sticky":false,"template":"","format":"standard","meta":{"spay_email":"","jetpack_publicize_message":"","jetpack_is_tweetstorm":false,"jetpack_publicize_feature_enabled":true},"categories":[1],"tags":[5456,6739],"jetpack_publicize_connections":[],"yoast_head":"<!-- This site is optimized with the Yoast SEO plugin v19.1 - https:\/\/yoast.com\/wordpress\/plugins\/seo\/ -->\n<title>\u00c7iljeta ndahet nga Romeo? - Lajme nga Ulqini<\/title>\n<meta name=\"description\" content=\"N\u00eb fund t\u00eb korrikut festuan 4 vjetorin e historis\u00eb s\u00eb dashuris\u00eb. Por, kjo lidhje mes \u00c7iljet\u00ebs dhe Romeos, nuk ka m\u00eb at\u00eb pasion t\u00eb zjarrt\u00eb si dikur. \u00cbsht\u00eb\" \/>\n<meta name=\"robots\" content=\"index, follow, max-snippet:-1, max-image-preview:large, max-video-preview:-1\" \/>\n<link rel=\"canonical\" href=\"https:\/\/www.visit-ulcinj.com\/blog\/2009\/09\/30\/ciljeta-ndahet-nga-romeo\/\" \/>\n<meta property=\"og:locale\" content=\"en_US\" \/>\n<meta property=\"og:type\" content=\"article\" \/>\n<meta property=\"og:title\" content=\"\u00c7iljeta ndahet nga Romeo? - Lajme nga Ulqini\" \/>\n<meta property=\"og:description\" content=\"N\u00eb fund t\u00eb korrikut festuan 4 vjetorin e historis\u00eb s\u00eb dashuris\u00eb. Por, kjo lidhje mes \u00c7iljet\u00ebs dhe Romeos, nuk ka m\u00eb at\u00eb pasion t\u00eb zjarrt\u00eb si dikur. \u00cbsht\u00eb\" \/>\n<meta property=\"og:url\" content=\"https:\/\/www.visit-ulcinj.com\/blog\/2009\/09\/30\/ciljeta-ndahet-nga-romeo\/\" \/>\n<meta property=\"og:site_name\" content=\"Lajme nga Ulqini\" \/>\n<meta property=\"article:published_time\" content=\"2009-09-30T21:45:44+00:00\" \/>\n<meta property=\"og:image\" content=\"http:\/\/www.visit-ulcinj.com\/blog\/wp-content\/uploads\/2009\/09\/Ciljeta-dhe-Romeo.-150x150.jpg\" \/>\n<meta name=\"twitter:label1\" content=\"Written by\" \/>\n\t<meta name=\"twitter:data1\" content=\"ulqini\" \/>\n\t<meta name=\"twitter:label2\" content=\"Est. reading time\" \/>\n\t<meta name=\"twitter:data2\" content=\"6 minutes\" \/>\n<script type=\"application\/ld+json\" class=\"yoast-schema-graph\">{\"@context\":\"https:\/\/schema.org\",\"@graph\":[{\"@type\":\"WebSite\",\"@id\":\"https:\/\/www.visit-ulcinj.com\/blog\/#website\",\"url\":\"https:\/\/www.visit-ulcinj.com\/blog\/\",\"name\":\"Lajme nga Ulqini\",\"description\":\"Lajme,Vijesti,Ulqini,Ulqin,Crna Gora,Mali i Zi\",\"potentialAction\":[{\"@type\":\"SearchAction\",\"target\":{\"@type\":\"EntryPoint\",\"urlTemplate\":\"https:\/\/www.visit-ulcinj.com\/blog\/?s={search_term_string}\"},\"query-input\":\"required name=search_term_string\"}],\"inLanguage\":\"en-US\"},{\"@type\":\"ImageObject\",\"inLanguage\":\"en-US\",\"@id\":\"https:\/\/www.visit-ulcinj.com\/blog\/2009\/09\/30\/ciljeta-ndahet-nga-romeo\/#primaryimage\",\"url\":\"http:\/\/www.visit-ulcinj.com\/blog\/wp-content\/uploads\/2009\/09\/Ciljeta-dhe-Romeo.-150x150.jpg\",\"contentUrl\":\"http:\/\/www.visit-ulcinj.com\/blog\/wp-content\/uploads\/2009\/09\/Ciljeta-dhe-Romeo.-150x150.jpg\"},{\"@type\":\"WebPage\",\"@id\":\"https:\/\/www.visit-ulcinj.com\/blog\/2009\/09\/30\/ciljeta-ndahet-nga-romeo\/#webpage\",\"url\":\"https:\/\/www.visit-ulcinj.com\/blog\/2009\/09\/30\/ciljeta-ndahet-nga-romeo\/\",\"name\":\"\u00c7iljeta ndahet nga Romeo? - Lajme nga Ulqini\",\"isPartOf\":{\"@id\":\"https:\/\/www.visit-ulcinj.com\/blog\/#website\"},\"primaryImageOfPage\":{\"@id\":\"https:\/\/www.visit-ulcinj.com\/blog\/2009\/09\/30\/ciljeta-ndahet-nga-romeo\/#primaryimage\"},\"datePublished\":\"2009-09-30T21:45:44+00:00\",\"dateModified\":\"2009-09-30T21:45:44+00:00\",\"author\":{\"@id\":\"https:\/\/www.visit-ulcinj.com\/blog\/#\/schema\/person\/dcab619c614d3038751c63bc2aadc06d\"},\"description\":\"N\u00eb fund t\u00eb korrikut festuan 4 vjetorin e historis\u00eb s\u00eb dashuris\u00eb. Por, kjo lidhje mes \u00c7iljet\u00ebs dhe Romeos, nuk ka m\u00eb at\u00eb pasion t\u00eb zjarrt\u00eb si dikur. \u00cbsht\u00eb\",\"breadcrumb\":{\"@id\":\"https:\/\/www.visit-ulcinj.com\/blog\/2009\/09\/30\/ciljeta-ndahet-nga-romeo\/#breadcrumb\"},\"inLanguage\":\"en-US\",\"potentialAction\":[{\"@type\":\"ReadAction\",\"target\":[\"https:\/\/www.visit-ulcinj.com\/blog\/2009\/09\/30\/ciljeta-ndahet-nga-romeo\/\"]}]},{\"@type\":\"BreadcrumbList\",\"@id\":\"https:\/\/www.visit-ulcinj.com\/blog\/2009\/09\/30\/ciljeta-ndahet-nga-romeo\/#breadcrumb\",\"itemListElement\":[{\"@type\":\"ListItem\",\"position\":1,\"name\":\"\u00c7iljeta ndahet nga Romeo?\"}]},{\"@type\":\"Person\",\"@id\":\"https:\/\/www.visit-ulcinj.com\/blog\/#\/schema\/person\/dcab619c614d3038751c63bc2aadc06d\",\"name\":\"ulqini\",\"sameAs\":[\"http:\/\/www.visit-ulcinj.com\"],\"url\":\"https:\/\/www.visit-ulcinj.com\/blog\/author\/admin\/\"}]}<\/script>\n<!-- \/ Yoast SEO plugin. -->","yoast_head_json":{"title":"\u00c7iljeta ndahet nga Romeo? - Lajme nga Ulqini","description":"N\u00eb fund t\u00eb korrikut festuan 4 vjetorin e historis\u00eb s\u00eb dashuris\u00eb. Por, kjo lidhje mes \u00c7iljet\u00ebs dhe Romeos, nuk ka m\u00eb at\u00eb pasion t\u00eb zjarrt\u00eb si dikur. \u00cbsht\u00eb","robots":{"index":"index","follow":"follow","max-snippet":"max-snippet:-1","max-image-preview":"max-image-preview:large","max-video-preview":"max-video-preview:-1"},"canonical":"https:\/\/www.visit-ulcinj.com\/blog\/2009\/09\/30\/ciljeta-ndahet-nga-romeo\/","og_locale":"en_US","og_type":"article","og_title":"\u00c7iljeta ndahet nga Romeo? - Lajme nga Ulqini","og_description":"N\u00eb fund t\u00eb korrikut festuan 4 vjetorin e historis\u00eb s\u00eb dashuris\u00eb. Por, kjo lidhje mes \u00c7iljet\u00ebs dhe Romeos, nuk ka m\u00eb at\u00eb pasion t\u00eb zjarrt\u00eb si dikur. \u00cbsht\u00eb","og_url":"https:\/\/www.visit-ulcinj.com\/blog\/2009\/09\/30\/ciljeta-ndahet-nga-romeo\/","og_site_name":"Lajme nga Ulqini","article_published_time":"2009-09-30T21:45:44+00:00","og_image":[{"url":"http:\/\/www.visit-ulcinj.com\/blog\/wp-content\/uploads\/2009\/09\/Ciljeta-dhe-Romeo.-150x150.jpg"}],"twitter_misc":{"Written by":"ulqini","Est. reading time":"6 minutes"},"schema":{"@context":"https:\/\/schema.org","@graph":[{"@type":"WebSite","@id":"https:\/\/www.visit-ulcinj.com\/blog\/#website","url":"https:\/\/www.visit-ulcinj.com\/blog\/","name":"Lajme nga Ulqini","description":"Lajme,Vijesti,Ulqini,Ulqin,Crna Gora,Mali i Zi","potentialAction":[{"@type":"SearchAction","target":{"@type":"EntryPoint","urlTemplate":"https:\/\/www.visit-ulcinj.com\/blog\/?s={search_term_string}"},"query-input":"required name=search_term_string"}],"inLanguage":"en-US"},{"@type":"ImageObject","inLanguage":"en-US","@id":"https:\/\/www.visit-ulcinj.com\/blog\/2009\/09\/30\/ciljeta-ndahet-nga-romeo\/#primaryimage","url":"http:\/\/www.visit-ulcinj.com\/blog\/wp-content\/uploads\/2009\/09\/Ciljeta-dhe-Romeo.-150x150.jpg","contentUrl":"http:\/\/www.visit-ulcinj.com\/blog\/wp-content\/uploads\/2009\/09\/Ciljeta-dhe-Romeo.-150x150.jpg"},{"@type":"WebPage","@id":"https:\/\/www.visit-ulcinj.com\/blog\/2009\/09\/30\/ciljeta-ndahet-nga-romeo\/#webpage","url":"https:\/\/www.visit-ulcinj.com\/blog\/2009\/09\/30\/ciljeta-ndahet-nga-romeo\/","name":"\u00c7iljeta ndahet nga Romeo? - Lajme nga Ulqini","isPartOf":{"@id":"https:\/\/www.visit-ulcinj.com\/blog\/#website"},"primaryImageOfPage":{"@id":"https:\/\/www.visit-ulcinj.com\/blog\/2009\/09\/30\/ciljeta-ndahet-nga-romeo\/#primaryimage"},"datePublished":"2009-09-30T21:45:44+00:00","dateModified":"2009-09-30T21:45:44+00:00","author":{"@id":"https:\/\/www.visit-ulcinj.com\/blog\/#\/schema\/person\/dcab619c614d3038751c63bc2aadc06d"},"description":"N\u00eb fund t\u00eb korrikut festuan 4 vjetorin e historis\u00eb s\u00eb dashuris\u00eb. Por, kjo lidhje mes \u00c7iljet\u00ebs dhe Romeos, nuk ka m\u00eb at\u00eb pasion t\u00eb zjarrt\u00eb si dikur. \u00cbsht\u00eb","breadcrumb":{"@id":"https:\/\/www.visit-ulcinj.com\/blog\/2009\/09\/30\/ciljeta-ndahet-nga-romeo\/#breadcrumb"},"inLanguage":"en-US","potentialAction":[{"@type":"ReadAction","target":["https:\/\/www.visit-ulcinj.com\/blog\/2009\/09\/30\/ciljeta-ndahet-nga-romeo\/"]}]},{"@type":"BreadcrumbList","@id":"https:\/\/www.visit-ulcinj.com\/blog\/2009\/09\/30\/ciljeta-ndahet-nga-romeo\/#breadcrumb","itemListElement":[{"@type":"ListItem","position":1,"name":"\u00c7iljeta ndahet nga Romeo?"}]},{"@type":"Person","@id":"https:\/\/www.visit-ulcinj.com\/blog\/#\/schema\/person\/dcab619c614d3038751c63bc2aadc06d","name":"ulqini","sameAs":["http:\/\/www.visit-ulcinj.com"],"url":"https:\/\/www.visit-ulcinj.com\/blog\/author\/admin\/"}]}},"jetpack_featured_media_url":"","jetpack_sharing_enabled":true,"jetpack_shortlink":"https:\/\/wp.me\/pe6lTn-6Lz","_links":{"self":[{"href":"https:\/\/www.visit-ulcinj.com\/blog\/wp-json\/wp\/v2\/posts\/26013"}],"collection":[{"href":"https:\/\/www.visit-ulcinj.com\/blog\/wp-json\/wp\/v2\/posts"}],"about":[{"href":"https:\/\/www.visit-ulcinj.com\/blog\/wp-json\/wp\/v2\/types\/post"}],"author":[{"embeddable":true,"href":"https:\/\/www.visit-ulcinj.com\/blog\/wp-json\/wp\/v2\/users\/1"}],"replies":[{"embeddable":true,"href":"https:\/\/www.visit-ulcinj.com\/blog\/wp-json\/wp\/v2\/comments?post=26013"}],"version-history":[{"count":0,"href":"https:\/\/www.visit-ulcinj.com\/blog\/wp-json\/wp\/v2\/posts\/26013\/revisions"}],"wp:attachment":[{"href":"https:\/\/www.visit-ulcinj.com\/blog\/wp-json\/wp\/v2\/media?parent=26013"}],"wp:term":[{"taxonomy":"category","embeddable":true,"href":"https:\/\/www.visit-ulcinj.com\/blog\/wp-json\/wp\/v2\/categories?post=26013"},{"taxonomy":"post_tag","embeddable":true,"href":"https:\/\/www.visit-ulcinj.com\/blog\/wp-json\/wp\/v2\/tags?post=26013"}],"curies":[{"name":"wp","href":"https:\/\/api.w.org\/{rel}","templated":true}]}}