{"id":26028,"date":"2009-10-01T07:15:22","date_gmt":"2009-10-01T05:15:22","guid":{"rendered":"http:\/\/www.visit-ulcinj.com\/blog\/?p=26028"},"modified":"2009-10-11T23:53:47","modified_gmt":"2009-10-11T21:53:47","slug":"albanci-nijesu-isti-kao-druge-manjine","status":"publish","type":"post","link":"https:\/\/www.visit-ulcinj.com\/blog\/2009\/10\/01\/albanci-nijesu-isti-kao-druge-manjine\/","title":{"rendered":"Albanci nijesu isti kao druge manjine &#8211; Video"},"content":{"rendered":"<p><a href=\"http:\/\/www.visit-ulcinj.com\/blog\/wp-content\/uploads\/2009\/10\/Hollaj_Nimanbegu_Bardhi.jpg\"><img loading=\"lazy\" class=\"alignleft size-full wp-image-26031\" title=\"Hollaj_Nimanbegu_Bardhi\" src=\"http:\/\/www.visit-ulcinj.com\/blog\/wp-content\/uploads\/2009\/10\/Hollaj_Nimanbegu_Bardhi.jpg\" alt=\"Hollaj_Nimanbegu_Bardhi\" width=\"371\" height=\"243\" \/><\/a><\/p>\n<p><strong>Albanske stranke ne odustaju od prava na posebnu izbornu jedinicu, Mehmed Bardhi tvrdi:<\/strong><\/p>\n<p>Podgorica &#8211; Predstavnici albanskih partija najavili su da ne?e odustati od zahtjeva da se izbornim zakonom toj nacionalnoj manjini garantuje pravo na pet poslanika. Onie tvrde da ?e \u017eestoko insistirati da se njihova prava ne dovode u pitanje.<\/p>\n<p>\u201cPredlozi kojim se garantuje samo jedno mjesto partijama koje u?estvuju na izborima za autenti?ne mandate je korak koji ote\u017eava pravednu zastupljenost nacionalnih manjina. Oni koji to tra\u017ee pod izgovorom da nema ste?enih prava u smislu na?ina izbora, i da se time povre?uje jednakost gra?ana, moram podsjetiti da su se na tim bira?kim mjestima ve? pet puta parlamentarni izbori odr\u017eali po tim pravilima. Zato se logi?ki postavlja pitanje, za\u0161to ih ba\u0161 sad mijenjati\u201d, kazao je poslanik Force Genci Nimanbegu.<\/p>\n<p>Prema va\u017ee?em Zakonu o izboru poslanika i odbornika Albanci imaju pravo na neku vrstu posebne izborne jedinice koja obuhvata bira?ka mjesta u kojima ?ine ve?inu. Posebnom uredbom parlamenta, u toj izbornoj jedinici bira se pet albanskih poslanika.<\/p>\n<p>Predstavnici vladaju?e koalicije u Radnoj grupi za usagla\u0161avanje izbornog zakonodavstva tra\u017ee da se manjina obezbjedi po jedan garantovani mandat, dok bi dodatnu klupu u parlamentu dobili u slu?aju da pre?u cenzus od tri odsto. Na parlamentarnim izborima odr\u017eanim u martu, nijedna albanska stranka nije uspijela da pre?e taj cenzus.<\/p>\n<p>Lider Demokratskog saveza Mehmed Bardhi je kazao da albanski poslanici ne?e odustati od zahtjeva za posebnom jedinicom i pet garantovanih mandata, ocjenjuju?i da bi svako drugo rje\u0161enje bilo korak unazad. On o?ekuje da ?e na kona?no zakonsko rije\u0161enje bitno uticati stav albanskih struktura bliskih vlasti.<\/p>\n<p>\u201cNe pada nam na pamet da se slo\u017eimo sa predlogom vladaju?e koalicije. Postoje neka ste?ena prava, jer su Albanci manjina koja se i po jeziku razlikuje od ostalih, a postoji i homogenost na odre?enim prostorima. Ako Skup\u0161tina usvoji predlog vladaju?e koalicije to bi bilo unaza?ivanje prava Albanaca, i mo\u017eda bi Albanci u Crnoj Gori morali da po?nu is- po?etka\u201d, upozorio je on.<\/p>\n<p>U predlogu poslanika Force i koalicije Perspektiva dostavljenom Radnoj grupi, u koji su \u201cVijesti\u201d imale uvid, tra\u017ei se posebna izborna jedinica koju bi ?inila bira?ka mjesta sa ve?inskim albanskim stanovni\u0161tvom. Prema tom prijedlogu mandate iz te jedinice dijelile bi samo albanske nacionalne stranke, dok bi ostale stranke imale pravo da dobijaju glasove koji bi se ra?unali u jedinstvenoj izbornoj jedinici.<\/p>\n<p>Podsje?aju?i da ?e radna grupa nastaviti da radi u dvije podgrupe, poslanik koalicije Perspektiva i ?lan tog skup\u0161tinskog tijela Amir Holaj o?ekuje da ?e kona?no rije\u0161enje biti dobro za sve nacionalne manjine.<\/p>\n<p>\u201cPredlog DPS-a je za nas neprihvatljiv, tako da zadr\u017eavanje i unaprije?enje na\u0161ih zahtjeva za sada izgleda nemogu?e, ali se nadamo da ?emo nai?i i na njihovo razumjevanje. Ima interesantnih predloga od strane drugih subjekata ali koji su nedovr\u0161eni i dosta nejasni, pa ostavljamo mogu?nost dogovora svim varijantama koje su u opticaju, pod uslovom da ste?ena prava ne izgubimo\u201d, rekao je on.<\/p>\n<p><strong>Veskovi? se \u017eali OEBS-u<\/strong><\/p>\n<p>Predsjednik Demokratske zajednice Muslimana-Bo\u0161njaka Rifat Veskovi? optu\u017eio je DPS da poni\u017eava nacionalne manjine predlogom da imaju po jedan garantovani mandat.<\/p>\n<p>Nakon \u0161to je to iznio Mevludin Nuhod\u017ei? iz DPS, Veskovi? je najavio da ?e o svemu obavijestiti kancelarije Savjeta Evrope, OEBS-a i sve strane ambasade u Crnoj Gori.<\/p>\n<p>\u201cIstovremeno se ozbiljno pripremamo na stvaranje \u0161iroke Bo\u0161nja?ko-muslimanske koalicije\u201d, kazao je Veskovi?.<\/p>\n<p><strong><\/p>\n<p>Sa.KAJO\u0160EVI?<\/p>\n<p><a href=\"http:\/\/www.vijesti.me\/index.php?id=317375\" target=\"_blank\">Vijesti<\/a><\/strong><\/p>\n<p><strong>Video RTCG<br \/>\n<\/strong><\/p>\n<p><strong>[flv width=&#8221;580&#8243; height=&#8221;400&#8243;]http:\/\/www.rtcg.me\/images\/biblioteka\/audio_video_arhiva\/Replika%20-%20Izborno%20zakonodavstvo.flv[\/flv]<\/p>\n<p><\/strong><\/p>\n","protected":false},"excerpt":{"rendered":"<p>Albanske stranke ne odustaju od prava na posebnu izbornu jedinicu, Mehmed Bardhi tvrdi: Podgorica &#8211; Predstavnici albanskih partija najavili su da ne?e odustati od zahtjeva da se izbornim zakonom toj nacionalnoj manjini garantuje pravo na pet poslanika. Onie tvrde da ?e \u017eestoko insistirati da se njihova prava ne dovode u pitanje. \u201cPredlozi kojim se garantuje [&hellip;]<\/p>\n","protected":false},"author":1,"featured_media":0,"comment_status":"open","ping_status":"closed","sticky":false,"template":"","format":"standard","meta":{"spay_email":"","jetpack_publicize_message":"","jetpack_is_tweetstorm":false,"jetpack_publicize_feature_enabled":true},"categories":[8337],"tags":[12577,4513,12575,12578,12576,9586,12579],"jetpack_publicize_connections":[],"yoast_head":"<!-- This site is optimized with the Yoast SEO plugin v19.1 - https:\/\/yoast.com\/wordpress\/plugins\/seo\/ -->\n<title>Albanci nijesu isti kao druge manjine - Video - Lajme nga Ulqini<\/title>\n<meta name=\"description\" content=\"Albanske stranke ne odustaju od prava na posebnu izbornu jedinicu, Mehmed Bardhi tvrdi: Podgorica - Predstavnici albanskih partija najavili su da ne?e\" \/>\n<meta name=\"robots\" content=\"index, follow, max-snippet:-1, max-image-preview:large, max-video-preview:-1\" \/>\n<link rel=\"canonical\" href=\"https:\/\/www.visit-ulcinj.com\/blog\/2009\/10\/01\/albanci-nijesu-isti-kao-druge-manjine\/\" \/>\n<meta property=\"og:locale\" content=\"en_US\" \/>\n<meta property=\"og:type\" content=\"article\" \/>\n<meta property=\"og:title\" content=\"Albanci nijesu isti kao druge manjine - Video - Lajme nga Ulqini\" \/>\n<meta property=\"og:description\" content=\"Albanske stranke ne odustaju od prava na posebnu izbornu jedinicu, Mehmed Bardhi tvrdi: Podgorica - Predstavnici albanskih partija najavili su da ne?e\" \/>\n<meta property=\"og:url\" content=\"https:\/\/www.visit-ulcinj.com\/blog\/2009\/10\/01\/albanci-nijesu-isti-kao-druge-manjine\/\" \/>\n<meta property=\"og:site_name\" content=\"Lajme nga Ulqini\" \/>\n<meta property=\"article:published_time\" content=\"2009-10-01T05:15:22+00:00\" \/>\n<meta property=\"article:modified_time\" content=\"2009-10-11T21:53:47+00:00\" \/>\n<meta property=\"og:image\" content=\"http:\/\/www.visit-ulcinj.com\/blog\/wp-content\/uploads\/2009\/10\/Hollaj_Nimanbegu_Bardhi.jpg\" \/>\n<meta name=\"twitter:label1\" content=\"Written by\" \/>\n\t<meta name=\"twitter:data1\" content=\"ulqini\" \/>\n\t<meta name=\"twitter:label2\" content=\"Est. reading time\" \/>\n\t<meta name=\"twitter:data2\" content=\"3 minutes\" \/>\n<script type=\"application\/ld+json\" class=\"yoast-schema-graph\">{\"@context\":\"https:\/\/schema.org\",\"@graph\":[{\"@type\":\"WebSite\",\"@id\":\"https:\/\/www.visit-ulcinj.com\/blog\/#website\",\"url\":\"https:\/\/www.visit-ulcinj.com\/blog\/\",\"name\":\"Lajme nga Ulqini\",\"description\":\"Lajme,Vijesti,Ulqini,Ulqin,Crna Gora,Mali i Zi\",\"potentialAction\":[{\"@type\":\"SearchAction\",\"target\":{\"@type\":\"EntryPoint\",\"urlTemplate\":\"https:\/\/www.visit-ulcinj.com\/blog\/?s={search_term_string}\"},\"query-input\":\"required name=search_term_string\"}],\"inLanguage\":\"en-US\"},{\"@type\":\"ImageObject\",\"inLanguage\":\"en-US\",\"@id\":\"https:\/\/www.visit-ulcinj.com\/blog\/2009\/10\/01\/albanci-nijesu-isti-kao-druge-manjine\/#primaryimage\",\"url\":\"https:\/\/www.visit-ulcinj.com\/blog\/wp-content\/uploads\/2009\/10\/Hollaj_Nimanbegu_Bardhi.jpg\",\"contentUrl\":\"https:\/\/www.visit-ulcinj.com\/blog\/wp-content\/uploads\/2009\/10\/Hollaj_Nimanbegu_Bardhi.jpg\",\"width\":\"290\",\"height\":\"190\"},{\"@type\":\"WebPage\",\"@id\":\"https:\/\/www.visit-ulcinj.com\/blog\/2009\/10\/01\/albanci-nijesu-isti-kao-druge-manjine\/#webpage\",\"url\":\"https:\/\/www.visit-ulcinj.com\/blog\/2009\/10\/01\/albanci-nijesu-isti-kao-druge-manjine\/\",\"name\":\"Albanci nijesu isti kao druge manjine - Video - Lajme nga Ulqini\",\"isPartOf\":{\"@id\":\"https:\/\/www.visit-ulcinj.com\/blog\/#website\"},\"primaryImageOfPage\":{\"@id\":\"https:\/\/www.visit-ulcinj.com\/blog\/2009\/10\/01\/albanci-nijesu-isti-kao-druge-manjine\/#primaryimage\"},\"datePublished\":\"2009-10-01T05:15:22+00:00\",\"dateModified\":\"2009-10-11T21:53:47+00:00\",\"author\":{\"@id\":\"https:\/\/www.visit-ulcinj.com\/blog\/#\/schema\/person\/dcab619c614d3038751c63bc2aadc06d\"},\"description\":\"Albanske stranke ne odustaju od prava na posebnu izbornu jedinicu, Mehmed Bardhi tvrdi: Podgorica - Predstavnici albanskih partija najavili su da ne?e\",\"breadcrumb\":{\"@id\":\"https:\/\/www.visit-ulcinj.com\/blog\/2009\/10\/01\/albanci-nijesu-isti-kao-druge-manjine\/#breadcrumb\"},\"inLanguage\":\"en-US\",\"potentialAction\":[{\"@type\":\"ReadAction\",\"target\":[\"https:\/\/www.visit-ulcinj.com\/blog\/2009\/10\/01\/albanci-nijesu-isti-kao-druge-manjine\/\"]}]},{\"@type\":\"BreadcrumbList\",\"@id\":\"https:\/\/www.visit-ulcinj.com\/blog\/2009\/10\/01\/albanci-nijesu-isti-kao-druge-manjine\/#breadcrumb\",\"itemListElement\":[{\"@type\":\"ListItem\",\"position\":1,\"name\":\"Albanci nijesu isti kao druge manjine &#8211; Video\"}]},{\"@type\":\"Person\",\"@id\":\"https:\/\/www.visit-ulcinj.com\/blog\/#\/schema\/person\/dcab619c614d3038751c63bc2aadc06d\",\"name\":\"ulqini\",\"sameAs\":[\"http:\/\/www.visit-ulcinj.com\"],\"url\":\"https:\/\/www.visit-ulcinj.com\/blog\/author\/admin\/\"}]}<\/script>\n<!-- \/ Yoast SEO plugin. -->","yoast_head_json":{"title":"Albanci nijesu isti kao druge manjine - Video - Lajme nga Ulqini","description":"Albanske stranke ne odustaju od prava na posebnu izbornu jedinicu, Mehmed Bardhi tvrdi: Podgorica - Predstavnici albanskih partija najavili su da ne?e","robots":{"index":"index","follow":"follow","max-snippet":"max-snippet:-1","max-image-preview":"max-image-preview:large","max-video-preview":"max-video-preview:-1"},"canonical":"https:\/\/www.visit-ulcinj.com\/blog\/2009\/10\/01\/albanci-nijesu-isti-kao-druge-manjine\/","og_locale":"en_US","og_type":"article","og_title":"Albanci nijesu isti kao druge manjine - Video - Lajme nga Ulqini","og_description":"Albanske stranke ne odustaju od prava na posebnu izbornu jedinicu, Mehmed Bardhi tvrdi: Podgorica - Predstavnici albanskih partija najavili su da ne?e","og_url":"https:\/\/www.visit-ulcinj.com\/blog\/2009\/10\/01\/albanci-nijesu-isti-kao-druge-manjine\/","og_site_name":"Lajme nga Ulqini","article_published_time":"2009-10-01T05:15:22+00:00","article_modified_time":"2009-10-11T21:53:47+00:00","og_image":[{"url":"http:\/\/www.visit-ulcinj.com\/blog\/wp-content\/uploads\/2009\/10\/Hollaj_Nimanbegu_Bardhi.jpg"}],"twitter_misc":{"Written by":"ulqini","Est. reading time":"3 minutes"},"schema":{"@context":"https:\/\/schema.org","@graph":[{"@type":"WebSite","@id":"https:\/\/www.visit-ulcinj.com\/blog\/#website","url":"https:\/\/www.visit-ulcinj.com\/blog\/","name":"Lajme nga Ulqini","description":"Lajme,Vijesti,Ulqini,Ulqin,Crna Gora,Mali i Zi","potentialAction":[{"@type":"SearchAction","target":{"@type":"EntryPoint","urlTemplate":"https:\/\/www.visit-ulcinj.com\/blog\/?s={search_term_string}"},"query-input":"required name=search_term_string"}],"inLanguage":"en-US"},{"@type":"ImageObject","inLanguage":"en-US","@id":"https:\/\/www.visit-ulcinj.com\/blog\/2009\/10\/01\/albanci-nijesu-isti-kao-druge-manjine\/#primaryimage","url":"https:\/\/www.visit-ulcinj.com\/blog\/wp-content\/uploads\/2009\/10\/Hollaj_Nimanbegu_Bardhi.jpg","contentUrl":"https:\/\/www.visit-ulcinj.com\/blog\/wp-content\/uploads\/2009\/10\/Hollaj_Nimanbegu_Bardhi.jpg","width":"290","height":"190"},{"@type":"WebPage","@id":"https:\/\/www.visit-ulcinj.com\/blog\/2009\/10\/01\/albanci-nijesu-isti-kao-druge-manjine\/#webpage","url":"https:\/\/www.visit-ulcinj.com\/blog\/2009\/10\/01\/albanci-nijesu-isti-kao-druge-manjine\/","name":"Albanci nijesu isti kao druge manjine - Video - Lajme nga Ulqini","isPartOf":{"@id":"https:\/\/www.visit-ulcinj.com\/blog\/#website"},"primaryImageOfPage":{"@id":"https:\/\/www.visit-ulcinj.com\/blog\/2009\/10\/01\/albanci-nijesu-isti-kao-druge-manjine\/#primaryimage"},"datePublished":"2009-10-01T05:15:22+00:00","dateModified":"2009-10-11T21:53:47+00:00","author":{"@id":"https:\/\/www.visit-ulcinj.com\/blog\/#\/schema\/person\/dcab619c614d3038751c63bc2aadc06d"},"description":"Albanske stranke ne odustaju od prava na posebnu izbornu jedinicu, Mehmed Bardhi tvrdi: Podgorica - Predstavnici albanskih partija najavili su da ne?e","breadcrumb":{"@id":"https:\/\/www.visit-ulcinj.com\/blog\/2009\/10\/01\/albanci-nijesu-isti-kao-druge-manjine\/#breadcrumb"},"inLanguage":"en-US","potentialAction":[{"@type":"ReadAction","target":["https:\/\/www.visit-ulcinj.com\/blog\/2009\/10\/01\/albanci-nijesu-isti-kao-druge-manjine\/"]}]},{"@type":"BreadcrumbList","@id":"https:\/\/www.visit-ulcinj.com\/blog\/2009\/10\/01\/albanci-nijesu-isti-kao-druge-manjine\/#breadcrumb","itemListElement":[{"@type":"ListItem","position":1,"name":"Albanci nijesu isti kao druge manjine &#8211; Video"}]},{"@type":"Person","@id":"https:\/\/www.visit-ulcinj.com\/blog\/#\/schema\/person\/dcab619c614d3038751c63bc2aadc06d","name":"ulqini","sameAs":["http:\/\/www.visit-ulcinj.com"],"url":"https:\/\/www.visit-ulcinj.com\/blog\/author\/admin\/"}]}},"jetpack_featured_media_url":"","jetpack_sharing_enabled":true,"jetpack_shortlink":"https:\/\/wp.me\/pe6lTn-6LO","_links":{"self":[{"href":"https:\/\/www.visit-ulcinj.com\/blog\/wp-json\/wp\/v2\/posts\/26028"}],"collection":[{"href":"https:\/\/www.visit-ulcinj.com\/blog\/wp-json\/wp\/v2\/posts"}],"about":[{"href":"https:\/\/www.visit-ulcinj.com\/blog\/wp-json\/wp\/v2\/types\/post"}],"author":[{"embeddable":true,"href":"https:\/\/www.visit-ulcinj.com\/blog\/wp-json\/wp\/v2\/users\/1"}],"replies":[{"embeddable":true,"href":"https:\/\/www.visit-ulcinj.com\/blog\/wp-json\/wp\/v2\/comments?post=26028"}],"version-history":[{"count":0,"href":"https:\/\/www.visit-ulcinj.com\/blog\/wp-json\/wp\/v2\/posts\/26028\/revisions"}],"wp:attachment":[{"href":"https:\/\/www.visit-ulcinj.com\/blog\/wp-json\/wp\/v2\/media?parent=26028"}],"wp:term":[{"taxonomy":"category","embeddable":true,"href":"https:\/\/www.visit-ulcinj.com\/blog\/wp-json\/wp\/v2\/categories?post=26028"},{"taxonomy":"post_tag","embeddable":true,"href":"https:\/\/www.visit-ulcinj.com\/blog\/wp-json\/wp\/v2\/tags?post=26028"}],"curies":[{"name":"wp","href":"https:\/\/api.w.org\/{rel}","templated":true}]}}