{"id":26037,"date":"2009-10-01T08:04:08","date_gmt":"2009-10-01T06:04:08","guid":{"rendered":"http:\/\/www.visit-ulcinj.com\/blog\/?p=26037"},"modified":"2009-10-01T08:04:49","modified_gmt":"2009-10-01T06:04:49","slug":"terhiqet-enciklopedia-maqedonase-nga-shitja","status":"publish","type":"post","link":"https:\/\/www.visit-ulcinj.com\/blog\/2009\/10\/01\/terhiqet-enciklopedia-maqedonase-nga-shitja\/","title":{"rendered":"T\u00ebrhiqet Enciklopedia Maqedonase nga shitja &#8211; Video"},"content":{"rendered":"<p><a href=\"http:\/\/www.visit-ulcinj.com\/blog\/wp-content\/uploads\/2009\/10\/Enciklopedia-Maqedonase.jpg\"><img loading=\"lazy\" class=\"alignleft size-full wp-image-26038\" title=\"Enciklopedia Maqedonase\" src=\"http:\/\/www.visit-ulcinj.com\/blog\/wp-content\/uploads\/2009\/10\/Enciklopedia-Maqedonase.jpg\" alt=\"Enciklopedia Maqedonase\" width=\"346\" height=\"259\" \/><\/a>Shkup &#8211; Akademia e Shkencave dhe e Arteve e Maqedonis\u00eb ka t\u00ebrhequr nga shitja Enciklopedin\u00eb maqedonase dhe n\u00eb nj\u00eb afat t\u00eb shkurt\u00ebt kohor do t\u2019i korrigjoj pjes\u00ebt kontestuese q\u00eb kan\u00eb t\u00eb b\u00ebjn\u00eb me raportet dhe lidhjet mes maqedonasve dhe shqiptar\u00ebve, p\u00ebr shqiptar\u00ebt e Maqedonis\u00eb, Ali Ahmetin, N\u00ebn\u00eb Terez\u00ebn, U\u00c7K-n\u00eb dhe luft\u00ebn n\u00eb Maqedoni.<\/p>\n<p>Kryesia e Akademis\u00eb ka obliguar redaksin\u00eb q\u00eb p\u00ebrmir\u00ebsimet e apostrofuara t\u2019i b\u00ebj\u00eb n\u00eb bashk\u00ebpunim me akademik\u00ebt shqiptar dhe shkenc\u00ebtar\u00ebt e tjer\u00eb t\u00eb bashk\u00ebsive etnike jo shumic\u00eb.<\/p>\n<p>Ky \u00ebsht\u00eb konkluzioni kryesor i mbledhjes s\u00eb kryesis\u00eb s\u00eb Akademis\u00eb s\u00eb Shkencave dhe Arteve t\u00eb Maqedonis\u00eb. Kryesia e Akademis\u00eb do t\u00eb th\u00ebrras\u00eb edhe nj\u00eb mbledhje t\u00eb jasht\u00ebzakonshme t\u00eb Kuvendit n\u00eb t\u00eb cilin do t\u00eb vendoset p\u00ebr p\u00ebrgjegj\u00ebsin\u00eb e an\u00ebtar\u00ebve t\u00eb redaksis\u00eb t\u00eb kryesuar me Bllazhe Ristevskin.<\/p>\n<p>\u201cKryesia e ASHAM-it shfaqi brengosje t\u00eb thell\u00eb p\u00ebr faktin se Enciklopedia e par\u00eb maqedonase shkaktoi reagime dhe debate t\u00eb ashpra dhe t\u00eb pad\u00ebshiruara, q\u00eb u b\u00ebn\u00eb shkas p\u00ebr tensione t\u00eb reja nd\u00ebretnike n\u00eb Maqedoni, si dhe shkas p\u00ebr nj\u00eb s\u00ebr\u00eb pak\u00ebnaq\u00ebsish, animozitete dhe reagime. Kryesia e ASHAM-it distancohet dhe shfaq brengosjen p\u00ebr pasakt\u00ebsin\u00eb eventuale dhe t\u00eb paq\u00ebllimshme t\u00eb p\u00ebrmbajtjes s\u00eb botimit t\u00eb par\u00eb promovues t\u00eb Enciklopedis\u00eb maqedonase dhe e bind opinionin maqedonas dhe nd\u00ebrkomb\u00ebtar se t\u00eb nj\u00ebjtat do t\u00eb korrigjohen, pa b\u00ebr\u00eb me k\u00ebt\u00eb rast ndonj\u00eb rishikim t\u00eb fakteve historike dhe pa irrituar emocionet kolektive t\u00eb bashk\u00ebsive q\u00eb jan\u00eb pjes\u00eb e Maqedonis\u00eb moderne\u201d, thuhet n\u00eb komunikat\u00ebn e Akademis\u00eb.<\/p>\n<p>Kryesia e saj vler\u00ebson se Akademia si institucion i lart\u00eb shkencor n\u00eb Maqedoni n\u00eb asnj\u00eb moment nuk ka qen\u00eb antishqiptare dhe as q\u00eb ka prejudikuar ksenofobi n\u00eb raport me bashk\u00ebsit\u00eb etnike n\u00eb Maqedoni. Kryesia e Akademis\u00eb s\u00eb Shkencave dhe Arteve i hedh posht\u00eb p\u00ebrpjekjet e pashembullta p\u00ebr delegjitimimin e saj si institucion i lart\u00eb shkencor dhe shpreh keqardhjen p\u00ebr formulimet jo p\u00ebrkat\u00ebse q\u00eb disa autor\u00eb t\u00eb teksteve kan\u00eb shprehur ndaj ambasadave t\u00eb SHBA-s\u00eb dhe Britanis\u00eb s\u00eb Madhe.<\/p>\n<p>Akademia ka shprehur gjithashtu gatishm\u00ebrin\u00eb q\u00eb p\u00ebrmes dialogut shkencor me t\u00eb gjith\u00eb shkenc\u00ebtar\u00ebt n\u00eb Maqedoni t\u00eb trajtoj\u00eb t\u00eb gjitha problematika t\u00eb caktuara si dhe t\u00eb gjitha \u00e7\u00ebshtjet e tjera p\u00ebr t\u00eb cilat ekziston interes shkencor.<\/p>\n<p><strong><small>KOSOVANEWS<br \/>\nTOP CHANNEL VIDEO<\/small><\/strong><br \/>\n[flv width=&#8221;580&#8243; height=&#8221;400&#8243;]http:\/\/video1.top-channel.tv\/18754796\/flv\/kronika\/maqedoniaa.flv[\/flv]<\/p>\n","protected":false},"excerpt":{"rendered":"<p>Shkup &#8211; Akademia e Shkencave dhe e Arteve e Maqedonis\u00eb ka t\u00ebrhequr nga shitja Enciklopedin\u00eb maqedonase dhe n\u00eb nj\u00eb afat t\u00eb shkurt\u00ebt kohor do t\u2019i korrigjoj pjes\u00ebt kontestuese q\u00eb kan\u00eb t\u00eb b\u00ebjn\u00eb me raportet dhe lidhjet mes maqedonasve dhe shqiptar\u00ebve, p\u00ebr shqiptar\u00ebt e Maqedonis\u00eb, Ali Ahmetin, N\u00ebn\u00eb Terez\u00ebn, U\u00c7K-n\u00eb dhe luft\u00ebn n\u00eb Maqedoni. Kryesia e [&hellip;]<\/p>\n","protected":false},"author":1,"featured_media":0,"comment_status":"open","ping_status":"closed","sticky":false,"template":"","format":"standard","meta":{"spay_email":"","jetpack_publicize_message":"","jetpack_is_tweetstorm":false,"jetpack_publicize_feature_enabled":true},"categories":[12],"tags":[12580],"jetpack_publicize_connections":[],"yoast_head":"<!-- This site is optimized with the Yoast SEO plugin v19.1 - https:\/\/yoast.com\/wordpress\/plugins\/seo\/ -->\n<title>T\u00ebrhiqet Enciklopedia Maqedonase nga shitja - Video - Lajme nga Ulqini<\/title>\n<meta name=\"description\" content=\"Shkup - Akademia e Shkencave dhe e Arteve e Maqedonis\u00eb ka t\u00ebrhequr nga shitja Enciklopedin\u00eb maqedonase dhe n\u00eb nj\u00eb afat t\u00eb shkurt\u00ebt kohor do t\u2019i korrigjoj\" \/>\n<meta name=\"robots\" content=\"index, follow, max-snippet:-1, max-image-preview:large, max-video-preview:-1\" \/>\n<link rel=\"canonical\" href=\"https:\/\/www.visit-ulcinj.com\/blog\/2009\/10\/01\/terhiqet-enciklopedia-maqedonase-nga-shitja\/\" \/>\n<meta property=\"og:locale\" content=\"en_US\" \/>\n<meta property=\"og:type\" content=\"article\" \/>\n<meta property=\"og:title\" content=\"T\u00ebrhiqet Enciklopedia Maqedonase nga shitja - Video - Lajme nga Ulqini\" \/>\n<meta property=\"og:description\" content=\"Shkup - Akademia e Shkencave dhe e Arteve e Maqedonis\u00eb ka t\u00ebrhequr nga shitja Enciklopedin\u00eb maqedonase dhe n\u00eb nj\u00eb afat t\u00eb shkurt\u00ebt kohor do t\u2019i korrigjoj\" \/>\n<meta property=\"og:url\" content=\"https:\/\/www.visit-ulcinj.com\/blog\/2009\/10\/01\/terhiqet-enciklopedia-maqedonase-nga-shitja\/\" \/>\n<meta property=\"og:site_name\" content=\"Lajme nga Ulqini\" \/>\n<meta property=\"article:published_time\" content=\"2009-10-01T06:04:08+00:00\" \/>\n<meta property=\"article:modified_time\" content=\"2009-10-01T06:04:49+00:00\" \/>\n<meta property=\"og:image\" content=\"http:\/\/www.visit-ulcinj.com\/blog\/wp-content\/uploads\/2009\/10\/Enciklopedia-Maqedonase.jpg\" \/>\n<meta name=\"twitter:label1\" content=\"Written by\" \/>\n\t<meta name=\"twitter:data1\" content=\"ulqini\" \/>\n\t<meta name=\"twitter:label2\" content=\"Est. reading time\" \/>\n\t<meta name=\"twitter:data2\" content=\"2 minutes\" \/>\n<script type=\"application\/ld+json\" class=\"yoast-schema-graph\">{\"@context\":\"https:\/\/schema.org\",\"@graph\":[{\"@type\":\"WebSite\",\"@id\":\"https:\/\/www.visit-ulcinj.com\/blog\/#website\",\"url\":\"https:\/\/www.visit-ulcinj.com\/blog\/\",\"name\":\"Lajme nga Ulqini\",\"description\":\"Lajme,Vijesti,Ulqini,Ulqin,Crna Gora,Mali i Zi\",\"potentialAction\":[{\"@type\":\"SearchAction\",\"target\":{\"@type\":\"EntryPoint\",\"urlTemplate\":\"https:\/\/www.visit-ulcinj.com\/blog\/?s={search_term_string}\"},\"query-input\":\"required name=search_term_string\"}],\"inLanguage\":\"en-US\"},{\"@type\":\"ImageObject\",\"inLanguage\":\"en-US\",\"@id\":\"https:\/\/www.visit-ulcinj.com\/blog\/2009\/10\/01\/terhiqet-enciklopedia-maqedonase-nga-shitja\/#primaryimage\",\"url\":\"https:\/\/www.visit-ulcinj.com\/blog\/wp-content\/uploads\/2009\/10\/Enciklopedia-Maqedonase.jpg\",\"contentUrl\":\"https:\/\/www.visit-ulcinj.com\/blog\/wp-content\/uploads\/2009\/10\/Enciklopedia-Maqedonase.jpg\",\"width\":\"290\",\"height\":\"217\"},{\"@type\":\"WebPage\",\"@id\":\"https:\/\/www.visit-ulcinj.com\/blog\/2009\/10\/01\/terhiqet-enciklopedia-maqedonase-nga-shitja\/#webpage\",\"url\":\"https:\/\/www.visit-ulcinj.com\/blog\/2009\/10\/01\/terhiqet-enciklopedia-maqedonase-nga-shitja\/\",\"name\":\"T\u00ebrhiqet Enciklopedia Maqedonase nga shitja - Video - Lajme nga Ulqini\",\"isPartOf\":{\"@id\":\"https:\/\/www.visit-ulcinj.com\/blog\/#website\"},\"primaryImageOfPage\":{\"@id\":\"https:\/\/www.visit-ulcinj.com\/blog\/2009\/10\/01\/terhiqet-enciklopedia-maqedonase-nga-shitja\/#primaryimage\"},\"datePublished\":\"2009-10-01T06:04:08+00:00\",\"dateModified\":\"2009-10-01T06:04:49+00:00\",\"author\":{\"@id\":\"https:\/\/www.visit-ulcinj.com\/blog\/#\/schema\/person\/dcab619c614d3038751c63bc2aadc06d\"},\"description\":\"Shkup - Akademia e Shkencave dhe e Arteve e Maqedonis\u00eb ka t\u00ebrhequr nga shitja Enciklopedin\u00eb maqedonase dhe n\u00eb nj\u00eb afat t\u00eb shkurt\u00ebt kohor do t\u2019i korrigjoj\",\"breadcrumb\":{\"@id\":\"https:\/\/www.visit-ulcinj.com\/blog\/2009\/10\/01\/terhiqet-enciklopedia-maqedonase-nga-shitja\/#breadcrumb\"},\"inLanguage\":\"en-US\",\"potentialAction\":[{\"@type\":\"ReadAction\",\"target\":[\"https:\/\/www.visit-ulcinj.com\/blog\/2009\/10\/01\/terhiqet-enciklopedia-maqedonase-nga-shitja\/\"]}]},{\"@type\":\"BreadcrumbList\",\"@id\":\"https:\/\/www.visit-ulcinj.com\/blog\/2009\/10\/01\/terhiqet-enciklopedia-maqedonase-nga-shitja\/#breadcrumb\",\"itemListElement\":[{\"@type\":\"ListItem\",\"position\":1,\"name\":\"T\u00ebrhiqet Enciklopedia Maqedonase nga shitja &#8211; Video\"}]},{\"@type\":\"Person\",\"@id\":\"https:\/\/www.visit-ulcinj.com\/blog\/#\/schema\/person\/dcab619c614d3038751c63bc2aadc06d\",\"name\":\"ulqini\",\"sameAs\":[\"http:\/\/www.visit-ulcinj.com\"],\"url\":\"https:\/\/www.visit-ulcinj.com\/blog\/author\/admin\/\"}]}<\/script>\n<!-- \/ Yoast SEO plugin. -->","yoast_head_json":{"title":"T\u00ebrhiqet Enciklopedia Maqedonase nga shitja - Video - Lajme nga Ulqini","description":"Shkup - Akademia e Shkencave dhe e Arteve e Maqedonis\u00eb ka t\u00ebrhequr nga shitja Enciklopedin\u00eb maqedonase dhe n\u00eb nj\u00eb afat t\u00eb shkurt\u00ebt kohor do t\u2019i korrigjoj","robots":{"index":"index","follow":"follow","max-snippet":"max-snippet:-1","max-image-preview":"max-image-preview:large","max-video-preview":"max-video-preview:-1"},"canonical":"https:\/\/www.visit-ulcinj.com\/blog\/2009\/10\/01\/terhiqet-enciklopedia-maqedonase-nga-shitja\/","og_locale":"en_US","og_type":"article","og_title":"T\u00ebrhiqet Enciklopedia Maqedonase nga shitja - Video - Lajme nga Ulqini","og_description":"Shkup - Akademia e Shkencave dhe e Arteve e Maqedonis\u00eb ka t\u00ebrhequr nga shitja Enciklopedin\u00eb maqedonase dhe n\u00eb nj\u00eb afat t\u00eb shkurt\u00ebt kohor do t\u2019i korrigjoj","og_url":"https:\/\/www.visit-ulcinj.com\/blog\/2009\/10\/01\/terhiqet-enciklopedia-maqedonase-nga-shitja\/","og_site_name":"Lajme nga Ulqini","article_published_time":"2009-10-01T06:04:08+00:00","article_modified_time":"2009-10-01T06:04:49+00:00","og_image":[{"url":"http:\/\/www.visit-ulcinj.com\/blog\/wp-content\/uploads\/2009\/10\/Enciklopedia-Maqedonase.jpg"}],"twitter_misc":{"Written by":"ulqini","Est. reading time":"2 minutes"},"schema":{"@context":"https:\/\/schema.org","@graph":[{"@type":"WebSite","@id":"https:\/\/www.visit-ulcinj.com\/blog\/#website","url":"https:\/\/www.visit-ulcinj.com\/blog\/","name":"Lajme nga Ulqini","description":"Lajme,Vijesti,Ulqini,Ulqin,Crna Gora,Mali i Zi","potentialAction":[{"@type":"SearchAction","target":{"@type":"EntryPoint","urlTemplate":"https:\/\/www.visit-ulcinj.com\/blog\/?s={search_term_string}"},"query-input":"required name=search_term_string"}],"inLanguage":"en-US"},{"@type":"ImageObject","inLanguage":"en-US","@id":"https:\/\/www.visit-ulcinj.com\/blog\/2009\/10\/01\/terhiqet-enciklopedia-maqedonase-nga-shitja\/#primaryimage","url":"https:\/\/www.visit-ulcinj.com\/blog\/wp-content\/uploads\/2009\/10\/Enciklopedia-Maqedonase.jpg","contentUrl":"https:\/\/www.visit-ulcinj.com\/blog\/wp-content\/uploads\/2009\/10\/Enciklopedia-Maqedonase.jpg","width":"290","height":"217"},{"@type":"WebPage","@id":"https:\/\/www.visit-ulcinj.com\/blog\/2009\/10\/01\/terhiqet-enciklopedia-maqedonase-nga-shitja\/#webpage","url":"https:\/\/www.visit-ulcinj.com\/blog\/2009\/10\/01\/terhiqet-enciklopedia-maqedonase-nga-shitja\/","name":"T\u00ebrhiqet Enciklopedia Maqedonase nga shitja - Video - Lajme nga Ulqini","isPartOf":{"@id":"https:\/\/www.visit-ulcinj.com\/blog\/#website"},"primaryImageOfPage":{"@id":"https:\/\/www.visit-ulcinj.com\/blog\/2009\/10\/01\/terhiqet-enciklopedia-maqedonase-nga-shitja\/#primaryimage"},"datePublished":"2009-10-01T06:04:08+00:00","dateModified":"2009-10-01T06:04:49+00:00","author":{"@id":"https:\/\/www.visit-ulcinj.com\/blog\/#\/schema\/person\/dcab619c614d3038751c63bc2aadc06d"},"description":"Shkup - Akademia e Shkencave dhe e Arteve e Maqedonis\u00eb ka t\u00ebrhequr nga shitja Enciklopedin\u00eb maqedonase dhe n\u00eb nj\u00eb afat t\u00eb shkurt\u00ebt kohor do t\u2019i korrigjoj","breadcrumb":{"@id":"https:\/\/www.visit-ulcinj.com\/blog\/2009\/10\/01\/terhiqet-enciklopedia-maqedonase-nga-shitja\/#breadcrumb"},"inLanguage":"en-US","potentialAction":[{"@type":"ReadAction","target":["https:\/\/www.visit-ulcinj.com\/blog\/2009\/10\/01\/terhiqet-enciklopedia-maqedonase-nga-shitja\/"]}]},{"@type":"BreadcrumbList","@id":"https:\/\/www.visit-ulcinj.com\/blog\/2009\/10\/01\/terhiqet-enciklopedia-maqedonase-nga-shitja\/#breadcrumb","itemListElement":[{"@type":"ListItem","position":1,"name":"T\u00ebrhiqet Enciklopedia Maqedonase nga shitja &#8211; Video"}]},{"@type":"Person","@id":"https:\/\/www.visit-ulcinj.com\/blog\/#\/schema\/person\/dcab619c614d3038751c63bc2aadc06d","name":"ulqini","sameAs":["http:\/\/www.visit-ulcinj.com"],"url":"https:\/\/www.visit-ulcinj.com\/blog\/author\/admin\/"}]}},"jetpack_featured_media_url":"","jetpack_sharing_enabled":true,"jetpack_shortlink":"https:\/\/wp.me\/pe6lTn-6LX","_links":{"self":[{"href":"https:\/\/www.visit-ulcinj.com\/blog\/wp-json\/wp\/v2\/posts\/26037"}],"collection":[{"href":"https:\/\/www.visit-ulcinj.com\/blog\/wp-json\/wp\/v2\/posts"}],"about":[{"href":"https:\/\/www.visit-ulcinj.com\/blog\/wp-json\/wp\/v2\/types\/post"}],"author":[{"embeddable":true,"href":"https:\/\/www.visit-ulcinj.com\/blog\/wp-json\/wp\/v2\/users\/1"}],"replies":[{"embeddable":true,"href":"https:\/\/www.visit-ulcinj.com\/blog\/wp-json\/wp\/v2\/comments?post=26037"}],"version-history":[{"count":0,"href":"https:\/\/www.visit-ulcinj.com\/blog\/wp-json\/wp\/v2\/posts\/26037\/revisions"}],"wp:attachment":[{"href":"https:\/\/www.visit-ulcinj.com\/blog\/wp-json\/wp\/v2\/media?parent=26037"}],"wp:term":[{"taxonomy":"category","embeddable":true,"href":"https:\/\/www.visit-ulcinj.com\/blog\/wp-json\/wp\/v2\/categories?post=26037"},{"taxonomy":"post_tag","embeddable":true,"href":"https:\/\/www.visit-ulcinj.com\/blog\/wp-json\/wp\/v2\/tags?post=26037"}],"curies":[{"name":"wp","href":"https:\/\/api.w.org\/{rel}","templated":true}]}}