{"id":2604,"date":"2008-08-20T05:49:48","date_gmt":"2008-08-20T10:49:48","guid":{"rendered":"http:\/\/www.visit-ulcinj.com\/blog\/?p=2604"},"modified":"2008-08-20T05:49:48","modified_gmt":"2008-08-20T10:49:48","slug":"mali-i-zi-zhytet-ne-borxhe","status":"publish","type":"post","link":"https:\/\/www.visit-ulcinj.com\/blog\/2008\/08\/20\/mali-i-zi-zhytet-ne-borxhe\/","title":{"rendered":"Mali i Zi zhytet n\u00eb borxhe"},"content":{"rendered":"<p><a href=\"http:\/\/www.seebiz.eu\/files\/img\/2007\/10\/23\/euro.jpg\"><img loading=\"lazy\" class=\"alignleft\" title=\"Mali i Zi zhytet n\u00eb borxhe\" src=\"http:\/\/www.seebiz.eu\/files\/img\/2007\/10\/23\/euro.jpg\" alt=\"\" width=\"293\" height=\"150\" \/><\/a>Borxhi i p\u00ebrgjithsh\u00ebm i Malit t\u00eb Zi kap shifr\u00ebn 915 milion\u00eb euro, q\u00eb llogaritet t\u00eb jet\u00eb afro 32 p\u00ebr qind prej Produktit t\u00eb Brendsh\u00ebm Bruto t\u00eb vendit.<br \/>\nNj\u00eb shif\u00ebr e till\u00eb e borxheve n\u00eb Mal t\u00eb Zi \u00ebsht\u00eb raportuar n\u00eb analiz\u00ebn qeveritare p\u00ebr 6 muajit e par\u00eb t\u00eb k\u00ebtij viti.<br \/>\nAgjencia nd\u00ebrkomb\u00ebtare e vler\u00ebsimit t\u00eb rrezikut Standard and Poor\u2019s e radhit Malin e Zi n\u00eb Grupin 9 \u2013 n\u00eb kategorin\u00eb q\u00eb do t\u00eb thot\u00eb rrezik t\u00eb lart\u00eb ekonomik dhe kreditor.<br \/>\nSipas agjencis\u00eb rreziqet n\u00eb Malin e Zi jan\u00eb shtuar p\u00ebr shkak t\u00eb rritjes drastike s\u00eb k\u00ebrkesave p\u00ebr kredi gjat\u00eb 3 vjet\u00ebve t\u00eb fundit, si edhe p\u00ebr shkak t\u00eb profilit t\u00eb keq financiar t\u00eb bankave t\u00eb Malit t\u00eb Zi.<br \/>\n<strong>Burimi \/ Balkanweb<\/strong><\/p>\n","protected":false},"excerpt":{"rendered":"<p><img loading=\"lazy\" class=\"alignleft\" title=\"Mali i Zi zhytet n\u00eb borxhe\" src=\"http:\/\/www.seebiz.eu\/files\/img\/2007\/10\/23\/euro.jpg\" alt=\"\" width=\"140\" height=\"140\" \/><\/p>\n","protected":false},"author":1,"featured_media":0,"comment_status":"open","ping_status":"closed","sticky":false,"template":"","format":"standard","meta":{"spay_email":"","jetpack_publicize_message":"","jetpack_is_tweetstorm":false,"jetpack_publicize_feature_enabled":true},"categories":[10,12],"tags":[95],"jetpack_publicize_connections":[],"yoast_head":"<!-- This site is optimized with the Yoast SEO plugin v19.1 - https:\/\/yoast.com\/wordpress\/plugins\/seo\/ -->\n<title>Mali i Zi zhytet n\u00eb borxhe - Lajme nga Ulqini<\/title>\n<meta name=\"robots\" content=\"index, follow, max-snippet:-1, max-image-preview:large, max-video-preview:-1\" \/>\n<link rel=\"canonical\" href=\"https:\/\/www.visit-ulcinj.com\/blog\/2008\/08\/20\/mali-i-zi-zhytet-ne-borxhe\/\" \/>\n<meta property=\"og:locale\" content=\"en_US\" \/>\n<meta property=\"og:type\" content=\"article\" \/>\n<meta property=\"og:title\" content=\"Mali i Zi zhytet n\u00eb borxhe - Lajme nga Ulqini\" \/>\n<meta property=\"og:url\" content=\"https:\/\/www.visit-ulcinj.com\/blog\/2008\/08\/20\/mali-i-zi-zhytet-ne-borxhe\/\" \/>\n<meta property=\"og:site_name\" content=\"Lajme nga Ulqini\" \/>\n<meta property=\"article:published_time\" content=\"2008-08-20T10:49:48+00:00\" \/>\n<meta property=\"og:image\" content=\"http:\/\/www.seebiz.eu\/files\/img\/2007\/10\/23\/euro.jpg\" \/>\n<meta name=\"twitter:label1\" content=\"Written by\" \/>\n\t<meta name=\"twitter:data1\" content=\"ulqini\" \/>\n\t<meta name=\"twitter:label2\" content=\"Est. reading time\" \/>\n\t<meta name=\"twitter:data2\" content=\"1 minute\" \/>\n<script type=\"application\/ld+json\" class=\"yoast-schema-graph\">{\"@context\":\"https:\/\/schema.org\",\"@graph\":[{\"@type\":\"WebSite\",\"@id\":\"https:\/\/www.visit-ulcinj.com\/blog\/#website\",\"url\":\"https:\/\/www.visit-ulcinj.com\/blog\/\",\"name\":\"Lajme nga Ulqini\",\"description\":\"Lajme,Vijesti,Ulqini,Ulqin,Crna Gora,Mali i Zi\",\"potentialAction\":[{\"@type\":\"SearchAction\",\"target\":{\"@type\":\"EntryPoint\",\"urlTemplate\":\"https:\/\/www.visit-ulcinj.com\/blog\/?s={search_term_string}\"},\"query-input\":\"required name=search_term_string\"}],\"inLanguage\":\"en-US\"},{\"@type\":\"ImageObject\",\"inLanguage\":\"en-US\",\"@id\":\"https:\/\/www.visit-ulcinj.com\/blog\/2008\/08\/20\/mali-i-zi-zhytet-ne-borxhe\/#primaryimage\",\"url\":\"http:\/\/www.seebiz.eu\/files\/img\/2007\/10\/23\/euro.jpg\",\"contentUrl\":\"http:\/\/www.seebiz.eu\/files\/img\/2007\/10\/23\/euro.jpg\"},{\"@type\":\"WebPage\",\"@id\":\"https:\/\/www.visit-ulcinj.com\/blog\/2008\/08\/20\/mali-i-zi-zhytet-ne-borxhe\/#webpage\",\"url\":\"https:\/\/www.visit-ulcinj.com\/blog\/2008\/08\/20\/mali-i-zi-zhytet-ne-borxhe\/\",\"name\":\"Mali i Zi zhytet n\u00eb borxhe - Lajme nga Ulqini\",\"isPartOf\":{\"@id\":\"https:\/\/www.visit-ulcinj.com\/blog\/#website\"},\"primaryImageOfPage\":{\"@id\":\"https:\/\/www.visit-ulcinj.com\/blog\/2008\/08\/20\/mali-i-zi-zhytet-ne-borxhe\/#primaryimage\"},\"datePublished\":\"2008-08-20T10:49:48+00:00\",\"dateModified\":\"2008-08-20T10:49:48+00:00\",\"author\":{\"@id\":\"https:\/\/www.visit-ulcinj.com\/blog\/#\/schema\/person\/dcab619c614d3038751c63bc2aadc06d\"},\"breadcrumb\":{\"@id\":\"https:\/\/www.visit-ulcinj.com\/blog\/2008\/08\/20\/mali-i-zi-zhytet-ne-borxhe\/#breadcrumb\"},\"inLanguage\":\"en-US\",\"potentialAction\":[{\"@type\":\"ReadAction\",\"target\":[\"https:\/\/www.visit-ulcinj.com\/blog\/2008\/08\/20\/mali-i-zi-zhytet-ne-borxhe\/\"]}]},{\"@type\":\"BreadcrumbList\",\"@id\":\"https:\/\/www.visit-ulcinj.com\/blog\/2008\/08\/20\/mali-i-zi-zhytet-ne-borxhe\/#breadcrumb\",\"itemListElement\":[{\"@type\":\"ListItem\",\"position\":1,\"name\":\"Mali i Zi zhytet n\u00eb borxhe\"}]},{\"@type\":\"Person\",\"@id\":\"https:\/\/www.visit-ulcinj.com\/blog\/#\/schema\/person\/dcab619c614d3038751c63bc2aadc06d\",\"name\":\"ulqini\",\"sameAs\":[\"http:\/\/www.visit-ulcinj.com\"],\"url\":\"https:\/\/www.visit-ulcinj.com\/blog\/author\/admin\/\"}]}<\/script>\n<!-- \/ Yoast SEO plugin. -->","yoast_head_json":{"title":"Mali i Zi zhytet n\u00eb borxhe - Lajme nga Ulqini","robots":{"index":"index","follow":"follow","max-snippet":"max-snippet:-1","max-image-preview":"max-image-preview:large","max-video-preview":"max-video-preview:-1"},"canonical":"https:\/\/www.visit-ulcinj.com\/blog\/2008\/08\/20\/mali-i-zi-zhytet-ne-borxhe\/","og_locale":"en_US","og_type":"article","og_title":"Mali i Zi zhytet n\u00eb borxhe - Lajme nga Ulqini","og_url":"https:\/\/www.visit-ulcinj.com\/blog\/2008\/08\/20\/mali-i-zi-zhytet-ne-borxhe\/","og_site_name":"Lajme nga Ulqini","article_published_time":"2008-08-20T10:49:48+00:00","og_image":[{"url":"http:\/\/www.seebiz.eu\/files\/img\/2007\/10\/23\/euro.jpg"}],"twitter_misc":{"Written by":"ulqini","Est. reading time":"1 minute"},"schema":{"@context":"https:\/\/schema.org","@graph":[{"@type":"WebSite","@id":"https:\/\/www.visit-ulcinj.com\/blog\/#website","url":"https:\/\/www.visit-ulcinj.com\/blog\/","name":"Lajme nga Ulqini","description":"Lajme,Vijesti,Ulqini,Ulqin,Crna Gora,Mali i Zi","potentialAction":[{"@type":"SearchAction","target":{"@type":"EntryPoint","urlTemplate":"https:\/\/www.visit-ulcinj.com\/blog\/?s={search_term_string}"},"query-input":"required name=search_term_string"}],"inLanguage":"en-US"},{"@type":"ImageObject","inLanguage":"en-US","@id":"https:\/\/www.visit-ulcinj.com\/blog\/2008\/08\/20\/mali-i-zi-zhytet-ne-borxhe\/#primaryimage","url":"http:\/\/www.seebiz.eu\/files\/img\/2007\/10\/23\/euro.jpg","contentUrl":"http:\/\/www.seebiz.eu\/files\/img\/2007\/10\/23\/euro.jpg"},{"@type":"WebPage","@id":"https:\/\/www.visit-ulcinj.com\/blog\/2008\/08\/20\/mali-i-zi-zhytet-ne-borxhe\/#webpage","url":"https:\/\/www.visit-ulcinj.com\/blog\/2008\/08\/20\/mali-i-zi-zhytet-ne-borxhe\/","name":"Mali i Zi zhytet n\u00eb borxhe - Lajme nga Ulqini","isPartOf":{"@id":"https:\/\/www.visit-ulcinj.com\/blog\/#website"},"primaryImageOfPage":{"@id":"https:\/\/www.visit-ulcinj.com\/blog\/2008\/08\/20\/mali-i-zi-zhytet-ne-borxhe\/#primaryimage"},"datePublished":"2008-08-20T10:49:48+00:00","dateModified":"2008-08-20T10:49:48+00:00","author":{"@id":"https:\/\/www.visit-ulcinj.com\/blog\/#\/schema\/person\/dcab619c614d3038751c63bc2aadc06d"},"breadcrumb":{"@id":"https:\/\/www.visit-ulcinj.com\/blog\/2008\/08\/20\/mali-i-zi-zhytet-ne-borxhe\/#breadcrumb"},"inLanguage":"en-US","potentialAction":[{"@type":"ReadAction","target":["https:\/\/www.visit-ulcinj.com\/blog\/2008\/08\/20\/mali-i-zi-zhytet-ne-borxhe\/"]}]},{"@type":"BreadcrumbList","@id":"https:\/\/www.visit-ulcinj.com\/blog\/2008\/08\/20\/mali-i-zi-zhytet-ne-borxhe\/#breadcrumb","itemListElement":[{"@type":"ListItem","position":1,"name":"Mali i Zi zhytet n\u00eb borxhe"}]},{"@type":"Person","@id":"https:\/\/www.visit-ulcinj.com\/blog\/#\/schema\/person\/dcab619c614d3038751c63bc2aadc06d","name":"ulqini","sameAs":["http:\/\/www.visit-ulcinj.com"],"url":"https:\/\/www.visit-ulcinj.com\/blog\/author\/admin\/"}]}},"jetpack_featured_media_url":"","jetpack_sharing_enabled":true,"jetpack_shortlink":"https:\/\/wp.me\/pe6lTn-G0","_links":{"self":[{"href":"https:\/\/www.visit-ulcinj.com\/blog\/wp-json\/wp\/v2\/posts\/2604"}],"collection":[{"href":"https:\/\/www.visit-ulcinj.com\/blog\/wp-json\/wp\/v2\/posts"}],"about":[{"href":"https:\/\/www.visit-ulcinj.com\/blog\/wp-json\/wp\/v2\/types\/post"}],"author":[{"embeddable":true,"href":"https:\/\/www.visit-ulcinj.com\/blog\/wp-json\/wp\/v2\/users\/1"}],"replies":[{"embeddable":true,"href":"https:\/\/www.visit-ulcinj.com\/blog\/wp-json\/wp\/v2\/comments?post=2604"}],"version-history":[{"count":0,"href":"https:\/\/www.visit-ulcinj.com\/blog\/wp-json\/wp\/v2\/posts\/2604\/revisions"}],"wp:attachment":[{"href":"https:\/\/www.visit-ulcinj.com\/blog\/wp-json\/wp\/v2\/media?parent=2604"}],"wp:term":[{"taxonomy":"category","embeddable":true,"href":"https:\/\/www.visit-ulcinj.com\/blog\/wp-json\/wp\/v2\/categories?post=2604"},{"taxonomy":"post_tag","embeddable":true,"href":"https:\/\/www.visit-ulcinj.com\/blog\/wp-json\/wp\/v2\/tags?post=2604"}],"curies":[{"name":"wp","href":"https:\/\/api.w.org\/{rel}","templated":true}]}}