{"id":26042,"date":"2009-10-01T08:46:51","date_gmt":"2009-10-01T06:46:51","guid":{"rendered":"http:\/\/www.visit-ulcinj.com\/blog\/?p=26042"},"modified":"2009-10-01T08:46:51","modified_gmt":"2009-10-01T06:46:51","slug":"roizy-dhe-noizy-cift-edhe-ne-festa","status":"publish","type":"post","link":"https:\/\/www.visit-ulcinj.com\/blog\/2009\/10\/01\/roizy-dhe-noizy-cift-edhe-ne-festa\/","title":{"rendered":"Roizy dhe Noizy, \u00e7ift edhe n\u00eb festa"},"content":{"rendered":"<p><a href=\"http:\/\/www.visit-ulcinj.com\/blog\/wp-content\/uploads\/2009\/10\/Roizy-dhe-Noizy.jpg\"><img loading=\"lazy\" class=\"alignleft size-full wp-image-26043\" title=\"Roizy dhe Noizy\" src=\"http:\/\/www.visit-ulcinj.com\/blog\/wp-content\/uploads\/2009\/10\/Roizy-dhe-Noizy.jpg\" alt=\"Roizy dhe Noizy\" width=\"580\" height=\"347\" \/><\/a>Nj\u00eb \u00e7ift q\u00eb mesa duket u shkon edhe miq\u00ebsia. Rozana Radi dhe reperi Noizy dalin bashk\u00eb jo vet\u00ebm n\u00eb klip, por edhe kur jan\u00eb t\u00eb ftuar n\u00eb festa apo party t\u00eb ndryshme, si\u00e7 ka qen\u00eb t\u00eb h\u00ebn\u00ebn n\u00eb mbr\u00ebmje festa e organizuar nga kolegia dhe mikesha e tyre, Anjeza Branka.<br \/>\nEdhe pse kan\u00eb diferenc\u00eb n\u00eb mosh\u00eb me nj\u00ebri-tjetrin ata duket se e gjejn\u00eb gjuh\u00ebn e p\u00ebrbashk\u00ebt p\u00ebr t\u00eb qen\u00eb n\u00eb shoq\u00ebrin\u00eb e nj\u00ebri-tjetrit. Rozana e veshur me nj\u00eb fustan boj\u00eb qielli dhe Noizy si gjithmon\u00eb me veshje reperi kan\u00eb q\u00ebndruar pothuaj gjith\u00eb dark\u00ebn bashk\u00eb.<br \/>\n<a href=\"http:\/\/www.visit-ulcinj.com\/blog\/wp-content\/uploads\/2009\/10\/Roizy-dhe-Noizy.1.jpg\"><img loading=\"lazy\" class=\"alignleft size-medium wp-image-26044\" title=\"Roizy dhe Noizy.1\" src=\"http:\/\/www.visit-ulcinj.com\/blog\/wp-content\/uploads\/2009\/10\/Roizy-dhe-Noizy.1-300x169.jpg\" alt=\"Roizy dhe Noizy.1\" width=\"300\" height=\"169\" \/><\/a>Ata mund t\u00eb quhen shum\u00eb mir\u00eb \u00e7ifti i suksessh\u00ebm i vitit, pas nxjerrjes n\u00eb treg t\u00eb klipit t\u00eb tyre t\u00eb dyt\u00eb s\u00eb bashku me titull \u201cMr Yesterday\u201d, i realizuar n\u00eb nj\u00eb jaht luksoz n\u00eb liqenin e Ohrit.<br \/>\nPas bashk\u00ebpunimit t\u00eb nj\u00eb viti m\u00eb par\u00eb me k\u00ebng\u00ebn \u201cFly\u201d, dy k\u00ebng\u00ebtar\u00ebt iu rikthyen bashk\u00ebpunimit me nj\u00eb klip t\u00eb nxeht\u00eb n\u00eb stilin regea. M\u00ebnyra e t\u00eb k\u00ebnduarit \u00ebsht\u00eb e stilit amerikan, nd\u00ebrsa marr\u00ebdh\u00ebnia mes tyre shum\u00eb ekspresive.<br \/>\nNoizy \u00ebsht\u00eb nj\u00eb nga k\u00ebng\u00ebtar\u00ebt m\u00eb t\u00eb rinj n\u00eb tregun e muzik\u00ebs rap. Ai sapo ka p\u00ebrfunduar albumin \u201cPak m\u00eb ndryshe\u201d, ku t\u00eb gjitha k\u00ebng\u00ebt sjellin muzik\u00ebn e rrug\u00ebs me tekstet e krijuara nga vet\u00eb ai. N\u00eb klipin \u201cFly\u201d, ai b\u00ebri shum\u00eb p\u00ebrshtypje me pamjen e ve\u00e7ant\u00eb dhe sidomos linjat e trupit, t\u00eb nj\u00eb ish-boksieri n\u00eb Lond\u00ebr. Nd\u00ebrsa Rozana, nuk mungon me klipet e reja me fabula interesante.<\/p>\n<p><strong>PanoramaPlus<\/strong><\/p>\n<p><strong><!--YouTube Error: bad URL entered--><br \/>\n<\/strong><\/p>\n","protected":false},"excerpt":{"rendered":"<p>Nj\u00eb \u00e7ift q\u00eb mesa duket u shkon edhe miq\u00ebsia. Rozana Radi dhe reperi Noizy dalin bashk\u00eb jo vet\u00ebm n\u00eb klip, por edhe kur jan\u00eb t\u00eb ftuar n\u00eb festa apo party t\u00eb ndryshme, si\u00e7 ka qen\u00eb t\u00eb h\u00ebn\u00ebn n\u00eb mbr\u00ebmje festa e organizuar nga kolegia dhe mikesha e tyre, Anjeza Branka. Edhe pse kan\u00eb diferenc\u00eb n\u00eb [&hellip;]<\/p>\n","protected":false},"author":1,"featured_media":0,"comment_status":"open","ping_status":"closed","sticky":false,"template":"","format":"standard","meta":{"spay_email":"","jetpack_publicize_message":"","jetpack_is_tweetstorm":false,"jetpack_publicize_feature_enabled":true},"categories":[1],"tags":[12581,12181,4964],"jetpack_publicize_connections":[],"yoast_head":"<!-- This site is optimized with the Yoast SEO plugin v19.1 - https:\/\/yoast.com\/wordpress\/plugins\/seo\/ -->\n<title>Roizy dhe Noizy, \u00e7ift edhe n\u00eb festa - Lajme nga Ulqini<\/title>\n<meta name=\"description\" content=\"Nj\u00eb \u00e7ift q\u00eb mesa duket u shkon edhe miq\u00ebsia. Rozana Radi dhe reperi Noizy dalin bashk\u00eb jo vet\u00ebm n\u00eb klip, por edhe kur jan\u00eb t\u00eb ftuar n\u00eb festa apo party t\u00eb\" \/>\n<meta name=\"robots\" content=\"index, follow, max-snippet:-1, max-image-preview:large, max-video-preview:-1\" \/>\n<link rel=\"canonical\" href=\"https:\/\/www.visit-ulcinj.com\/blog\/2009\/10\/01\/roizy-dhe-noizy-cift-edhe-ne-festa\/\" \/>\n<meta property=\"og:locale\" content=\"en_US\" \/>\n<meta property=\"og:type\" content=\"article\" \/>\n<meta property=\"og:title\" content=\"Roizy dhe Noizy, \u00e7ift edhe n\u00eb festa - Lajme nga Ulqini\" \/>\n<meta property=\"og:description\" content=\"Nj\u00eb \u00e7ift q\u00eb mesa duket u shkon edhe miq\u00ebsia. Rozana Radi dhe reperi Noizy dalin bashk\u00eb jo vet\u00ebm n\u00eb klip, por edhe kur jan\u00eb t\u00eb ftuar n\u00eb festa apo party t\u00eb\" \/>\n<meta property=\"og:url\" content=\"https:\/\/www.visit-ulcinj.com\/blog\/2009\/10\/01\/roizy-dhe-noizy-cift-edhe-ne-festa\/\" \/>\n<meta property=\"og:site_name\" content=\"Lajme nga Ulqini\" \/>\n<meta property=\"article:published_time\" content=\"2009-10-01T06:46:51+00:00\" \/>\n<meta property=\"og:image\" content=\"http:\/\/www.visit-ulcinj.com\/blog\/wp-content\/uploads\/2009\/10\/Roizy-dhe-Noizy.jpg\" \/>\n<meta name=\"twitter:label1\" content=\"Written by\" \/>\n\t<meta name=\"twitter:data1\" content=\"ulqini\" \/>\n\t<meta name=\"twitter:label2\" content=\"Est. reading time\" \/>\n\t<meta name=\"twitter:data2\" content=\"1 minute\" \/>\n<script type=\"application\/ld+json\" class=\"yoast-schema-graph\">{\"@context\":\"https:\/\/schema.org\",\"@graph\":[{\"@type\":\"WebSite\",\"@id\":\"https:\/\/www.visit-ulcinj.com\/blog\/#website\",\"url\":\"https:\/\/www.visit-ulcinj.com\/blog\/\",\"name\":\"Lajme nga Ulqini\",\"description\":\"Lajme,Vijesti,Ulqini,Ulqin,Crna Gora,Mali i Zi\",\"potentialAction\":[{\"@type\":\"SearchAction\",\"target\":{\"@type\":\"EntryPoint\",\"urlTemplate\":\"https:\/\/www.visit-ulcinj.com\/blog\/?s={search_term_string}\"},\"query-input\":\"required name=search_term_string\"}],\"inLanguage\":\"en-US\"},{\"@type\":\"ImageObject\",\"inLanguage\":\"en-US\",\"@id\":\"https:\/\/www.visit-ulcinj.com\/blog\/2009\/10\/01\/roizy-dhe-noizy-cift-edhe-ne-festa\/#primaryimage\",\"url\":\"http:\/\/www.visit-ulcinj.com\/blog\/wp-content\/uploads\/2009\/10\/Roizy-dhe-Noizy.jpg\",\"contentUrl\":\"http:\/\/www.visit-ulcinj.com\/blog\/wp-content\/uploads\/2009\/10\/Roizy-dhe-Noizy.jpg\"},{\"@type\":\"WebPage\",\"@id\":\"https:\/\/www.visit-ulcinj.com\/blog\/2009\/10\/01\/roizy-dhe-noizy-cift-edhe-ne-festa\/#webpage\",\"url\":\"https:\/\/www.visit-ulcinj.com\/blog\/2009\/10\/01\/roizy-dhe-noizy-cift-edhe-ne-festa\/\",\"name\":\"Roizy dhe Noizy, \u00e7ift edhe n\u00eb festa - Lajme nga Ulqini\",\"isPartOf\":{\"@id\":\"https:\/\/www.visit-ulcinj.com\/blog\/#website\"},\"primaryImageOfPage\":{\"@id\":\"https:\/\/www.visit-ulcinj.com\/blog\/2009\/10\/01\/roizy-dhe-noizy-cift-edhe-ne-festa\/#primaryimage\"},\"datePublished\":\"2009-10-01T06:46:51+00:00\",\"dateModified\":\"2009-10-01T06:46:51+00:00\",\"author\":{\"@id\":\"https:\/\/www.visit-ulcinj.com\/blog\/#\/schema\/person\/dcab619c614d3038751c63bc2aadc06d\"},\"description\":\"Nj\u00eb \u00e7ift q\u00eb mesa duket u shkon edhe miq\u00ebsia. Rozana Radi dhe reperi Noizy dalin bashk\u00eb jo vet\u00ebm n\u00eb klip, por edhe kur jan\u00eb t\u00eb ftuar n\u00eb festa apo party t\u00eb\",\"breadcrumb\":{\"@id\":\"https:\/\/www.visit-ulcinj.com\/blog\/2009\/10\/01\/roizy-dhe-noizy-cift-edhe-ne-festa\/#breadcrumb\"},\"inLanguage\":\"en-US\",\"potentialAction\":[{\"@type\":\"ReadAction\",\"target\":[\"https:\/\/www.visit-ulcinj.com\/blog\/2009\/10\/01\/roizy-dhe-noizy-cift-edhe-ne-festa\/\"]}]},{\"@type\":\"BreadcrumbList\",\"@id\":\"https:\/\/www.visit-ulcinj.com\/blog\/2009\/10\/01\/roizy-dhe-noizy-cift-edhe-ne-festa\/#breadcrumb\",\"itemListElement\":[{\"@type\":\"ListItem\",\"position\":1,\"name\":\"Roizy dhe Noizy, \u00e7ift edhe n\u00eb festa\"}]},{\"@type\":\"Person\",\"@id\":\"https:\/\/www.visit-ulcinj.com\/blog\/#\/schema\/person\/dcab619c614d3038751c63bc2aadc06d\",\"name\":\"ulqini\",\"sameAs\":[\"http:\/\/www.visit-ulcinj.com\"],\"url\":\"https:\/\/www.visit-ulcinj.com\/blog\/author\/admin\/\"}]}<\/script>\n<!-- \/ Yoast SEO plugin. -->","yoast_head_json":{"title":"Roizy dhe Noizy, \u00e7ift edhe n\u00eb festa - Lajme nga Ulqini","description":"Nj\u00eb \u00e7ift q\u00eb mesa duket u shkon edhe miq\u00ebsia. Rozana Radi dhe reperi Noizy dalin bashk\u00eb jo vet\u00ebm n\u00eb klip, por edhe kur jan\u00eb t\u00eb ftuar n\u00eb festa apo party t\u00eb","robots":{"index":"index","follow":"follow","max-snippet":"max-snippet:-1","max-image-preview":"max-image-preview:large","max-video-preview":"max-video-preview:-1"},"canonical":"https:\/\/www.visit-ulcinj.com\/blog\/2009\/10\/01\/roizy-dhe-noizy-cift-edhe-ne-festa\/","og_locale":"en_US","og_type":"article","og_title":"Roizy dhe Noizy, \u00e7ift edhe n\u00eb festa - Lajme nga Ulqini","og_description":"Nj\u00eb \u00e7ift q\u00eb mesa duket u shkon edhe miq\u00ebsia. Rozana Radi dhe reperi Noizy dalin bashk\u00eb jo vet\u00ebm n\u00eb klip, por edhe kur jan\u00eb t\u00eb ftuar n\u00eb festa apo party t\u00eb","og_url":"https:\/\/www.visit-ulcinj.com\/blog\/2009\/10\/01\/roizy-dhe-noizy-cift-edhe-ne-festa\/","og_site_name":"Lajme nga Ulqini","article_published_time":"2009-10-01T06:46:51+00:00","og_image":[{"url":"http:\/\/www.visit-ulcinj.com\/blog\/wp-content\/uploads\/2009\/10\/Roizy-dhe-Noizy.jpg"}],"twitter_misc":{"Written by":"ulqini","Est. reading time":"1 minute"},"schema":{"@context":"https:\/\/schema.org","@graph":[{"@type":"WebSite","@id":"https:\/\/www.visit-ulcinj.com\/blog\/#website","url":"https:\/\/www.visit-ulcinj.com\/blog\/","name":"Lajme nga Ulqini","description":"Lajme,Vijesti,Ulqini,Ulqin,Crna Gora,Mali i Zi","potentialAction":[{"@type":"SearchAction","target":{"@type":"EntryPoint","urlTemplate":"https:\/\/www.visit-ulcinj.com\/blog\/?s={search_term_string}"},"query-input":"required name=search_term_string"}],"inLanguage":"en-US"},{"@type":"ImageObject","inLanguage":"en-US","@id":"https:\/\/www.visit-ulcinj.com\/blog\/2009\/10\/01\/roizy-dhe-noizy-cift-edhe-ne-festa\/#primaryimage","url":"http:\/\/www.visit-ulcinj.com\/blog\/wp-content\/uploads\/2009\/10\/Roizy-dhe-Noizy.jpg","contentUrl":"http:\/\/www.visit-ulcinj.com\/blog\/wp-content\/uploads\/2009\/10\/Roizy-dhe-Noizy.jpg"},{"@type":"WebPage","@id":"https:\/\/www.visit-ulcinj.com\/blog\/2009\/10\/01\/roizy-dhe-noizy-cift-edhe-ne-festa\/#webpage","url":"https:\/\/www.visit-ulcinj.com\/blog\/2009\/10\/01\/roizy-dhe-noizy-cift-edhe-ne-festa\/","name":"Roizy dhe Noizy, \u00e7ift edhe n\u00eb festa - Lajme nga Ulqini","isPartOf":{"@id":"https:\/\/www.visit-ulcinj.com\/blog\/#website"},"primaryImageOfPage":{"@id":"https:\/\/www.visit-ulcinj.com\/blog\/2009\/10\/01\/roizy-dhe-noizy-cift-edhe-ne-festa\/#primaryimage"},"datePublished":"2009-10-01T06:46:51+00:00","dateModified":"2009-10-01T06:46:51+00:00","author":{"@id":"https:\/\/www.visit-ulcinj.com\/blog\/#\/schema\/person\/dcab619c614d3038751c63bc2aadc06d"},"description":"Nj\u00eb \u00e7ift q\u00eb mesa duket u shkon edhe miq\u00ebsia. Rozana Radi dhe reperi Noizy dalin bashk\u00eb jo vet\u00ebm n\u00eb klip, por edhe kur jan\u00eb t\u00eb ftuar n\u00eb festa apo party t\u00eb","breadcrumb":{"@id":"https:\/\/www.visit-ulcinj.com\/blog\/2009\/10\/01\/roizy-dhe-noizy-cift-edhe-ne-festa\/#breadcrumb"},"inLanguage":"en-US","potentialAction":[{"@type":"ReadAction","target":["https:\/\/www.visit-ulcinj.com\/blog\/2009\/10\/01\/roizy-dhe-noizy-cift-edhe-ne-festa\/"]}]},{"@type":"BreadcrumbList","@id":"https:\/\/www.visit-ulcinj.com\/blog\/2009\/10\/01\/roizy-dhe-noizy-cift-edhe-ne-festa\/#breadcrumb","itemListElement":[{"@type":"ListItem","position":1,"name":"Roizy dhe Noizy, \u00e7ift edhe n\u00eb festa"}]},{"@type":"Person","@id":"https:\/\/www.visit-ulcinj.com\/blog\/#\/schema\/person\/dcab619c614d3038751c63bc2aadc06d","name":"ulqini","sameAs":["http:\/\/www.visit-ulcinj.com"],"url":"https:\/\/www.visit-ulcinj.com\/blog\/author\/admin\/"}]}},"jetpack_featured_media_url":"","jetpack_sharing_enabled":true,"jetpack_shortlink":"https:\/\/wp.me\/pe6lTn-6M2","_links":{"self":[{"href":"https:\/\/www.visit-ulcinj.com\/blog\/wp-json\/wp\/v2\/posts\/26042"}],"collection":[{"href":"https:\/\/www.visit-ulcinj.com\/blog\/wp-json\/wp\/v2\/posts"}],"about":[{"href":"https:\/\/www.visit-ulcinj.com\/blog\/wp-json\/wp\/v2\/types\/post"}],"author":[{"embeddable":true,"href":"https:\/\/www.visit-ulcinj.com\/blog\/wp-json\/wp\/v2\/users\/1"}],"replies":[{"embeddable":true,"href":"https:\/\/www.visit-ulcinj.com\/blog\/wp-json\/wp\/v2\/comments?post=26042"}],"version-history":[{"count":0,"href":"https:\/\/www.visit-ulcinj.com\/blog\/wp-json\/wp\/v2\/posts\/26042\/revisions"}],"wp:attachment":[{"href":"https:\/\/www.visit-ulcinj.com\/blog\/wp-json\/wp\/v2\/media?parent=26042"}],"wp:term":[{"taxonomy":"category","embeddable":true,"href":"https:\/\/www.visit-ulcinj.com\/blog\/wp-json\/wp\/v2\/categories?post=26042"},{"taxonomy":"post_tag","embeddable":true,"href":"https:\/\/www.visit-ulcinj.com\/blog\/wp-json\/wp\/v2\/tags?post=26042"}],"curies":[{"name":"wp","href":"https:\/\/api.w.org\/{rel}","templated":true}]}}