{"id":26047,"date":"2009-10-01T09:12:38","date_gmt":"2009-10-01T07:12:38","guid":{"rendered":"http:\/\/www.visit-ulcinj.com\/blog\/?p=26047"},"modified":"2009-10-01T09:12:38","modified_gmt":"2009-10-01T07:12:38","slug":"aferdita-dreshaj-kur-zgjohem-pyes-ne-krevatin-e-kujt-jam","status":"publish","type":"post","link":"https:\/\/www.visit-ulcinj.com\/blog\/2009\/10\/01\/aferdita-dreshaj-kur-zgjohem-pyes-ne-krevatin-e-kujt-jam\/","title":{"rendered":"Aferdita Dreshaj: Kur zgjohem, pyes ne krevatin e kujt jam?"},"content":{"rendered":"<p><a href=\"http:\/\/www.visit-ulcinj.com\/blog\/wp-content\/uploads\/2009\/10\/Aferdita-Dreshaj.jpg\"><img loading=\"lazy\" class=\"alignleft size-full wp-image-26048\" title=\"Aferdita Dreshaj\" src=\"http:\/\/www.visit-ulcinj.com\/blog\/wp-content\/uploads\/2009\/10\/Aferdita-Dreshaj.jpg\" alt=\"Aferdita Dreshaj\" width=\"580\" height=\"380\" \/><\/a>Modele, dhe s\u00eb fundmi k\u00ebng\u00ebtare, Af\u00ebrdita Dreshaj rr\u00ebfen t\u00eb gjitha detajet q\u00eb fshihen n\u00eb dhom\u00ebn e gjumit, kur ndodhet n\u00eb shtrat m\u00eb t\u00eb fejuarin e saj, Shpat Kasapi. Shtrati p\u00ebr t\u00eb nuk \u00ebsht\u00eb vet\u00ebm nj\u00eb vend p\u00ebr t\u2019u qet\u00ebsuar, por edhe nj\u00eb vend ideal p\u00ebr biseda intime me t\u00eb fejuarin e saj, nd\u00ebrsa kur ndodhet vet\u00ebm n\u00eb dhom\u00eb, preferon q\u00eb t\u00eb b\u00ebj\u00eb biseda telefonike, por asnj\u00ebher\u00eb me tematik\u00eb erotike. Ajo p\u00ebrfshihet nga pasioni kur ndodhet n\u00eb nj\u00eb shtrat me djaloshin nga Maqedonia dhe kur zgjohet shpesh i b\u00ebn pyetjen vetes: \u201cN\u00eb \u00e7far\u00eb vendi mund t\u00eb jem tani\u2026\u201d?<br \/>\n<strong>Sa koh\u00eb kalon zakonisht n\u00eb krevat?<\/strong><br \/>\nN\u00eb krevat zakonisht vet\u00ebm kur b\u00ebj gjum\u00eb, patjet\u00ebr 8 or\u00eb gjum\u00eb p\u00ebr mua \u00ebsht\u00eb perfekt.<br \/>\n<strong>Gjat\u00eb k\u00ebsaj kohe q\u00eb je n\u00eb shtrat, sa or\u00eb e kalon n\u00eb gjum\u00eb?<\/strong><br \/>\nVet\u00ebm 8 or\u00eb, n\u00eb shtrat shkoj vet\u00ebm p\u00ebr t\u00eb fjetur gjum\u00eb.<br \/>\n<strong>Preferon t\u00eb flesh me pizhama, t\u00eb brendshme apo lakuriq?<\/strong><br \/>\nMe pizhama \u201cVictoria\u2019s Secret\u201d\u2026!<br \/>\n<strong>\u00c7far\u00eb b\u00ebn tjet\u00ebr n\u00eb shtrat: ha, lexon, sheh TV apo\u2026?<\/strong><br \/>\nShoh televizor derisa m\u00eb z\u00eb gjumi\u2026!<br \/>\n<strong>\u00c7far\u00eb \u00ebsht\u00eb shtrati p\u00ebr ty, nj\u00eb p\u00ebrkufizim?<\/strong><br \/>\nShtrati p\u00ebr mua \u00ebsht\u00eb nj\u00eb vend i paz\u00ebvend\u00ebsuesh\u00ebm p\u00ebr pushim.<br \/>\n<strong>\u00c7far\u00eb pozicioni preferon zakonisht p\u00ebr t\u00eb fjetur?<\/strong><br \/>\nNuk e di, sepse nuk e shoh veten kur jam n\u00eb gjum\u00eb (qesh).<br \/>\n<strong>Po kur je m\u00eb t\u00eb dashurin?<\/strong><br \/>\nNo comment\u2026<br \/>\n<strong>T\u00eb q\u00ebllon kur je me dik\u00eb n\u00eb shtrat t\u00eb flas\u00ebsh? P\u00ebrse bisedon zakonisht?<\/strong><br \/>\nMe Shpatin, zakonisht flasim p\u00ebr \u00e7do gj\u00eb.<br \/>\n<strong>Preferon t\u00eb mbulohesh shum\u00eb apo pak?<\/strong><br \/>\nShum\u00eb. Edhe n\u00eb ver\u00eb, edhe n\u00eb dim\u00ebr.<br \/>\n<strong>A flet n\u00eb telefon, b\u00ebn thashetheme apo biseda erotike? \u00c7far\u00eb?<\/strong><br \/>\nJo, vet\u00ebm kur jam n\u00eb Amerik\u00eb flas n\u00eb telefon me Shpatin.<br \/>\n<strong>A t\u00eb p\u00eblqen t\u00eb luash me jast\u00ebk\u00eb, \u00e7far\u00eb loj\u00ebrash b\u00ebn zakonisht?<\/strong><br \/>\nJo, fare.<br \/>\n<strong>A t\u00eb ndodh t\u00eb zgjohesh shpesh gjat\u00eb nat\u00ebs dhe p\u00ebrse?<\/strong><br \/>\nNga momenti q\u00eb m\u00eb z\u00eb gjumi deri n\u00eb m\u00ebngjes nuk zgjohem.<br \/>\n<strong>\u00c7far\u00eb urren m\u00eb shum\u00eb n\u00eb shtrat, kur je me dik\u00eb tjet\u00ebr?<\/strong><br \/>\nShpati fle perfekt, nd\u00ebrsa motra ime kur fle me mua e ka zakon q\u00eb l\u00ebviz shum\u00eb n\u00eb gjum\u00eb.<br \/>\n<strong>Kur je vet\u00ebm, t\u00eb ka ndodhur t\u00eb zgjohesh duke shtr\u00ebnguar jast\u00ebkun?<\/strong><br \/>\nJo.<br \/>\n<strong>Si do t\u00eb ndiheshe n\u00ebse i dashuri yt kthen kurrizin?<\/strong><br \/>\nE zgjoj nga gjumi dhe i them: \u201ckthehu n\u00eb an\u00ebn time. (qesh)<br \/>\n<strong>N\u00ebse je me nj\u00eb person t\u00eb seksit t\u00eb nj\u00ebjt\u00eb dhe t\u00eb prek, si do t\u00eb reagoje?<\/strong><br \/>\nHa, ha, ha, nuk e ndiej, sepse kam gjum\u00eb t\u00eb r\u00ebnd\u00eb.<br \/>\n<strong>Kur shkon zakonisht p\u00ebr t\u00eb fjetur, \u00e7far\u00eb b\u00ebn para se t\u00eb shtrihesh?<\/strong><br \/>\nB\u00ebj nj\u00eb dush dhe lyhem me krem.<br \/>\n<strong>Cila \u00ebsht\u00eb gj\u00ebja e par\u00eb q\u00eb b\u00ebn sapo hap syt\u00eb n\u00eb m\u00ebngjes?<\/strong><br \/>\nShoh telefonin.<br \/>\n<strong>\u00c7far\u00eb nuk t\u00eb p\u00eblqen kur je duke udh\u00ebtuar dhe fle n\u00eb ndonj\u00eb hotel?<\/strong><br \/>\nNuk \u00ebsht\u00eb komfort si krevati im, edhe n\u00ebse mund t\u00eb jet\u00eb hotel me 5 yje.<br \/>\n<strong>T\u00eb ka ndodhur t\u00eb zgjohesh n\u00eb shtratin e dikujt e t\u00eb thuash: \u00c7\u2019dreqin dua k\u00ebtu?<\/strong><br \/>\n<strong>Ndonj\u00ebher\u00eb kur jemi me Shpatin n\u00ebp\u00ebr turne dhe zgjohemi, pyesim: \u201cN\u00eb cilin shtet jemi tani\u201d?<\/strong><\/p>\n<p>(qesh)<br \/>\n<strong>Ku preferon t\u00eb flesh p\u00ebrve\u00e7 krevatit, n\u00eb divan apo dhom\u00ebn e prind\u00ebrve?<\/strong><br \/>\nN\u00eb divan.<\/p>\n<p><strong>Revista Bluetooth<br \/>\n<\/p>\n<p><\/strong><\/p>\n<p><strong><!--YouTube Error: bad URL entered--><br \/>\n<\/strong><\/p>\n","protected":false},"excerpt":{"rendered":"<p>Modele, dhe s\u00eb fundmi k\u00ebng\u00ebtare, Af\u00ebrdita Dreshaj rr\u00ebfen t\u00eb gjitha detajet q\u00eb fshihen n\u00eb dhom\u00ebn e gjumit, kur ndodhet n\u00eb shtrat m\u00eb t\u00eb fejuarin e saj, Shpat Kasapi. Shtrati p\u00ebr t\u00eb nuk \u00ebsht\u00eb vet\u00ebm nj\u00eb vend p\u00ebr t\u2019u qet\u00ebsuar, por edhe nj\u00eb vend ideal p\u00ebr biseda intime me t\u00eb fejuarin e saj, nd\u00ebrsa kur ndodhet [&hellip;]<\/p>\n","protected":false},"author":1,"featured_media":0,"comment_status":"open","ping_status":"closed","sticky":false,"template":"","format":"standard","meta":{"spay_email":"","jetpack_publicize_message":"","jetpack_is_tweetstorm":false,"jetpack_publicize_feature_enabled":true},"categories":[1],"tags":[6121],"jetpack_publicize_connections":[],"yoast_head":"<!-- This site is optimized with the Yoast SEO plugin v19.1 - https:\/\/yoast.com\/wordpress\/plugins\/seo\/ -->\n<title>Aferdita Dreshaj: Kur zgjohem, pyes ne krevatin e kujt jam? - Lajme nga Ulqini<\/title>\n<meta name=\"description\" content=\"Modele, dhe s\u00eb fundmi k\u00ebng\u00ebtare, Af\u00ebrdita Dreshaj rr\u00ebfen t\u00eb gjitha detajet q\u00eb fshihen n\u00eb dhom\u00ebn e gjumit, kur ndodhet n\u00eb shtrat m\u00eb t\u00eb fejuarin e saj,\" \/>\n<meta name=\"robots\" content=\"index, follow, max-snippet:-1, max-image-preview:large, max-video-preview:-1\" \/>\n<link rel=\"canonical\" href=\"https:\/\/www.visit-ulcinj.com\/blog\/2009\/10\/01\/aferdita-dreshaj-kur-zgjohem-pyes-ne-krevatin-e-kujt-jam\/\" \/>\n<meta property=\"og:locale\" content=\"en_US\" \/>\n<meta property=\"og:type\" content=\"article\" \/>\n<meta property=\"og:title\" content=\"Aferdita Dreshaj: Kur zgjohem, pyes ne krevatin e kujt jam? - Lajme nga Ulqini\" \/>\n<meta property=\"og:description\" content=\"Modele, dhe s\u00eb fundmi k\u00ebng\u00ebtare, Af\u00ebrdita Dreshaj rr\u00ebfen t\u00eb gjitha detajet q\u00eb fshihen n\u00eb dhom\u00ebn e gjumit, kur ndodhet n\u00eb shtrat m\u00eb t\u00eb fejuarin e saj,\" \/>\n<meta property=\"og:url\" content=\"https:\/\/www.visit-ulcinj.com\/blog\/2009\/10\/01\/aferdita-dreshaj-kur-zgjohem-pyes-ne-krevatin-e-kujt-jam\/\" \/>\n<meta property=\"og:site_name\" content=\"Lajme nga Ulqini\" \/>\n<meta property=\"article:published_time\" content=\"2009-10-01T07:12:38+00:00\" \/>\n<meta property=\"og:image\" content=\"https:\/\/www.visit-ulcinj.com\/blog\/wp-content\/uploads\/2009\/10\/Aferdita-Dreshaj-150x150.jpg\" \/>\n<meta name=\"twitter:label1\" content=\"Written by\" \/>\n\t<meta name=\"twitter:data1\" content=\"ulqini\" \/>\n\t<meta name=\"twitter:label2\" content=\"Est. reading time\" \/>\n\t<meta name=\"twitter:data2\" content=\"3 minutes\" \/>\n<script type=\"application\/ld+json\" class=\"yoast-schema-graph\">{\"@context\":\"https:\/\/schema.org\",\"@graph\":[{\"@type\":\"WebSite\",\"@id\":\"https:\/\/www.visit-ulcinj.com\/blog\/#website\",\"url\":\"https:\/\/www.visit-ulcinj.com\/blog\/\",\"name\":\"Lajme nga Ulqini\",\"description\":\"Lajme,Vijesti,Ulqini,Ulqin,Crna Gora,Mali i Zi\",\"potentialAction\":[{\"@type\":\"SearchAction\",\"target\":{\"@type\":\"EntryPoint\",\"urlTemplate\":\"https:\/\/www.visit-ulcinj.com\/blog\/?s={search_term_string}\"},\"query-input\":\"required name=search_term_string\"}],\"inLanguage\":\"en-US\"},{\"@type\":\"ImageObject\",\"inLanguage\":\"en-US\",\"@id\":\"https:\/\/www.visit-ulcinj.com\/blog\/2009\/10\/01\/aferdita-dreshaj-kur-zgjohem-pyes-ne-krevatin-e-kujt-jam\/#primaryimage\",\"url\":\"http:\/\/www.visit-ulcinj.com\/blog\/wp-content\/uploads\/2009\/10\/Aferdita-Dreshaj.jpg\",\"contentUrl\":\"http:\/\/www.visit-ulcinj.com\/blog\/wp-content\/uploads\/2009\/10\/Aferdita-Dreshaj.jpg\"},{\"@type\":\"WebPage\",\"@id\":\"https:\/\/www.visit-ulcinj.com\/blog\/2009\/10\/01\/aferdita-dreshaj-kur-zgjohem-pyes-ne-krevatin-e-kujt-jam\/#webpage\",\"url\":\"https:\/\/www.visit-ulcinj.com\/blog\/2009\/10\/01\/aferdita-dreshaj-kur-zgjohem-pyes-ne-krevatin-e-kujt-jam\/\",\"name\":\"Aferdita Dreshaj: Kur zgjohem, pyes ne krevatin e kujt jam? - Lajme nga Ulqini\",\"isPartOf\":{\"@id\":\"https:\/\/www.visit-ulcinj.com\/blog\/#website\"},\"primaryImageOfPage\":{\"@id\":\"https:\/\/www.visit-ulcinj.com\/blog\/2009\/10\/01\/aferdita-dreshaj-kur-zgjohem-pyes-ne-krevatin-e-kujt-jam\/#primaryimage\"},\"datePublished\":\"2009-10-01T07:12:38+00:00\",\"dateModified\":\"2009-10-01T07:12:38+00:00\",\"author\":{\"@id\":\"https:\/\/www.visit-ulcinj.com\/blog\/#\/schema\/person\/dcab619c614d3038751c63bc2aadc06d\"},\"description\":\"Modele, dhe s\u00eb fundmi k\u00ebng\u00ebtare, Af\u00ebrdita Dreshaj rr\u00ebfen t\u00eb gjitha detajet q\u00eb fshihen n\u00eb dhom\u00ebn e gjumit, kur ndodhet n\u00eb shtrat m\u00eb t\u00eb fejuarin e saj,\",\"breadcrumb\":{\"@id\":\"https:\/\/www.visit-ulcinj.com\/blog\/2009\/10\/01\/aferdita-dreshaj-kur-zgjohem-pyes-ne-krevatin-e-kujt-jam\/#breadcrumb\"},\"inLanguage\":\"en-US\",\"potentialAction\":[{\"@type\":\"ReadAction\",\"target\":[\"https:\/\/www.visit-ulcinj.com\/blog\/2009\/10\/01\/aferdita-dreshaj-kur-zgjohem-pyes-ne-krevatin-e-kujt-jam\/\"]}]},{\"@type\":\"BreadcrumbList\",\"@id\":\"https:\/\/www.visit-ulcinj.com\/blog\/2009\/10\/01\/aferdita-dreshaj-kur-zgjohem-pyes-ne-krevatin-e-kujt-jam\/#breadcrumb\",\"itemListElement\":[{\"@type\":\"ListItem\",\"position\":1,\"name\":\"Aferdita Dreshaj: Kur zgjohem, pyes ne krevatin e kujt jam?\"}]},{\"@type\":\"Person\",\"@id\":\"https:\/\/www.visit-ulcinj.com\/blog\/#\/schema\/person\/dcab619c614d3038751c63bc2aadc06d\",\"name\":\"ulqini\",\"sameAs\":[\"http:\/\/www.visit-ulcinj.com\"],\"url\":\"https:\/\/www.visit-ulcinj.com\/blog\/author\/admin\/\"}]}<\/script>\n<!-- \/ Yoast SEO plugin. -->","yoast_head_json":{"title":"Aferdita Dreshaj: Kur zgjohem, pyes ne krevatin e kujt jam? - Lajme nga Ulqini","description":"Modele, dhe s\u00eb fundmi k\u00ebng\u00ebtare, Af\u00ebrdita Dreshaj rr\u00ebfen t\u00eb gjitha detajet q\u00eb fshihen n\u00eb dhom\u00ebn e gjumit, kur ndodhet n\u00eb shtrat m\u00eb t\u00eb fejuarin e saj,","robots":{"index":"index","follow":"follow","max-snippet":"max-snippet:-1","max-image-preview":"max-image-preview:large","max-video-preview":"max-video-preview:-1"},"canonical":"https:\/\/www.visit-ulcinj.com\/blog\/2009\/10\/01\/aferdita-dreshaj-kur-zgjohem-pyes-ne-krevatin-e-kujt-jam\/","og_locale":"en_US","og_type":"article","og_title":"Aferdita Dreshaj: Kur zgjohem, pyes ne krevatin e kujt jam? - Lajme nga Ulqini","og_description":"Modele, dhe s\u00eb fundmi k\u00ebng\u00ebtare, Af\u00ebrdita Dreshaj rr\u00ebfen t\u00eb gjitha detajet q\u00eb fshihen n\u00eb dhom\u00ebn e gjumit, kur ndodhet n\u00eb shtrat m\u00eb t\u00eb fejuarin e saj,","og_url":"https:\/\/www.visit-ulcinj.com\/blog\/2009\/10\/01\/aferdita-dreshaj-kur-zgjohem-pyes-ne-krevatin-e-kujt-jam\/","og_site_name":"Lajme nga Ulqini","article_published_time":"2009-10-01T07:12:38+00:00","og_image":[{"url":"https:\/\/www.visit-ulcinj.com\/blog\/wp-content\/uploads\/2009\/10\/Aferdita-Dreshaj-150x150.jpg"}],"twitter_misc":{"Written by":"ulqini","Est. reading time":"3 minutes"},"schema":{"@context":"https:\/\/schema.org","@graph":[{"@type":"WebSite","@id":"https:\/\/www.visit-ulcinj.com\/blog\/#website","url":"https:\/\/www.visit-ulcinj.com\/blog\/","name":"Lajme nga Ulqini","description":"Lajme,Vijesti,Ulqini,Ulqin,Crna Gora,Mali i Zi","potentialAction":[{"@type":"SearchAction","target":{"@type":"EntryPoint","urlTemplate":"https:\/\/www.visit-ulcinj.com\/blog\/?s={search_term_string}"},"query-input":"required name=search_term_string"}],"inLanguage":"en-US"},{"@type":"ImageObject","inLanguage":"en-US","@id":"https:\/\/www.visit-ulcinj.com\/blog\/2009\/10\/01\/aferdita-dreshaj-kur-zgjohem-pyes-ne-krevatin-e-kujt-jam\/#primaryimage","url":"http:\/\/www.visit-ulcinj.com\/blog\/wp-content\/uploads\/2009\/10\/Aferdita-Dreshaj.jpg","contentUrl":"http:\/\/www.visit-ulcinj.com\/blog\/wp-content\/uploads\/2009\/10\/Aferdita-Dreshaj.jpg"},{"@type":"WebPage","@id":"https:\/\/www.visit-ulcinj.com\/blog\/2009\/10\/01\/aferdita-dreshaj-kur-zgjohem-pyes-ne-krevatin-e-kujt-jam\/#webpage","url":"https:\/\/www.visit-ulcinj.com\/blog\/2009\/10\/01\/aferdita-dreshaj-kur-zgjohem-pyes-ne-krevatin-e-kujt-jam\/","name":"Aferdita Dreshaj: Kur zgjohem, pyes ne krevatin e kujt jam? - Lajme nga Ulqini","isPartOf":{"@id":"https:\/\/www.visit-ulcinj.com\/blog\/#website"},"primaryImageOfPage":{"@id":"https:\/\/www.visit-ulcinj.com\/blog\/2009\/10\/01\/aferdita-dreshaj-kur-zgjohem-pyes-ne-krevatin-e-kujt-jam\/#primaryimage"},"datePublished":"2009-10-01T07:12:38+00:00","dateModified":"2009-10-01T07:12:38+00:00","author":{"@id":"https:\/\/www.visit-ulcinj.com\/blog\/#\/schema\/person\/dcab619c614d3038751c63bc2aadc06d"},"description":"Modele, dhe s\u00eb fundmi k\u00ebng\u00ebtare, Af\u00ebrdita Dreshaj rr\u00ebfen t\u00eb gjitha detajet q\u00eb fshihen n\u00eb dhom\u00ebn e gjumit, kur ndodhet n\u00eb shtrat m\u00eb t\u00eb fejuarin e saj,","breadcrumb":{"@id":"https:\/\/www.visit-ulcinj.com\/blog\/2009\/10\/01\/aferdita-dreshaj-kur-zgjohem-pyes-ne-krevatin-e-kujt-jam\/#breadcrumb"},"inLanguage":"en-US","potentialAction":[{"@type":"ReadAction","target":["https:\/\/www.visit-ulcinj.com\/blog\/2009\/10\/01\/aferdita-dreshaj-kur-zgjohem-pyes-ne-krevatin-e-kujt-jam\/"]}]},{"@type":"BreadcrumbList","@id":"https:\/\/www.visit-ulcinj.com\/blog\/2009\/10\/01\/aferdita-dreshaj-kur-zgjohem-pyes-ne-krevatin-e-kujt-jam\/#breadcrumb","itemListElement":[{"@type":"ListItem","position":1,"name":"Aferdita Dreshaj: Kur zgjohem, pyes ne krevatin e kujt jam?"}]},{"@type":"Person","@id":"https:\/\/www.visit-ulcinj.com\/blog\/#\/schema\/person\/dcab619c614d3038751c63bc2aadc06d","name":"ulqini","sameAs":["http:\/\/www.visit-ulcinj.com"],"url":"https:\/\/www.visit-ulcinj.com\/blog\/author\/admin\/"}]}},"jetpack_featured_media_url":"","jetpack_sharing_enabled":true,"jetpack_shortlink":"https:\/\/wp.me\/pe6lTn-6M7","_links":{"self":[{"href":"https:\/\/www.visit-ulcinj.com\/blog\/wp-json\/wp\/v2\/posts\/26047"}],"collection":[{"href":"https:\/\/www.visit-ulcinj.com\/blog\/wp-json\/wp\/v2\/posts"}],"about":[{"href":"https:\/\/www.visit-ulcinj.com\/blog\/wp-json\/wp\/v2\/types\/post"}],"author":[{"embeddable":true,"href":"https:\/\/www.visit-ulcinj.com\/blog\/wp-json\/wp\/v2\/users\/1"}],"replies":[{"embeddable":true,"href":"https:\/\/www.visit-ulcinj.com\/blog\/wp-json\/wp\/v2\/comments?post=26047"}],"version-history":[{"count":0,"href":"https:\/\/www.visit-ulcinj.com\/blog\/wp-json\/wp\/v2\/posts\/26047\/revisions"}],"wp:attachment":[{"href":"https:\/\/www.visit-ulcinj.com\/blog\/wp-json\/wp\/v2\/media?parent=26047"}],"wp:term":[{"taxonomy":"category","embeddable":true,"href":"https:\/\/www.visit-ulcinj.com\/blog\/wp-json\/wp\/v2\/categories?post=26047"},{"taxonomy":"post_tag","embeddable":true,"href":"https:\/\/www.visit-ulcinj.com\/blog\/wp-json\/wp\/v2\/tags?post=26047"}],"curies":[{"name":"wp","href":"https:\/\/api.w.org\/{rel}","templated":true}]}}