{"id":2606,"date":"2008-08-20T06:37:25","date_gmt":"2008-08-20T11:37:25","guid":{"rendered":"http:\/\/www.visit-ulcinj.com\/blog\/?p=2606"},"modified":"2008-08-20T06:37:25","modified_gmt":"2008-08-20T11:37:25","slug":"sve-dozvole-za-nedjelju-dana","status":"publish","type":"post","link":"https:\/\/www.visit-ulcinj.com\/blog\/2008\/08\/20\/sve-dozvole-za-nedjelju-dana\/","title":{"rendered":"Sve dozvole za nedjelju dana"},"content":{"rendered":"<p><a href=\"http:\/\/www.vlada.cg.yu\/img\/1159448461.jpg\"><img loading=\"lazy\" class=\"alignleft\" title=\"Zoran Vuk?evi?\" src=\"http:\/\/www.vlada.cg.yu\/img\/1159448461.jpg\" alt=\"\" width=\"288\" height=\"384\" \/><\/a><strong>INTERVJU: Direktor Direkcije za razvoj malih i srednjih preduze?a Zoran Vuk?evi? o eliminisanju biznis barijera za razvoj preduzetni\u0161tva<br \/>\n<\/strong>Mali preduzetnici koji \u017eele da otvore prodavnicu, pr\u017eionicu kafe ili da spravljaju sladoled dobi?e sve potrebne dozvole za po?etak rada u periodu tri do sedam dana, najavio je u intervjuu Republici direktor Direkcije za razvoj malih i srednjih preduze?a Zoran Vuk?evi?.<br \/>\nVuk?evi?, koji je ?lan vladinog Savjeta za eliminisanje biznis barijera dodao je da ukoliko se desi da mali preduzetnik ipak ne dobije potrebna rje\u0161enja za rad u roku od nedjelju dana, on ?e nesmetano mo?i da otpo?ne svoj biznis.<br \/>\nUkoliko neki organ administracije, u tom vremenskom roku, ne izda tra\u017eenu dozvolu ili rje\u0161enje, onda podnosilac zahtjeva mo\u017ee smatrati kao da je dobio rje\u0161enje i mo\u017ee zapo?eti biznis, objasnio je Vuk?evi?<br \/>\nU ovom trenutku najva\u017enija konkretna mjera za eliminisanje biznis barijera je stvaranje \u0161to boljih uslova i \u0161to kra?ih procedura za dobijanje raznih vrsta dozvola za po?etak biznisa. Na\u0161a ideja je da, dobijanje dozvole za po?etak malog biznisa, ne traje du\u017ee od sedam dana.<br \/>\nJedan od na?ina je stvaranje novog zakonskog okvira kojim ?e se striktno definisati vrijeme potrebno za izdavanje dozvole za po?etak rada biznisa, ali i obezbje?ivanje dokumenata neophodnih za biznis po slu\u017ebenoj du\u017enosti.<br \/>\nTo prakti?no zna?i da ukoliko neki organ administracije, u odre?enom vremenskom roku, ne izda tra\u017eenu dozvolu ili rje\u0161enje onda podnosilac zahtjeva mo\u017ee smatrati kao da je dobio rje\u0161enje i mo\u017ee zapo?eti biznis.<br \/>\nU ovom slu?aju odgovornost za neizdavanje dozvole (ili rje\u0161enja) bi preuzeo organ lokalne ili republi?ke uprave koji na vrijeme nije obavio svoj posao.<br \/>\nCilj nam je da stvorimo takav sistem u kome ?e zainteresovani preduzetnici na jednom mjestu tra\u017eiti dozvole na rad, a u toj istoj kancelariji ?e dobiti sve potrebne papire. Budu?i preduzetnici ?e zahtjeve za dobijanje dozvola tra\u017eiti od lokalne administracije, a dr\u017eava je ta koja treba da izme?u sebe postavi koordinaciju na relaciji republi?ka-lokalna administracija. Na primjer, ukoliko preduzetnik \u017eeli da otvori neku prodavnicu, a ve? posjeduje sopstveni objekat, onda nema nikakve potrebe da on tra\u017ei od nekog organa lokalne samouprave ili republi?ke vlasti potvrdu da je vlasnik tog poslovnog prostora.<br \/>\nLogi?no je da organ kome je predat zahtjev za dobijanje dozvole, po slu\u017ebenoj du\u017enosti zatra\u017ei od drugog lokalnog organa dokument u kome se \u00abvidi\u00bb da je pomenuti preduzetnik vlasnik poslovnog prostora. Zna?i sve one informacije koje posjeduje lokalna ili republi?ka baza podataka budu?i preduzetnik nije du\u017ean da dostavi organu zadu\u017eenom za dozvole, ve? samo one koje se ti?u samog preduzetnika. Takva informacija je, na naprimjer, ugovor o zakupu poslovnog prostora.<br \/>\n<strong>Ste?aj ne du\u017ei od \u0161est mjeseci<\/strong><\/p>\n<div style=\"width: 336px\" class=\"wp-caption alignright\"><a href=\"http:\/\/www.pirellajuices.com\/ns2006\/s1.jpg\"><img loading=\"lazy\" title=\"Direktor Direkcije za razvoj malih i srednjih preduze?a Zoran Vuk?evi?\" src=\"http:\/\/www.pirellajuices.com\/ns2006\/s1.jpg\" alt=\"Direktor Direkcije za razvoj malih i srednjih preduze?a Zoran Vuk?evi?\" width=\"326\" height=\"244\" \/><\/a><p class=\"wp-caption-text\">Direktor Direkcije za razvoj malih i srednjih preduze?a Zoran Vuk?evi?<\/p><\/div>\n<p>Svjedoci smo da su ste?ajevi u pojedinim crnogorskim kompanija trajali i po vi\u0161e od pet godina, \u0161to je nedopustivo dugo. Sada proces ste?aja traje, uglavnom ispodgodine, \u0161to je tako?e dugo, a novim propisima tra\u017ei?emo rje\u0161enje po kome ?e ste?ajevi trajati jo\u0161 kra?e. Cilj nam je napraviti stimulativan sistem, u kome ?e period ste?aja da \u0161to kra?e traje. Sasvim je logi?no da ukoliko, vlasnik \u017eeli da ste?ajem rije\u0161i neki problem u firmi onda taj proces za dobrobit svih, mora da se \u0161to prije obavi.<br \/>\nPosebno zna?ajna novina u novom zakonu je to \u0161to ste?ajni postupak postaje zakonom propisani put za naplatu potra\u017eivanja povjerilaca, ali istovremeno i za reorganizaciju insolventnog du\u017enika. Ipak, postoje i problemi u primjeni ovog zakona. Naime, mali broj postupaka reorganizacije, za razliku od klasi?nih ste?ajnih postupaka pokrenut je kod privrednih sudova u skladu sa Zakonom o insolventnosti privrednih dru\u0161tava.<br \/>\nPostoji potreba da se pove?a broj obu?enih i stru?nih ste?ajnih upravnika, \u0161to je jedan od glavnih problema u implementaciji Zakona, imaju?i u vidu mnogo zna?ajniju ulogu koju ste?ajni upravnici imaju u odnosu na prethodnu regulativu. Treba donijeti preporuke kako ubrzati ste?ajni postupak, na primjer utvr?ivanjem obaveze ste?ajnog upravnika da sastavni dio izvje\u0161taja o uzrocima koji su doveli do ste?ajnog postupka bude i dinamika procesa koji ne mo\u017ee trajati du\u017ee od tri do \u0161est mjeseci.<br \/>\nDodatni razlog za ovakvo ograni?avanje postupka je i ?injenica da ste?ajni upravnik predstavlja neku vrstu ste?ajnog advokata i njegova je obaveza da ?uva imovinu preduze?a koje je u ste?aju, odnosno da o?uva ste?ajnu masu. Kompleksnost postupka ste?aja iziskuje najbolji i najkvalitetniji doprinos svih pojedinaca koji u njemu imaju ulogu. Ne samo da moraju zadovoljiti odre?ene minimalne uslove, nego moraju biti odgovaraju?e obu?eni, sa ste?enim profesionalnim kredibilitetom i primati odgovaraju?e naknade za svoj rad, kazao je Vuk?evi?.<br \/>\n<strong>Izvor \/ Republika<\/strong><span style=\"text-decoration: underline;\"><br \/>\n<\/span><\/p>\n","protected":false},"excerpt":{"rendered":"<p><img loading=\"lazy\" class=\"alignleft\" title=\"Zoran Vuk?evi?\" src=\"http:\/\/www.vlada.cg.yu\/img\/1159448461.jpg\" alt=\"\" width=\"140\" height=\"140\" \/><\/p>\n","protected":false},"author":1,"featured_media":0,"comment_status":"open","ping_status":"closed","sticky":false,"template":"","format":"standard","meta":{"spay_email":"","jetpack_publicize_message":"","jetpack_is_tweetstorm":false,"jetpack_publicize_feature_enabled":true},"categories":[10,5,12],"tags":[4389,4390],"jetpack_publicize_connections":[],"yoast_head":"<!-- This site is optimized with the Yoast SEO plugin v19.1 - https:\/\/yoast.com\/wordpress\/plugins\/seo\/ -->\n<title>Sve dozvole za nedjelju dana - Lajme nga Ulqini<\/title>\n<meta name=\"robots\" content=\"index, follow, max-snippet:-1, max-image-preview:large, max-video-preview:-1\" \/>\n<link rel=\"canonical\" href=\"https:\/\/www.visit-ulcinj.com\/blog\/2008\/08\/20\/sve-dozvole-za-nedjelju-dana\/\" \/>\n<meta property=\"og:locale\" content=\"en_US\" \/>\n<meta property=\"og:type\" content=\"article\" \/>\n<meta property=\"og:title\" content=\"Sve dozvole za nedjelju dana - Lajme nga Ulqini\" \/>\n<meta property=\"og:url\" content=\"https:\/\/www.visit-ulcinj.com\/blog\/2008\/08\/20\/sve-dozvole-za-nedjelju-dana\/\" \/>\n<meta property=\"og:site_name\" content=\"Lajme nga Ulqini\" \/>\n<meta property=\"article:published_time\" content=\"2008-08-20T11:37:25+00:00\" \/>\n<meta property=\"og:image\" content=\"http:\/\/www.vlada.cg.yu\/img\/1159448461.jpg\" \/>\n<meta name=\"twitter:label1\" content=\"Written by\" \/>\n\t<meta name=\"twitter:data1\" content=\"ulqini\" \/>\n\t<meta name=\"twitter:label2\" content=\"Est. reading time\" \/>\n\t<meta name=\"twitter:data2\" content=\"4 minutes\" \/>\n<script type=\"application\/ld+json\" class=\"yoast-schema-graph\">{\"@context\":\"https:\/\/schema.org\",\"@graph\":[{\"@type\":\"WebSite\",\"@id\":\"https:\/\/www.visit-ulcinj.com\/blog\/#website\",\"url\":\"https:\/\/www.visit-ulcinj.com\/blog\/\",\"name\":\"Lajme nga Ulqini\",\"description\":\"Lajme,Vijesti,Ulqini,Ulqin,Crna Gora,Mali i Zi\",\"potentialAction\":[{\"@type\":\"SearchAction\",\"target\":{\"@type\":\"EntryPoint\",\"urlTemplate\":\"https:\/\/www.visit-ulcinj.com\/blog\/?s={search_term_string}\"},\"query-input\":\"required name=search_term_string\"}],\"inLanguage\":\"en-US\"},{\"@type\":\"ImageObject\",\"inLanguage\":\"en-US\",\"@id\":\"https:\/\/www.visit-ulcinj.com\/blog\/2008\/08\/20\/sve-dozvole-za-nedjelju-dana\/#primaryimage\",\"url\":\"http:\/\/www.vlada.cg.yu\/img\/1159448461.jpg\",\"contentUrl\":\"http:\/\/www.vlada.cg.yu\/img\/1159448461.jpg\"},{\"@type\":\"WebPage\",\"@id\":\"https:\/\/www.visit-ulcinj.com\/blog\/2008\/08\/20\/sve-dozvole-za-nedjelju-dana\/#webpage\",\"url\":\"https:\/\/www.visit-ulcinj.com\/blog\/2008\/08\/20\/sve-dozvole-za-nedjelju-dana\/\",\"name\":\"Sve dozvole za nedjelju dana - Lajme nga Ulqini\",\"isPartOf\":{\"@id\":\"https:\/\/www.visit-ulcinj.com\/blog\/#website\"},\"primaryImageOfPage\":{\"@id\":\"https:\/\/www.visit-ulcinj.com\/blog\/2008\/08\/20\/sve-dozvole-za-nedjelju-dana\/#primaryimage\"},\"datePublished\":\"2008-08-20T11:37:25+00:00\",\"dateModified\":\"2008-08-20T11:37:25+00:00\",\"author\":{\"@id\":\"https:\/\/www.visit-ulcinj.com\/blog\/#\/schema\/person\/dcab619c614d3038751c63bc2aadc06d\"},\"breadcrumb\":{\"@id\":\"https:\/\/www.visit-ulcinj.com\/blog\/2008\/08\/20\/sve-dozvole-za-nedjelju-dana\/#breadcrumb\"},\"inLanguage\":\"en-US\",\"potentialAction\":[{\"@type\":\"ReadAction\",\"target\":[\"https:\/\/www.visit-ulcinj.com\/blog\/2008\/08\/20\/sve-dozvole-za-nedjelju-dana\/\"]}]},{\"@type\":\"BreadcrumbList\",\"@id\":\"https:\/\/www.visit-ulcinj.com\/blog\/2008\/08\/20\/sve-dozvole-za-nedjelju-dana\/#breadcrumb\",\"itemListElement\":[{\"@type\":\"ListItem\",\"position\":1,\"name\":\"Sve dozvole za nedjelju dana\"}]},{\"@type\":\"Person\",\"@id\":\"https:\/\/www.visit-ulcinj.com\/blog\/#\/schema\/person\/dcab619c614d3038751c63bc2aadc06d\",\"name\":\"ulqini\",\"sameAs\":[\"http:\/\/www.visit-ulcinj.com\"],\"url\":\"https:\/\/www.visit-ulcinj.com\/blog\/author\/admin\/\"}]}<\/script>\n<!-- \/ Yoast SEO plugin. -->","yoast_head_json":{"title":"Sve dozvole za nedjelju dana - Lajme nga Ulqini","robots":{"index":"index","follow":"follow","max-snippet":"max-snippet:-1","max-image-preview":"max-image-preview:large","max-video-preview":"max-video-preview:-1"},"canonical":"https:\/\/www.visit-ulcinj.com\/blog\/2008\/08\/20\/sve-dozvole-za-nedjelju-dana\/","og_locale":"en_US","og_type":"article","og_title":"Sve dozvole za nedjelju dana - Lajme nga Ulqini","og_url":"https:\/\/www.visit-ulcinj.com\/blog\/2008\/08\/20\/sve-dozvole-za-nedjelju-dana\/","og_site_name":"Lajme nga Ulqini","article_published_time":"2008-08-20T11:37:25+00:00","og_image":[{"url":"http:\/\/www.vlada.cg.yu\/img\/1159448461.jpg"}],"twitter_misc":{"Written by":"ulqini","Est. reading time":"4 minutes"},"schema":{"@context":"https:\/\/schema.org","@graph":[{"@type":"WebSite","@id":"https:\/\/www.visit-ulcinj.com\/blog\/#website","url":"https:\/\/www.visit-ulcinj.com\/blog\/","name":"Lajme nga Ulqini","description":"Lajme,Vijesti,Ulqini,Ulqin,Crna Gora,Mali i Zi","potentialAction":[{"@type":"SearchAction","target":{"@type":"EntryPoint","urlTemplate":"https:\/\/www.visit-ulcinj.com\/blog\/?s={search_term_string}"},"query-input":"required name=search_term_string"}],"inLanguage":"en-US"},{"@type":"ImageObject","inLanguage":"en-US","@id":"https:\/\/www.visit-ulcinj.com\/blog\/2008\/08\/20\/sve-dozvole-za-nedjelju-dana\/#primaryimage","url":"http:\/\/www.vlada.cg.yu\/img\/1159448461.jpg","contentUrl":"http:\/\/www.vlada.cg.yu\/img\/1159448461.jpg"},{"@type":"WebPage","@id":"https:\/\/www.visit-ulcinj.com\/blog\/2008\/08\/20\/sve-dozvole-za-nedjelju-dana\/#webpage","url":"https:\/\/www.visit-ulcinj.com\/blog\/2008\/08\/20\/sve-dozvole-za-nedjelju-dana\/","name":"Sve dozvole za nedjelju dana - Lajme nga Ulqini","isPartOf":{"@id":"https:\/\/www.visit-ulcinj.com\/blog\/#website"},"primaryImageOfPage":{"@id":"https:\/\/www.visit-ulcinj.com\/blog\/2008\/08\/20\/sve-dozvole-za-nedjelju-dana\/#primaryimage"},"datePublished":"2008-08-20T11:37:25+00:00","dateModified":"2008-08-20T11:37:25+00:00","author":{"@id":"https:\/\/www.visit-ulcinj.com\/blog\/#\/schema\/person\/dcab619c614d3038751c63bc2aadc06d"},"breadcrumb":{"@id":"https:\/\/www.visit-ulcinj.com\/blog\/2008\/08\/20\/sve-dozvole-za-nedjelju-dana\/#breadcrumb"},"inLanguage":"en-US","potentialAction":[{"@type":"ReadAction","target":["https:\/\/www.visit-ulcinj.com\/blog\/2008\/08\/20\/sve-dozvole-za-nedjelju-dana\/"]}]},{"@type":"BreadcrumbList","@id":"https:\/\/www.visit-ulcinj.com\/blog\/2008\/08\/20\/sve-dozvole-za-nedjelju-dana\/#breadcrumb","itemListElement":[{"@type":"ListItem","position":1,"name":"Sve dozvole za nedjelju dana"}]},{"@type":"Person","@id":"https:\/\/www.visit-ulcinj.com\/blog\/#\/schema\/person\/dcab619c614d3038751c63bc2aadc06d","name":"ulqini","sameAs":["http:\/\/www.visit-ulcinj.com"],"url":"https:\/\/www.visit-ulcinj.com\/blog\/author\/admin\/"}]}},"jetpack_featured_media_url":"","jetpack_sharing_enabled":true,"jetpack_shortlink":"https:\/\/wp.me\/pe6lTn-G2","_links":{"self":[{"href":"https:\/\/www.visit-ulcinj.com\/blog\/wp-json\/wp\/v2\/posts\/2606"}],"collection":[{"href":"https:\/\/www.visit-ulcinj.com\/blog\/wp-json\/wp\/v2\/posts"}],"about":[{"href":"https:\/\/www.visit-ulcinj.com\/blog\/wp-json\/wp\/v2\/types\/post"}],"author":[{"embeddable":true,"href":"https:\/\/www.visit-ulcinj.com\/blog\/wp-json\/wp\/v2\/users\/1"}],"replies":[{"embeddable":true,"href":"https:\/\/www.visit-ulcinj.com\/blog\/wp-json\/wp\/v2\/comments?post=2606"}],"version-history":[{"count":0,"href":"https:\/\/www.visit-ulcinj.com\/blog\/wp-json\/wp\/v2\/posts\/2606\/revisions"}],"wp:attachment":[{"href":"https:\/\/www.visit-ulcinj.com\/blog\/wp-json\/wp\/v2\/media?parent=2606"}],"wp:term":[{"taxonomy":"category","embeddable":true,"href":"https:\/\/www.visit-ulcinj.com\/blog\/wp-json\/wp\/v2\/categories?post=2606"},{"taxonomy":"post_tag","embeddable":true,"href":"https:\/\/www.visit-ulcinj.com\/blog\/wp-json\/wp\/v2\/tags?post=2606"}],"curies":[{"name":"wp","href":"https:\/\/api.w.org\/{rel}","templated":true}]}}