{"id":26073,"date":"2009-10-02T20:18:36","date_gmt":"2009-10-02T18:18:36","guid":{"rendered":"http:\/\/www.visit-ulcinj.com\/blog\/?p=26073"},"modified":"2009-10-02T20:19:08","modified_gmt":"2009-10-02T18:19:08","slug":"spasite-port-milenu","status":"publish","type":"post","link":"https:\/\/www.visit-ulcinj.com\/blog\/2009\/10\/02\/spasite-port-milenu\/","title":{"rendered":"Spasite Port Milenu"},"content":{"rendered":"<p><strong><a href=\"http:\/\/www.visit-ulcinj.com\/blog\/wp-content\/uploads\/2009\/10\/Port-Milena_ulcinj.JPG\"><img loading=\"lazy\" class=\"alignleft size-full wp-image-26074\" title=\"Port Milena_ulcinj\" src=\"http:\/\/www.visit-ulcinj.com\/blog\/wp-content\/uploads\/2009\/10\/Port-Milena_ulcinj.JPG\" alt=\"Port Milena_ulcinj\" width=\"580\" height=\"400\" \/><\/a>EKOLOZI PISALI GVOZDENOVI?U<\/strong><br \/>\nUlcinj &#8211; Po ko zna koji put, ulcinjski ekolozi pozvali su Vladu da rije\u0161i problem Port Milene \u201ci spasi ionako rovit turisti?ki proizvod najju\u017enije op\u0161tine\u201d.<br \/>\nU otvorenom pismu, NVO \u201cZeleni korak\u201d pozvala je ministra Branimira Gvozdenovi?a da budu?im planovima obuhvati taj nekad atraktivni kanal, \u201edanas pretvoren u crnu eko-ta?ku grada, veliku septi?ku jamu i potencijalno \u017eari\u0161te izvora zaraze i epidemije\u201c, podsje?aju?i ga na ?injenicu da Ulcinj realno nema ekonomsku mo? da sam rije\u0161i taj problem.<br \/>\n\u201cImaju?i u vidu ?injenicu da se iz Ulcinja odliva ogroman novac po raznim osnovama, po?ev od eksploatacije pijeska pa preko zakupa kupali\u0161ta i obale Port Milene do prodaje privrednih objekata i nepokretnosti, cijenimo da bi u razvojne planove mogli uklju?iti i revitalizaciju Port Milene kroz izradu projektnog zadatka, a zatim i ostalih planskih dokumenata, uporedo sa po?etkom najavljene izgradnje mosta. U cijelom poslu trebalo bi iskoristiti i spremnost me?unarodnih institucija da finansiraju izradu projekta i koordinaraju rad mogu?ih donatora\u201d, pi\u0161e u pismu.<br \/>\n\u201cZeleni korak\u201d je pozdravio ideju dr\u017eavnih institucija i civilnog sektora za sprovo?enje akcije izgradnje energetskih efikasnih objekata i kori\u0161?enje obnovljenih izvora energije.<br \/>\n\u201cUlcinj je po broju sun?anih sati u samom vrhu Mediterana i zaslu\u017euje vi\u0161e pa\u017enje od Vlade i dr\u017eave kako bi se iskoristila sun?ana energija, biomasa i snaga vjetra\u201c, ocjenjuje se u pismu.<br \/>\n<a href=\"http:\/\/www.vijesti.me\/index.php?id_pre=317596&amp;godina=2009\" target=\"_blank\"><strong>S.A.<br \/>\nVijesti<\/strong><\/a><\/p>\n<!--YouTube Error: bad URL entered-->\n","protected":false},"excerpt":{"rendered":"<p>EKOLOZI PISALI GVOZDENOVI?U Ulcinj &#8211; Po ko zna koji put, ulcinjski ekolozi pozvali su Vladu da rije\u0161i problem Port Milene \u201ci spasi ionako rovit turisti?ki proizvod najju\u017enije op\u0161tine\u201d. U otvorenom pismu, NVO \u201cZeleni korak\u201d pozvala je ministra Branimira Gvozdenovi?a da budu?im planovima obuhvati taj nekad atraktivni kanal, \u201edanas pretvoren u crnu eko-ta?ku grada, veliku septi?ku [&hellip;]<\/p>\n","protected":false},"author":1,"featured_media":0,"comment_status":"open","ping_status":"closed","sticky":false,"template":"","format":"standard","meta":{"spay_email":"","jetpack_publicize_message":"","jetpack_is_tweetstorm":false,"jetpack_publicize_feature_enabled":true},"categories":[7],"tags":[20,295,12585],"jetpack_publicize_connections":[],"yoast_head":"<!-- This site is optimized with the Yoast SEO plugin v19.1 - https:\/\/yoast.com\/wordpress\/plugins\/seo\/ -->\n<title>Spasite Port Milenu - Lajme nga Ulqini<\/title>\n<meta name=\"description\" content=\"EKOLOZI PISALI GVOZDENOVI?U Ulcinj - Po ko zna koji put, ulcinjski ekolozi pozvali su Vladu da rije\u0161i problem Port Milene \u201ci spasi ionako rovit turisti?ki\" \/>\n<meta name=\"robots\" content=\"index, follow, max-snippet:-1, max-image-preview:large, max-video-preview:-1\" \/>\n<link rel=\"canonical\" href=\"https:\/\/www.visit-ulcinj.com\/blog\/2009\/10\/02\/spasite-port-milenu\/\" \/>\n<meta property=\"og:locale\" content=\"en_US\" \/>\n<meta property=\"og:type\" content=\"article\" \/>\n<meta property=\"og:title\" content=\"Spasite Port Milenu - Lajme nga Ulqini\" \/>\n<meta property=\"og:description\" content=\"EKOLOZI PISALI GVOZDENOVI?U Ulcinj - Po ko zna koji put, ulcinjski ekolozi pozvali su Vladu da rije\u0161i problem Port Milene \u201ci spasi ionako rovit turisti?ki\" \/>\n<meta property=\"og:url\" content=\"https:\/\/www.visit-ulcinj.com\/blog\/2009\/10\/02\/spasite-port-milenu\/\" \/>\n<meta property=\"og:site_name\" content=\"Lajme nga Ulqini\" \/>\n<meta property=\"article:published_time\" content=\"2009-10-02T18:18:36+00:00\" \/>\n<meta property=\"article:modified_time\" content=\"2009-10-02T18:19:08+00:00\" \/>\n<meta property=\"og:image\" content=\"http:\/\/www.visit-ulcinj.com\/blog\/wp-content\/uploads\/2009\/10\/Port-Milena_ulcinj.JPG\" \/>\n<meta name=\"twitter:label1\" content=\"Written by\" \/>\n\t<meta name=\"twitter:data1\" content=\"ulqini\" \/>\n\t<meta name=\"twitter:label2\" content=\"Est. reading time\" \/>\n\t<meta name=\"twitter:data2\" content=\"1 minute\" \/>\n<script type=\"application\/ld+json\" class=\"yoast-schema-graph\">{\"@context\":\"https:\/\/schema.org\",\"@graph\":[{\"@type\":\"WebSite\",\"@id\":\"https:\/\/www.visit-ulcinj.com\/blog\/#website\",\"url\":\"https:\/\/www.visit-ulcinj.com\/blog\/\",\"name\":\"Lajme nga Ulqini\",\"description\":\"Lajme,Vijesti,Ulqini,Ulqin,Crna Gora,Mali i Zi\",\"potentialAction\":[{\"@type\":\"SearchAction\",\"target\":{\"@type\":\"EntryPoint\",\"urlTemplate\":\"https:\/\/www.visit-ulcinj.com\/blog\/?s={search_term_string}\"},\"query-input\":\"required name=search_term_string\"}],\"inLanguage\":\"en-US\"},{\"@type\":\"ImageObject\",\"inLanguage\":\"en-US\",\"@id\":\"https:\/\/www.visit-ulcinj.com\/blog\/2009\/10\/02\/spasite-port-milenu\/#primaryimage\",\"url\":\"https:\/\/www.visit-ulcinj.com\/blog\/wp-content\/uploads\/2009\/10\/Port-Milena_ulcinj.JPG\",\"contentUrl\":\"https:\/\/www.visit-ulcinj.com\/blog\/wp-content\/uploads\/2009\/10\/Port-Milena_ulcinj.JPG\",\"width\":\"1200\",\"height\":\"857\"},{\"@type\":\"WebPage\",\"@id\":\"https:\/\/www.visit-ulcinj.com\/blog\/2009\/10\/02\/spasite-port-milenu\/#webpage\",\"url\":\"https:\/\/www.visit-ulcinj.com\/blog\/2009\/10\/02\/spasite-port-milenu\/\",\"name\":\"Spasite Port Milenu - Lajme nga Ulqini\",\"isPartOf\":{\"@id\":\"https:\/\/www.visit-ulcinj.com\/blog\/#website\"},\"primaryImageOfPage\":{\"@id\":\"https:\/\/www.visit-ulcinj.com\/blog\/2009\/10\/02\/spasite-port-milenu\/#primaryimage\"},\"datePublished\":\"2009-10-02T18:18:36+00:00\",\"dateModified\":\"2009-10-02T18:19:08+00:00\",\"author\":{\"@id\":\"https:\/\/www.visit-ulcinj.com\/blog\/#\/schema\/person\/dcab619c614d3038751c63bc2aadc06d\"},\"description\":\"EKOLOZI PISALI GVOZDENOVI?U Ulcinj - Po ko zna koji put, ulcinjski ekolozi pozvali su Vladu da rije\u0161i problem Port Milene \u201ci spasi ionako rovit turisti?ki\",\"breadcrumb\":{\"@id\":\"https:\/\/www.visit-ulcinj.com\/blog\/2009\/10\/02\/spasite-port-milenu\/#breadcrumb\"},\"inLanguage\":\"en-US\",\"potentialAction\":[{\"@type\":\"ReadAction\",\"target\":[\"https:\/\/www.visit-ulcinj.com\/blog\/2009\/10\/02\/spasite-port-milenu\/\"]}]},{\"@type\":\"BreadcrumbList\",\"@id\":\"https:\/\/www.visit-ulcinj.com\/blog\/2009\/10\/02\/spasite-port-milenu\/#breadcrumb\",\"itemListElement\":[{\"@type\":\"ListItem\",\"position\":1,\"name\":\"Spasite Port Milenu\"}]},{\"@type\":\"Person\",\"@id\":\"https:\/\/www.visit-ulcinj.com\/blog\/#\/schema\/person\/dcab619c614d3038751c63bc2aadc06d\",\"name\":\"ulqini\",\"sameAs\":[\"http:\/\/www.visit-ulcinj.com\"],\"url\":\"https:\/\/www.visit-ulcinj.com\/blog\/author\/admin\/\"}]}<\/script>\n<!-- \/ Yoast SEO plugin. -->","yoast_head_json":{"title":"Spasite Port Milenu - Lajme nga Ulqini","description":"EKOLOZI PISALI GVOZDENOVI?U Ulcinj - Po ko zna koji put, ulcinjski ekolozi pozvali su Vladu da rije\u0161i problem Port Milene \u201ci spasi ionako rovit turisti?ki","robots":{"index":"index","follow":"follow","max-snippet":"max-snippet:-1","max-image-preview":"max-image-preview:large","max-video-preview":"max-video-preview:-1"},"canonical":"https:\/\/www.visit-ulcinj.com\/blog\/2009\/10\/02\/spasite-port-milenu\/","og_locale":"en_US","og_type":"article","og_title":"Spasite Port Milenu - Lajme nga Ulqini","og_description":"EKOLOZI PISALI GVOZDENOVI?U Ulcinj - Po ko zna koji put, ulcinjski ekolozi pozvali su Vladu da rije\u0161i problem Port Milene \u201ci spasi ionako rovit turisti?ki","og_url":"https:\/\/www.visit-ulcinj.com\/blog\/2009\/10\/02\/spasite-port-milenu\/","og_site_name":"Lajme nga Ulqini","article_published_time":"2009-10-02T18:18:36+00:00","article_modified_time":"2009-10-02T18:19:08+00:00","og_image":[{"url":"http:\/\/www.visit-ulcinj.com\/blog\/wp-content\/uploads\/2009\/10\/Port-Milena_ulcinj.JPG"}],"twitter_misc":{"Written by":"ulqini","Est. reading time":"1 minute"},"schema":{"@context":"https:\/\/schema.org","@graph":[{"@type":"WebSite","@id":"https:\/\/www.visit-ulcinj.com\/blog\/#website","url":"https:\/\/www.visit-ulcinj.com\/blog\/","name":"Lajme nga Ulqini","description":"Lajme,Vijesti,Ulqini,Ulqin,Crna Gora,Mali i Zi","potentialAction":[{"@type":"SearchAction","target":{"@type":"EntryPoint","urlTemplate":"https:\/\/www.visit-ulcinj.com\/blog\/?s={search_term_string}"},"query-input":"required name=search_term_string"}],"inLanguage":"en-US"},{"@type":"ImageObject","inLanguage":"en-US","@id":"https:\/\/www.visit-ulcinj.com\/blog\/2009\/10\/02\/spasite-port-milenu\/#primaryimage","url":"https:\/\/www.visit-ulcinj.com\/blog\/wp-content\/uploads\/2009\/10\/Port-Milena_ulcinj.JPG","contentUrl":"https:\/\/www.visit-ulcinj.com\/blog\/wp-content\/uploads\/2009\/10\/Port-Milena_ulcinj.JPG","width":"1200","height":"857"},{"@type":"WebPage","@id":"https:\/\/www.visit-ulcinj.com\/blog\/2009\/10\/02\/spasite-port-milenu\/#webpage","url":"https:\/\/www.visit-ulcinj.com\/blog\/2009\/10\/02\/spasite-port-milenu\/","name":"Spasite Port Milenu - Lajme nga Ulqini","isPartOf":{"@id":"https:\/\/www.visit-ulcinj.com\/blog\/#website"},"primaryImageOfPage":{"@id":"https:\/\/www.visit-ulcinj.com\/blog\/2009\/10\/02\/spasite-port-milenu\/#primaryimage"},"datePublished":"2009-10-02T18:18:36+00:00","dateModified":"2009-10-02T18:19:08+00:00","author":{"@id":"https:\/\/www.visit-ulcinj.com\/blog\/#\/schema\/person\/dcab619c614d3038751c63bc2aadc06d"},"description":"EKOLOZI PISALI GVOZDENOVI?U Ulcinj - Po ko zna koji put, ulcinjski ekolozi pozvali su Vladu da rije\u0161i problem Port Milene \u201ci spasi ionako rovit turisti?ki","breadcrumb":{"@id":"https:\/\/www.visit-ulcinj.com\/blog\/2009\/10\/02\/spasite-port-milenu\/#breadcrumb"},"inLanguage":"en-US","potentialAction":[{"@type":"ReadAction","target":["https:\/\/www.visit-ulcinj.com\/blog\/2009\/10\/02\/spasite-port-milenu\/"]}]},{"@type":"BreadcrumbList","@id":"https:\/\/www.visit-ulcinj.com\/blog\/2009\/10\/02\/spasite-port-milenu\/#breadcrumb","itemListElement":[{"@type":"ListItem","position":1,"name":"Spasite Port Milenu"}]},{"@type":"Person","@id":"https:\/\/www.visit-ulcinj.com\/blog\/#\/schema\/person\/dcab619c614d3038751c63bc2aadc06d","name":"ulqini","sameAs":["http:\/\/www.visit-ulcinj.com"],"url":"https:\/\/www.visit-ulcinj.com\/blog\/author\/admin\/"}]}},"jetpack_featured_media_url":"","jetpack_sharing_enabled":true,"jetpack_shortlink":"https:\/\/wp.me\/pe6lTn-6Mx","_links":{"self":[{"href":"https:\/\/www.visit-ulcinj.com\/blog\/wp-json\/wp\/v2\/posts\/26073"}],"collection":[{"href":"https:\/\/www.visit-ulcinj.com\/blog\/wp-json\/wp\/v2\/posts"}],"about":[{"href":"https:\/\/www.visit-ulcinj.com\/blog\/wp-json\/wp\/v2\/types\/post"}],"author":[{"embeddable":true,"href":"https:\/\/www.visit-ulcinj.com\/blog\/wp-json\/wp\/v2\/users\/1"}],"replies":[{"embeddable":true,"href":"https:\/\/www.visit-ulcinj.com\/blog\/wp-json\/wp\/v2\/comments?post=26073"}],"version-history":[{"count":0,"href":"https:\/\/www.visit-ulcinj.com\/blog\/wp-json\/wp\/v2\/posts\/26073\/revisions"}],"wp:attachment":[{"href":"https:\/\/www.visit-ulcinj.com\/blog\/wp-json\/wp\/v2\/media?parent=26073"}],"wp:term":[{"taxonomy":"category","embeddable":true,"href":"https:\/\/www.visit-ulcinj.com\/blog\/wp-json\/wp\/v2\/categories?post=26073"},{"taxonomy":"post_tag","embeddable":true,"href":"https:\/\/www.visit-ulcinj.com\/blog\/wp-json\/wp\/v2\/tags?post=26073"}],"curies":[{"name":"wp","href":"https:\/\/api.w.org\/{rel}","templated":true}]}}