{"id":2610,"date":"2008-08-20T07:08:50","date_gmt":"2008-08-20T12:08:50","guid":{"rendered":"http:\/\/www.visit-ulcinj.com\/blog\/?p=2610"},"modified":"2008-08-20T07:08:50","modified_gmt":"2008-08-20T12:08:50","slug":"ukupni-drzavni-dug-crne-gore-915-miliona-eura","status":"publish","type":"post","link":"https:\/\/www.visit-ulcinj.com\/blog\/2008\/08\/20\/ukupni-drzavni-dug-crne-gore-915-miliona-eura\/","title":{"rendered":"Ukupni dr\u017eavni dug Crne Gore 915 miliona eura"},"content":{"rendered":"<p><a href=\"http:\/\/www.seebiz.eu\/files\/img\/2007\/10\/10\/euri.jpg\"><img loading=\"lazy\" class=\"alignleft\" title=\"dr\u017eavni dug Crne Gore\" src=\"http:\/\/www.seebiz.eu\/files\/img\/2007\/10\/10\/euri.jpg\" alt=\"\" width=\"293\" height=\"150\" \/><\/a>PODGORICA &#8211; Ukupni dug Crne Gore iznosi oko 915 miliona EUR, \u0161to je 31,6 odsto procijenjenog bruto doma?eg proizvoda (BDP), navodi se u Vladinoj analizi ekonomske politike za prvih \u0161est mjeseci ove godine.<br \/>\nSvaki gra?anin je, prema tim podacima, prosje?no dugovao oko 1,4 hiljade EUR, prenose Vijesti. Dr\u017eavni dug ve?i je za 177,6 miliona EUR u odnosu na kraj pro\u0161le godine, kada je iznosio 732,2 miliona ili 29 odsto procijenjenog BDP\u2013a. Na pove?anje ukupnog dugovanja uticao je unutra\u0161nji dug koji je sa 275,1 milion EUR na kraju pro\u0161le godine uve?an na 442,4 miliona ili 15,3 odsto procijenjenog BDP.<br \/>\nUzrok rasta duga je i usvajanje Zakona o obe\u0161te?enju korisnika prava iz penzijskog i invalidskog osiguranja kojim je planirana isplata zaostalih penzija, u ukupnom iznosu od oko 100 miliona EUR, kao i evidentiranje obaveza prema komercijalnim bankama.<br \/>\n&#8220;Unutra\u0161nji dug ?e rasti i u narednom periodu zbog restitucije i preuzimanja obaveza preduze?a&#8221;, navodi se u Vladinom dokumentu, ali se ne procjenjuje za koji iznos ?e unutra\u0161nji dug biti uve?an.<br \/>\nSpoljni dug dr\u017eave nastavlja da pada u ukupnom BDP\u2013u, pa je na kraju juna iznosio 472,4 miliona EUR ili 16,3 odsto BDP\u2013a, \u0161to je za 10,3 miliona manje u odnosu na kraj prethodne godine.<br \/>\nSpoljni dr\u017eavni dug smanjen je tokom pro\u0161le godine u nominalnom i procentualnom iznosu u odnosu na BDP za 41,9 miliona EUR ili 4,6 odsto, a do smanjenja je do\u0161lo zahvaljuju?i prijevremenoj otplati tri transe konsolidacionog zajma Me?unarodne banke za obnovu i razvoj (EBRD) u ukupnom iznosu od oko 59 miliona EUR, kao i redovnih otplata glavnice u iznosu od oko 12 miliona.<br \/>\n<strong>Izvor \/ Mina-business<\/strong><\/p>\n","protected":false},"excerpt":{"rendered":"<p><img loading=\"lazy\" class=\"alignleft\" title=\"dr\u017eavni dug Crne Gore\" src=\"http:\/\/www.seebiz.eu\/files\/img\/2007\/10\/10\/euri.jpg\" alt=\"\" width=\"140\" height=\"140\" \/><\/p>\n","protected":false},"author":1,"featured_media":0,"comment_status":"open","ping_status":"closed","sticky":false,"template":"","format":"standard","meta":{"spay_email":"","jetpack_publicize_message":"","jetpack_is_tweetstorm":false,"jetpack_publicize_feature_enabled":true},"categories":[10,12],"tags":[4393],"jetpack_publicize_connections":[],"yoast_head":"<!-- This site is optimized with the Yoast SEO plugin v19.1 - https:\/\/yoast.com\/wordpress\/plugins\/seo\/ -->\n<title>Ukupni dr\u017eavni dug Crne Gore 915 miliona eura - Lajme nga Ulqini<\/title>\n<meta name=\"robots\" content=\"index, follow, max-snippet:-1, max-image-preview:large, max-video-preview:-1\" \/>\n<link rel=\"canonical\" href=\"https:\/\/www.visit-ulcinj.com\/blog\/2008\/08\/20\/ukupni-drzavni-dug-crne-gore-915-miliona-eura\/\" \/>\n<meta property=\"og:locale\" content=\"en_US\" \/>\n<meta property=\"og:type\" content=\"article\" \/>\n<meta property=\"og:title\" content=\"Ukupni dr\u017eavni dug Crne Gore 915 miliona eura - Lajme nga Ulqini\" \/>\n<meta property=\"og:url\" content=\"https:\/\/www.visit-ulcinj.com\/blog\/2008\/08\/20\/ukupni-drzavni-dug-crne-gore-915-miliona-eura\/\" \/>\n<meta property=\"og:site_name\" content=\"Lajme nga Ulqini\" \/>\n<meta property=\"article:published_time\" content=\"2008-08-20T12:08:50+00:00\" \/>\n<meta property=\"og:image\" content=\"http:\/\/www.seebiz.eu\/files\/img\/2007\/10\/10\/euri.jpg\" \/>\n<meta name=\"twitter:label1\" content=\"Written by\" \/>\n\t<meta name=\"twitter:data1\" content=\"ulqini\" \/>\n\t<meta name=\"twitter:label2\" content=\"Est. reading time\" \/>\n\t<meta name=\"twitter:data2\" content=\"1 minute\" \/>\n<script type=\"application\/ld+json\" class=\"yoast-schema-graph\">{\"@context\":\"https:\/\/schema.org\",\"@graph\":[{\"@type\":\"WebSite\",\"@id\":\"https:\/\/www.visit-ulcinj.com\/blog\/#website\",\"url\":\"https:\/\/www.visit-ulcinj.com\/blog\/\",\"name\":\"Lajme nga Ulqini\",\"description\":\"Lajme,Vijesti,Ulqini,Ulqin,Crna Gora,Mali i Zi\",\"potentialAction\":[{\"@type\":\"SearchAction\",\"target\":{\"@type\":\"EntryPoint\",\"urlTemplate\":\"https:\/\/www.visit-ulcinj.com\/blog\/?s={search_term_string}\"},\"query-input\":\"required name=search_term_string\"}],\"inLanguage\":\"en-US\"},{\"@type\":\"ImageObject\",\"inLanguage\":\"en-US\",\"@id\":\"https:\/\/www.visit-ulcinj.com\/blog\/2008\/08\/20\/ukupni-drzavni-dug-crne-gore-915-miliona-eura\/#primaryimage\",\"url\":\"http:\/\/www.seebiz.eu\/files\/img\/2007\/10\/10\/euri.jpg\",\"contentUrl\":\"http:\/\/www.seebiz.eu\/files\/img\/2007\/10\/10\/euri.jpg\"},{\"@type\":\"WebPage\",\"@id\":\"https:\/\/www.visit-ulcinj.com\/blog\/2008\/08\/20\/ukupni-drzavni-dug-crne-gore-915-miliona-eura\/#webpage\",\"url\":\"https:\/\/www.visit-ulcinj.com\/blog\/2008\/08\/20\/ukupni-drzavni-dug-crne-gore-915-miliona-eura\/\",\"name\":\"Ukupni dr\u017eavni dug Crne Gore 915 miliona eura - Lajme nga Ulqini\",\"isPartOf\":{\"@id\":\"https:\/\/www.visit-ulcinj.com\/blog\/#website\"},\"primaryImageOfPage\":{\"@id\":\"https:\/\/www.visit-ulcinj.com\/blog\/2008\/08\/20\/ukupni-drzavni-dug-crne-gore-915-miliona-eura\/#primaryimage\"},\"datePublished\":\"2008-08-20T12:08:50+00:00\",\"dateModified\":\"2008-08-20T12:08:50+00:00\",\"author\":{\"@id\":\"https:\/\/www.visit-ulcinj.com\/blog\/#\/schema\/person\/dcab619c614d3038751c63bc2aadc06d\"},\"breadcrumb\":{\"@id\":\"https:\/\/www.visit-ulcinj.com\/blog\/2008\/08\/20\/ukupni-drzavni-dug-crne-gore-915-miliona-eura\/#breadcrumb\"},\"inLanguage\":\"en-US\",\"potentialAction\":[{\"@type\":\"ReadAction\",\"target\":[\"https:\/\/www.visit-ulcinj.com\/blog\/2008\/08\/20\/ukupni-drzavni-dug-crne-gore-915-miliona-eura\/\"]}]},{\"@type\":\"BreadcrumbList\",\"@id\":\"https:\/\/www.visit-ulcinj.com\/blog\/2008\/08\/20\/ukupni-drzavni-dug-crne-gore-915-miliona-eura\/#breadcrumb\",\"itemListElement\":[{\"@type\":\"ListItem\",\"position\":1,\"name\":\"Ukupni dr\u017eavni dug Crne Gore 915 miliona eura\"}]},{\"@type\":\"Person\",\"@id\":\"https:\/\/www.visit-ulcinj.com\/blog\/#\/schema\/person\/dcab619c614d3038751c63bc2aadc06d\",\"name\":\"ulqini\",\"sameAs\":[\"http:\/\/www.visit-ulcinj.com\"],\"url\":\"https:\/\/www.visit-ulcinj.com\/blog\/author\/admin\/\"}]}<\/script>\n<!-- \/ Yoast SEO plugin. -->","yoast_head_json":{"title":"Ukupni dr\u017eavni dug Crne Gore 915 miliona eura - Lajme nga Ulqini","robots":{"index":"index","follow":"follow","max-snippet":"max-snippet:-1","max-image-preview":"max-image-preview:large","max-video-preview":"max-video-preview:-1"},"canonical":"https:\/\/www.visit-ulcinj.com\/blog\/2008\/08\/20\/ukupni-drzavni-dug-crne-gore-915-miliona-eura\/","og_locale":"en_US","og_type":"article","og_title":"Ukupni dr\u017eavni dug Crne Gore 915 miliona eura - Lajme nga Ulqini","og_url":"https:\/\/www.visit-ulcinj.com\/blog\/2008\/08\/20\/ukupni-drzavni-dug-crne-gore-915-miliona-eura\/","og_site_name":"Lajme nga Ulqini","article_published_time":"2008-08-20T12:08:50+00:00","og_image":[{"url":"http:\/\/www.seebiz.eu\/files\/img\/2007\/10\/10\/euri.jpg"}],"twitter_misc":{"Written by":"ulqini","Est. reading time":"1 minute"},"schema":{"@context":"https:\/\/schema.org","@graph":[{"@type":"WebSite","@id":"https:\/\/www.visit-ulcinj.com\/blog\/#website","url":"https:\/\/www.visit-ulcinj.com\/blog\/","name":"Lajme nga Ulqini","description":"Lajme,Vijesti,Ulqini,Ulqin,Crna Gora,Mali i Zi","potentialAction":[{"@type":"SearchAction","target":{"@type":"EntryPoint","urlTemplate":"https:\/\/www.visit-ulcinj.com\/blog\/?s={search_term_string}"},"query-input":"required name=search_term_string"}],"inLanguage":"en-US"},{"@type":"ImageObject","inLanguage":"en-US","@id":"https:\/\/www.visit-ulcinj.com\/blog\/2008\/08\/20\/ukupni-drzavni-dug-crne-gore-915-miliona-eura\/#primaryimage","url":"http:\/\/www.seebiz.eu\/files\/img\/2007\/10\/10\/euri.jpg","contentUrl":"http:\/\/www.seebiz.eu\/files\/img\/2007\/10\/10\/euri.jpg"},{"@type":"WebPage","@id":"https:\/\/www.visit-ulcinj.com\/blog\/2008\/08\/20\/ukupni-drzavni-dug-crne-gore-915-miliona-eura\/#webpage","url":"https:\/\/www.visit-ulcinj.com\/blog\/2008\/08\/20\/ukupni-drzavni-dug-crne-gore-915-miliona-eura\/","name":"Ukupni dr\u017eavni dug Crne Gore 915 miliona eura - Lajme nga Ulqini","isPartOf":{"@id":"https:\/\/www.visit-ulcinj.com\/blog\/#website"},"primaryImageOfPage":{"@id":"https:\/\/www.visit-ulcinj.com\/blog\/2008\/08\/20\/ukupni-drzavni-dug-crne-gore-915-miliona-eura\/#primaryimage"},"datePublished":"2008-08-20T12:08:50+00:00","dateModified":"2008-08-20T12:08:50+00:00","author":{"@id":"https:\/\/www.visit-ulcinj.com\/blog\/#\/schema\/person\/dcab619c614d3038751c63bc2aadc06d"},"breadcrumb":{"@id":"https:\/\/www.visit-ulcinj.com\/blog\/2008\/08\/20\/ukupni-drzavni-dug-crne-gore-915-miliona-eura\/#breadcrumb"},"inLanguage":"en-US","potentialAction":[{"@type":"ReadAction","target":["https:\/\/www.visit-ulcinj.com\/blog\/2008\/08\/20\/ukupni-drzavni-dug-crne-gore-915-miliona-eura\/"]}]},{"@type":"BreadcrumbList","@id":"https:\/\/www.visit-ulcinj.com\/blog\/2008\/08\/20\/ukupni-drzavni-dug-crne-gore-915-miliona-eura\/#breadcrumb","itemListElement":[{"@type":"ListItem","position":1,"name":"Ukupni dr\u017eavni dug Crne Gore 915 miliona eura"}]},{"@type":"Person","@id":"https:\/\/www.visit-ulcinj.com\/blog\/#\/schema\/person\/dcab619c614d3038751c63bc2aadc06d","name":"ulqini","sameAs":["http:\/\/www.visit-ulcinj.com"],"url":"https:\/\/www.visit-ulcinj.com\/blog\/author\/admin\/"}]}},"jetpack_featured_media_url":"","jetpack_sharing_enabled":true,"jetpack_shortlink":"https:\/\/wp.me\/pe6lTn-G6","_links":{"self":[{"href":"https:\/\/www.visit-ulcinj.com\/blog\/wp-json\/wp\/v2\/posts\/2610"}],"collection":[{"href":"https:\/\/www.visit-ulcinj.com\/blog\/wp-json\/wp\/v2\/posts"}],"about":[{"href":"https:\/\/www.visit-ulcinj.com\/blog\/wp-json\/wp\/v2\/types\/post"}],"author":[{"embeddable":true,"href":"https:\/\/www.visit-ulcinj.com\/blog\/wp-json\/wp\/v2\/users\/1"}],"replies":[{"embeddable":true,"href":"https:\/\/www.visit-ulcinj.com\/blog\/wp-json\/wp\/v2\/comments?post=2610"}],"version-history":[{"count":0,"href":"https:\/\/www.visit-ulcinj.com\/blog\/wp-json\/wp\/v2\/posts\/2610\/revisions"}],"wp:attachment":[{"href":"https:\/\/www.visit-ulcinj.com\/blog\/wp-json\/wp\/v2\/media?parent=2610"}],"wp:term":[{"taxonomy":"category","embeddable":true,"href":"https:\/\/www.visit-ulcinj.com\/blog\/wp-json\/wp\/v2\/categories?post=2610"},{"taxonomy":"post_tag","embeddable":true,"href":"https:\/\/www.visit-ulcinj.com\/blog\/wp-json\/wp\/v2\/tags?post=2610"}],"curies":[{"name":"wp","href":"https:\/\/api.w.org\/{rel}","templated":true}]}}