{"id":26130,"date":"2009-10-04T12:35:31","date_gmt":"2009-10-04T10:35:31","guid":{"rendered":"http:\/\/www.visit-ulcinj.com\/blog\/?p=26130"},"modified":"2009-10-11T23:56:12","modified_gmt":"2009-10-11T21:56:12","slug":"ferhat-dinosa-ne-u-stecena-prava","status":"publish","type":"post","link":"https:\/\/www.visit-ulcinj.com\/blog\/2009\/10\/04\/ferhat-dinosa-ne-u-stecena-prava\/","title":{"rendered":"Ferhat Dino\u0161a: Ne u ste?ena prava Albanaca &#8211; Video"},"content":{"rendered":"<p><a href=\"http:\/\/www.visit-ulcinj.com\/blog\/wp-content\/uploads\/2009\/10\/Ferhat-Dino\u0161a.jpg\"><img loading=\"lazy\" class=\"alignleft size-full wp-image-26131\" title=\"Ferhat Dino\u0161a\" src=\"http:\/\/www.visit-ulcinj.com\/blog\/wp-content\/uploads\/2009\/10\/Ferhat-Dino\u0161a.jpg\" alt=\"Ferhat Dino\u0161a\" width=\"354\" height=\"263\" \/><\/a>Podgorica &#8211; Ministar za ljudska i manjinska prava Ferhat Dino\u0161a kazao je ju?e da ne bi bilo dobro da se novim Zakonom o izboru odbornika i poslanika ukine posebna izborna jedinica za Albance, dodaju?i da on takvo rje\u0161enje ne?e podr\u017eati, ukoliko se ono na?e na dnevnom redu.<br \/>\nPredsjednik Demokratske unije Alabanaca (DUA) objasnio je, u razgovoru za \u201cVijesti\u201d, da \u201cnjegovo\u201d ministarstvo i dalje insistira da pitanje zagarantovanih mandata bude rije\u0161eno \u201cvra?anjem\u201d ?lana u Zakon o manjinskim pravima i slobodama, koje je ranije osporio Ustavni sud.<br \/>\nOsporenim odredbama (?lanovi 23 i 24) bilo je propisano da ?e manjine, koje u ukupnom stanovni\u0161tvu ?ine od jedan do pet odsto stanovni\u0161tva, biti zastupljene u Skup\u0161tini sa jednim mandatom, preko predstavnika izabranog sa manjinske izborne liste, te da ?e manjine koje u ukupnom stanovni\u0161tvu ?ine preko 5 odsto imati tri zagarantovana poslani?ka mandata.<\/p>\n<ul>\n<li><strong> Kako gledate na stav najja?ih parlamentarnih partija, me?u kojima je i DPS, da bi novim izbornim zakonodavstvom trebalo ukinuti dosada\u0161nju posebnu izbornu jedinicu za Albance?<\/strong><\/li>\n<\/ul>\n<p>Nijesam to uzeo kao stav, mogu?e da je to ne?ije razmi\u0161ljanje koje ide u tom pravcu i koje ne bi bilo dobro. Ne bi dolazilo u obzir da se zadire u ono \u0161to su ste?ena prava Albanaca i ne samo njih, ve? bilo koje nacionalne manjine. Ponavljam, nisam to uzeo kao stav vladaju?ih partija. Me?utim, to ne?ije razmi\u0161ljanje ne dr\u017ei vodu i ne bi moglo da bude krajnje rje\u0161enje.<\/p>\n<ul>\n<li> <strong>Za\u0161to ne dr\u017ei vodu? Koji je, po va\u0161em mi\u0161ljenju, najbolji model za predstavljanje albanske manjinske zajednice u parlamentu?<\/strong><\/li>\n<\/ul>\n<p>Nastojao bih da ne pri?am samo o Albancima. Kao Ministarstvo ve? smo dostavili na\u0161 predlog skup\u0161tinskoj Komisiji za izmjenu izbornog zakonodavstva i ?ak ponudili da na\u0161 predstavnik bude ?lan Komisije, da li sa pravom glasa ili u vidu posmatra?a, ali, uglavnom, spremni smo da budemo od pomo?i u tom poslu, jer smatramo da je to veoma va\u017eno pitanje.<\/p>\n<ul>\n<li><strong>Koji je predlog Ministarstva?<\/strong><\/li>\n<\/ul>\n<p>Predlog ponavlja ono \u0161to je bio i raniji stav Ministarstva, a to je vra?anje dva osporena ?lana iz Zakona o manjinskim pravima i slobodama. Te odredbe osporio je Ustavni sud, u vrijeme starog ustava, sa obrazlo\u017eenjem da nije postojala ustavna osnova za mehanizam zagarantovanih mandata. Mi smo tokom rada na novom ustavu zahtijevali i izdejstvovali da se stekne ta ustavna osnova i sada apsolutno nema smetnji za takvo rje\u0161enje, jer se u najvi\u0161em pravnom aktu govori o potrebi autenti?ne zastupljenosti nacionalnih manjina u parlamentu, preko instituta afirmativne akcije.<\/p>\n<ul>\n<li><strong>Smatrate da je taj predlog prihvatljiv za velike partije?<\/strong><\/li>\n<\/ul>\n<p>Mislim da bi to bilo optimalno rje\u0161enje, jer taj zahtjev nije maksimalisi?ki. Govorimo o devet mandata, koji bi bili u sklopu broja ukupnih mandata, ne bi to bili dodatni. To fakti?ki zna?i da predstavnici manjina ne bi insistirali na strogoj proporcionalnoj zastupljenosti. Bo\u0161njaci bi, na primjer, dobili tri mandata, Albanci, zbog svojih specifi?nosti i ste?enih prava, bili su spremni da si?u&#8217; na ?etiri, Hrvati bi dobili mandat&#8230; I to bi bio taj kvantum koji apsolutno ne bi remetio ni\u0161ta u parlamentu i koji bi zadovoljio sada\u0161nje potrebe nacionalnih manjina. Ja ?u kao ministar nastojati, i nadam se uspjeti, da u prvi plan izbacim ono \u0161to je stav manjina, jer je jasno da su one u fazama demokratskih procesa u Crnoj Gori znale da, osim svog, uvide op\u0161ti interes Crne Gore.<br \/>\n<strong>Rano je govoriti o izlasku iz Vlade <\/strong><\/p>\n<ul>\n<li> <strong>\u0160ta ?ete, kao ministar i predsjednijk DUA, uraditi ako DPS istraje na zahtjevu da se ukine posebna izborna jedinica?<\/strong><\/li>\n<\/ul>\n<p>Vidio bih \u0161ta su zahtjevi ostalih albanskih partija. Ja znam stav DUA i asolutno ne bih podr\u017eao takvo rje\u0161enje. Zahtjev DUA je da se u to ne dira, ve? da se ide korak naprijed, a to zna?i da se ti mandati ostave za konkurenciju albanskim listama kako bi do\u0161li do autenti?ne zastupljenosti u Skup\u0161tini Crne Gore, kao prvoj stepenici proporcionalne zastupljenosti u dr\u017eavnim organima.<\/p>\n<ul>\n<li><strong>Zna?i li to i Va\u0161 eventualni izlazak iz Vlade?<\/strong><\/li>\n<\/ul>\n<p>Mislim da je rano govoriti o tome i ne o?ekujem ne?ije insistiranje koje bi zna?ilo rje\u0161enje ispod ste?enih prava Albanaca.<\/p>\n<div><strong>D. MIHAJLOVI?<\/strong><\/div>\n<div><strong><a href=\"http:\/\/www.vijesti.me\/index.php?id_pre=317786&amp;godina=2009\" target=\"_blank\">Vijesti<\/a><\/strong><\/div>\n<div><\/div>\n<div><strong>Video RTCG<\/strong><\/div>\n<p><strong>[flv width=&#8221;580&#8243; height=&#8221;400&#8243;]http:\/\/www.rtcg.me\/images\/biblioteka\/audio_video_arhiva\/Replika%20-%20Izborno%20zakonodavstvo.flv[\/flv]<br \/>\n<\/strong><\/p>\n","protected":false},"excerpt":{"rendered":"<p>Podgorica &#8211; Ministar za ljudska i manjinska prava Ferhat Dino\u0161a kazao je ju?e da ne bi bilo dobro da se novim Zakonom o izboru odbornika i poslanika ukine posebna izborna jedinica za Albance, dodaju?i da on takvo rje\u0161enje ne?e podr\u017eati, ukoliko se ono na?e na dnevnom redu. Predsjednik Demokratske unije Alabanaca (DUA) objasnio je, u [&hellip;]<\/p>\n","protected":false},"author":1,"featured_media":0,"comment_status":"open","ping_status":"closed","sticky":false,"template":"","format":"standard","meta":{"spay_email":"","jetpack_publicize_message":"","jetpack_is_tweetstorm":false,"jetpack_publicize_feature_enabled":true},"categories":[8337],"tags":[12592,816,12593],"jetpack_publicize_connections":[],"yoast_head":"<!-- This site is optimized with the Yoast SEO plugin v19.1 - https:\/\/yoast.com\/wordpress\/plugins\/seo\/ -->\n<title>Ferhat Dino\u0161a: Ne u ste?ena prava Albanaca - Video - Lajme nga Ulqini<\/title>\n<meta name=\"description\" content=\"Podgorica - Ministar za ljudska i manjinska prava Ferhat Dino\u0161a kazao je ju?e da ne bi bilo dobro da se novim Zakonom o izboru odbornika i poslanika ukine\" \/>\n<meta name=\"robots\" content=\"index, follow, max-snippet:-1, max-image-preview:large, max-video-preview:-1\" \/>\n<link rel=\"canonical\" href=\"https:\/\/www.visit-ulcinj.com\/blog\/2009\/10\/04\/ferhat-dinosa-ne-u-stecena-prava\/\" \/>\n<meta property=\"og:locale\" content=\"en_US\" \/>\n<meta property=\"og:type\" content=\"article\" \/>\n<meta property=\"og:title\" content=\"Ferhat Dino\u0161a: Ne u ste?ena prava Albanaca - Video - Lajme nga Ulqini\" \/>\n<meta property=\"og:description\" content=\"Podgorica - Ministar za ljudska i manjinska prava Ferhat Dino\u0161a kazao je ju?e da ne bi bilo dobro da se novim Zakonom o izboru odbornika i poslanika ukine\" \/>\n<meta property=\"og:url\" content=\"https:\/\/www.visit-ulcinj.com\/blog\/2009\/10\/04\/ferhat-dinosa-ne-u-stecena-prava\/\" \/>\n<meta property=\"og:site_name\" content=\"Lajme nga Ulqini\" \/>\n<meta property=\"article:published_time\" content=\"2009-10-04T10:35:31+00:00\" \/>\n<meta property=\"article:modified_time\" content=\"2009-10-11T21:56:12+00:00\" \/>\n<meta name=\"twitter:label1\" content=\"Written by\" \/>\n\t<meta name=\"twitter:data1\" content=\"ulqini\" \/>\n\t<meta name=\"twitter:label2\" content=\"Est. reading time\" \/>\n\t<meta name=\"twitter:data2\" content=\"4 minutes\" \/>\n<script type=\"application\/ld+json\" class=\"yoast-schema-graph\">{\"@context\":\"https:\/\/schema.org\",\"@graph\":[{\"@type\":\"WebSite\",\"@id\":\"https:\/\/www.visit-ulcinj.com\/blog\/#website\",\"url\":\"https:\/\/www.visit-ulcinj.com\/blog\/\",\"name\":\"Lajme nga Ulqini\",\"description\":\"Lajme,Vijesti,Ulqini,Ulqin,Crna Gora,Mali i Zi\",\"potentialAction\":[{\"@type\":\"SearchAction\",\"target\":{\"@type\":\"EntryPoint\",\"urlTemplate\":\"https:\/\/www.visit-ulcinj.com\/blog\/?s={search_term_string}\"},\"query-input\":\"required name=search_term_string\"}],\"inLanguage\":\"en-US\"},{\"@type\":\"WebPage\",\"@id\":\"https:\/\/www.visit-ulcinj.com\/blog\/2009\/10\/04\/ferhat-dinosa-ne-u-stecena-prava\/#webpage\",\"url\":\"https:\/\/www.visit-ulcinj.com\/blog\/2009\/10\/04\/ferhat-dinosa-ne-u-stecena-prava\/\",\"name\":\"Ferhat Dino\u0161a: Ne u ste?ena prava Albanaca - Video - Lajme nga Ulqini\",\"isPartOf\":{\"@id\":\"https:\/\/www.visit-ulcinj.com\/blog\/#website\"},\"datePublished\":\"2009-10-04T10:35:31+00:00\",\"dateModified\":\"2009-10-11T21:56:12+00:00\",\"author\":{\"@id\":\"https:\/\/www.visit-ulcinj.com\/blog\/#\/schema\/person\/dcab619c614d3038751c63bc2aadc06d\"},\"description\":\"Podgorica - Ministar za ljudska i manjinska prava Ferhat Dino\u0161a kazao je ju?e da ne bi bilo dobro da se novim Zakonom o izboru odbornika i poslanika ukine\",\"breadcrumb\":{\"@id\":\"https:\/\/www.visit-ulcinj.com\/blog\/2009\/10\/04\/ferhat-dinosa-ne-u-stecena-prava\/#breadcrumb\"},\"inLanguage\":\"en-US\",\"potentialAction\":[{\"@type\":\"ReadAction\",\"target\":[\"https:\/\/www.visit-ulcinj.com\/blog\/2009\/10\/04\/ferhat-dinosa-ne-u-stecena-prava\/\"]}]},{\"@type\":\"BreadcrumbList\",\"@id\":\"https:\/\/www.visit-ulcinj.com\/blog\/2009\/10\/04\/ferhat-dinosa-ne-u-stecena-prava\/#breadcrumb\",\"itemListElement\":[{\"@type\":\"ListItem\",\"position\":1,\"name\":\"Ferhat Dino\u0161a: Ne u ste?ena prava Albanaca &#8211; Video\"}]},{\"@type\":\"Person\",\"@id\":\"https:\/\/www.visit-ulcinj.com\/blog\/#\/schema\/person\/dcab619c614d3038751c63bc2aadc06d\",\"name\":\"ulqini\",\"sameAs\":[\"http:\/\/www.visit-ulcinj.com\"],\"url\":\"https:\/\/www.visit-ulcinj.com\/blog\/author\/admin\/\"}]}<\/script>\n<!-- \/ Yoast SEO plugin. -->","yoast_head_json":{"title":"Ferhat Dino\u0161a: Ne u ste?ena prava Albanaca - Video - Lajme nga Ulqini","description":"Podgorica - Ministar za ljudska i manjinska prava Ferhat Dino\u0161a kazao je ju?e da ne bi bilo dobro da se novim Zakonom o izboru odbornika i poslanika ukine","robots":{"index":"index","follow":"follow","max-snippet":"max-snippet:-1","max-image-preview":"max-image-preview:large","max-video-preview":"max-video-preview:-1"},"canonical":"https:\/\/www.visit-ulcinj.com\/blog\/2009\/10\/04\/ferhat-dinosa-ne-u-stecena-prava\/","og_locale":"en_US","og_type":"article","og_title":"Ferhat Dino\u0161a: Ne u ste?ena prava Albanaca - Video - Lajme nga Ulqini","og_description":"Podgorica - Ministar za ljudska i manjinska prava Ferhat Dino\u0161a kazao je ju?e da ne bi bilo dobro da se novim Zakonom o izboru odbornika i poslanika ukine","og_url":"https:\/\/www.visit-ulcinj.com\/blog\/2009\/10\/04\/ferhat-dinosa-ne-u-stecena-prava\/","og_site_name":"Lajme nga Ulqini","article_published_time":"2009-10-04T10:35:31+00:00","article_modified_time":"2009-10-11T21:56:12+00:00","twitter_misc":{"Written by":"ulqini","Est. reading time":"4 minutes"},"schema":{"@context":"https:\/\/schema.org","@graph":[{"@type":"WebSite","@id":"https:\/\/www.visit-ulcinj.com\/blog\/#website","url":"https:\/\/www.visit-ulcinj.com\/blog\/","name":"Lajme nga Ulqini","description":"Lajme,Vijesti,Ulqini,Ulqin,Crna Gora,Mali i Zi","potentialAction":[{"@type":"SearchAction","target":{"@type":"EntryPoint","urlTemplate":"https:\/\/www.visit-ulcinj.com\/blog\/?s={search_term_string}"},"query-input":"required name=search_term_string"}],"inLanguage":"en-US"},{"@type":"WebPage","@id":"https:\/\/www.visit-ulcinj.com\/blog\/2009\/10\/04\/ferhat-dinosa-ne-u-stecena-prava\/#webpage","url":"https:\/\/www.visit-ulcinj.com\/blog\/2009\/10\/04\/ferhat-dinosa-ne-u-stecena-prava\/","name":"Ferhat Dino\u0161a: Ne u ste?ena prava Albanaca - Video - Lajme nga Ulqini","isPartOf":{"@id":"https:\/\/www.visit-ulcinj.com\/blog\/#website"},"datePublished":"2009-10-04T10:35:31+00:00","dateModified":"2009-10-11T21:56:12+00:00","author":{"@id":"https:\/\/www.visit-ulcinj.com\/blog\/#\/schema\/person\/dcab619c614d3038751c63bc2aadc06d"},"description":"Podgorica - Ministar za ljudska i manjinska prava Ferhat Dino\u0161a kazao je ju?e da ne bi bilo dobro da se novim Zakonom o izboru odbornika i poslanika ukine","breadcrumb":{"@id":"https:\/\/www.visit-ulcinj.com\/blog\/2009\/10\/04\/ferhat-dinosa-ne-u-stecena-prava\/#breadcrumb"},"inLanguage":"en-US","potentialAction":[{"@type":"ReadAction","target":["https:\/\/www.visit-ulcinj.com\/blog\/2009\/10\/04\/ferhat-dinosa-ne-u-stecena-prava\/"]}]},{"@type":"BreadcrumbList","@id":"https:\/\/www.visit-ulcinj.com\/blog\/2009\/10\/04\/ferhat-dinosa-ne-u-stecena-prava\/#breadcrumb","itemListElement":[{"@type":"ListItem","position":1,"name":"Ferhat Dino\u0161a: Ne u ste?ena prava Albanaca &#8211; Video"}]},{"@type":"Person","@id":"https:\/\/www.visit-ulcinj.com\/blog\/#\/schema\/person\/dcab619c614d3038751c63bc2aadc06d","name":"ulqini","sameAs":["http:\/\/www.visit-ulcinj.com"],"url":"https:\/\/www.visit-ulcinj.com\/blog\/author\/admin\/"}]}},"jetpack_featured_media_url":"","jetpack_sharing_enabled":true,"jetpack_shortlink":"https:\/\/wp.me\/pe6lTn-6Ns","_links":{"self":[{"href":"https:\/\/www.visit-ulcinj.com\/blog\/wp-json\/wp\/v2\/posts\/26130"}],"collection":[{"href":"https:\/\/www.visit-ulcinj.com\/blog\/wp-json\/wp\/v2\/posts"}],"about":[{"href":"https:\/\/www.visit-ulcinj.com\/blog\/wp-json\/wp\/v2\/types\/post"}],"author":[{"embeddable":true,"href":"https:\/\/www.visit-ulcinj.com\/blog\/wp-json\/wp\/v2\/users\/1"}],"replies":[{"embeddable":true,"href":"https:\/\/www.visit-ulcinj.com\/blog\/wp-json\/wp\/v2\/comments?post=26130"}],"version-history":[{"count":0,"href":"https:\/\/www.visit-ulcinj.com\/blog\/wp-json\/wp\/v2\/posts\/26130\/revisions"}],"wp:attachment":[{"href":"https:\/\/www.visit-ulcinj.com\/blog\/wp-json\/wp\/v2\/media?parent=26130"}],"wp:term":[{"taxonomy":"category","embeddable":true,"href":"https:\/\/www.visit-ulcinj.com\/blog\/wp-json\/wp\/v2\/categories?post=26130"},{"taxonomy":"post_tag","embeddable":true,"href":"https:\/\/www.visit-ulcinj.com\/blog\/wp-json\/wp\/v2\/tags?post=26130"}],"curies":[{"name":"wp","href":"https:\/\/api.w.org\/{rel}","templated":true}]}}