{"id":26137,"date":"2009-10-04T18:17:20","date_gmt":"2009-10-04T16:17:20","guid":{"rendered":"http:\/\/www.visit-ulcinj.com\/blog\/?p=26137"},"modified":"2009-10-04T18:22:42","modified_gmt":"2009-10-04T16:22:42","slug":"aventuristja-eliza-dushku","status":"publish","type":"post","link":"https:\/\/www.visit-ulcinj.com\/blog\/2009\/10\/04\/aventuristja-eliza-dushku\/","title":{"rendered":"Aventuristja Eliza Dushku"},"content":{"rendered":"<p><a href=\"http:\/\/www.visit-ulcinj.com\/blog\/wp-content\/uploads\/2009\/10\/Eliza-Dushku-Complex-magazine.jpg\"><img loading=\"lazy\" class=\"alignleft size-full wp-image-26138\" title=\"Eliza-Dushku-Complex-magazine\" src=\"http:\/\/www.visit-ulcinj.com\/blog\/wp-content\/uploads\/2009\/10\/Eliza-Dushku-Complex-magazine.jpg\" alt=\"Eliza-Dushku-Complex-magazine\" width=\"580\" height=\"400\" \/><\/a>Ajo ka rifilluar me sezonin e ri t\u00eb serialit t\u00eb saj \u201cDollhouse\u201d. Thot\u00eb se ka pasion udh\u00ebtimet n\u00ebp\u00ebr shtete t\u00eb ndryshme. Koh\u00ebve t\u00eb fundit ka qen\u00eb n\u00eb Ugand\u00eb dhe flet edhe p\u00ebr filmin e saj t\u00eb fundit, n\u00eb t\u00eb cilin paraqitet \u201cnudo\u201d. Aktorja <span style=\"color: #000000;\"><strong>Eliza Dushku<\/strong> <\/span>shpalos shum\u00eb gj\u00ebra p\u00ebr karakterin e saj p\u00ebr revist\u00ebn \u201cComplex\u201d&#8230;<\/p>\n<p><span style=\"font-weight: bold;\">Sapo keni filluar t\u00eb xhironi p\u00ebr sezonin e ri t\u00eb Dollhouse. Si po ec\u00ebn puna? <\/span><\/p>\n<p><span style=\"font-style: italic;\">Jam martuar, kam konsumuar martes\u00ebn time dhe kam pasur muajin e mjaltit \u2013 t\u00eb gjitha i kam b\u00ebr\u00eb dje! Sot un\u00eb dhe i dashuri i im do t\u00eb rrihemi me nj\u00ebri-tjetrin dhe do thyejm\u00eb gj\u00ebra. Shum\u00eb gj\u00ebra po ndodhin, shum\u00eb grindje&#8230;. <\/span><\/p>\n<p><span style=\"font-weight: bold;\">Cili \u00ebsht\u00eb dallimi n\u00eb mes t\u00eb sezonit t\u00eb fundit dhe k\u00ebtij t\u00eb tashmit? <\/span><\/p>\n<p><span style=\"font-style: italic;\">Jemi kthyer p\u00ebr shkak t\u00eb dashuris\u00eb s\u00eb adhuruesve dhe njer\u00ebzve, dhe me k\u00ebnaq\u00ebsi b\u00ebjm\u00eb serialin. Kritik\u00ebt dhe komentator\u00ebt shohin di\u00e7ka m\u00eb speciale dhe fakti q\u00eb ne jemi kthyer e v\u00ebrteton se kjo \u00ebsht\u00eb e v\u00ebrtet\u00eb. <\/span><br style=\"font-style: italic;\" \/><br \/>\n<span style=\"font-weight: bold;\">A \u00ebsht\u00eb e v\u00ebrtet\u00eb se \u201cDollhouse\u201d ka di\u00e7ka nga biografia juaj? <\/span><br \/>\n<span style=\"font-style: italic;\"> <\/span><br style=\"font-style: italic;\" \/><span style=\"font-style: italic;\">Po, n\u00eb kuptimin q\u00eb un\u00eb kam nj\u00eb n\u00ebn\u00eb t\u00eb \u00e7mendur, e cila udh\u00ebton me v\u00ebllez\u00ebrit e mi n\u00eb t\u00eb gjith\u00eb bot\u00ebn. Ajo na rriti duke d\u00ebgjuar tregimet e njer\u00ebzve. Kam m\u00ebsuar t\u00eb adaptohem m\u00eb shum\u00eb njer\u00ebz nga kjo p\u00ebrvoj\u00eb. <\/span><\/p>\n<p><span style=\"font-weight: bold;\">Ku ka qen\u00eb vendi me seksi n\u00eb t\u00eb cilin keni pasur d\u00ebshir\u00eb t\u00eb b\u00ebsh show? <\/span><br \/>\n<br style=\"font-style: italic;\" \/><span style=\"font-style: italic;\">Kur kam qen\u00eb n\u00eb Amsterdam n\u00eb mosh\u00ebn 15 vje\u00e7, duke sh\u00ebtitur n\u00eb kalldr\u00ebmin me drita t\u00eb kuqe, pra t\u00eb nj\u00eb vendi shum\u00eb kureshtar dhe t\u00eb bukur. <\/span><\/p>\n<p><span style=\"font-weight: bold;\">Ndiej q\u00eb shum\u00eb karaktere q\u00eb keni luajtur kan\u00eb k\u00ebt\u00eb vajz\u00eb t\u00eb keqe si personazh. A fitoni shum\u00eb role? <\/span><\/p>\n<p><span style=\"font-style: italic;\">Sigurisht! Si nj\u00eb aktore q\u00eb vije nga shkolla publike e Boston-it isha e izoluar nga f\u00ebmij\u00ebt e shkoll\u00ebs. Kur kam b\u00ebr\u00eb Buffy, sapo kisha dal nga shkolla e mesme dhe filmi ishte i vetmi vend i sigurt p\u00ebr mua, pasi jetoja n\u00eb pantallona t\u00eb l\u00ebkur\u00ebs dhe goditja gjithk\u00ebnd n\u00eb vithe q\u00eb p\u00ebrpiqej t\u00eb vinte te buz\u00ebt e mia. (qesh) <\/span><\/p>\n<p><span style=\"font-weight: bold;\">Kur dilni n\u00eb qytet dhe shihni ndonj\u00eb aktore \u201clazdrane\u201d, a mendoni \u201csi ta rrihni dhe ta largoni at\u00eb nga rruga\u201d? <\/span><\/p>\n<p><span style=\"font-style: italic;\">P\u00ebrpiqem t\u00eb mos gjykoj. Mund t\u2019ju godas juve shpesh pasi q\u00eb njer\u00ebzit nuk e njohin prapanic\u00ebn e tyre nga fytyra apo s\u2019din\u00eb \u00e7far\u00eb t\u00eb b\u00ebjn\u00eb me vetveten.<\/span><\/p>\n<p><span style=\"font-weight: bold;\">Duke shikuar disa projekte q\u00eb keni b\u00ebr\u00eb, at\u00ebher\u00eb \u00e7far\u00eb ka ndodhur me filmin \u201cValediction\u201d? <\/span><\/p>\n<p><span style=\"font-style: italic;\">Valediction ka p\u00ebrfunduar dhe s\u00eb shpejti do t\u00eb jepet premiera \u2013 \u00ebsht\u00eb m\u00eb t\u00eb v\u00ebrtet\u00eb nj\u00eb film i mir\u00eb. <\/span><\/p>\n<p><span style=\"font-weight: bold;\">Jeni edhe  producente e filmit bioepik t\u00eb Robert Mapplethorpe, apo jo? <\/span><\/p>\n<p><span style=\"font-style: italic;\">Po, po. \u00cbsht\u00eb i mrekulluesh\u00ebm! <\/span><\/p>\n<p><span style=\"font-weight: bold;\">A jeni aty sepse d\u00ebshironi t\u00eb shikoni sa m\u00eb shum\u00eb djem t\u00eb zhveshur? <\/span><\/p>\n<p>(Qesh) Jo m\u00eb t\u00eb v\u00ebrtet\u00eb ka di\u00e7ka m\u00eb t\u00eb thell\u00eb se kjo. Ka t\u00eb b\u00ebj\u00eb me vet\u00ebzbulimin dhe vet\u00ebreflektimin, dhe thyerjen e nj\u00eb modeli \u00e7far\u00eb shoq\u00ebria dhe media na tregojn\u00eb ne se mund t\u00eb jen\u00eb t\u00eb interesuara apo t\u00eb t\u00ebrhequra&#8230;kund\u00ebr asaj q\u00eb nuk jemi. Kjo \u00ebsht\u00eb interesante p\u00ebr mua.<\/p>\n<p><span style=\"font-weight: bold;\">&#8230;dhe ju keni nj\u00eb video-loj\u00eb n\u00eb dyqan, e cila kam nj\u00eb ndjenj\u00eb se do t\u00eb thot\u00eb m\u00eb shum\u00eb p\u00ebr lexuesit tan\u00eb sesa bioepika e Mapplethorpe.<\/span><\/p>\n<p><span style=\"font-style: italic;\">Po, e kam. Quhet WET, si fjala \u201clag\u00ebsht\u201d (nj\u00eb eufemiz\u00ebm p\u00ebr vrasje). Luaj vajz\u00ebn q\u00eb ka nj\u00eb revole me qira, sikurse n\u00eb trajnimin e Lara Croft. <\/span><\/p>\n<p><span style=\"font-weight: bold;\">\u00c7far\u00eb fjale p\u00ebrdorni kur shani? <\/span><\/p>\n<p><span style=\"font-style: italic;\">Ende e p\u00ebrdori fjal\u00ebn F-bomb.<\/span><\/p>\n<p><span style=\"font-weight: bold;\">Po, kjo \u00ebsht\u00eb sharje klasike&#8230;<\/span><\/p>\n<p><span style=\"font-style: italic;\">\u00cbsht\u00eb, por tani edhe moderne! <\/span><\/p>\n<p><span style=\"font-weight: bold;\">Duket se keni nj\u00eb karrier\u00eb interesante; aktore e filmit dhe paraqitje n\u00eb TV . A mendoni q\u00eb nj\u00eb ridalje nga mediet do t\u00eb kishte pesh\u00eb m\u00eb t\u00eb madhe p\u00ebr ju? <\/span><\/p>\n<p><span style=\"font-style: italic;\">Mendoj q\u00eb nuk jam duke u kthyer n\u00eb nj\u00eb seri q\u00eb nuk ka pasur sukses. Kjo ishte absolutisht arsyeja pse jam kthyer, edhe n\u00ebse do t\u00eb isha kthyer me Joss apo pa t\u00eb. Kjo \u00ebsht\u00eb e r\u00ebnd\u00ebsishme aktualisht, provokuese dhe interesante. <\/span><\/p>\n<p><span style=\"font-weight: bold;\">Si \u00ebsht\u00eb t\u00eb jesh n\u00eb sken\u00eb q\u00eb nga mosha 17 vje\u00e7are? <\/span><\/p>\n<p><span style=\"font-style: italic;\">Ka shum\u00eb gj\u00ebra p\u00ebr t\u00eb cilat jam e k\u00ebnaqur dhe ka disa t\u00eb tjera q\u00eb m\u00eb b\u00ebjn\u00eb t\u00eb \u00e7mendur. Dua t\u00eb them, \u00ebsht\u00eb nj\u00eb fenomen interesant, ve\u00e7an\u00ebrisht n\u00eb 10 vitet e kaluara. M\u00ebnyra se si ka ndryshuar media dhe fama. Por, kjo \u00ebsht\u00eb jeta ime dhe nuk dua q\u00eb ta prish at\u00eb. Dua t\u00eb them, \u00ebsht\u00eb di\u00e7ka pa t\u00eb cil\u00ebn nuk mund t\u00eb ulem dhe t\u00eb mendoj \u2013 por tani, n\u00eb k\u00ebt\u00eb pik\u00eb t\u00eb jet\u00ebs sime, mendoj p\u00ebr pak minuta. Pastaj mendoj p\u00ebrs\u00ebri p\u00ebr rutin\u00ebn dhe rolet. <\/span><\/p>\n<p><span style=\"font-weight: bold;\">\u00c7far\u00eb urren me s\u00eb shumti n\u00eb Hollywood?<\/span><\/p>\n<p><span style=\"font-style: italic;\"> \u00c7far\u00eb urren m\u00eb s\u00eb shumti? Vozitjen, Beverly Hills-in, Rodeo Drive-in. Aktualisht do t\u00eb ishte edhe neglizhenca e medieve p\u00ebr t\u00eb prekur ngjarje t\u00eb r\u00ebnd\u00ebsishme t\u00eb planit t\u00eb par\u00eb, sepse ato m\u00eb shum\u00eb jan\u00eb t\u00eb dh\u00ebn\u00eb pas bot\u00ebs s\u00eb arg\u00ebtimit. <\/span><\/p>\n<p><span style=\"font-weight: bold;\">Dukeni si nj\u00eb person aventurist \u2013 kur ka qen\u00eb hera e fundit q\u00eb jeni b\u00ebr\u00eb nervoze? <\/span><\/p>\n<p><span style=\"font-style: italic;\">B\u00ebhem shum\u00eb nervoz \u2013 shum\u00eb gjat\u00eb dit\u00ebs. Por, mendoj q\u00eb sa m\u00eb shum\u00eb p\u00ebrkuleni ndaj nervave, aq m\u00eb shpejt mund t\u00eb qet\u00ebsoheni. <\/span><\/p>\n<p><span style=\"font-weight: bold;\">Kur jeni l\u00ebnduar m\u00eb s\u00eb shumti? <\/span><br \/>\n<br style=\"font-style: italic;\" \/><span style=\"font-style: italic;\"> Kam thyer brinj\u00ebt n\u00eb filmin \u201cTrue Lies\u201d, kur kam b\u00ebr\u00eb sken\u00ebn me motor Harrier. Jam rrezuar, jam p\u00ebrplasur me bark\u00ebn e motorit dhe kam thyer brinj\u00ebt. Mendoj se k\u00ebto jan\u00eb eshtrat e vetme q\u00eb i kam thyer gjat\u00eb pun\u00ebs \u2013 dua t\u00eb them se jasht\u00eb pun\u00ebs kam thyer gishtat, kam thyer hund\u00ebn, kam thyer dh\u00ebmbin dhe kam djegur flok\u00ebt&#8230;<\/span><\/p>\n<p><strong>Gazeta Express<\/strong><br \/>\n<\/p>\n<p><script type=\"text\/javascript\">\/\/ <![CDATA[\nvar VideoID = \"4828\"; var Width = 425; var Height = 344;\n\/\/ ]]><\/script><script src=\"http:\/\/complexvideo.com\/newPlayer\/einterface.php\"><\/script><\/p>\n","protected":false},"excerpt":{"rendered":"<p>Ajo ka rifilluar me sezonin e ri t\u00eb serialit t\u00eb saj \u201cDollhouse\u201d. Thot\u00eb se ka pasion udh\u00ebtimet n\u00ebp\u00ebr shtete t\u00eb ndryshme. Koh\u00ebve t\u00eb fundit ka qen\u00eb n\u00eb Ugand\u00eb dhe flet edhe p\u00ebr filmin e saj t\u00eb fundit, n\u00eb t\u00eb cilin paraqitet \u201cnudo\u201d. Aktorja Eliza Dushku shpalos shum\u00eb gj\u00ebra p\u00ebr karakterin e saj p\u00ebr revist\u00ebn \u201cComplex\u201d&#8230; [&hellip;]<\/p>\n","protected":false},"author":1,"featured_media":0,"comment_status":"open","ping_status":"closed","sticky":false,"template":"","format":"standard","meta":{"spay_email":"","jetpack_publicize_message":"","jetpack_is_tweetstorm":false,"jetpack_publicize_feature_enabled":true},"categories":[1],"tags":[12594,5352],"jetpack_publicize_connections":[],"yoast_head":"<!-- This site is optimized with the Yoast SEO plugin v19.1 - https:\/\/yoast.com\/wordpress\/plugins\/seo\/ -->\n<title>Aventuristja Eliza Dushku - Lajme nga Ulqini<\/title>\n<meta name=\"description\" content=\"Ajo ka rifilluar me sezonin e ri t\u00eb serialit t\u00eb saj \u201cDollhouse\u201d. Thot\u00eb se ka pasion udh\u00ebtimet n\u00ebp\u00ebr shtete t\u00eb ndryshme. Koh\u00ebve t\u00eb fundit ka qen\u00eb n\u00eb Ugand\u00eb\" \/>\n<meta name=\"robots\" content=\"index, follow, max-snippet:-1, max-image-preview:large, max-video-preview:-1\" \/>\n<link rel=\"canonical\" href=\"https:\/\/www.visit-ulcinj.com\/blog\/2009\/10\/04\/aventuristja-eliza-dushku\/\" \/>\n<meta property=\"og:locale\" content=\"en_US\" \/>\n<meta property=\"og:type\" content=\"article\" \/>\n<meta property=\"og:title\" content=\"Aventuristja Eliza Dushku - Lajme nga Ulqini\" \/>\n<meta property=\"og:description\" content=\"Ajo ka rifilluar me sezonin e ri t\u00eb serialit t\u00eb saj \u201cDollhouse\u201d. Thot\u00eb se ka pasion udh\u00ebtimet n\u00ebp\u00ebr shtete t\u00eb ndryshme. Koh\u00ebve t\u00eb fundit ka qen\u00eb n\u00eb Ugand\u00eb\" \/>\n<meta property=\"og:url\" content=\"https:\/\/www.visit-ulcinj.com\/blog\/2009\/10\/04\/aventuristja-eliza-dushku\/\" \/>\n<meta property=\"og:site_name\" content=\"Lajme nga Ulqini\" \/>\n<meta property=\"article:published_time\" content=\"2009-10-04T16:17:20+00:00\" \/>\n<meta property=\"article:modified_time\" content=\"2009-10-04T16:22:42+00:00\" \/>\n<meta property=\"og:image\" content=\"https:\/\/www.visit-ulcinj.com\/blog\/wp-content\/uploads\/2009\/10\/Eliza-Dushku-Complex-magazine-150x150.jpg\" \/>\n<meta name=\"twitter:label1\" content=\"Written by\" \/>\n\t<meta name=\"twitter:data1\" content=\"ulqini\" \/>\n\t<meta name=\"twitter:label2\" content=\"Est. reading time\" \/>\n\t<meta name=\"twitter:data2\" content=\"5 minutes\" \/>\n<script type=\"application\/ld+json\" class=\"yoast-schema-graph\">{\"@context\":\"https:\/\/schema.org\",\"@graph\":[{\"@type\":\"WebSite\",\"@id\":\"https:\/\/www.visit-ulcinj.com\/blog\/#website\",\"url\":\"https:\/\/www.visit-ulcinj.com\/blog\/\",\"name\":\"Lajme nga Ulqini\",\"description\":\"Lajme,Vijesti,Ulqini,Ulqin,Crna Gora,Mali i Zi\",\"potentialAction\":[{\"@type\":\"SearchAction\",\"target\":{\"@type\":\"EntryPoint\",\"urlTemplate\":\"https:\/\/www.visit-ulcinj.com\/blog\/?s={search_term_string}\"},\"query-input\":\"required name=search_term_string\"}],\"inLanguage\":\"en-US\"},{\"@type\":\"ImageObject\",\"inLanguage\":\"en-US\",\"@id\":\"https:\/\/www.visit-ulcinj.com\/blog\/2009\/10\/04\/aventuristja-eliza-dushku\/#primaryimage\",\"url\":\"http:\/\/www.visit-ulcinj.com\/blog\/wp-content\/uploads\/2009\/10\/Eliza-Dushku-Complex-magazine.jpg\",\"contentUrl\":\"http:\/\/www.visit-ulcinj.com\/blog\/wp-content\/uploads\/2009\/10\/Eliza-Dushku-Complex-magazine.jpg\"},{\"@type\":\"WebPage\",\"@id\":\"https:\/\/www.visit-ulcinj.com\/blog\/2009\/10\/04\/aventuristja-eliza-dushku\/#webpage\",\"url\":\"https:\/\/www.visit-ulcinj.com\/blog\/2009\/10\/04\/aventuristja-eliza-dushku\/\",\"name\":\"Aventuristja Eliza Dushku - Lajme nga Ulqini\",\"isPartOf\":{\"@id\":\"https:\/\/www.visit-ulcinj.com\/blog\/#website\"},\"primaryImageOfPage\":{\"@id\":\"https:\/\/www.visit-ulcinj.com\/blog\/2009\/10\/04\/aventuristja-eliza-dushku\/#primaryimage\"},\"datePublished\":\"2009-10-04T16:17:20+00:00\",\"dateModified\":\"2009-10-04T16:22:42+00:00\",\"author\":{\"@id\":\"https:\/\/www.visit-ulcinj.com\/blog\/#\/schema\/person\/dcab619c614d3038751c63bc2aadc06d\"},\"description\":\"Ajo ka rifilluar me sezonin e ri t\u00eb serialit t\u00eb saj \u201cDollhouse\u201d. Thot\u00eb se ka pasion udh\u00ebtimet n\u00ebp\u00ebr shtete t\u00eb ndryshme. Koh\u00ebve t\u00eb fundit ka qen\u00eb n\u00eb Ugand\u00eb\",\"breadcrumb\":{\"@id\":\"https:\/\/www.visit-ulcinj.com\/blog\/2009\/10\/04\/aventuristja-eliza-dushku\/#breadcrumb\"},\"inLanguage\":\"en-US\",\"potentialAction\":[{\"@type\":\"ReadAction\",\"target\":[\"https:\/\/www.visit-ulcinj.com\/blog\/2009\/10\/04\/aventuristja-eliza-dushku\/\"]}]},{\"@type\":\"BreadcrumbList\",\"@id\":\"https:\/\/www.visit-ulcinj.com\/blog\/2009\/10\/04\/aventuristja-eliza-dushku\/#breadcrumb\",\"itemListElement\":[{\"@type\":\"ListItem\",\"position\":1,\"name\":\"Aventuristja Eliza Dushku\"}]},{\"@type\":\"Person\",\"@id\":\"https:\/\/www.visit-ulcinj.com\/blog\/#\/schema\/person\/dcab619c614d3038751c63bc2aadc06d\",\"name\":\"ulqini\",\"sameAs\":[\"http:\/\/www.visit-ulcinj.com\"],\"url\":\"https:\/\/www.visit-ulcinj.com\/blog\/author\/admin\/\"}]}<\/script>\n<!-- \/ Yoast SEO plugin. -->","yoast_head_json":{"title":"Aventuristja Eliza Dushku - Lajme nga Ulqini","description":"Ajo ka rifilluar me sezonin e ri t\u00eb serialit t\u00eb saj \u201cDollhouse\u201d. Thot\u00eb se ka pasion udh\u00ebtimet n\u00ebp\u00ebr shtete t\u00eb ndryshme. Koh\u00ebve t\u00eb fundit ka qen\u00eb n\u00eb Ugand\u00eb","robots":{"index":"index","follow":"follow","max-snippet":"max-snippet:-1","max-image-preview":"max-image-preview:large","max-video-preview":"max-video-preview:-1"},"canonical":"https:\/\/www.visit-ulcinj.com\/blog\/2009\/10\/04\/aventuristja-eliza-dushku\/","og_locale":"en_US","og_type":"article","og_title":"Aventuristja Eliza Dushku - Lajme nga Ulqini","og_description":"Ajo ka rifilluar me sezonin e ri t\u00eb serialit t\u00eb saj \u201cDollhouse\u201d. Thot\u00eb se ka pasion udh\u00ebtimet n\u00ebp\u00ebr shtete t\u00eb ndryshme. Koh\u00ebve t\u00eb fundit ka qen\u00eb n\u00eb Ugand\u00eb","og_url":"https:\/\/www.visit-ulcinj.com\/blog\/2009\/10\/04\/aventuristja-eliza-dushku\/","og_site_name":"Lajme nga Ulqini","article_published_time":"2009-10-04T16:17:20+00:00","article_modified_time":"2009-10-04T16:22:42+00:00","og_image":[{"url":"https:\/\/www.visit-ulcinj.com\/blog\/wp-content\/uploads\/2009\/10\/Eliza-Dushku-Complex-magazine-150x150.jpg"}],"twitter_misc":{"Written by":"ulqini","Est. reading time":"5 minutes"},"schema":{"@context":"https:\/\/schema.org","@graph":[{"@type":"WebSite","@id":"https:\/\/www.visit-ulcinj.com\/blog\/#website","url":"https:\/\/www.visit-ulcinj.com\/blog\/","name":"Lajme nga Ulqini","description":"Lajme,Vijesti,Ulqini,Ulqin,Crna Gora,Mali i Zi","potentialAction":[{"@type":"SearchAction","target":{"@type":"EntryPoint","urlTemplate":"https:\/\/www.visit-ulcinj.com\/blog\/?s={search_term_string}"},"query-input":"required name=search_term_string"}],"inLanguage":"en-US"},{"@type":"ImageObject","inLanguage":"en-US","@id":"https:\/\/www.visit-ulcinj.com\/blog\/2009\/10\/04\/aventuristja-eliza-dushku\/#primaryimage","url":"http:\/\/www.visit-ulcinj.com\/blog\/wp-content\/uploads\/2009\/10\/Eliza-Dushku-Complex-magazine.jpg","contentUrl":"http:\/\/www.visit-ulcinj.com\/blog\/wp-content\/uploads\/2009\/10\/Eliza-Dushku-Complex-magazine.jpg"},{"@type":"WebPage","@id":"https:\/\/www.visit-ulcinj.com\/blog\/2009\/10\/04\/aventuristja-eliza-dushku\/#webpage","url":"https:\/\/www.visit-ulcinj.com\/blog\/2009\/10\/04\/aventuristja-eliza-dushku\/","name":"Aventuristja Eliza Dushku - Lajme nga Ulqini","isPartOf":{"@id":"https:\/\/www.visit-ulcinj.com\/blog\/#website"},"primaryImageOfPage":{"@id":"https:\/\/www.visit-ulcinj.com\/blog\/2009\/10\/04\/aventuristja-eliza-dushku\/#primaryimage"},"datePublished":"2009-10-04T16:17:20+00:00","dateModified":"2009-10-04T16:22:42+00:00","author":{"@id":"https:\/\/www.visit-ulcinj.com\/blog\/#\/schema\/person\/dcab619c614d3038751c63bc2aadc06d"},"description":"Ajo ka rifilluar me sezonin e ri t\u00eb serialit t\u00eb saj \u201cDollhouse\u201d. Thot\u00eb se ka pasion udh\u00ebtimet n\u00ebp\u00ebr shtete t\u00eb ndryshme. Koh\u00ebve t\u00eb fundit ka qen\u00eb n\u00eb Ugand\u00eb","breadcrumb":{"@id":"https:\/\/www.visit-ulcinj.com\/blog\/2009\/10\/04\/aventuristja-eliza-dushku\/#breadcrumb"},"inLanguage":"en-US","potentialAction":[{"@type":"ReadAction","target":["https:\/\/www.visit-ulcinj.com\/blog\/2009\/10\/04\/aventuristja-eliza-dushku\/"]}]},{"@type":"BreadcrumbList","@id":"https:\/\/www.visit-ulcinj.com\/blog\/2009\/10\/04\/aventuristja-eliza-dushku\/#breadcrumb","itemListElement":[{"@type":"ListItem","position":1,"name":"Aventuristja Eliza Dushku"}]},{"@type":"Person","@id":"https:\/\/www.visit-ulcinj.com\/blog\/#\/schema\/person\/dcab619c614d3038751c63bc2aadc06d","name":"ulqini","sameAs":["http:\/\/www.visit-ulcinj.com"],"url":"https:\/\/www.visit-ulcinj.com\/blog\/author\/admin\/"}]}},"jetpack_featured_media_url":"","jetpack_sharing_enabled":true,"jetpack_shortlink":"https:\/\/wp.me\/pe6lTn-6Nz","_links":{"self":[{"href":"https:\/\/www.visit-ulcinj.com\/blog\/wp-json\/wp\/v2\/posts\/26137"}],"collection":[{"href":"https:\/\/www.visit-ulcinj.com\/blog\/wp-json\/wp\/v2\/posts"}],"about":[{"href":"https:\/\/www.visit-ulcinj.com\/blog\/wp-json\/wp\/v2\/types\/post"}],"author":[{"embeddable":true,"href":"https:\/\/www.visit-ulcinj.com\/blog\/wp-json\/wp\/v2\/users\/1"}],"replies":[{"embeddable":true,"href":"https:\/\/www.visit-ulcinj.com\/blog\/wp-json\/wp\/v2\/comments?post=26137"}],"version-history":[{"count":0,"href":"https:\/\/www.visit-ulcinj.com\/blog\/wp-json\/wp\/v2\/posts\/26137\/revisions"}],"wp:attachment":[{"href":"https:\/\/www.visit-ulcinj.com\/blog\/wp-json\/wp\/v2\/media?parent=26137"}],"wp:term":[{"taxonomy":"category","embeddable":true,"href":"https:\/\/www.visit-ulcinj.com\/blog\/wp-json\/wp\/v2\/categories?post=26137"},{"taxonomy":"post_tag","embeddable":true,"href":"https:\/\/www.visit-ulcinj.com\/blog\/wp-json\/wp\/v2\/tags?post=26137"}],"curies":[{"name":"wp","href":"https:\/\/api.w.org\/{rel}","templated":true}]}}