{"id":26182,"date":"2009-10-05T12:27:38","date_gmt":"2009-10-05T10:27:38","guid":{"rendered":"http:\/\/www.visit-ulcinj.com\/blog\/?p=26182"},"modified":"2009-10-05T12:27:38","modified_gmt":"2009-10-05T10:27:38","slug":"rikthehet-lundrimi-ne-bune","status":"publish","type":"post","link":"https:\/\/www.visit-ulcinj.com\/blog\/2009\/10\/05\/rikthehet-lundrimi-ne-bune\/","title":{"rendered":"Rikthehet lundrimi n\u00eb Bun\u00eb?"},"content":{"rendered":"<p><strong><a href=\"http:\/\/www.visit-ulcinj.com\/blog\/wp-content\/uploads\/2009\/10\/Kryeministrat-e-Malit-t\u00eb-Zi-dhe-republik\u00ebs-s\u00eb-Shqip\u00ebris\u00eb-Millo-Gjukanoviq-dhe-Sali-Berisha.JPG\"><img loading=\"lazy\" class=\"alignleft size-full wp-image-26183\" title=\"Kryeministrat e Malit t\u00eb Zi dhe republik\u00ebs s\u00eb Shqip\u00ebris\u00eb, Millo Gjukanoviq dhe Sali Berisha\" src=\"http:\/\/www.visit-ulcinj.com\/blog\/wp-content\/uploads\/2009\/10\/Kryeministrat-e-Malit-t\u00eb-Zi-dhe-republik\u00ebs-s\u00eb-Shqip\u00ebris\u00eb-Millo-Gjukanoviq-dhe-Sali-Berisha.JPG\" alt=\"Kryeministrat e Malit t\u00eb Zi dhe republik\u00ebs s\u00eb Shqip\u00ebris\u00eb, Millo Gjukanoviq dhe Sali Berisha\" width=\"580\" height=\"698\" \/><\/a>Kryeministrat e Malit t\u00eb Zi dhe republik\u00ebs s\u00eb Shqip\u00ebris\u00eb, Millo Gjukanoviq dhe Sali Berisha merren vesh p\u00ebr projekte t\u00eb tjera t\u00eb p\u00ebrbashk\u00ebta<\/strong>.<br \/>\nPas pik\u00ebs s\u00eb p\u00ebrbashk\u00ebt doganore Sukubin\u00eb-Muriqan, nj\u00eb projekt tjet\u00ebr i p\u00ebrbashk\u00ebt pritet t\u00eb filloj\u00eb s\u00eb shpejti nd\u00ebrmjet Malit t\u00eb Zi dhe Republik\u00ebs s\u00eb Shqip\u00ebris\u00eb.<br \/>\nKryeministri i Malit t\u00eb Zi, Millo Gjukanoviq, dhe ai i Shqip\u00ebris\u00eb, Sali Berisha, kan\u00eb r\u00ebn\u00eb dakort q\u00eb t\u00eb dy qeverit\u00eb, t\u00eb fillojn\u00eb nj\u00eb projekt t\u00eb p\u00ebrbashk\u00ebt, shum\u00eb t\u00eb r\u00ebnd\u00ebsish\u00ebm infrastrukturor, midis Mali t\u00eb Zi dhe Shqip\u00ebris\u00eb, thellimin e shtratit t\u00eb lumit t\u00eb Bun\u00ebs dhe rikthimin e Bun\u00ebs n\u00eb nj\u00eb lum\u00eb t\u00eb lundruesh\u00ebm, i cili do t\u2019u sh\u00ebrbej\u00eb interesave t\u00eb qytetit t\u00eb Shkodr\u00ebs dhe rajonit p\u00ebrreth p\u00ebr transport ujor.<br \/>\nDy kryeministrat jan\u00eb takuar t\u00eb premten n\u00eb Nju Jork ku kan\u00eb marr\u00eb pjes\u00eb n\u00eb punimet e Asambles\u00eb s\u00eb P\u00ebrgjithshme t\u00eb Kombeve t\u00eb Bashkuara.<br \/>\nSipas deklarat\u00ebs p\u00ebr shtyp t\u00eb Zyr\u00ebs s\u00eb kryeministrit Berisha, \u201cdy homolog\u00ebt diskutuan gjithashtu p\u00ebr krijimin e nj\u00eb regjimi t\u00eb ve\u00e7ant\u00eb p\u00ebr l\u00ebvizjen e lir\u00eb nd\u00ebrmjet dy vendeve, n\u00eb ve\u00e7anti n\u00eb periudh\u00ebn e ver\u00ebs dhe pikut turistik, duke patur parasysh faktin q\u00eb t\u00eb dy vendet po shnd\u00ebrrohen gjithnj\u00eb e m\u00eb shum\u00eb n\u00eb destinacion t\u00eb preferuar t\u00eb turist\u00ebve nga rajoni e m\u00eb gjer\u00eb\u201d.<br \/>\nGjithashtu t\u00eb dy kryeministrat ritheksuan vendosm\u00ebrin\u00eb e tyre dhe t\u00eb Qeveris\u00eb s\u00eb Malit t\u00eb Zi dhe asaj shqiptare p\u00ebr t\u00eb bashk\u00ebpunuar ngusht n\u00eb fushat e nd\u00ebrtimit t\u00eb infrastrukturave s\u00eb r\u00ebnd\u00ebsishme rrugore q\u00eb lidhin t\u00eb dy vendet, por edhe n\u00eb fush\u00ebn e energjis\u00eb dhe t\u00eb mbrojtjes t\u00eb mjedisit.<br \/>\n\u201cDuke patur parasysh ecurin\u00eb e t\u00eb dy vendeve n\u00eb procesin e integrimit n\u00eb Bashkimin Europian, t\u00eb dy kryeministrat shpreh\u00ebn vendosm\u00ebrin\u00eb p\u00ebr bashk\u00ebpunim t\u00eb ngusht\u00eb e shk\u00ebmbim p\u00ebrvojash nd\u00ebrmjet dy qeverive dhe institucioneve t\u00eb t\u00eb dy vendeve n\u00eb k\u00ebt\u00eb fush\u00eb\u201d, thuhet m\u00eb tej n\u00eb daklarat\u00eb.<br \/>\nKryeministri Gjukanoviq e fal\u00ebnderoi me k\u00ebt\u00eb rast homologun e tij shqiptar p\u00ebr bashk\u00ebpunimin n\u00eb fush\u00ebn e mbrojtjes, nd\u00ebrsa kryeministri Berisha i shprehu Gjukanoviqit p\u00ebrkrahjen e Shqip\u00ebris\u00eb p\u00ebr p\u00ebrpjekjet e Malit t\u00eb Zi p\u00ebr an\u00ebtar\u00ebsim n\u00eb NATO.<br \/>\nGjukanoviq ka p\u00ebrg\u00ebzuar kryeministrin Berisha p\u00ebr fitoren n\u00eb zgjedhjet e p\u00ebrgjithshme parlamentare t\u00eb qershorit 2009.<br \/>\n\u201cJam i bindur se qeveria juaj do t\u00eb vijoj\u00eb pun\u00ebn e deritanishme n\u00eb interes t\u00eb mir\u00ebq\u00ebnies p\u00ebr popullin shqiptar dhe integrimit t\u00eb Shqip\u00ebris\u00eb n\u00eb BE\u201d, \u00ebsht\u00eb shprehur Gjukanoviq.<br \/>\nGjat\u00eb bised\u00ebs, t\u00eb dy kryeministrat shpreh\u00ebn k\u00ebnaq\u00ebsin\u00eb p\u00ebr nivelin shum\u00eb t\u00eb mir\u00eb t\u00eb marr\u00ebdh\u00ebnieve midis t\u00eb dy qeverive dhe vendeve, si dhe gadishm\u00ebrin\u00eb e qeveris\u00eb malazeze dhe asaj shqiptare p\u00ebr forcimin e m\u00ebtejsh\u00ebm t\u00eb marr\u00ebdh\u00ebnieve dhe bashk\u00ebpunimit n\u00eb t\u00eb gjitha fushat.<br \/>\nTakimi nd\u00ebrmjet kryeministrit Millo Gjukanoviq dhe Sali Berisha \u00ebsht\u00eb takimi i dyt\u00eb brenda nj\u00eb kohe t\u00eb shkurt\u00ebr q\u00eb zhvillohet nd\u00ebrmjet krer\u00ebve m\u00eb t\u00eb lart\u00eb t\u00eb Malit t\u00eb Zi dhe Shqip\u00ebris\u00eb.<br \/>\nM\u00eb 17 dhe 18 t\u00eb k\u00ebtij muaji Presidenti i Republik\u00ebs s\u00eb Shqip\u00ebris\u00eb, prof. dr. Bamir Topi q\u00ebndroi n\u00eb vizit\u00eb zyrtare dyditore n\u00eb Mal t\u00eb Zi me \u00e7\u2019rast zhvilloi takime me Presidentin e Malit t\u00eb Zi, Filip Vujanoviq, kryeministrin Millo Gjukanoviq, ministrin e Pun\u00ebve t\u00eb Jashtme, Milan Roqen, dhe p\u00ebrfaq\u00ebsues t\u00eb partive politike shqiptare.<br \/>\n<strong><br \/>\nKohapress<\/strong><\/p>\n","protected":false},"excerpt":{"rendered":"<p>Kryeministrat e Malit t\u00eb Zi dhe republik\u00ebs s\u00eb Shqip\u00ebris\u00eb, Millo Gjukanoviq dhe Sali Berisha merren vesh p\u00ebr projekte t\u00eb tjera t\u00eb p\u00ebrbashk\u00ebta. Pas pik\u00ebs s\u00eb p\u00ebrbashk\u00ebt doganore Sukubin\u00eb-Muriqan, nj\u00eb projekt tjet\u00ebr i p\u00ebrbashk\u00ebt pritet t\u00eb filloj\u00eb s\u00eb shpejti nd\u00ebrmjet Malit t\u00eb Zi dhe Republik\u00ebs s\u00eb Shqip\u00ebris\u00eb. Kryeministri i Malit t\u00eb Zi, Millo Gjukanoviq, dhe ai [&hellip;]<\/p>\n","protected":false},"author":1,"featured_media":0,"comment_status":"open","ping_status":"closed","sticky":false,"template":"","format":"standard","meta":{"spay_email":"","jetpack_publicize_message":"","jetpack_is_tweetstorm":false,"jetpack_publicize_feature_enabled":true},"categories":[6],"tags":[12599,2671,11648,2806,2224],"jetpack_publicize_connections":[],"yoast_head":"<!-- This site is optimized with the Yoast SEO plugin v19.1 - https:\/\/yoast.com\/wordpress\/plugins\/seo\/ -->\n<title>Rikthehet lundrimi n\u00eb Bun\u00eb? - Lajme nga Ulqini<\/title>\n<meta name=\"description\" content=\"Kryeministrat e Malit t\u00eb Zi dhe republik\u00ebs s\u00eb Shqip\u00ebris\u00eb, Millo Gjukanoviq dhe Sali Berisha merren vesh p\u00ebr projekte t\u00eb tjera t\u00eb p\u00ebrbashk\u00ebta. Pas pik\u00ebs s\u00eb\" \/>\n<meta name=\"robots\" content=\"index, follow, max-snippet:-1, max-image-preview:large, max-video-preview:-1\" \/>\n<link rel=\"canonical\" href=\"https:\/\/www.visit-ulcinj.com\/blog\/2009\/10\/05\/rikthehet-lundrimi-ne-bune\/\" \/>\n<meta property=\"og:locale\" content=\"en_US\" \/>\n<meta property=\"og:type\" content=\"article\" \/>\n<meta property=\"og:title\" content=\"Rikthehet lundrimi n\u00eb Bun\u00eb? - Lajme nga Ulqini\" \/>\n<meta property=\"og:description\" content=\"Kryeministrat e Malit t\u00eb Zi dhe republik\u00ebs s\u00eb Shqip\u00ebris\u00eb, Millo Gjukanoviq dhe Sali Berisha merren vesh p\u00ebr projekte t\u00eb tjera t\u00eb p\u00ebrbashk\u00ebta. Pas pik\u00ebs s\u00eb\" \/>\n<meta property=\"og:url\" content=\"https:\/\/www.visit-ulcinj.com\/blog\/2009\/10\/05\/rikthehet-lundrimi-ne-bune\/\" \/>\n<meta property=\"og:site_name\" content=\"Lajme nga Ulqini\" \/>\n<meta property=\"article:published_time\" content=\"2009-10-05T10:27:38+00:00\" \/>\n<meta name=\"twitter:label1\" content=\"Written by\" \/>\n\t<meta name=\"twitter:data1\" content=\"ulqini\" \/>\n\t<meta name=\"twitter:label2\" content=\"Est. reading time\" \/>\n\t<meta name=\"twitter:data2\" content=\"3 minutes\" \/>\n<script type=\"application\/ld+json\" class=\"yoast-schema-graph\">{\"@context\":\"https:\/\/schema.org\",\"@graph\":[{\"@type\":\"WebSite\",\"@id\":\"https:\/\/www.visit-ulcinj.com\/blog\/#website\",\"url\":\"https:\/\/www.visit-ulcinj.com\/blog\/\",\"name\":\"Lajme nga Ulqini\",\"description\":\"Lajme,Vijesti,Ulqini,Ulqin,Crna Gora,Mali i Zi\",\"potentialAction\":[{\"@type\":\"SearchAction\",\"target\":{\"@type\":\"EntryPoint\",\"urlTemplate\":\"https:\/\/www.visit-ulcinj.com\/blog\/?s={search_term_string}\"},\"query-input\":\"required name=search_term_string\"}],\"inLanguage\":\"en-US\"},{\"@type\":\"WebPage\",\"@id\":\"https:\/\/www.visit-ulcinj.com\/blog\/2009\/10\/05\/rikthehet-lundrimi-ne-bune\/#webpage\",\"url\":\"https:\/\/www.visit-ulcinj.com\/blog\/2009\/10\/05\/rikthehet-lundrimi-ne-bune\/\",\"name\":\"Rikthehet lundrimi n\u00eb Bun\u00eb? - Lajme nga Ulqini\",\"isPartOf\":{\"@id\":\"https:\/\/www.visit-ulcinj.com\/blog\/#website\"},\"datePublished\":\"2009-10-05T10:27:38+00:00\",\"dateModified\":\"2009-10-05T10:27:38+00:00\",\"author\":{\"@id\":\"https:\/\/www.visit-ulcinj.com\/blog\/#\/schema\/person\/dcab619c614d3038751c63bc2aadc06d\"},\"description\":\"Kryeministrat e Malit t\u00eb Zi dhe republik\u00ebs s\u00eb Shqip\u00ebris\u00eb, Millo Gjukanoviq dhe Sali Berisha merren vesh p\u00ebr projekte t\u00eb tjera t\u00eb p\u00ebrbashk\u00ebta. Pas pik\u00ebs s\u00eb\",\"breadcrumb\":{\"@id\":\"https:\/\/www.visit-ulcinj.com\/blog\/2009\/10\/05\/rikthehet-lundrimi-ne-bune\/#breadcrumb\"},\"inLanguage\":\"en-US\",\"potentialAction\":[{\"@type\":\"ReadAction\",\"target\":[\"https:\/\/www.visit-ulcinj.com\/blog\/2009\/10\/05\/rikthehet-lundrimi-ne-bune\/\"]}]},{\"@type\":\"BreadcrumbList\",\"@id\":\"https:\/\/www.visit-ulcinj.com\/blog\/2009\/10\/05\/rikthehet-lundrimi-ne-bune\/#breadcrumb\",\"itemListElement\":[{\"@type\":\"ListItem\",\"position\":1,\"name\":\"Rikthehet lundrimi n\u00eb Bun\u00eb?\"}]},{\"@type\":\"Person\",\"@id\":\"https:\/\/www.visit-ulcinj.com\/blog\/#\/schema\/person\/dcab619c614d3038751c63bc2aadc06d\",\"name\":\"ulqini\",\"sameAs\":[\"http:\/\/www.visit-ulcinj.com\"],\"url\":\"https:\/\/www.visit-ulcinj.com\/blog\/author\/admin\/\"}]}<\/script>\n<!-- \/ Yoast SEO plugin. -->","yoast_head_json":{"title":"Rikthehet lundrimi n\u00eb Bun\u00eb? - Lajme nga Ulqini","description":"Kryeministrat e Malit t\u00eb Zi dhe republik\u00ebs s\u00eb Shqip\u00ebris\u00eb, Millo Gjukanoviq dhe Sali Berisha merren vesh p\u00ebr projekte t\u00eb tjera t\u00eb p\u00ebrbashk\u00ebta. Pas pik\u00ebs s\u00eb","robots":{"index":"index","follow":"follow","max-snippet":"max-snippet:-1","max-image-preview":"max-image-preview:large","max-video-preview":"max-video-preview:-1"},"canonical":"https:\/\/www.visit-ulcinj.com\/blog\/2009\/10\/05\/rikthehet-lundrimi-ne-bune\/","og_locale":"en_US","og_type":"article","og_title":"Rikthehet lundrimi n\u00eb Bun\u00eb? - Lajme nga Ulqini","og_description":"Kryeministrat e Malit t\u00eb Zi dhe republik\u00ebs s\u00eb Shqip\u00ebris\u00eb, Millo Gjukanoviq dhe Sali Berisha merren vesh p\u00ebr projekte t\u00eb tjera t\u00eb p\u00ebrbashk\u00ebta. Pas pik\u00ebs s\u00eb","og_url":"https:\/\/www.visit-ulcinj.com\/blog\/2009\/10\/05\/rikthehet-lundrimi-ne-bune\/","og_site_name":"Lajme nga Ulqini","article_published_time":"2009-10-05T10:27:38+00:00","twitter_misc":{"Written by":"ulqini","Est. reading time":"3 minutes"},"schema":{"@context":"https:\/\/schema.org","@graph":[{"@type":"WebSite","@id":"https:\/\/www.visit-ulcinj.com\/blog\/#website","url":"https:\/\/www.visit-ulcinj.com\/blog\/","name":"Lajme nga Ulqini","description":"Lajme,Vijesti,Ulqini,Ulqin,Crna Gora,Mali i Zi","potentialAction":[{"@type":"SearchAction","target":{"@type":"EntryPoint","urlTemplate":"https:\/\/www.visit-ulcinj.com\/blog\/?s={search_term_string}"},"query-input":"required name=search_term_string"}],"inLanguage":"en-US"},{"@type":"WebPage","@id":"https:\/\/www.visit-ulcinj.com\/blog\/2009\/10\/05\/rikthehet-lundrimi-ne-bune\/#webpage","url":"https:\/\/www.visit-ulcinj.com\/blog\/2009\/10\/05\/rikthehet-lundrimi-ne-bune\/","name":"Rikthehet lundrimi n\u00eb Bun\u00eb? - Lajme nga Ulqini","isPartOf":{"@id":"https:\/\/www.visit-ulcinj.com\/blog\/#website"},"datePublished":"2009-10-05T10:27:38+00:00","dateModified":"2009-10-05T10:27:38+00:00","author":{"@id":"https:\/\/www.visit-ulcinj.com\/blog\/#\/schema\/person\/dcab619c614d3038751c63bc2aadc06d"},"description":"Kryeministrat e Malit t\u00eb Zi dhe republik\u00ebs s\u00eb Shqip\u00ebris\u00eb, Millo Gjukanoviq dhe Sali Berisha merren vesh p\u00ebr projekte t\u00eb tjera t\u00eb p\u00ebrbashk\u00ebta. Pas pik\u00ebs s\u00eb","breadcrumb":{"@id":"https:\/\/www.visit-ulcinj.com\/blog\/2009\/10\/05\/rikthehet-lundrimi-ne-bune\/#breadcrumb"},"inLanguage":"en-US","potentialAction":[{"@type":"ReadAction","target":["https:\/\/www.visit-ulcinj.com\/blog\/2009\/10\/05\/rikthehet-lundrimi-ne-bune\/"]}]},{"@type":"BreadcrumbList","@id":"https:\/\/www.visit-ulcinj.com\/blog\/2009\/10\/05\/rikthehet-lundrimi-ne-bune\/#breadcrumb","itemListElement":[{"@type":"ListItem","position":1,"name":"Rikthehet lundrimi n\u00eb Bun\u00eb?"}]},{"@type":"Person","@id":"https:\/\/www.visit-ulcinj.com\/blog\/#\/schema\/person\/dcab619c614d3038751c63bc2aadc06d","name":"ulqini","sameAs":["http:\/\/www.visit-ulcinj.com"],"url":"https:\/\/www.visit-ulcinj.com\/blog\/author\/admin\/"}]}},"jetpack_featured_media_url":"","jetpack_sharing_enabled":true,"jetpack_shortlink":"https:\/\/wp.me\/pe6lTn-6Oi","_links":{"self":[{"href":"https:\/\/www.visit-ulcinj.com\/blog\/wp-json\/wp\/v2\/posts\/26182"}],"collection":[{"href":"https:\/\/www.visit-ulcinj.com\/blog\/wp-json\/wp\/v2\/posts"}],"about":[{"href":"https:\/\/www.visit-ulcinj.com\/blog\/wp-json\/wp\/v2\/types\/post"}],"author":[{"embeddable":true,"href":"https:\/\/www.visit-ulcinj.com\/blog\/wp-json\/wp\/v2\/users\/1"}],"replies":[{"embeddable":true,"href":"https:\/\/www.visit-ulcinj.com\/blog\/wp-json\/wp\/v2\/comments?post=26182"}],"version-history":[{"count":0,"href":"https:\/\/www.visit-ulcinj.com\/blog\/wp-json\/wp\/v2\/posts\/26182\/revisions"}],"wp:attachment":[{"href":"https:\/\/www.visit-ulcinj.com\/blog\/wp-json\/wp\/v2\/media?parent=26182"}],"wp:term":[{"taxonomy":"category","embeddable":true,"href":"https:\/\/www.visit-ulcinj.com\/blog\/wp-json\/wp\/v2\/categories?post=26182"},{"taxonomy":"post_tag","embeddable":true,"href":"https:\/\/www.visit-ulcinj.com\/blog\/wp-json\/wp\/v2\/tags?post=26182"}],"curies":[{"name":"wp","href":"https:\/\/api.w.org\/{rel}","templated":true}]}}