{"id":26196,"date":"2009-10-05T16:42:45","date_gmt":"2009-10-05T14:42:45","guid":{"rendered":"http:\/\/www.visit-ulcinj.com\/blog\/?p=26196"},"modified":"2009-10-05T16:43:51","modified_gmt":"2009-10-05T14:43:51","slug":"te-gjithe-njezeri-tuzi-duhet-te-jete-komune-e-plote","status":"publish","type":"post","link":"https:\/\/www.visit-ulcinj.com\/blog\/2009\/10\/05\/te-gjithe-njezeri-tuzi-duhet-te-jete-komune-e-plote\/","title":{"rendered":"T\u00eb gjith\u00eb nj\u00ebz\u00ebri: Tuzi duhet t\u00eb jet\u00eb komun\u00eb e plot\u00eb"},"content":{"rendered":"<p><a href=\"http:\/\/www.visit-ulcinj.com\/blog\/wp-content\/uploads\/2009\/10\/tuzi-komun-2.jpg\"><img loading=\"lazy\" class=\"alignleft size-full wp-image-26197\" title=\"tuzi komun (2)\" src=\"http:\/\/www.visit-ulcinj.com\/blog\/wp-content\/uploads\/2009\/10\/tuzi-komun-2.jpg\" alt=\"tuzi komun (2)\" width=\"392\" height=\"204\" \/><\/a>Edhe pse pjes\u00ebmarr\u00ebsit e tryez\u00ebs nuk dol\u00ebn me ndonj\u00eb p\u00ebrfundim apo propozim konkret, ajo u vler\u00ebsua e r\u00ebnd\u00ebsishme nga t\u00eb gjith\u00eb ata p\u00ebr propozimet q\u00eb do t\u2019i nd\u00ebrmarr\u00eb Komisioni p\u00ebr dispozita dhe akte pran\u00eb KNSH-s\u00eb p\u00ebr projektligjet n\u00eb fjal\u00eb.<br \/>\nPjes\u00ebmarr\u00ebsit e tryez\u00ebs s\u00eb rrumbullak\u00ebt t\u00eb organizuar t\u00eb premten n\u00eb Tuz nga K\u00ebshilli Nacional i Shqiptar\u00ebve n\u00eb Mal t\u00eb Zi lidhur me Projektligjin mbi organizimin territorial t\u00eb Malit t\u00eb Zi dhe Projektligjin p\u00ebr ndryshimet dhe plot\u00ebsimet e Ligjit mbi vet\u00ebqeverisjen lokale jan\u00eb t\u00eb nj\u00eb mendjeje se zgjidhjet e ofruara me k\u00ebto dy projekligje nuk shkojn\u00eb n\u00eb favor t\u00eb p\u00ebrmir\u00ebsimit t\u00eb pozit\u00ebs s\u00eb shqiptar\u00ebve n\u00eb k\u00ebt\u00eb vend.<br \/>\nP\u00ebrfaq\u00ebsuesit politik\u00eb t\u00eb shqiptar\u00ebve, t\u00eb subjekteve politike nacionale dhe jonacionale, p\u00ebrfaq\u00ebsues t\u00eb KNSH-s\u00eb dhe pjes\u00ebmarr\u00ebs t\u00eb tjer\u00eb jan\u00eb me nj\u00eb z\u00eb se me Ligjin e ri mbi Organizimin Territorial t\u00eb Malit t\u00eb Zi statusi i Komun\u00ebs Urbane t\u00eb Tuzit duhet t\u00eb ngritet dhe t\u00eb p\u00ebrcaktohet si komun\u00eb e plot\u00eb si t\u00eb gjitha komunat e tjera n\u00eb Mal t\u00eb Zi.<br \/>\nKryetari i KNSH-s\u00eb, Tahir Tahiri, n\u00eb fjal\u00ebn e hapjes tha se k\u00ebto projektligje jan\u00eb projekte antagoniste q\u00eb kund\u00ebrshtojn\u00eb fitimin e komun\u00ebs s\u00eb plot\u00eb t\u00eb Tuzit dhe nuk respektojn\u00eb konventat nd\u00ebrkomb\u00ebtare, si\u00e7 \u00ebsht\u00eb \u201cKarta Europiane p\u00ebr Vet\u00ebqeverisjen Lokale\u201d.<br \/>\nAi fal\u00ebnderoi t\u00eb gjitha subjektet shqiptare p\u00ebr qasjen e tyre serioze ndaj \u00e7\u00ebshtjes s\u00eb komun\u00ebs s\u00eb plot\u00eb t\u00eb Tuzit.<br \/>\nN\u00ebnkryetari i Komisionit p\u00ebr Dispozita dhe Akte pran\u00eb KNSH-s\u00eb, Mehmet Tafica, foli p\u00ebr r\u00ebnd\u00ebsin\u00eb e disa neneve t\u00eb Ligjit p\u00ebr organizimin territorial, t\u00eb cilat e bllokojn\u00eb mund\u00ebsin\u00eb e fitimit t\u00eb komun\u00ebs s\u00eb Tuzit.<br \/>\nSipas tij, k\u00ebtyre neneve duhet t\u2019u kushtojm\u00eb v\u00ebmendje m\u00eb t\u00eb madhe sepse Tuzi me k\u00ebto zgjidhje ligjore mbetet pjes\u00eb e Podgoric\u00ebs dhe pa status vet\u00ebqeveris\u00ebs.<br \/>\n\u201cNga ky ligj, lind nj\u00eb pyetje: pse projektuesi i k\u00ebtij ligji nuk e ka parapar\u00eb Tuzin si komun\u00eb t\u00eb plot\u00eb? Jemi d\u00ebshmitar\u00eb q\u00eb jan\u00eb b\u00ebr\u00eb shum\u00eb premtime dhe kan\u00eb ndodhur shum\u00eb ngjarje lidhur me k\u00ebrkes\u00ebn legjitime t\u00eb qytetar\u00ebve t\u00eb Mal\u00ebsis\u00eb p\u00ebr komun\u00eb t\u00eb plot\u00eb\u201d, u shpreh Tafica.<br \/>\nKryetari i LD n\u00eb MZ dhe deputeti i List\u00ebs Shqiptare, Mehmet Bardhi, k\u00ebrkoi nga t\u00eb gjitha subjektet q\u00eb \u00e7\u00ebshtja e emrit t\u00eb Komun\u00ebs s\u00eb Tuzit t\u00eb mos jet\u00eb element ndar\u00ebs sepse n\u00eb k\u00ebt\u00eb moment duhet t\u00eb jemi t\u00eb bashkuar.<br \/>\nAi foli edhe p\u00ebr aktivitetet e LD n\u00eb MZ dhe k\u00ebrkesat e saj t\u00eb vazhdueshme p\u00ebr fitimin e statusit t\u00eb Komun\u00ebs s\u00eb plot\u00eb t\u00eb Tuzit.<br \/>\nBardhi p\u00ebrmendi edhe opinionet e disa funksionar\u00ebve m\u00eb t\u00eb lart\u00eb shtet\u00ebror\u00eb t\u00eb Malit t\u00eb Zi t\u00eb d\u00ebgjuara n\u00eb takime t\u00eb ndryshme, si\u00e7 \u00ebsht\u00eb rasti i bised\u00ebs me Presidentin Filip Vujanoviq dhe n\u00eb at\u00eb koh\u00eb ministrin e Drejt\u00ebsis\u00eb, Zhelko Shturanoviq, t\u00eb cil\u00ebt konfirmuan t\u00eb drejt\u00ebn e komun\u00ebs s\u00eb plot\u00eb t\u00eb Tuzit.<br \/>\n\u201cDhe rasti i takimit me kryeministrin Millo Gjukanoviq kur ai \u00ebsht\u00eb shprehur se n\u00ebse Tuzi nuk i plot\u00ebson kushtet ekonomike p\u00ebr komun\u00eb, at\u00ebher\u00eb cila komun\u00eb i plot\u00ebson\u201d, u shpreh Bardhi.<br \/>\nP\u00ebrve\u00e7 k\u00ebtyre fakteve, sipas tij, ekziston edhe e drejta historike e banor\u00ebve vendas p\u00ebr komun\u00eb t\u00eb plot\u00eb.<br \/>\nKryetari i Alternativ\u00ebs Shqiptare, Gjergj Camaj, foli p\u00ebr elaboratin e hartuar n\u00eb vitin 1993 nga Miodrag Vllahoviq, tani ambasador i Malit t\u00eb Zi n\u00eb SHBA, n\u00eb t\u00eb cilin n\u00eb m\u00ebnyr\u00eb t\u00eb argumentuar arsyetohet se edhe n\u00eb at\u00eb koh\u00eb Mal\u00ebsia i plot\u00ebsonte kushtet p\u00ebr t\u00eb qen\u00eb komun\u00eb e plot\u00eb.<br \/>\n\u201cPrandaj ne duhet t\u00eb k\u00ebrkojm\u00eb ndihm\u00eb nga t\u00eb gjith\u00eb shqiptar\u00ebt p\u00ebr k\u00ebt\u00eb t\u00eb drejt\u00eb, sepse ne i plot\u00ebsojm\u00eb t\u00eb gjitha kushtet p\u00ebr komun\u00eb t\u00eb plot\u00eb. N\u00ebse edhe k\u00ebt\u00eb her\u00eb nuk e fitojm\u00eb t\u00eb drejt\u00ebn p\u00ebr komun\u00eb, do t\u00eb na e japin vet\u00ebm at\u00ebher\u00eb kur t\u2019i shesin pronat\u201d, u shpreh Camaj.<br \/>\nKryetari i Forc\u00ebs s\u00eb Re Demokratike, Nazif Cungu, tha se deputet\u00ebt e partive shqiptare n\u00eb Parlamentin e Malit t\u00eb Zi duhet t\u00eb punojn\u00eb s\u00eb bashku n\u00eb drejtim t\u00eb zgjidhjes s\u00eb k\u00ebsaj \u00e7\u00ebshtjeje.<br \/>\nAi po ashtu tha se kjo parti me q\u00ebllim t\u00eb gjetjes s\u00eb zgjidhjeve optimale p\u00ebr statusin e Komun\u00ebs s\u00eb Tuzit ka krahasuar projektligjet n\u00eb fjal\u00eb me ligjet e vendeve n\u00eb rajon, nga ku, sipas tij, mund t\u00eb nxirren zgjiedhje t\u00eb mira.<br \/>\nCungu t\u00ebrhoqi v\u00ebrejtjen p\u00ebr r\u00ebnd\u00ebsin\u00eb e problemeve ekonomike si probleme q\u00eb duhet trajtuar seriozisht dhe q\u00eb sot po trondisin komun\u00ebn e Ulqinit.<br \/>\nDeputeti i Koalicionit Shqiptar \u201cPerspektiva\u201d, Amir Hollaj, tha se Komuna e Mal\u00ebsis\u00eb do t\u00eb jet\u00eb k\u00ebrkes\u00eb ky\u00e7e p\u00ebr t\u00eb si deputet shqiptar n\u00eb Parlamentin e Malit t\u00eb Zi.<br \/>\nAi theksoi se tashm\u00eb ekziston edhe \u201cElaborati i fizibilitetit\u201d, i cili d\u00ebshmon q\u00ebndrueshm\u00ebrin\u00eb dhe arsyetueshm\u00ebrine e komun\u00ebs s\u00eb plot\u00eb.<br \/>\nHollaj b\u00ebri thirrje \u201cq\u00eb pa humbur koh\u00eb t\u00eb dalim t\u00eb gjith\u00eb s\u00eb bashku, nj\u00ebz\u00ebri, p\u00ebr t\u00eb fituar komun\u00ebn e plot\u00eb\u201d.<br \/>\nP\u00ebrfaq\u00ebsuesi i Iniciativ\u00ebs Qytetare, ish deputeti Vasel Sinishtaj, tha se propozimet e shqiptar\u00ebve duhet t\u00eb mb\u00ebshteten n\u00eb aktet nd\u00ebrkomb\u00ebtare dhe Kushtetut\u00ebn e Malit t\u00eb Zi.<br \/>\nSa i p\u00ebrket statusit t\u00eb Komun\u00ebs s\u00eb Tuzit, ai n\u00ebnvizoi kat\u00ebr aspekte q\u00eb, sipas tij, sigurojn\u00eb t\u00eb drejt\u00ebn p\u00ebr komun\u00eb t\u00eb plot\u00eb.<br \/>\n\u201cAspekti juridik i cili nuk \u00ebsht\u00eb n\u00eb pajtueshm\u00ebri me Kushtetut\u00ebn e Malit t\u00eb Zi e as me dokumentet nd\u00ebrkomb\u00ebtare, n\u00eb ve\u00e7anti me Kart\u00ebn Europiane p\u00ebr Vet\u00ebqeverisjen Lokale, e cila n\u00eb nenin 12 i obligon shtetet n\u00ebnshkruese p\u00ebr respektimin e saj\u201d, tha ai.<br \/>\nAspektin politik Sinishtaj e nd\u00ebrlidhi me vitin 1958, kur \u00ebsht\u00eb suprimuar Komuna e Tuzit me dekret pa i pyetur banor\u00ebt, dhe shum\u00eb e shum\u00eb k\u00ebrkesa p\u00ebr fitimin e komun\u00ebs s\u00eb plot\u00eb si dhe Rezolut\u00ebn e miratuar s\u00eb fundi nga Kuvendi i Komun\u00ebs Urbane t\u00eb Tuzit.<br \/>\n\u201cP\u00ebr aspektin ekonomik p\u00ebrve\u00e7 se t\u00eb gjith\u00eb e dim\u00eb realitetin se Mal\u00ebsia mund t\u00eb funksionoj\u00eb si komun\u00eb, sot kemi elaboratin p\u00ebr arsyetueshm\u00ebrin\u00eb e themelimit t\u00eb komun\u00ebs s\u00eb plot\u00eb\u201d, tha ai.<br \/>\nNd\u00ebrsa aspekti i kat\u00ebrt, sipas Sinishtajt, ka t\u00eb b\u00ebj\u00eb me moralin politik, me \u00e7\u2019rast shqiptar\u00ebve iu \u00ebsht\u00eb premtuar kjo e drejt\u00eb me rastin e referendumit, kurse m\u00eb von\u00eb kjo e drejt\u00eb iu \u00ebsht\u00eb mohuar.<br \/>\nKryetari i KU t\u00eb Tuzit, Maliq \u00c7unmulaj, tha se kjo komun\u00eb p\u00ebr shkak t\u00eb statusit aktual nuk mund t\u00eb realizoj\u00eb n\u00eb m\u00ebnyr\u00eb t\u00eb mir\u00ebfillt\u00eb dhe funksionalet vet\u00ebqeverisjen lokale. Ai k\u00ebt\u00eb e ilustroi p\u00ebrmes shembullit kur k\u00ebshilltar\u00ebt e Kuvendit t\u00eb KU t\u00eb Tuzit votojn\u00eb p\u00ebr \u00e7\u00ebshtje me r\u00ebnd\u00ebsi p\u00ebr banor\u00ebt vendas, kurse Podgorica nuk i merr parasysh vendimet e k\u00ebtij kuvendi dhe nuk i realizon obligimet q\u00eb dalin nga vendimet n\u00eb fjal\u00eb.<br \/>\nKol\u00eb Lulgjuraj nga Partia Socialiste Popullore tha se Komuna Urbane nuk \u00ebsht\u00eb gj\u00eb tjet\u00ebr ve\u00e7se bashk\u00ebsi lokale.<br \/>\n\u201cPSP ka ngritur z\u00ebrin kund\u00ebr k\u00ebsi lloj komune e cila nuk \u00ebsht\u00eb funksionale. Ku jan\u00eb sot t\u00eb gjith\u00eb ata t\u00eb cil\u00ebt ia premtuan Mal\u00ebsis\u00eb Komun\u00ebn? Un\u00eb dhe PSP i kemi p\u00ebrkrahur t\u00eb gjitha iniciativat t\u00eb cilat \u00e7ojn\u00eb n\u00eb fitimin e komun\u00ebs s\u00eb plot\u00eb\u201d, u shpreh Lulgjuraj.<br \/>\nAngjell Goj\u00e7aj nga zyra e Komisionit p\u00ebr t\u00eb Drejtat e Njeriut dhe Mbrojtjen e Pakicave Komb\u00ebtare pran\u00eb L\u00ebvizjes \u201cAtdheu na Bashkon\u201d prezantoi zgjidhjet juridike t\u00eb disa shteteve n\u00eb rajon, me theks t\u00eb ve\u00e7ant\u00eb p\u00ebr Sllovenin\u00eb, e cila n\u00eb ligjin e saj u mund\u00ebson pakicave q\u00eb edhe me nj\u00eb census t\u00eb vog\u00ebl t\u00eb popullsis\u00eb, deri dy mij\u00eb banor\u00eb, t\u00eb ken\u00eb t\u00eb drejt\u00ebn e themelimit t\u00eb komun\u00ebs si e drejt\u00eb p\u00ebr ruajtjen e identitetit t\u00eb tyre.<br \/>\nAi lexoi letr\u00ebn e kryetarit t\u00eb Grupit p\u00ebr Themelimin e Komun\u00ebs s\u00eb Mal\u00ebsis\u00eb\/Tuz-it nga diaspora, Gjergj Ivezaj, i cili n\u00eb let\u00ebr fton q\u00eb t\u00eb formohet nj\u00eb k\u00ebshill q\u00eb do t\u00eb udh\u00ebheq\u00eb pun\u00ebn p\u00ebr themelimin e Komun\u00ebs s\u00eb plot\u00eb t\u00eb Mal\u00ebsis\u00eb\/Tuzit.<br \/>\nN\u00eb diskutim mor\u00ebn pjes\u00eb nd\u00ebr t\u00eb tjer\u00eb edhe shkrimtari Gjon Berishaj, Xhemal Nikaj dhe Pal\u00eb Dreshaj.<br \/>\nBerishaj foli edhe p\u00ebr historikun e komun\u00ebs duke i njohur pjes\u00ebmarr\u00ebsit e tryez\u00ebs me shum\u00eb t\u00eb dh\u00ebna nga e kaluara e Mal\u00ebsis\u00eb. Ai p\u00ebrkujtoi se edhe n\u00eb koh\u00ebn e Turqis\u00eb, Tuzi ishte Komun\u00eb (Kaza) kur ishte kryetar (Kajmekan) Ahmet Begu.<br \/>\nXhemal Nikaj potencoi d\u00ebshtimin e Komun\u00ebs Urbane t\u00eb Tuzit. Sipas tij, p\u00ebr t\u00eb qen\u00eb t\u00eb barabart\u00eb shqiptar\u00ebve duhet t\u2019u njihet e drejta e vet\u00ebqeverisjes lokale.<br \/>\nAn\u00ebtari i KNSH-s\u00eb, Pal\u00eb Dreshaj, k\u00ebrkoi nga subjektet shqiptare dhe organizatat joqeveritare q\u00eb t\u00eb bashkohen dhe t\u00eb angazhohen p\u00ebr sensibilizimin e opinionit lidhur me t\u00eb drejtat q\u00eb iu takojn\u00eb shqiptar\u00ebve.<br \/>\n\u201cT\u00eb gjith\u00eb duhet ta ndiejm\u00eb veten hallk\u00eb t\u00eb zinxhirit q\u00eb na bashkon\u201d, u shpreh ai.<\/p>\n<p><strong>M. Gjokaj<br \/>\nKoha Javore<\/strong><\/p>\n","protected":false},"excerpt":{"rendered":"<p>Edhe pse pjes\u00ebmarr\u00ebsit e tryez\u00ebs nuk dol\u00ebn me ndonj\u00eb p\u00ebrfundim apo propozim konkret, ajo u vler\u00ebsua e r\u00ebnd\u00ebsishme nga t\u00eb gjith\u00eb ata p\u00ebr propozimet q\u00eb do t\u2019i nd\u00ebrmarr\u00eb Komisioni p\u00ebr dispozita dhe akte pran\u00eb KNSH-s\u00eb p\u00ebr projektligjet n\u00eb fjal\u00eb. Pjes\u00ebmarr\u00ebsit e tryez\u00ebs s\u00eb rrumbullak\u00ebt t\u00eb organizuar t\u00eb premten n\u00eb Tuz nga K\u00ebshilli Nacional i Shqiptar\u00ebve [&hellip;]<\/p>\n","protected":false},"author":1,"featured_media":0,"comment_status":"open","ping_status":"closed","sticky":false,"template":"","format":"standard","meta":{"spay_email":"","jetpack_publicize_message":"","jetpack_is_tweetstorm":false,"jetpack_publicize_feature_enabled":true},"categories":[1],"tags":[4833],"jetpack_publicize_connections":[],"yoast_head":"<!-- This site is optimized with the Yoast SEO plugin v19.1 - https:\/\/yoast.com\/wordpress\/plugins\/seo\/ -->\n<title>T\u00eb gjith\u00eb nj\u00ebz\u00ebri: Tuzi duhet t\u00eb jet\u00eb komun\u00eb e plot\u00eb - Lajme nga Ulqini<\/title>\n<meta name=\"description\" content=\"Edhe pse pjes\u00ebmarr\u00ebsit e tryez\u00ebs nuk dol\u00ebn me ndonj\u00eb p\u00ebrfundim apo propozim konkret, ajo u vler\u00ebsua e r\u00ebnd\u00ebsishme nga t\u00eb gjith\u00eb ata p\u00ebr propozimet q\u00eb do\" \/>\n<meta name=\"robots\" content=\"index, follow, max-snippet:-1, max-image-preview:large, max-video-preview:-1\" \/>\n<link rel=\"canonical\" href=\"https:\/\/www.visit-ulcinj.com\/blog\/2009\/10\/05\/te-gjithe-njezeri-tuzi-duhet-te-jete-komune-e-plote\/\" \/>\n<meta property=\"og:locale\" content=\"en_US\" \/>\n<meta property=\"og:type\" content=\"article\" \/>\n<meta property=\"og:title\" content=\"T\u00eb gjith\u00eb nj\u00ebz\u00ebri: Tuzi duhet t\u00eb jet\u00eb komun\u00eb e plot\u00eb - Lajme nga Ulqini\" \/>\n<meta property=\"og:description\" content=\"Edhe pse pjes\u00ebmarr\u00ebsit e tryez\u00ebs nuk dol\u00ebn me ndonj\u00eb p\u00ebrfundim apo propozim konkret, ajo u vler\u00ebsua e r\u00ebnd\u00ebsishme nga t\u00eb gjith\u00eb ata p\u00ebr propozimet q\u00eb do\" \/>\n<meta property=\"og:url\" content=\"https:\/\/www.visit-ulcinj.com\/blog\/2009\/10\/05\/te-gjithe-njezeri-tuzi-duhet-te-jete-komune-e-plote\/\" \/>\n<meta property=\"og:site_name\" content=\"Lajme nga Ulqini\" \/>\n<meta property=\"article:published_time\" content=\"2009-10-05T14:42:45+00:00\" \/>\n<meta property=\"article:modified_time\" content=\"2009-10-05T14:43:51+00:00\" \/>\n<meta property=\"og:image\" content=\"http:\/\/www.visit-ulcinj.com\/blog\/wp-content\/uploads\/2009\/10\/tuzi-komun-2.jpg\" \/>\n<meta name=\"twitter:label1\" content=\"Written by\" \/>\n\t<meta name=\"twitter:data1\" content=\"ulqini\" \/>\n\t<meta name=\"twitter:label2\" content=\"Est. reading time\" \/>\n\t<meta name=\"twitter:data2\" content=\"8 minutes\" \/>\n<script type=\"application\/ld+json\" class=\"yoast-schema-graph\">{\"@context\":\"https:\/\/schema.org\",\"@graph\":[{\"@type\":\"WebSite\",\"@id\":\"https:\/\/www.visit-ulcinj.com\/blog\/#website\",\"url\":\"https:\/\/www.visit-ulcinj.com\/blog\/\",\"name\":\"Lajme nga Ulqini\",\"description\":\"Lajme,Vijesti,Ulqini,Ulqin,Crna Gora,Mali i Zi\",\"potentialAction\":[{\"@type\":\"SearchAction\",\"target\":{\"@type\":\"EntryPoint\",\"urlTemplate\":\"https:\/\/www.visit-ulcinj.com\/blog\/?s={search_term_string}\"},\"query-input\":\"required name=search_term_string\"}],\"inLanguage\":\"en-US\"},{\"@type\":\"ImageObject\",\"inLanguage\":\"en-US\",\"@id\":\"https:\/\/www.visit-ulcinj.com\/blog\/2009\/10\/05\/te-gjithe-njezeri-tuzi-duhet-te-jete-komune-e-plote\/#primaryimage\",\"url\":\"https:\/\/www.visit-ulcinj.com\/blog\/wp-content\/uploads\/2009\/10\/tuzi-komun-2.jpg\",\"contentUrl\":\"https:\/\/www.visit-ulcinj.com\/blog\/wp-content\/uploads\/2009\/10\/tuzi-komun-2.jpg\",\"width\":\"300\",\"height\":\"156\"},{\"@type\":\"WebPage\",\"@id\":\"https:\/\/www.visit-ulcinj.com\/blog\/2009\/10\/05\/te-gjithe-njezeri-tuzi-duhet-te-jete-komune-e-plote\/#webpage\",\"url\":\"https:\/\/www.visit-ulcinj.com\/blog\/2009\/10\/05\/te-gjithe-njezeri-tuzi-duhet-te-jete-komune-e-plote\/\",\"name\":\"T\u00eb gjith\u00eb nj\u00ebz\u00ebri: Tuzi duhet t\u00eb jet\u00eb komun\u00eb e plot\u00eb - Lajme nga Ulqini\",\"isPartOf\":{\"@id\":\"https:\/\/www.visit-ulcinj.com\/blog\/#website\"},\"primaryImageOfPage\":{\"@id\":\"https:\/\/www.visit-ulcinj.com\/blog\/2009\/10\/05\/te-gjithe-njezeri-tuzi-duhet-te-jete-komune-e-plote\/#primaryimage\"},\"datePublished\":\"2009-10-05T14:42:45+00:00\",\"dateModified\":\"2009-10-05T14:43:51+00:00\",\"author\":{\"@id\":\"https:\/\/www.visit-ulcinj.com\/blog\/#\/schema\/person\/dcab619c614d3038751c63bc2aadc06d\"},\"description\":\"Edhe pse pjes\u00ebmarr\u00ebsit e tryez\u00ebs nuk dol\u00ebn me ndonj\u00eb p\u00ebrfundim apo propozim konkret, ajo u vler\u00ebsua e r\u00ebnd\u00ebsishme nga t\u00eb gjith\u00eb ata p\u00ebr propozimet q\u00eb do\",\"breadcrumb\":{\"@id\":\"https:\/\/www.visit-ulcinj.com\/blog\/2009\/10\/05\/te-gjithe-njezeri-tuzi-duhet-te-jete-komune-e-plote\/#breadcrumb\"},\"inLanguage\":\"en-US\",\"potentialAction\":[{\"@type\":\"ReadAction\",\"target\":[\"https:\/\/www.visit-ulcinj.com\/blog\/2009\/10\/05\/te-gjithe-njezeri-tuzi-duhet-te-jete-komune-e-plote\/\"]}]},{\"@type\":\"BreadcrumbList\",\"@id\":\"https:\/\/www.visit-ulcinj.com\/blog\/2009\/10\/05\/te-gjithe-njezeri-tuzi-duhet-te-jete-komune-e-plote\/#breadcrumb\",\"itemListElement\":[{\"@type\":\"ListItem\",\"position\":1,\"name\":\"T\u00eb gjith\u00eb nj\u00ebz\u00ebri: Tuzi duhet t\u00eb jet\u00eb komun\u00eb e plot\u00eb\"}]},{\"@type\":\"Person\",\"@id\":\"https:\/\/www.visit-ulcinj.com\/blog\/#\/schema\/person\/dcab619c614d3038751c63bc2aadc06d\",\"name\":\"ulqini\",\"sameAs\":[\"http:\/\/www.visit-ulcinj.com\"],\"url\":\"https:\/\/www.visit-ulcinj.com\/blog\/author\/admin\/\"}]}<\/script>\n<!-- \/ Yoast SEO plugin. -->","yoast_head_json":{"title":"T\u00eb gjith\u00eb nj\u00ebz\u00ebri: Tuzi duhet t\u00eb jet\u00eb komun\u00eb e plot\u00eb - Lajme nga Ulqini","description":"Edhe pse pjes\u00ebmarr\u00ebsit e tryez\u00ebs nuk dol\u00ebn me ndonj\u00eb p\u00ebrfundim apo propozim konkret, ajo u vler\u00ebsua e r\u00ebnd\u00ebsishme nga t\u00eb gjith\u00eb ata p\u00ebr propozimet q\u00eb do","robots":{"index":"index","follow":"follow","max-snippet":"max-snippet:-1","max-image-preview":"max-image-preview:large","max-video-preview":"max-video-preview:-1"},"canonical":"https:\/\/www.visit-ulcinj.com\/blog\/2009\/10\/05\/te-gjithe-njezeri-tuzi-duhet-te-jete-komune-e-plote\/","og_locale":"en_US","og_type":"article","og_title":"T\u00eb gjith\u00eb nj\u00ebz\u00ebri: Tuzi duhet t\u00eb jet\u00eb komun\u00eb e plot\u00eb - Lajme nga Ulqini","og_description":"Edhe pse pjes\u00ebmarr\u00ebsit e tryez\u00ebs nuk dol\u00ebn me ndonj\u00eb p\u00ebrfundim apo propozim konkret, ajo u vler\u00ebsua e r\u00ebnd\u00ebsishme nga t\u00eb gjith\u00eb ata p\u00ebr propozimet q\u00eb do","og_url":"https:\/\/www.visit-ulcinj.com\/blog\/2009\/10\/05\/te-gjithe-njezeri-tuzi-duhet-te-jete-komune-e-plote\/","og_site_name":"Lajme nga Ulqini","article_published_time":"2009-10-05T14:42:45+00:00","article_modified_time":"2009-10-05T14:43:51+00:00","og_image":[{"url":"http:\/\/www.visit-ulcinj.com\/blog\/wp-content\/uploads\/2009\/10\/tuzi-komun-2.jpg"}],"twitter_misc":{"Written by":"ulqini","Est. reading time":"8 minutes"},"schema":{"@context":"https:\/\/schema.org","@graph":[{"@type":"WebSite","@id":"https:\/\/www.visit-ulcinj.com\/blog\/#website","url":"https:\/\/www.visit-ulcinj.com\/blog\/","name":"Lajme nga Ulqini","description":"Lajme,Vijesti,Ulqini,Ulqin,Crna Gora,Mali i Zi","potentialAction":[{"@type":"SearchAction","target":{"@type":"EntryPoint","urlTemplate":"https:\/\/www.visit-ulcinj.com\/blog\/?s={search_term_string}"},"query-input":"required name=search_term_string"}],"inLanguage":"en-US"},{"@type":"ImageObject","inLanguage":"en-US","@id":"https:\/\/www.visit-ulcinj.com\/blog\/2009\/10\/05\/te-gjithe-njezeri-tuzi-duhet-te-jete-komune-e-plote\/#primaryimage","url":"https:\/\/www.visit-ulcinj.com\/blog\/wp-content\/uploads\/2009\/10\/tuzi-komun-2.jpg","contentUrl":"https:\/\/www.visit-ulcinj.com\/blog\/wp-content\/uploads\/2009\/10\/tuzi-komun-2.jpg","width":"300","height":"156"},{"@type":"WebPage","@id":"https:\/\/www.visit-ulcinj.com\/blog\/2009\/10\/05\/te-gjithe-njezeri-tuzi-duhet-te-jete-komune-e-plote\/#webpage","url":"https:\/\/www.visit-ulcinj.com\/blog\/2009\/10\/05\/te-gjithe-njezeri-tuzi-duhet-te-jete-komune-e-plote\/","name":"T\u00eb gjith\u00eb nj\u00ebz\u00ebri: Tuzi duhet t\u00eb jet\u00eb komun\u00eb e plot\u00eb - Lajme nga Ulqini","isPartOf":{"@id":"https:\/\/www.visit-ulcinj.com\/blog\/#website"},"primaryImageOfPage":{"@id":"https:\/\/www.visit-ulcinj.com\/blog\/2009\/10\/05\/te-gjithe-njezeri-tuzi-duhet-te-jete-komune-e-plote\/#primaryimage"},"datePublished":"2009-10-05T14:42:45+00:00","dateModified":"2009-10-05T14:43:51+00:00","author":{"@id":"https:\/\/www.visit-ulcinj.com\/blog\/#\/schema\/person\/dcab619c614d3038751c63bc2aadc06d"},"description":"Edhe pse pjes\u00ebmarr\u00ebsit e tryez\u00ebs nuk dol\u00ebn me ndonj\u00eb p\u00ebrfundim apo propozim konkret, ajo u vler\u00ebsua e r\u00ebnd\u00ebsishme nga t\u00eb gjith\u00eb ata p\u00ebr propozimet q\u00eb do","breadcrumb":{"@id":"https:\/\/www.visit-ulcinj.com\/blog\/2009\/10\/05\/te-gjithe-njezeri-tuzi-duhet-te-jete-komune-e-plote\/#breadcrumb"},"inLanguage":"en-US","potentialAction":[{"@type":"ReadAction","target":["https:\/\/www.visit-ulcinj.com\/blog\/2009\/10\/05\/te-gjithe-njezeri-tuzi-duhet-te-jete-komune-e-plote\/"]}]},{"@type":"BreadcrumbList","@id":"https:\/\/www.visit-ulcinj.com\/blog\/2009\/10\/05\/te-gjithe-njezeri-tuzi-duhet-te-jete-komune-e-plote\/#breadcrumb","itemListElement":[{"@type":"ListItem","position":1,"name":"T\u00eb gjith\u00eb nj\u00ebz\u00ebri: Tuzi duhet t\u00eb jet\u00eb komun\u00eb e plot\u00eb"}]},{"@type":"Person","@id":"https:\/\/www.visit-ulcinj.com\/blog\/#\/schema\/person\/dcab619c614d3038751c63bc2aadc06d","name":"ulqini","sameAs":["http:\/\/www.visit-ulcinj.com"],"url":"https:\/\/www.visit-ulcinj.com\/blog\/author\/admin\/"}]}},"jetpack_featured_media_url":"","jetpack_sharing_enabled":true,"jetpack_shortlink":"https:\/\/wp.me\/pe6lTn-6Ow","_links":{"self":[{"href":"https:\/\/www.visit-ulcinj.com\/blog\/wp-json\/wp\/v2\/posts\/26196"}],"collection":[{"href":"https:\/\/www.visit-ulcinj.com\/blog\/wp-json\/wp\/v2\/posts"}],"about":[{"href":"https:\/\/www.visit-ulcinj.com\/blog\/wp-json\/wp\/v2\/types\/post"}],"author":[{"embeddable":true,"href":"https:\/\/www.visit-ulcinj.com\/blog\/wp-json\/wp\/v2\/users\/1"}],"replies":[{"embeddable":true,"href":"https:\/\/www.visit-ulcinj.com\/blog\/wp-json\/wp\/v2\/comments?post=26196"}],"version-history":[{"count":0,"href":"https:\/\/www.visit-ulcinj.com\/blog\/wp-json\/wp\/v2\/posts\/26196\/revisions"}],"wp:attachment":[{"href":"https:\/\/www.visit-ulcinj.com\/blog\/wp-json\/wp\/v2\/media?parent=26196"}],"wp:term":[{"taxonomy":"category","embeddable":true,"href":"https:\/\/www.visit-ulcinj.com\/blog\/wp-json\/wp\/v2\/categories?post=26196"},{"taxonomy":"post_tag","embeddable":true,"href":"https:\/\/www.visit-ulcinj.com\/blog\/wp-json\/wp\/v2\/tags?post=26196"}],"curies":[{"name":"wp","href":"https:\/\/api.w.org\/{rel}","templated":true}]}}