{"id":26216,"date":"2009-10-05T23:55:27","date_gmt":"2009-10-05T21:55:27","guid":{"rendered":"http:\/\/www.visit-ulcinj.com\/blog\/?p=26216"},"modified":"2009-10-05T23:56:37","modified_gmt":"2009-10-05T21:56:37","slug":"zbulohet-lidhja-e-dashurise-se-ingrid-gjonit","status":"publish","type":"post","link":"https:\/\/www.visit-ulcinj.com\/blog\/2009\/10\/05\/zbulohet-lidhja-e-dashurise-se-ingrid-gjonit\/","title":{"rendered":"Zbulohet lidhja e dashuris\u00eb s\u00eb Ingrid Gjonit"},"content":{"rendered":"<p><a href=\"http:\/\/www.visit-ulcinj.com\/blog\/wp-content\/uploads\/2009\/10\/Ingrid-Gjoni.2.jpg\"><img loading=\"lazy\" class=\"alignleft size-full wp-image-26217\" title=\"Ingrid Gjoni.2\" src=\"http:\/\/www.visit-ulcinj.com\/blog\/wp-content\/uploads\/2009\/10\/Ingrid-Gjoni.2.jpg\" alt=\"Ingrid Gjoni.2\" width=\"400\" height=\"559\" \/><\/a>Koh\u00ebt e fundit \u00ebsht\u00eb p\u00ebrpjekur ta mbaj\u00eb sa m\u00eb t\u00eb fsheht\u00eb jet\u00ebn private. Por, ja q\u00eb m\u00eb n\u00eb fund ka vendosur t\u00eb dal\u00eb publikisht me t\u00eb dashurin e saj. Ndoshta, sepse tanim\u00eb lidhja e tyre \u00ebsht\u00eb konsoliduar dhe Ingrid Gjoni, k\u00ebng\u00ebtarja seksi nuk ka \u00e7far\u00eb t\u00eb fsheh\u00eb m\u00eb. E kemi takuar n\u00eb nj\u00eb fest\u00eb ku Ingridi ka qen\u00eb p\u00ebrkrah djaloshit simpatik, me t\u00eb cilin ndan nj\u00eb lidhje mbi nj\u00ebvje\u00e7are. Edhe pse kan\u00eb ardhur vet\u00ebm, kan\u00eb p\u00eblqyer t\u00eb z\u00ebn\u00eb nj\u00eb cep p\u00ebr t\u00eb mos r\u00ebn\u00eb shum\u00eb n\u00eb sy. Por, kjo \u00ebsht\u00eb thuajse e v\u00ebshtir\u00eb, sepse t\u00eb gjith\u00eb syt\u00eb jan\u00eb kthyer nga Ingridi e djaloshi brun, q\u00eb n\u00eb momentin q\u00eb ajo ka hyr\u00eb n\u00eb bar dhe deri sa jan\u00eb ulur n\u00eb vendin e tyre. V\u00ebmendja nuk \u00ebsht\u00eb shuar aspak edhe n\u00eb vazhdim\u00ebsi.<br \/>\n<strong>\u00c7ifti<\/strong><br \/>\nIngrid Gjoni dhe i dashuri i saj, p\u00ebr t\u00eb cilin kemi m\u00ebsuar se \u00ebsht\u00eb pronar i nj\u00eb pub-i, po jetojn\u00eb lidhjen e tyre t\u00eb dashuris\u00eb prej mbi nj\u00eb viti. Kan\u00eb qen\u00eb thuajse hermetik\u00eb p\u00ebr t\u00eb b\u00ebr\u00eb t\u00eb ditur k\u00ebt\u00eb dashuri. \u00c7do l\u00ebvizje e kontrolluar dhe larg syve kureshtar\u00eb. Nga ana e saj, Ingridi ka qen\u00eb totalisht e rezervuar n\u00eb \u00e7do intervist\u00eb, duke mos pohuar asnj\u00ebher\u00eb se ka nj\u00eb t\u00eb dashur. Ajo \u00ebsht\u00eb mjaftuar vet\u00ebm me th\u00ebniet se \u00ebsht\u00eb e lumtur, dhe kaq. Edhe n\u00eb publik \u00ebsht\u00eb par\u00eb gjithmon\u00eb n\u00eb shoq\u00ebrin\u00eb e mikeshave t\u00eb saj, \u00c7iljeta Xhilaga e Anjeza Branka apo me motr\u00ebn e saj, Inisin.<br \/>\n<strong>Festa<\/strong><br \/>\nArdhja me gjith\u00eb t\u00eb dashurin e saj, Ingridin duket se e vuri pak n\u00eb siklet n\u00eb fillim. Aq m\u00eb tep\u00ebr q\u00eb syt\u00eb nuk ishin m\u00eb tek ajo, por tek shoq\u00ebruesi i saj. Kan\u00eb qen\u00eb t\u00eb dy t\u00eb kombinuar duke veshur me ngjyr\u00eb t\u00eb zez\u00eb. Fillimisht jan\u00eb shfaqur t\u00eb p\u00ebrmbajtur, duke u sjell\u00eb pak si ftoht\u00eb me nj\u00ebri-tjetrin, madje Ingridi her\u00eb pas here \u00ebsht\u00eb ngritur n\u00eb k\u00ebmb\u00eb duke u kthyer me kurriz nga njer\u00ebzit, p\u00ebr t\u00eb mbuluar si duket t\u00eb dashurin. Por, m\u00eb pas situata ka ndryshuar. Kan\u00eb harruar njer\u00ebzit p\u00ebrreth dhe kan\u00eb nisur p\u00ebrk\u00ebdheljet mes nj\u00ebri-tjetrit. Mes bisedave dhe syve q\u00eb nuk ja ndanin shoshoqit, i dashuri i Ingridit ka guxuar edhe t\u00eb p\u00ebrk\u00ebdhel\u00eb k\u00ebmb\u00ebt e saj, si\u00e7 d\u00ebshmohet edhe n\u00eb foto.<br \/>\n<strong>K\u00ebnga<\/strong><br \/>\nN\u00ebse n\u00eb k\u00ebng\u00ebn e saj t\u00eb fundit ajo ndihet e tradhtuar, e l\u00ebn\u00eb pas dore, e harruar nga i dashuri, n\u00eb jet\u00eb nuk ndodh k\u00ebshtu. Ingridi gjithmon\u00eb ka qen\u00eb n\u00eb qend\u00ebr t\u00eb v\u00ebmendjes s\u00eb meshkujve. Dy vjet m\u00eb par\u00eb ajo i dha fund fejes\u00ebs s\u00eb saj t\u00eb zyrtarizuar dhe t\u00eb b\u00ebr\u00eb m\u00eb se publike me Enean. M\u00eb pas preferoi t\u00eb q\u00ebndronte larg medias p\u00ebr sa i p\u00ebrket jet\u00ebs personale, periudh\u00eb q\u00eb ka vazhduar gjat\u00eb n\u00eb fakt, deri n\u00eb momentin q\u00eb u shfaq publikisht me djaloshin q\u00eb e shohim n\u00eb foto, me t\u00eb cilin po jeton dashurin\u00eb aktualisht.<\/p>\n<p><strong>Revista\u00a0 Bluetooth<\/strong><\/p>\n<p><strong><br \/>\n<\/strong><br \/>\n<strong><!--YouTube Error: bad URL entered--><br \/>\n<\/strong><\/p>\n","protected":false},"excerpt":{"rendered":"<p>Koh\u00ebt e fundit \u00ebsht\u00eb p\u00ebrpjekur ta mbaj\u00eb sa m\u00eb t\u00eb fsheht\u00eb jet\u00ebn private. Por, ja q\u00eb m\u00eb n\u00eb fund ka vendosur t\u00eb dal\u00eb publikisht me t\u00eb dashurin e saj. Ndoshta, sepse tanim\u00eb lidhja e tyre \u00ebsht\u00eb konsoliduar dhe Ingrid Gjoni, k\u00ebng\u00ebtarja seksi nuk ka \u00e7far\u00eb t\u00eb fsheh\u00eb m\u00eb. E kemi takuar n\u00eb nj\u00eb fest\u00eb ku [&hellip;]<\/p>\n","protected":false},"author":1,"featured_media":0,"comment_status":"open","ping_status":"closed","sticky":false,"template":"","format":"standard","meta":{"spay_email":"","jetpack_publicize_message":"","jetpack_is_tweetstorm":false,"jetpack_publicize_feature_enabled":true},"categories":[1],"tags":[4966],"jetpack_publicize_connections":[],"yoast_head":"<!-- This site is optimized with the Yoast SEO plugin v19.1 - https:\/\/yoast.com\/wordpress\/plugins\/seo\/ -->\n<title>Zbulohet lidhja e dashuris\u00eb s\u00eb Ingrid Gjonit - Lajme nga Ulqini<\/title>\n<meta name=\"description\" content=\"Koh\u00ebt e fundit \u00ebsht\u00eb p\u00ebrpjekur ta mbaj\u00eb sa m\u00eb t\u00eb fsheht\u00eb jet\u00ebn private. Por, ja q\u00eb m\u00eb n\u00eb fund ka vendosur t\u00eb dal\u00eb publikisht me t\u00eb dashurin e saj.\" \/>\n<meta name=\"robots\" content=\"index, follow, max-snippet:-1, max-image-preview:large, max-video-preview:-1\" \/>\n<link rel=\"canonical\" href=\"https:\/\/www.visit-ulcinj.com\/blog\/2009\/10\/05\/zbulohet-lidhja-e-dashurise-se-ingrid-gjonit\/\" \/>\n<meta property=\"og:locale\" content=\"en_US\" \/>\n<meta property=\"og:type\" content=\"article\" \/>\n<meta property=\"og:title\" content=\"Zbulohet lidhja e dashuris\u00eb s\u00eb Ingrid Gjonit - Lajme nga Ulqini\" \/>\n<meta property=\"og:description\" content=\"Koh\u00ebt e fundit \u00ebsht\u00eb p\u00ebrpjekur ta mbaj\u00eb sa m\u00eb t\u00eb fsheht\u00eb jet\u00ebn private. Por, ja q\u00eb m\u00eb n\u00eb fund ka vendosur t\u00eb dal\u00eb publikisht me t\u00eb dashurin e saj.\" \/>\n<meta property=\"og:url\" content=\"https:\/\/www.visit-ulcinj.com\/blog\/2009\/10\/05\/zbulohet-lidhja-e-dashurise-se-ingrid-gjonit\/\" \/>\n<meta property=\"og:site_name\" content=\"Lajme nga Ulqini\" \/>\n<meta property=\"article:published_time\" content=\"2009-10-05T21:55:27+00:00\" \/>\n<meta property=\"article:modified_time\" content=\"2009-10-05T21:56:37+00:00\" \/>\n<meta property=\"og:image\" content=\"https:\/\/www.visit-ulcinj.com\/blog\/wp-content\/uploads\/2009\/10\/Ingrid-Gjoni.2-150x150.jpg\" \/>\n<meta name=\"twitter:label1\" content=\"Written by\" \/>\n\t<meta name=\"twitter:data1\" content=\"ulqini\" \/>\n\t<meta name=\"twitter:label2\" content=\"Est. reading time\" \/>\n\t<meta name=\"twitter:data2\" content=\"3 minutes\" \/>\n<script type=\"application\/ld+json\" class=\"yoast-schema-graph\">{\"@context\":\"https:\/\/schema.org\",\"@graph\":[{\"@type\":\"WebSite\",\"@id\":\"https:\/\/www.visit-ulcinj.com\/blog\/#website\",\"url\":\"https:\/\/www.visit-ulcinj.com\/blog\/\",\"name\":\"Lajme nga Ulqini\",\"description\":\"Lajme,Vijesti,Ulqini,Ulqin,Crna Gora,Mali i Zi\",\"potentialAction\":[{\"@type\":\"SearchAction\",\"target\":{\"@type\":\"EntryPoint\",\"urlTemplate\":\"https:\/\/www.visit-ulcinj.com\/blog\/?s={search_term_string}\"},\"query-input\":\"required name=search_term_string\"}],\"inLanguage\":\"en-US\"},{\"@type\":\"ImageObject\",\"inLanguage\":\"en-US\",\"@id\":\"https:\/\/www.visit-ulcinj.com\/blog\/2009\/10\/05\/zbulohet-lidhja-e-dashurise-se-ingrid-gjonit\/#primaryimage\",\"url\":\"http:\/\/www.visit-ulcinj.com\/blog\/wp-content\/uploads\/2009\/10\/Ingrid-Gjoni.2.jpg\",\"contentUrl\":\"http:\/\/www.visit-ulcinj.com\/blog\/wp-content\/uploads\/2009\/10\/Ingrid-Gjoni.2.jpg\"},{\"@type\":\"WebPage\",\"@id\":\"https:\/\/www.visit-ulcinj.com\/blog\/2009\/10\/05\/zbulohet-lidhja-e-dashurise-se-ingrid-gjonit\/#webpage\",\"url\":\"https:\/\/www.visit-ulcinj.com\/blog\/2009\/10\/05\/zbulohet-lidhja-e-dashurise-se-ingrid-gjonit\/\",\"name\":\"Zbulohet lidhja e dashuris\u00eb s\u00eb Ingrid Gjonit - Lajme nga Ulqini\",\"isPartOf\":{\"@id\":\"https:\/\/www.visit-ulcinj.com\/blog\/#website\"},\"primaryImageOfPage\":{\"@id\":\"https:\/\/www.visit-ulcinj.com\/blog\/2009\/10\/05\/zbulohet-lidhja-e-dashurise-se-ingrid-gjonit\/#primaryimage\"},\"datePublished\":\"2009-10-05T21:55:27+00:00\",\"dateModified\":\"2009-10-05T21:56:37+00:00\",\"author\":{\"@id\":\"https:\/\/www.visit-ulcinj.com\/blog\/#\/schema\/person\/dcab619c614d3038751c63bc2aadc06d\"},\"description\":\"Koh\u00ebt e fundit \u00ebsht\u00eb p\u00ebrpjekur ta mbaj\u00eb sa m\u00eb t\u00eb fsheht\u00eb jet\u00ebn private. Por, ja q\u00eb m\u00eb n\u00eb fund ka vendosur t\u00eb dal\u00eb publikisht me t\u00eb dashurin e saj.\",\"breadcrumb\":{\"@id\":\"https:\/\/www.visit-ulcinj.com\/blog\/2009\/10\/05\/zbulohet-lidhja-e-dashurise-se-ingrid-gjonit\/#breadcrumb\"},\"inLanguage\":\"en-US\",\"potentialAction\":[{\"@type\":\"ReadAction\",\"target\":[\"https:\/\/www.visit-ulcinj.com\/blog\/2009\/10\/05\/zbulohet-lidhja-e-dashurise-se-ingrid-gjonit\/\"]}]},{\"@type\":\"BreadcrumbList\",\"@id\":\"https:\/\/www.visit-ulcinj.com\/blog\/2009\/10\/05\/zbulohet-lidhja-e-dashurise-se-ingrid-gjonit\/#breadcrumb\",\"itemListElement\":[{\"@type\":\"ListItem\",\"position\":1,\"name\":\"Zbulohet lidhja e dashuris\u00eb s\u00eb Ingrid Gjonit\"}]},{\"@type\":\"Person\",\"@id\":\"https:\/\/www.visit-ulcinj.com\/blog\/#\/schema\/person\/dcab619c614d3038751c63bc2aadc06d\",\"name\":\"ulqini\",\"sameAs\":[\"http:\/\/www.visit-ulcinj.com\"],\"url\":\"https:\/\/www.visit-ulcinj.com\/blog\/author\/admin\/\"}]}<\/script>\n<!-- \/ Yoast SEO plugin. -->","yoast_head_json":{"title":"Zbulohet lidhja e dashuris\u00eb s\u00eb Ingrid Gjonit - Lajme nga Ulqini","description":"Koh\u00ebt e fundit \u00ebsht\u00eb p\u00ebrpjekur ta mbaj\u00eb sa m\u00eb t\u00eb fsheht\u00eb jet\u00ebn private. Por, ja q\u00eb m\u00eb n\u00eb fund ka vendosur t\u00eb dal\u00eb publikisht me t\u00eb dashurin e saj.","robots":{"index":"index","follow":"follow","max-snippet":"max-snippet:-1","max-image-preview":"max-image-preview:large","max-video-preview":"max-video-preview:-1"},"canonical":"https:\/\/www.visit-ulcinj.com\/blog\/2009\/10\/05\/zbulohet-lidhja-e-dashurise-se-ingrid-gjonit\/","og_locale":"en_US","og_type":"article","og_title":"Zbulohet lidhja e dashuris\u00eb s\u00eb Ingrid Gjonit - Lajme nga Ulqini","og_description":"Koh\u00ebt e fundit \u00ebsht\u00eb p\u00ebrpjekur ta mbaj\u00eb sa m\u00eb t\u00eb fsheht\u00eb jet\u00ebn private. Por, ja q\u00eb m\u00eb n\u00eb fund ka vendosur t\u00eb dal\u00eb publikisht me t\u00eb dashurin e saj.","og_url":"https:\/\/www.visit-ulcinj.com\/blog\/2009\/10\/05\/zbulohet-lidhja-e-dashurise-se-ingrid-gjonit\/","og_site_name":"Lajme nga Ulqini","article_published_time":"2009-10-05T21:55:27+00:00","article_modified_time":"2009-10-05T21:56:37+00:00","og_image":[{"url":"https:\/\/www.visit-ulcinj.com\/blog\/wp-content\/uploads\/2009\/10\/Ingrid-Gjoni.2-150x150.jpg"}],"twitter_misc":{"Written by":"ulqini","Est. reading time":"3 minutes"},"schema":{"@context":"https:\/\/schema.org","@graph":[{"@type":"WebSite","@id":"https:\/\/www.visit-ulcinj.com\/blog\/#website","url":"https:\/\/www.visit-ulcinj.com\/blog\/","name":"Lajme nga Ulqini","description":"Lajme,Vijesti,Ulqini,Ulqin,Crna Gora,Mali i Zi","potentialAction":[{"@type":"SearchAction","target":{"@type":"EntryPoint","urlTemplate":"https:\/\/www.visit-ulcinj.com\/blog\/?s={search_term_string}"},"query-input":"required name=search_term_string"}],"inLanguage":"en-US"},{"@type":"ImageObject","inLanguage":"en-US","@id":"https:\/\/www.visit-ulcinj.com\/blog\/2009\/10\/05\/zbulohet-lidhja-e-dashurise-se-ingrid-gjonit\/#primaryimage","url":"http:\/\/www.visit-ulcinj.com\/blog\/wp-content\/uploads\/2009\/10\/Ingrid-Gjoni.2.jpg","contentUrl":"http:\/\/www.visit-ulcinj.com\/blog\/wp-content\/uploads\/2009\/10\/Ingrid-Gjoni.2.jpg"},{"@type":"WebPage","@id":"https:\/\/www.visit-ulcinj.com\/blog\/2009\/10\/05\/zbulohet-lidhja-e-dashurise-se-ingrid-gjonit\/#webpage","url":"https:\/\/www.visit-ulcinj.com\/blog\/2009\/10\/05\/zbulohet-lidhja-e-dashurise-se-ingrid-gjonit\/","name":"Zbulohet lidhja e dashuris\u00eb s\u00eb Ingrid Gjonit - Lajme nga Ulqini","isPartOf":{"@id":"https:\/\/www.visit-ulcinj.com\/blog\/#website"},"primaryImageOfPage":{"@id":"https:\/\/www.visit-ulcinj.com\/blog\/2009\/10\/05\/zbulohet-lidhja-e-dashurise-se-ingrid-gjonit\/#primaryimage"},"datePublished":"2009-10-05T21:55:27+00:00","dateModified":"2009-10-05T21:56:37+00:00","author":{"@id":"https:\/\/www.visit-ulcinj.com\/blog\/#\/schema\/person\/dcab619c614d3038751c63bc2aadc06d"},"description":"Koh\u00ebt e fundit \u00ebsht\u00eb p\u00ebrpjekur ta mbaj\u00eb sa m\u00eb t\u00eb fsheht\u00eb jet\u00ebn private. Por, ja q\u00eb m\u00eb n\u00eb fund ka vendosur t\u00eb dal\u00eb publikisht me t\u00eb dashurin e saj.","breadcrumb":{"@id":"https:\/\/www.visit-ulcinj.com\/blog\/2009\/10\/05\/zbulohet-lidhja-e-dashurise-se-ingrid-gjonit\/#breadcrumb"},"inLanguage":"en-US","potentialAction":[{"@type":"ReadAction","target":["https:\/\/www.visit-ulcinj.com\/blog\/2009\/10\/05\/zbulohet-lidhja-e-dashurise-se-ingrid-gjonit\/"]}]},{"@type":"BreadcrumbList","@id":"https:\/\/www.visit-ulcinj.com\/blog\/2009\/10\/05\/zbulohet-lidhja-e-dashurise-se-ingrid-gjonit\/#breadcrumb","itemListElement":[{"@type":"ListItem","position":1,"name":"Zbulohet lidhja e dashuris\u00eb s\u00eb Ingrid Gjonit"}]},{"@type":"Person","@id":"https:\/\/www.visit-ulcinj.com\/blog\/#\/schema\/person\/dcab619c614d3038751c63bc2aadc06d","name":"ulqini","sameAs":["http:\/\/www.visit-ulcinj.com"],"url":"https:\/\/www.visit-ulcinj.com\/blog\/author\/admin\/"}]}},"jetpack_featured_media_url":"","jetpack_sharing_enabled":true,"jetpack_shortlink":"https:\/\/wp.me\/pe6lTn-6OQ","_links":{"self":[{"href":"https:\/\/www.visit-ulcinj.com\/blog\/wp-json\/wp\/v2\/posts\/26216"}],"collection":[{"href":"https:\/\/www.visit-ulcinj.com\/blog\/wp-json\/wp\/v2\/posts"}],"about":[{"href":"https:\/\/www.visit-ulcinj.com\/blog\/wp-json\/wp\/v2\/types\/post"}],"author":[{"embeddable":true,"href":"https:\/\/www.visit-ulcinj.com\/blog\/wp-json\/wp\/v2\/users\/1"}],"replies":[{"embeddable":true,"href":"https:\/\/www.visit-ulcinj.com\/blog\/wp-json\/wp\/v2\/comments?post=26216"}],"version-history":[{"count":0,"href":"https:\/\/www.visit-ulcinj.com\/blog\/wp-json\/wp\/v2\/posts\/26216\/revisions"}],"wp:attachment":[{"href":"https:\/\/www.visit-ulcinj.com\/blog\/wp-json\/wp\/v2\/media?parent=26216"}],"wp:term":[{"taxonomy":"category","embeddable":true,"href":"https:\/\/www.visit-ulcinj.com\/blog\/wp-json\/wp\/v2\/categories?post=26216"},{"taxonomy":"post_tag","embeddable":true,"href":"https:\/\/www.visit-ulcinj.com\/blog\/wp-json\/wp\/v2\/tags?post=26216"}],"curies":[{"name":"wp","href":"https:\/\/api.w.org\/{rel}","templated":true}]}}