{"id":26223,"date":"2009-10-06T07:53:29","date_gmt":"2009-10-06T05:53:29","guid":{"rendered":"http:\/\/www.visit-ulcinj.com\/blog\/?p=26223"},"modified":"2009-10-06T07:53:29","modified_gmt":"2009-10-06T05:53:29","slug":"forca-statusi-i-tuzit-vendim-politik-i-pushtetit","status":"publish","type":"post","link":"https:\/\/www.visit-ulcinj.com\/blog\/2009\/10\/06\/forca-statusi-i-tuzit-vendim-politik-i-pushtetit\/","title":{"rendered":"Forca: Statusi i Tuzit, vendim politik i pushtetit"},"content":{"rendered":"<p><strong><a href=\"http:\/\/www.visit-ulcinj.com\/blog\/wp-content\/uploads\/2009\/10\/Forca-e-re-demokratike-_logo.jpg\"><img loading=\"lazy\" class=\"alignleft size-full wp-image-26224\" title=\"Forca e re demokratike _logo\" src=\"http:\/\/www.visit-ulcinj.com\/blog\/wp-content\/uploads\/2009\/10\/Forca-e-re-demokratike-_logo.jpg\" alt=\"Forca e re demokratike _logo\" width=\"350\" height=\"337\" srcset=\"https:\/\/www.visit-ulcinj.com\/blog\/wp-content\/uploads\/2009\/10\/Forca-e-re-demokratike-_logo.jpg 500w, https:\/\/www.visit-ulcinj.com\/blog\/wp-content\/uploads\/2009\/10\/Forca-e-re-demokratike-_logo-300x288.jpg 300w\" sizes=\"(max-width: 350px) 100vw, 350px\" \/><\/a>Forca e re demokratike organizoi t\u00eb enjten tubim me qytetar\u00eb lidhur me projektligjin mbi organizimin territorial t\u00eb Malit t\u00eb Zi<\/strong><br \/>\nUlqin \u2013 Vendimi p\u00ebr themelimin e Komun\u00ebs s\u00eb plot\u00eb t\u00eb Tuzit nuk ka t\u00eb b\u00ebj\u00eb as me kriteret gjeografike, historike, demografike dhe ekonomike, sepse ajo i plot\u00ebson t\u00eb gjitha k\u00ebto, por p\u00ebrcaktues \u00ebsht\u00eb kriteri politik, u tha n\u00eb tubimin me qytetar\u00eb t\u00eb organizuar t\u00eb enjten nga Forca e Re Demokratike, n\u00eb kuad\u00ebr t\u00eb diskutimit publik lidhur me Projektligjin mbi Organizimin Territorial t\u00eb Malit t\u00eb Zi dhe Projektligjin p\u00ebr ndryshimet dhe plot\u00ebsimet e Ligjit mbi vet\u00ebqeverisjen lokale.<br \/>\nNd\u00ebrsa sa i p\u00ebrket Projektligjit p\u00ebr ndryshimet dhe plot\u00ebsimet e Ligjit mbi vet\u00ebqeverisjen lokale, p\u00ebrfaq\u00ebsuesit e Forc\u00ebs mendojn\u00eb se zgjidhjet e ofruara n\u00eb k\u00ebt\u00eb projektligj kan\u00eb p\u00ebr q\u00ebllim decentralizimin e m\u00ebtejsh\u00ebm t\u00eb pushtetit.<br \/>\nKryetari i Forc\u00ebs s\u00eb Re Demokratike, Nazif Cungu, tha se \u201cndryshimet dhe plot\u00ebsimet e Ligjit mbi vet\u00ebqeverisjen lokale nuk kan\u00eb t\u00eb b\u00ebjn\u00eb me decentralizimin e pushtetit, por me centralizimin e m\u00ebtejsh\u00ebm t\u00eb tij\u201d.<br \/>\nDuke folur p\u00ebr Projekligjin mbi organizimin territorial t\u00eb Malit t\u00eb Zi dhe konkretisht \u00e7\u00ebshtjen e komun\u00ebs s\u00eb Tuzit, ai b\u00ebri krahasimin e Ligjit mbi organizimin territorial t\u00eb Malit t\u00eb Zi dhe ligjeve t\u00eb ngjashme n\u00eb disa vende t\u00eb rajonit, si Sllovenia, Kroacia dhe Serbia, sipas t\u00eb cilave Tuzi i plot\u00ebson t\u00eb gjitha kushtet dhe kriteret e p\u00ebrcaktuara n\u00eb to.<br \/>\nDeputeti i k\u00ebsaj partie, Genci Nimanbegu, tha se Projektligji mbi organizimin territorial nuk \u00ebsht\u00eb i pranuesh\u00ebm p\u00ebr k\u00ebt\u00eb subjekt politik.<br \/>\nAi tha se projektligji i propozuar e b\u00ebn shum\u00eb t\u00eb v\u00ebshtir\u00eb krijimin e komunave t\u00eb reja dhe se nuk sheh mb\u00ebshtetje t\u00eb pushtetit p\u00ebr themelimin e komun\u00ebs s\u00eb plot\u00eb t\u00eb Tuzit.<br \/>\n\u201cKomuna e Tuzit ashtu si\u00e7 \u00ebsht\u00eb suprimuar, duhet edhe t\u00eb themelohet me vendim politik\u201d, theksoi ai.<br \/>\nEdhe p\u00ebr dr. Nail Drag\u00ebn, \u00e7\u00ebshtja e statusit t\u00eb komun\u00ebs s\u00eb Tuzit varet nga vullneti politik i strukturave t\u00eb pushtetit.<br \/>\n\u201cN\u00eb Evrop\u00eb ka mjaft shembuj t\u00eb vet\u00ebqeverisjes s\u00eb pakic\u00ebs, ku ata ekzistojn\u00eb p\u00ebr ruajtjen e identitetit t\u00eb pakic\u00ebs\u201d, tha ai, duke n\u00ebnvizuar se \u00e7\u00ebshtja e komun\u00ebs s\u00eb Tuzit \u00ebsht\u00eb p\u00ebr momentin preokupimi kryesor i shqiptar\u00ebve n\u00eb Mal t\u00eb Zi.<br \/>\nDraga shprehu dyshimin se do t\u00eb ket\u00eb ndryshime pozitive.<br \/>\nP\u00ebrfaq\u00ebsuesit e Forc\u00ebs s\u00eb Re Demokratike, duke n\u00ebnvizuar praktik\u00ebn negative t\u00eb deritanishme dhe duke shprehur rezerv\u00eb sa i p\u00ebrket aprovimit t\u00eb propozimeve t\u00eb tyre, theksuan se kjo parti megjithat\u00eb do t\u00eb p\u00ebrgatis\u00eb propozimet dhe sugjerimet lidhur me k\u00ebto dy projekligje, t\u00eb cilat do t\u2019ua d\u00ebrgojn\u00eb Qeveris\u00eb dhe Parlamentit t\u00eb Malit t\u00eb Zi. Ata shprehen kritika edhe p\u00ebr pushtetin lokal t\u00eb Ulqinit sepse sipas tyre, fakti q\u00eb nuk kan\u00eb organizuar asnj\u00eb tubim lidhur me Projektligjin p\u00ebr ndryshimet dhe plot\u00ebsimet e Ligjit mbi Vet\u00ebqeverisjen Lokale d\u00ebshmon se nuk jan\u00eb t\u00eb interesuar p\u00ebr k\u00ebt\u00eb \u00e7\u00ebshtje.<\/p>\n<p><strong>I.Kallaba<br \/>\nKoha Javore<\/strong><\/p>\n","protected":false},"excerpt":{"rendered":"<p>Forca e re demokratike organizoi t\u00eb enjten tubim me qytetar\u00eb lidhur me projektligjin mbi organizimin territorial t\u00eb Malit t\u00eb Zi Ulqin \u2013 Vendimi p\u00ebr themelimin e Komun\u00ebs s\u00eb plot\u00eb t\u00eb Tuzit nuk ka t\u00eb b\u00ebj\u00eb as me kriteret gjeografike, historike, demografike dhe ekonomike, sepse ajo i plot\u00ebson t\u00eb gjitha k\u00ebto, por p\u00ebrcaktues \u00ebsht\u00eb kriteri politik, [&hellip;]<\/p>\n","protected":false},"author":1,"featured_media":0,"comment_status":"open","ping_status":"closed","sticky":false,"template":"","format":"standard","meta":{"spay_email":"","jetpack_publicize_message":"","jetpack_is_tweetstorm":false,"jetpack_publicize_feature_enabled":true},"categories":[6],"tags":[12604,5185,118],"jetpack_publicize_connections":[],"yoast_head":"<!-- This site is optimized with the Yoast SEO plugin v19.1 - https:\/\/yoast.com\/wordpress\/plugins\/seo\/ -->\n<title>Forca: Statusi i Tuzit, vendim politik i pushtetit - Lajme nga Ulqini<\/title>\n<meta name=\"description\" content=\"Forca e re demokratike organizoi t\u00eb enjten tubim me qytetar\u00eb lidhur me projektligjin mbi organizimin territorial t\u00eb Malit t\u00eb Zi Ulqin \u2013 Vendimi p\u00ebr\" \/>\n<meta name=\"robots\" content=\"index, follow, max-snippet:-1, max-image-preview:large, max-video-preview:-1\" \/>\n<link rel=\"canonical\" href=\"https:\/\/www.visit-ulcinj.com\/blog\/2009\/10\/06\/forca-statusi-i-tuzit-vendim-politik-i-pushtetit\/\" \/>\n<meta property=\"og:locale\" content=\"en_US\" \/>\n<meta property=\"og:type\" content=\"article\" \/>\n<meta property=\"og:title\" content=\"Forca: Statusi i Tuzit, vendim politik i pushtetit - Lajme nga Ulqini\" \/>\n<meta property=\"og:description\" content=\"Forca e re demokratike organizoi t\u00eb enjten tubim me qytetar\u00eb lidhur me projektligjin mbi organizimin territorial t\u00eb Malit t\u00eb Zi Ulqin \u2013 Vendimi p\u00ebr\" \/>\n<meta property=\"og:url\" content=\"https:\/\/www.visit-ulcinj.com\/blog\/2009\/10\/06\/forca-statusi-i-tuzit-vendim-politik-i-pushtetit\/\" \/>\n<meta property=\"og:site_name\" content=\"Lajme nga Ulqini\" \/>\n<meta property=\"article:published_time\" content=\"2009-10-06T05:53:29+00:00\" \/>\n<meta property=\"og:image\" content=\"http:\/\/www.visit-ulcinj.com\/blog\/wp-content\/uploads\/2009\/10\/Forca-e-re-demokratike-_logo.jpg\" \/>\n<meta name=\"twitter:label1\" content=\"Written by\" \/>\n\t<meta name=\"twitter:data1\" content=\"ulqini\" \/>\n\t<meta name=\"twitter:label2\" content=\"Est. reading time\" \/>\n\t<meta name=\"twitter:data2\" content=\"3 minutes\" \/>\n<script type=\"application\/ld+json\" class=\"yoast-schema-graph\">{\"@context\":\"https:\/\/schema.org\",\"@graph\":[{\"@type\":\"WebSite\",\"@id\":\"https:\/\/www.visit-ulcinj.com\/blog\/#website\",\"url\":\"https:\/\/www.visit-ulcinj.com\/blog\/\",\"name\":\"Lajme nga Ulqini\",\"description\":\"Lajme,Vijesti,Ulqini,Ulqin,Crna Gora,Mali i Zi\",\"potentialAction\":[{\"@type\":\"SearchAction\",\"target\":{\"@type\":\"EntryPoint\",\"urlTemplate\":\"https:\/\/www.visit-ulcinj.com\/blog\/?s={search_term_string}\"},\"query-input\":\"required name=search_term_string\"}],\"inLanguage\":\"en-US\"},{\"@type\":\"ImageObject\",\"inLanguage\":\"en-US\",\"@id\":\"https:\/\/www.visit-ulcinj.com\/blog\/2009\/10\/06\/forca-statusi-i-tuzit-vendim-politik-i-pushtetit\/#primaryimage\",\"url\":\"https:\/\/www.visit-ulcinj.com\/blog\/wp-content\/uploads\/2009\/10\/Forca-e-re-demokratike-_logo.jpg\",\"contentUrl\":\"https:\/\/www.visit-ulcinj.com\/blog\/wp-content\/uploads\/2009\/10\/Forca-e-re-demokratike-_logo.jpg\",\"width\":\"500\",\"height\":\"481\"},{\"@type\":\"WebPage\",\"@id\":\"https:\/\/www.visit-ulcinj.com\/blog\/2009\/10\/06\/forca-statusi-i-tuzit-vendim-politik-i-pushtetit\/#webpage\",\"url\":\"https:\/\/www.visit-ulcinj.com\/blog\/2009\/10\/06\/forca-statusi-i-tuzit-vendim-politik-i-pushtetit\/\",\"name\":\"Forca: Statusi i Tuzit, vendim politik i pushtetit - Lajme nga Ulqini\",\"isPartOf\":{\"@id\":\"https:\/\/www.visit-ulcinj.com\/blog\/#website\"},\"primaryImageOfPage\":{\"@id\":\"https:\/\/www.visit-ulcinj.com\/blog\/2009\/10\/06\/forca-statusi-i-tuzit-vendim-politik-i-pushtetit\/#primaryimage\"},\"datePublished\":\"2009-10-06T05:53:29+00:00\",\"dateModified\":\"2009-10-06T05:53:29+00:00\",\"author\":{\"@id\":\"https:\/\/www.visit-ulcinj.com\/blog\/#\/schema\/person\/dcab619c614d3038751c63bc2aadc06d\"},\"description\":\"Forca e re demokratike organizoi t\u00eb enjten tubim me qytetar\u00eb lidhur me projektligjin mbi organizimin territorial t\u00eb Malit t\u00eb Zi Ulqin \u2013 Vendimi p\u00ebr\",\"breadcrumb\":{\"@id\":\"https:\/\/www.visit-ulcinj.com\/blog\/2009\/10\/06\/forca-statusi-i-tuzit-vendim-politik-i-pushtetit\/#breadcrumb\"},\"inLanguage\":\"en-US\",\"potentialAction\":[{\"@type\":\"ReadAction\",\"target\":[\"https:\/\/www.visit-ulcinj.com\/blog\/2009\/10\/06\/forca-statusi-i-tuzit-vendim-politik-i-pushtetit\/\"]}]},{\"@type\":\"BreadcrumbList\",\"@id\":\"https:\/\/www.visit-ulcinj.com\/blog\/2009\/10\/06\/forca-statusi-i-tuzit-vendim-politik-i-pushtetit\/#breadcrumb\",\"itemListElement\":[{\"@type\":\"ListItem\",\"position\":1,\"name\":\"Forca: Statusi i Tuzit, vendim politik i pushtetit\"}]},{\"@type\":\"Person\",\"@id\":\"https:\/\/www.visit-ulcinj.com\/blog\/#\/schema\/person\/dcab619c614d3038751c63bc2aadc06d\",\"name\":\"ulqini\",\"sameAs\":[\"http:\/\/www.visit-ulcinj.com\"],\"url\":\"https:\/\/www.visit-ulcinj.com\/blog\/author\/admin\/\"}]}<\/script>\n<!-- \/ Yoast SEO plugin. -->","yoast_head_json":{"title":"Forca: Statusi i Tuzit, vendim politik i pushtetit - Lajme nga Ulqini","description":"Forca e re demokratike organizoi t\u00eb enjten tubim me qytetar\u00eb lidhur me projektligjin mbi organizimin territorial t\u00eb Malit t\u00eb Zi Ulqin \u2013 Vendimi p\u00ebr","robots":{"index":"index","follow":"follow","max-snippet":"max-snippet:-1","max-image-preview":"max-image-preview:large","max-video-preview":"max-video-preview:-1"},"canonical":"https:\/\/www.visit-ulcinj.com\/blog\/2009\/10\/06\/forca-statusi-i-tuzit-vendim-politik-i-pushtetit\/","og_locale":"en_US","og_type":"article","og_title":"Forca: Statusi i Tuzit, vendim politik i pushtetit - Lajme nga Ulqini","og_description":"Forca e re demokratike organizoi t\u00eb enjten tubim me qytetar\u00eb lidhur me projektligjin mbi organizimin territorial t\u00eb Malit t\u00eb Zi Ulqin \u2013 Vendimi p\u00ebr","og_url":"https:\/\/www.visit-ulcinj.com\/blog\/2009\/10\/06\/forca-statusi-i-tuzit-vendim-politik-i-pushtetit\/","og_site_name":"Lajme nga Ulqini","article_published_time":"2009-10-06T05:53:29+00:00","og_image":[{"url":"http:\/\/www.visit-ulcinj.com\/blog\/wp-content\/uploads\/2009\/10\/Forca-e-re-demokratike-_logo.jpg"}],"twitter_misc":{"Written by":"ulqini","Est. reading time":"3 minutes"},"schema":{"@context":"https:\/\/schema.org","@graph":[{"@type":"WebSite","@id":"https:\/\/www.visit-ulcinj.com\/blog\/#website","url":"https:\/\/www.visit-ulcinj.com\/blog\/","name":"Lajme nga Ulqini","description":"Lajme,Vijesti,Ulqini,Ulqin,Crna Gora,Mali i Zi","potentialAction":[{"@type":"SearchAction","target":{"@type":"EntryPoint","urlTemplate":"https:\/\/www.visit-ulcinj.com\/blog\/?s={search_term_string}"},"query-input":"required name=search_term_string"}],"inLanguage":"en-US"},{"@type":"ImageObject","inLanguage":"en-US","@id":"https:\/\/www.visit-ulcinj.com\/blog\/2009\/10\/06\/forca-statusi-i-tuzit-vendim-politik-i-pushtetit\/#primaryimage","url":"https:\/\/www.visit-ulcinj.com\/blog\/wp-content\/uploads\/2009\/10\/Forca-e-re-demokratike-_logo.jpg","contentUrl":"https:\/\/www.visit-ulcinj.com\/blog\/wp-content\/uploads\/2009\/10\/Forca-e-re-demokratike-_logo.jpg","width":"500","height":"481"},{"@type":"WebPage","@id":"https:\/\/www.visit-ulcinj.com\/blog\/2009\/10\/06\/forca-statusi-i-tuzit-vendim-politik-i-pushtetit\/#webpage","url":"https:\/\/www.visit-ulcinj.com\/blog\/2009\/10\/06\/forca-statusi-i-tuzit-vendim-politik-i-pushtetit\/","name":"Forca: Statusi i Tuzit, vendim politik i pushtetit - Lajme nga Ulqini","isPartOf":{"@id":"https:\/\/www.visit-ulcinj.com\/blog\/#website"},"primaryImageOfPage":{"@id":"https:\/\/www.visit-ulcinj.com\/blog\/2009\/10\/06\/forca-statusi-i-tuzit-vendim-politik-i-pushtetit\/#primaryimage"},"datePublished":"2009-10-06T05:53:29+00:00","dateModified":"2009-10-06T05:53:29+00:00","author":{"@id":"https:\/\/www.visit-ulcinj.com\/blog\/#\/schema\/person\/dcab619c614d3038751c63bc2aadc06d"},"description":"Forca e re demokratike organizoi t\u00eb enjten tubim me qytetar\u00eb lidhur me projektligjin mbi organizimin territorial t\u00eb Malit t\u00eb Zi Ulqin \u2013 Vendimi p\u00ebr","breadcrumb":{"@id":"https:\/\/www.visit-ulcinj.com\/blog\/2009\/10\/06\/forca-statusi-i-tuzit-vendim-politik-i-pushtetit\/#breadcrumb"},"inLanguage":"en-US","potentialAction":[{"@type":"ReadAction","target":["https:\/\/www.visit-ulcinj.com\/blog\/2009\/10\/06\/forca-statusi-i-tuzit-vendim-politik-i-pushtetit\/"]}]},{"@type":"BreadcrumbList","@id":"https:\/\/www.visit-ulcinj.com\/blog\/2009\/10\/06\/forca-statusi-i-tuzit-vendim-politik-i-pushtetit\/#breadcrumb","itemListElement":[{"@type":"ListItem","position":1,"name":"Forca: Statusi i Tuzit, vendim politik i pushtetit"}]},{"@type":"Person","@id":"https:\/\/www.visit-ulcinj.com\/blog\/#\/schema\/person\/dcab619c614d3038751c63bc2aadc06d","name":"ulqini","sameAs":["http:\/\/www.visit-ulcinj.com"],"url":"https:\/\/www.visit-ulcinj.com\/blog\/author\/admin\/"}]}},"jetpack_featured_media_url":"","jetpack_sharing_enabled":true,"jetpack_shortlink":"https:\/\/wp.me\/pe6lTn-6OX","_links":{"self":[{"href":"https:\/\/www.visit-ulcinj.com\/blog\/wp-json\/wp\/v2\/posts\/26223"}],"collection":[{"href":"https:\/\/www.visit-ulcinj.com\/blog\/wp-json\/wp\/v2\/posts"}],"about":[{"href":"https:\/\/www.visit-ulcinj.com\/blog\/wp-json\/wp\/v2\/types\/post"}],"author":[{"embeddable":true,"href":"https:\/\/www.visit-ulcinj.com\/blog\/wp-json\/wp\/v2\/users\/1"}],"replies":[{"embeddable":true,"href":"https:\/\/www.visit-ulcinj.com\/blog\/wp-json\/wp\/v2\/comments?post=26223"}],"version-history":[{"count":0,"href":"https:\/\/www.visit-ulcinj.com\/blog\/wp-json\/wp\/v2\/posts\/26223\/revisions"}],"wp:attachment":[{"href":"https:\/\/www.visit-ulcinj.com\/blog\/wp-json\/wp\/v2\/media?parent=26223"}],"wp:term":[{"taxonomy":"category","embeddable":true,"href":"https:\/\/www.visit-ulcinj.com\/blog\/wp-json\/wp\/v2\/categories?post=26223"},{"taxonomy":"post_tag","embeddable":true,"href":"https:\/\/www.visit-ulcinj.com\/blog\/wp-json\/wp\/v2\/tags?post=26223"}],"curies":[{"name":"wp","href":"https:\/\/api.w.org\/{rel}","templated":true}]}}