{"id":26240,"date":"2009-10-06T13:46:25","date_gmt":"2009-10-06T11:46:25","guid":{"rendered":"http:\/\/www.visit-ulcinj.com\/blog\/?p=26240"},"modified":"2009-10-06T14:33:08","modified_gmt":"2009-10-06T12:33:08","slug":"turisticka-sezona-2009-nije-vrijeme-za-aplauze","status":"publish","type":"post","link":"https:\/\/www.visit-ulcinj.com\/blog\/2009\/10\/06\/turisticka-sezona-2009-nije-vrijeme-za-aplauze\/","title":{"rendered":"Turisti?ka sezona 2009; Nije vrijeme za aplauze"},"content":{"rendered":"<p><a href=\"http:\/\/www.visit-ulcinj.com\/blog\/wp-content\/uploads\/2009\/10\/turisti?ka-sezona-crne-gore.jpg\"><img loading=\"lazy\" class=\"alignleft size-full wp-image-26241\" title=\"turisti?ka sezona crne gore\" src=\"http:\/\/www.visit-ulcinj.com\/blog\/wp-content\/uploads\/2009\/10\/turisti?ka-sezona-crne-gore.jpg\" alt=\"turisti?ka sezona crne gore\" width=\"580\" height=\"300\" \/><\/a>Mo\u017eemo sa potpunom sigurno\u0161?u i osje?ajem zadovoljstva re?i da je ova turisti?ka sezona, u okviru objektivnih okolnosti, bila uspje\u0161na. Ostvarili smo rezultate koje smo zacrtali i sasvim smo sigurni da ?e se do kraja godine ostvariti rezulati koji ?e odgovarati projekcijama na\u0161e ekonomske politike. A to zna?i, pribli\u017eno ili isti broj turista, no?enja i prihoda kao \u0161to je to bilo u pro\u0161loj rekordnoj godini&#8221;, rekao je resorni ministar Predrag Nenezi?. U njegovom ministarstvu su ve? izra?unali da su prihodi u prvih osam mjeseci iznosili 430 miliona eura, upravo onoliko koliko su kreditne obaveze turisti?ke privrede.<\/p>\n<p><strong>AVGUST:<\/strong> U jednom se svi sla\u017eu: avgust je na Crnogorskom primorju bio veoma dobar, ali ipak nedovoljan da anulira minuse iz predsezone, a evo, pokazuje se, i u postsezoni. Ne\u0161to bolja nego lane bila je struktura gostiju, ali je ona, prije svega, rezultat cjenovne politike: gosti slabije plate\u017ene mo?i iz regiona su ostali kod svojih ku?a ili su se, na primjer, kao Kosovari radije odlu?ivali da odmor provedu u Albaniji, dok je zbog jeftinog smje\u0161taja na na\u0161oj obali bilo znatno vi\u0161e Bosanaca, Poljaka, ?eha i Slovaka, pa i Rumuna i Bugara. Samo kod nas su oni mogli da no?enje pla?aju \u0161est do osam eura, ili tri puta jeftinije nego u Hrvatskoj. U nekim hotelima ?itavih &#8211; deset eura!<br \/>\nGostiju iz Zapadne Evrope, posebno Njemaca, je i ove godine bilo bolno malo. A oni su ovdje uvijek bili sinonim za turistu.<br \/>\nDirektor renomiranog hotela Kraljica Crne Gore u Be?i?ima Dragan Ivan?evi? ka\u017ee za Monitor da je sezona pokazala sve slabosti crnogorskog turizma. \u201eOva zemlja i njena Vlada jo\u0161 uvijek nijesu odlu?ile da li \u017eele da razvijaju masovni turizam, \u0161to smo imali ove godine, ili da sprovode Strategiju iz Master plana, koja predvi?a da ovo bude destinacija za visokoplate\u017ene turiste&#8221;, rekao je on.<br \/>\nNa takvu praksu ukazano je i iz Pokreta za promjene. \u201e\u017delimo da upozorimo na nedosljednost koja postoji u Vladi i u Ministarstvu turizma: jedno se pri?a, drugo se radi. Mi smo o\u0161tro protiv toga&#8221;, isti?e visoki funkcioner te stranke Milo\u0161 Bigovi?.<\/p>\n<p><strong><a href=\"http:\/\/www.visit-ulcinj.com\/blog\/wp-content\/uploads\/2009\/10\/hasan-karamanaga_vlasnik-hotela-Dulcigno.jpg\"><img loading=\"lazy\" class=\"alignright size-medium wp-image-26242\" title=\"hasan karamanaga_vlasnik  hotela Dulcigno\" src=\"http:\/\/www.visit-ulcinj.com\/blog\/wp-content\/uploads\/2009\/10\/hasan-karamanaga_vlasnik-hotela-Dulcigno-202x300.jpg\" alt=\"hasan karamanaga_vlasnik  hotela Dulcigno\" width=\"202\" height=\"300\" srcset=\"https:\/\/www.visit-ulcinj.com\/blog\/wp-content\/uploads\/2009\/10\/hasan-karamanaga_vlasnik-hotela-Dulcigno-202x300.jpg 202w, https:\/\/www.visit-ulcinj.com\/blog\/wp-content\/uploads\/2009\/10\/hasan-karamanaga_vlasnik-hotela-Dulcigno.jpg 421w\" sizes=\"(max-width: 202px) 100vw, 202px\" \/><\/a>?E SU PARE:<\/strong> Zbog \u201elast minute&#8221; aran\u017emana, smanjene potro\u0161nje (najbolje su radili fast-food restorani i samoposluge, te zakupci pla\u017ea) i niske cijene smje\u0161taja, zarada nije pratila fizi?ke pokazatelje sezone. Posebno je bila lo\u0161a vanpansionska potro\u0161nja, koja je zna?ajno manja od pro\u0161logodi\u0161nje. A te brojke Ministarstvo turizma ni?e ne spominje.<br \/>\n\u201eZa razliku od ranijih sezona kada se prakti?no naru?ivalo bez jelovnika, sada se prvo gleda jelovnik, pa se onda naru?uje i kombinuje. Gosti vode ra?una o svakom centu&#8221;, ka\u017ee za Monitor vlasnik poznatog ulcinjskog restorana \u201ePla\u017ea&#8221; Hasan Karamanaga.<br \/>\nOn navodi da je sezona trajala od 12. jula do 27. avgusta i da je zato njegova zarada za 15 do 20 odsto manja nego lane.<br \/>\nGosti su i ove sezone naj?e\u0161?e imali primjedbi na buku, nedostatak parkinga i na ?isto?u, a sve vi\u0161e i na neljubaznost svojih doma?ina. ?injenica da je sve manje onih koji po drugi put ljetuju u Crnoj Gori, morala bi sve odgovorne da pokrene na razmi\u0161ljanje i akciju.<br \/>\nStrukturni problemi su i dalje siva ekonomija, nestru?ni kadar i naro?ito veoma nepovoljna struktura smje\u0161tajnih kapaciteta.<br \/>\nKaramanaga, koji je vlasnik i hotela \u201eDulcigno&#8221;, dodaje da brzo treba otklanjati sve te nedostatke i ve? sada po?eti pripreme za narednu sezonu, koja ?e, kako procjenjuje tako?e biti te\u0161ka, dok ?e konkurencija biti nemilosrdna.<\/p>\n<p><strong>NEPOGODA<\/strong>: Najve?i broj hotelijera, ugostitelja i privatnih stanodavaca na Crnogorskom primorju ne dijeli, dakle, optimizam i zadovoljstvo dr\u017eavnih i lokalnih funkcionera. Ljudi vi\u0161e vjeruju svojim o?ima i novcu koji im je ostao u d\u017eepovima, nego medijskoj propagandi zvani?nika.<br \/>\nDa je sezona bila tako uspje\u0161na valjda bi to pobolj\u0161alo stanje u dr\u017eavnom bud\u017eetu, popravila bi se likvidnost privrede, a \u201enajturisti?kije&#8221; op\u0161tine Budva i Ulcinj bi izmirile dugovanja prema zaposlenima u administraciji i javnim slu\u017ebama, i platile ostale svoje obaveze.<br \/>\nKada se sve sabere, mo\u017ee se zaklju?iti da su privatni stanodavci, ugostitelji i hotelijeri zaradili u prosjeku za petinu manje nego 2008. godine, ba\u0161 kao i lane u odnosu na godinu ranije. A to je zaista malo da bi se lagodno \u017eivjelo preostalih deset mjeseci, izmirile ogromne obaveze, da\u017ebine i porezi, platile kreditne rate i (ako ne\u0161to preostane) ulo\u017eilo u pobolj\u0161anje ponude.<br \/>\nNerealno je i\u0161ta drugo o?ekivati od sezone koja traje pedesetak dana. Da se ne\u0161to sli?no desi u nekoj drugoj turisti?koj zemlji na Mediteranu, sezona bi bila progla\u0161ena elementarnom nepogodom! Zato se od turizma na Crnogorskom primorju ve? 20 godina ne \u017eivi, ali se od njega lak\u0161e pre\u017eivljava.<\/p>\n<p><strong><br \/>\nKrupne gre\u0161ke Vlade<\/strong><\/p>\n<p>Da Vlada ne mo\u017ee izbje?i odgovornost za ovogodi\u0161nje lo\u0161e rezultate u turizmu, pokazuju slijede?e ?injenice. Ona je kasno usvojila antikrizne mjere, nije finansijski pomogla hotelijerima da pripreme sezonu iako je to obe?ala, a u maju (!?) je poru?ila stranim turoperatorima ?iji su gosti demonstrativno napustili hotel \u201eIberostar Belvi&#8221; u Be?i?ima da ne mo\u017ee da garantuje ispunjenje odredaba iz ugovora koje se odnose na buku, a koju su i tokom no?i stvarale gra?evinske ma\u0161ine na Zavali! \u201eSve to pokazuje neozbiljnost Vlade i njen kampanjski odnos prema na\u0161oj najva\u017enijoj privrednoj grani&#8221;, ka\u017ee Ivan?evi?.<\/p>\n<p><strong>Anketa UBA-e<\/strong><\/p>\n<p><a href=\"http:\/\/www.visit-ulcinj.com\/blog\/wp-content\/uploads\/2009\/10\/Logo_UBA_ulcinj.jpg\"><img loading=\"lazy\" class=\"alignleft size-full wp-image-26243\" title=\"Logo_UBA_ulcinj\" src=\"http:\/\/www.visit-ulcinj.com\/blog\/wp-content\/uploads\/2009\/10\/Logo_UBA_ulcinj.jpg\" alt=\"Logo_UBA_ulcinj\" width=\"169\" height=\"190\" \/><\/a>Rezultati ankete koju je sprovela \u201eUlcinj biznis asocijacija&#8221; (UBA), morali bi da zabrinu sve one koji odlu?uju o turizmu. Naime, ve?ina ispitanih privrednika i stanodavaca (56 odsto) kazala je da je sezona bila prosje?na, 40 odsto da je bila neuspje\u0161na, a tek ?etiri odsto da je bila uspje\u0161na.<br \/>\nSlabije poslovanje u odnosu na lane zabilje\u017eilo je ?ak 71 odsto ispitanih, a prosje?an pad zarade je, kako tvrde, 30 odsto!<br \/>\n?etiri petine ulcinjskih privrednika ocijenilo je da mjere dr\u017eave ne djeluju stimulativno na razvoj turizma, dok vi\u0161e od polovine anketiranih smatra da su najve?e barijere u poslovanju visoke takse i porezi. Dakle, prihode \u201ejedu&#8221; veliki rashodi i krediti, pa profitabilnost u turizmu i ugostiteljstvu iz godine u godinu opada.<\/p>\n<p><strong>Mustafa CANKA<br \/>\n<\/strong><a href=\"http:\/\/www.monitorcg.com\/index.php?option=com_content&amp;view=article&amp;id=1066:nije-vrijeme-za-aplauze&amp;catid=649:broj-988&amp;Itemid=893\" target=\"_blank\"><strong>Monitor online<\/strong><\/a><\/p>\n<div><object classid=\"clsid:d27cdb6e-ae6d-11cf-96b8-444553540000\" width=\"580\" height=\"394\" codebase=\"http:\/\/download.macromedia.com\/pub\/shockwave\/cabs\/flash\/swflash.cab#version=6,0,40,0\"><param name=\"allowFullScreen\" value=\"true\" \/><param name=\"allowScriptAccess\" value=\"always\" \/><param name=\"src\" value=\"http:\/\/www.dailymotion.com\/swf\/xafru4&amp;autoPlay=1\" \/><param name=\"allowfullscreen\" value=\"true\" \/><\/object><\/div>\n<p><a href=\"http:\/\/www.monitorcg.com\/index.php?option=com_content&amp;view=article&amp;id=1066:nije-vrijeme-za-aplauze&amp;catid=649:broj-988&amp;Itemid=893\" target=\"_blank\"><strong><\/strong><\/a><\/p>\n","protected":false},"excerpt":{"rendered":"<p>Mo\u017eemo sa potpunom sigurno\u0161?u i osje?ajem zadovoljstva re?i da je ova turisti?ka sezona, u okviru objektivnih okolnosti, bila uspje\u0161na. Ostvarili smo rezultate koje smo zacrtali i sasvim smo sigurni da ?e se do kraja godine ostvariti rezulati koji ?e odgovarati projekcijama na\u0161e ekonomske politike. A to zna?i, pribli\u017eno ili isti broj turista, no?enja i prihoda [&hellip;]<\/p>\n","protected":false},"author":1,"featured_media":0,"comment_status":"open","ping_status":"closed","sticky":false,"template":"","format":"standard","meta":{"spay_email":"","jetpack_publicize_message":"","jetpack_is_tweetstorm":false,"jetpack_publicize_feature_enabled":true},"categories":[15],"tags":[12610,12608,12609,12607],"jetpack_publicize_connections":[],"yoast_head":"<!-- This site is optimized with the Yoast SEO plugin v19.1 - https:\/\/yoast.com\/wordpress\/plugins\/seo\/ -->\n<title>Turisti?ka sezona 2009; Nije vrijeme za aplauze - Lajme nga Ulqini<\/title>\n<meta name=\"description\" content=\"Mo\u017eemo sa potpunom sigurno\u0161?u i osje?ajem zadovoljstva re?i da je ova turisti?ka sezona, u okviru objektivnih okolnosti, bila uspje\u0161na. Ostvarili smo\" \/>\n<meta name=\"robots\" content=\"index, follow, max-snippet:-1, max-image-preview:large, max-video-preview:-1\" \/>\n<link rel=\"canonical\" href=\"https:\/\/www.visit-ulcinj.com\/blog\/2009\/10\/06\/turisticka-sezona-2009-nije-vrijeme-za-aplauze\/\" \/>\n<meta property=\"og:locale\" content=\"en_US\" \/>\n<meta property=\"og:type\" content=\"article\" \/>\n<meta property=\"og:title\" content=\"Turisti?ka sezona 2009; Nije vrijeme za aplauze - Lajme nga Ulqini\" \/>\n<meta property=\"og:description\" content=\"Mo\u017eemo sa potpunom sigurno\u0161?u i osje?ajem zadovoljstva re?i da je ova turisti?ka sezona, u okviru objektivnih okolnosti, bila uspje\u0161na. Ostvarili smo\" \/>\n<meta property=\"og:url\" content=\"https:\/\/www.visit-ulcinj.com\/blog\/2009\/10\/06\/turisticka-sezona-2009-nije-vrijeme-za-aplauze\/\" \/>\n<meta property=\"og:site_name\" content=\"Lajme nga Ulqini\" \/>\n<meta property=\"article:published_time\" content=\"2009-10-06T11:46:25+00:00\" \/>\n<meta property=\"article:modified_time\" content=\"2009-10-06T12:33:08+00:00\" \/>\n<meta property=\"og:image\" content=\"http:\/\/www.visit-ulcinj.com\/blog\/wp-content\/uploads\/2009\/10\/turisti?ka-sezona-crne-gore.jpg\" \/>\n<meta name=\"twitter:label1\" content=\"Written by\" \/>\n\t<meta name=\"twitter:data1\" content=\"ulqini\" \/>\n\t<meta name=\"twitter:label2\" content=\"Est. reading time\" \/>\n\t<meta name=\"twitter:data2\" content=\"5 minutes\" \/>\n<script type=\"application\/ld+json\" class=\"yoast-schema-graph\">{\"@context\":\"https:\/\/schema.org\",\"@graph\":[{\"@type\":\"WebSite\",\"@id\":\"https:\/\/www.visit-ulcinj.com\/blog\/#website\",\"url\":\"https:\/\/www.visit-ulcinj.com\/blog\/\",\"name\":\"Lajme nga Ulqini\",\"description\":\"Lajme,Vijesti,Ulqini,Ulqin,Crna Gora,Mali i Zi\",\"potentialAction\":[{\"@type\":\"SearchAction\",\"target\":{\"@type\":\"EntryPoint\",\"urlTemplate\":\"https:\/\/www.visit-ulcinj.com\/blog\/?s={search_term_string}\"},\"query-input\":\"required name=search_term_string\"}],\"inLanguage\":\"en-US\"},{\"@type\":\"ImageObject\",\"inLanguage\":\"en-US\",\"@id\":\"https:\/\/www.visit-ulcinj.com\/blog\/2009\/10\/06\/turisticka-sezona-2009-nije-vrijeme-za-aplauze\/#primaryimage\",\"url\":\"http:\/\/www.visit-ulcinj.com\/blog\/wp-content\/uploads\/2009\/10\/turisti?ka-sezona-crne-gore.jpg\",\"contentUrl\":\"http:\/\/www.visit-ulcinj.com\/blog\/wp-content\/uploads\/2009\/10\/turisti?ka-sezona-crne-gore.jpg\"},{\"@type\":\"WebPage\",\"@id\":\"https:\/\/www.visit-ulcinj.com\/blog\/2009\/10\/06\/turisticka-sezona-2009-nije-vrijeme-za-aplauze\/#webpage\",\"url\":\"https:\/\/www.visit-ulcinj.com\/blog\/2009\/10\/06\/turisticka-sezona-2009-nije-vrijeme-za-aplauze\/\",\"name\":\"Turisti?ka sezona 2009; Nije vrijeme za aplauze - Lajme nga Ulqini\",\"isPartOf\":{\"@id\":\"https:\/\/www.visit-ulcinj.com\/blog\/#website\"},\"primaryImageOfPage\":{\"@id\":\"https:\/\/www.visit-ulcinj.com\/blog\/2009\/10\/06\/turisticka-sezona-2009-nije-vrijeme-za-aplauze\/#primaryimage\"},\"datePublished\":\"2009-10-06T11:46:25+00:00\",\"dateModified\":\"2009-10-06T12:33:08+00:00\",\"author\":{\"@id\":\"https:\/\/www.visit-ulcinj.com\/blog\/#\/schema\/person\/dcab619c614d3038751c63bc2aadc06d\"},\"description\":\"Mo\u017eemo sa potpunom sigurno\u0161?u i osje?ajem zadovoljstva re?i da je ova turisti?ka sezona, u okviru objektivnih okolnosti, bila uspje\u0161na. Ostvarili smo\",\"breadcrumb\":{\"@id\":\"https:\/\/www.visit-ulcinj.com\/blog\/2009\/10\/06\/turisticka-sezona-2009-nije-vrijeme-za-aplauze\/#breadcrumb\"},\"inLanguage\":\"en-US\",\"potentialAction\":[{\"@type\":\"ReadAction\",\"target\":[\"https:\/\/www.visit-ulcinj.com\/blog\/2009\/10\/06\/turisticka-sezona-2009-nije-vrijeme-za-aplauze\/\"]}]},{\"@type\":\"BreadcrumbList\",\"@id\":\"https:\/\/www.visit-ulcinj.com\/blog\/2009\/10\/06\/turisticka-sezona-2009-nije-vrijeme-za-aplauze\/#breadcrumb\",\"itemListElement\":[{\"@type\":\"ListItem\",\"position\":1,\"name\":\"Turisti?ka sezona 2009; Nije vrijeme za aplauze\"}]},{\"@type\":\"Person\",\"@id\":\"https:\/\/www.visit-ulcinj.com\/blog\/#\/schema\/person\/dcab619c614d3038751c63bc2aadc06d\",\"name\":\"ulqini\",\"sameAs\":[\"http:\/\/www.visit-ulcinj.com\"],\"url\":\"https:\/\/www.visit-ulcinj.com\/blog\/author\/admin\/\"}]}<\/script>\n<!-- \/ Yoast SEO plugin. -->","yoast_head_json":{"title":"Turisti?ka sezona 2009; Nije vrijeme za aplauze - Lajme nga Ulqini","description":"Mo\u017eemo sa potpunom sigurno\u0161?u i osje?ajem zadovoljstva re?i da je ova turisti?ka sezona, u okviru objektivnih okolnosti, bila uspje\u0161na. Ostvarili smo","robots":{"index":"index","follow":"follow","max-snippet":"max-snippet:-1","max-image-preview":"max-image-preview:large","max-video-preview":"max-video-preview:-1"},"canonical":"https:\/\/www.visit-ulcinj.com\/blog\/2009\/10\/06\/turisticka-sezona-2009-nije-vrijeme-za-aplauze\/","og_locale":"en_US","og_type":"article","og_title":"Turisti?ka sezona 2009; Nije vrijeme za aplauze - Lajme nga Ulqini","og_description":"Mo\u017eemo sa potpunom sigurno\u0161?u i osje?ajem zadovoljstva re?i da je ova turisti?ka sezona, u okviru objektivnih okolnosti, bila uspje\u0161na. Ostvarili smo","og_url":"https:\/\/www.visit-ulcinj.com\/blog\/2009\/10\/06\/turisticka-sezona-2009-nije-vrijeme-za-aplauze\/","og_site_name":"Lajme nga Ulqini","article_published_time":"2009-10-06T11:46:25+00:00","article_modified_time":"2009-10-06T12:33:08+00:00","og_image":[{"url":"http:\/\/www.visit-ulcinj.com\/blog\/wp-content\/uploads\/2009\/10\/turisti?ka-sezona-crne-gore.jpg"}],"twitter_misc":{"Written by":"ulqini","Est. reading time":"5 minutes"},"schema":{"@context":"https:\/\/schema.org","@graph":[{"@type":"WebSite","@id":"https:\/\/www.visit-ulcinj.com\/blog\/#website","url":"https:\/\/www.visit-ulcinj.com\/blog\/","name":"Lajme nga Ulqini","description":"Lajme,Vijesti,Ulqini,Ulqin,Crna Gora,Mali i Zi","potentialAction":[{"@type":"SearchAction","target":{"@type":"EntryPoint","urlTemplate":"https:\/\/www.visit-ulcinj.com\/blog\/?s={search_term_string}"},"query-input":"required name=search_term_string"}],"inLanguage":"en-US"},{"@type":"ImageObject","inLanguage":"en-US","@id":"https:\/\/www.visit-ulcinj.com\/blog\/2009\/10\/06\/turisticka-sezona-2009-nije-vrijeme-za-aplauze\/#primaryimage","url":"http:\/\/www.visit-ulcinj.com\/blog\/wp-content\/uploads\/2009\/10\/turisti?ka-sezona-crne-gore.jpg","contentUrl":"http:\/\/www.visit-ulcinj.com\/blog\/wp-content\/uploads\/2009\/10\/turisti?ka-sezona-crne-gore.jpg"},{"@type":"WebPage","@id":"https:\/\/www.visit-ulcinj.com\/blog\/2009\/10\/06\/turisticka-sezona-2009-nije-vrijeme-za-aplauze\/#webpage","url":"https:\/\/www.visit-ulcinj.com\/blog\/2009\/10\/06\/turisticka-sezona-2009-nije-vrijeme-za-aplauze\/","name":"Turisti?ka sezona 2009; Nije vrijeme za aplauze - Lajme nga Ulqini","isPartOf":{"@id":"https:\/\/www.visit-ulcinj.com\/blog\/#website"},"primaryImageOfPage":{"@id":"https:\/\/www.visit-ulcinj.com\/blog\/2009\/10\/06\/turisticka-sezona-2009-nije-vrijeme-za-aplauze\/#primaryimage"},"datePublished":"2009-10-06T11:46:25+00:00","dateModified":"2009-10-06T12:33:08+00:00","author":{"@id":"https:\/\/www.visit-ulcinj.com\/blog\/#\/schema\/person\/dcab619c614d3038751c63bc2aadc06d"},"description":"Mo\u017eemo sa potpunom sigurno\u0161?u i osje?ajem zadovoljstva re?i da je ova turisti?ka sezona, u okviru objektivnih okolnosti, bila uspje\u0161na. Ostvarili smo","breadcrumb":{"@id":"https:\/\/www.visit-ulcinj.com\/blog\/2009\/10\/06\/turisticka-sezona-2009-nije-vrijeme-za-aplauze\/#breadcrumb"},"inLanguage":"en-US","potentialAction":[{"@type":"ReadAction","target":["https:\/\/www.visit-ulcinj.com\/blog\/2009\/10\/06\/turisticka-sezona-2009-nije-vrijeme-za-aplauze\/"]}]},{"@type":"BreadcrumbList","@id":"https:\/\/www.visit-ulcinj.com\/blog\/2009\/10\/06\/turisticka-sezona-2009-nije-vrijeme-za-aplauze\/#breadcrumb","itemListElement":[{"@type":"ListItem","position":1,"name":"Turisti?ka sezona 2009; Nije vrijeme za aplauze"}]},{"@type":"Person","@id":"https:\/\/www.visit-ulcinj.com\/blog\/#\/schema\/person\/dcab619c614d3038751c63bc2aadc06d","name":"ulqini","sameAs":["http:\/\/www.visit-ulcinj.com"],"url":"https:\/\/www.visit-ulcinj.com\/blog\/author\/admin\/"}]}},"jetpack_featured_media_url":"","jetpack_sharing_enabled":true,"jetpack_shortlink":"https:\/\/wp.me\/pe6lTn-6Pe","_links":{"self":[{"href":"https:\/\/www.visit-ulcinj.com\/blog\/wp-json\/wp\/v2\/posts\/26240"}],"collection":[{"href":"https:\/\/www.visit-ulcinj.com\/blog\/wp-json\/wp\/v2\/posts"}],"about":[{"href":"https:\/\/www.visit-ulcinj.com\/blog\/wp-json\/wp\/v2\/types\/post"}],"author":[{"embeddable":true,"href":"https:\/\/www.visit-ulcinj.com\/blog\/wp-json\/wp\/v2\/users\/1"}],"replies":[{"embeddable":true,"href":"https:\/\/www.visit-ulcinj.com\/blog\/wp-json\/wp\/v2\/comments?post=26240"}],"version-history":[{"count":0,"href":"https:\/\/www.visit-ulcinj.com\/blog\/wp-json\/wp\/v2\/posts\/26240\/revisions"}],"wp:attachment":[{"href":"https:\/\/www.visit-ulcinj.com\/blog\/wp-json\/wp\/v2\/media?parent=26240"}],"wp:term":[{"taxonomy":"category","embeddable":true,"href":"https:\/\/www.visit-ulcinj.com\/blog\/wp-json\/wp\/v2\/categories?post=26240"},{"taxonomy":"post_tag","embeddable":true,"href":"https:\/\/www.visit-ulcinj.com\/blog\/wp-json\/wp\/v2\/tags?post=26240"}],"curies":[{"name":"wp","href":"https:\/\/api.w.org\/{rel}","templated":true}]}}