{"id":26251,"date":"2009-10-06T20:22:25","date_gmt":"2009-10-06T18:22:25","guid":{"rendered":"http:\/\/www.visit-ulcinj.com\/blog\/?p=26251"},"modified":"2011-03-03T18:23:52","modified_gmt":"2011-03-03T17:23:52","slug":"kada-i-od-cijih-para","status":"publish","type":"post","link":"https:\/\/www.visit-ulcinj.com\/blog\/2009\/10\/06\/kada-i-od-cijih-para\/","title":{"rendered":"Kada i od cijih para"},"content":{"rendered":"<p><a href=\"http:\/\/www.visit-ulcinj.com\/blog\/wp-content\/uploads\/2009\/10\/Skup\u00c5\u00a1tina-Ulcinj.jpg\"><img loading=\"lazy\" class=\"alignleft size-full wp-image-26252\" title=\"Skup\u0161tina Ulcinj\" src=\"http:\/\/www.visit-ulcinj.com\/blog\/wp-content\/uploads\/2009\/10\/Skup\u00c5\u00a1tina-Ulcinj.jpg\" alt=\"\" width=\"508\" height=\"380\" \/><\/a><\/p>\n<p><strong>Predizborna groznica ve? trese Ulcinj, opozicija i vlast o\u0161tro odmjerili snage na programu ure?enja prostora za 2009<\/strong><br \/>\nUlcinj &#8211; Da predizborna groznica uo?i lokalnih izbora naredne godine ve? trese Ulcinj, potvrdilo je ju?era\u0161nje skup\u0161tinsko zasjedanje koje je obilje\u017eila \u017eustra polemika lidera DPS i Force Ljui?a \u0160krelje i Nazifa Cungua o programu ure?enja prostora za 2009, kao i najava Partije demokratskog prosperiteta da ?e uskoro zvani?no zaklju?iti savez sa koalicijom \u201cZa evropski Ulcinj\u201d (DUA, DPS i SDP), kojoj sada ?ine skup\u0161tinsku ve?inu.<br \/>\nPredsjednik SO Muhamet Nika rekao je, nakon sjednice, da je rije? o postizbornoj koaliciji.<br \/>\n\u201cTo ne zna?i da ?e biti predizborna koalicija\u201d, rekao je Nika.<br \/>\nRasprava o programu ure?enja prostora za 2009. zavr\u0161ena je ju?e, ali je zbog konsultacija koje je tra\u017eio klub DUA, izja\u0161njavanje odbornika odlo\u017eeno za danas.<br \/>\nPrethodno, odbornici su ve?inom glasova usvojili Izvje\u0161taj o stanju ure?enja prostora za 2008. godinu.<br \/>\n<a href=\"http:\/\/www.visit-ulcinj.com\/blog\/wp-content\/uploads\/2009\/07\/Nazif-Cungu-biznismen-iz-Ulcinja-i-predsjednik-Demokratske-snage-_Forca.jpg\"><img loading=\"lazy\" class=\"alignleft size-medium wp-image-23659\" title=\"Nazif Cungu, biznismen iz Ulcinja i predsjednik Demokratske snage _Forca\" src=\"http:\/\/www.visit-ulcinj.com\/blog\/wp-content\/uploads\/2009\/07\/Nazif-Cungu-biznismen-iz-Ulcinja-i-predsjednik-Demokratske-snage-_Forca-300x199.jpg\" alt=\"Nazif Cungu, biznismen iz Ulcinja i predsjednik Demokratske snage _Forca\" width=\"300\" height=\"199\" srcset=\"https:\/\/www.visit-ulcinj.com\/blog\/wp-content\/uploads\/2009\/07\/Nazif-Cungu-biznismen-iz-Ulcinja-i-predsjednik-Demokratske-snage-_Forca-300x199.jpg 300w, https:\/\/www.visit-ulcinj.com\/blog\/wp-content\/uploads\/2009\/07\/Nazif-Cungu-biznismen-iz-Ulcinja-i-predsjednik-Demokratske-snage-_Forca.jpg 800w\" sizes=\"(max-width: 300px) 100vw, 300px\" \/><\/a>Cungu je kritikovao Program konstatuju?i da je preostalo malo vremena za realizaciju svih pobrojanih investicija, ukupno vrijednih vi\u0161e od 10.100.000 eura. On je optu\u017eio vlast da poku\u0161ava da obmani gra?ane.<br \/>\n\u201cTrebalo bi da Vas je sramota \u0161to ho?ete da usvojite ovakav dokument, koji nikom ne treba. Za realizaciju ovog programa trebaju ogromna sredstva, a bud\u017eet je do kraja sedmog mjeseca bio realizovan samo 15 odsto. ?ijim parama mislite da realizujete Program ili opet poku\u0161avate da obmanete gra?ane ali u tome ne?ete uspjeti, jer su vas ovog puta prozreli\u201d, kazao je Cungu, rekav\u0161i da ga ?udi da niko iz vladaju?e koalicije ne reaguje zbog toga, \u201eiako smo svi gra?ani ovog grada i porodi?ni ljudi\u201c.<br \/>\nOdbornik DPS Borislav Ba\u0161ovi? zamolio je Cungua \u201eda ne morali\u0161e i da ne crta njegov moralni lik\u201c dok mu je \u0160krelja poru?io da ne vrije?a odbornike, jer time blati i 300-400 mje\u0161tana koji su im dali glas.<br \/>\n\u201cI poslije svega \u0161to ste rekli, a \u0161to nema veze sa dnevnim redom, ka\u017eete da vam je stalo do razvoja grada. Jeste, ali izgleda da vam srce ne da\u201d, kazao je \u0160krelja koji je potom ustao sa mjesta ne \u017eele?i da saslu\u0161a repliku lidera Force.<br \/>\nOdbornik Force Genci Nimanbegu kazao je da bi ta?ku trebalo povu?i sa dnevnog reda ili je dopuniti budu?i da je u toj formi Skup\u0161tini dostavljena jo\u0161 po?etkom januara. Njegov partijski kolega D\u017eaudet Cakuli imao je jo\u0161 originalniji predlog.<br \/>\n\u201cUmjesto januar 2009, napi\u0161ete oktobar 2009. godine, a Program za 2010. godinu i ima?ete na\u0161 glas\u201d, kazao je Cakuli. On je konstatovao da ?ak i da postoje sredstva u bud\u017eetu, neke stvake iz programa ne bi mogle biti realizovane do kraja godine.<br \/>\n\u201cNerealno je o?ekivatii da bi, na primjer, bulevar od Po\u0161te do markreta \u201cVitako\u201d i od tog marketa do bulevara \u201eTeuta\u201c mogao biti izgra?en za dva tri mjeseca\u201d, kazao je Cakuli.<br \/>\nOdbornici Force, kao i njihove kolege iz Demokratskog saveza Hajro Hajdari i Tahir Tahiri, sugerisali su ve?ini da izbaci neke stavke iz Programa i ostavi samo one koje mogu biti realizovane.<br \/>\n\u201cAko ne usvojimo ovaj program, ne mo\u017eemo raspisati nijedan tender za predvi?ene investicije. Insistiranjem da skinemo neke investicije sa dnevnog reda samo potvr?ujete da iza svega stoji politi?ka pozadina\u201d, kazao je \u0160krelja.<\/p>\n<p><strong>U puteve tri i po miliona<\/strong><\/p>\n<p>Programom ure?enja prostora za 2009, planirano je dono\u0161enje 10 DUP-ova, 4 urbanisti?ka projekta i dvije studije lokacije za Zoganje i Liman II. Pored ostalog, Programom je predvi?ena izgradnja i rekonstrukcija gradskih saobra?ajnica u iznosu od blizu tri i po miliona eura. Izgradnja bulevara od zgrade Po\u0161te do Teute ko\u0161ta?e 1,9 miliona eura, a druga i tre?a faza kaldrmisanja stare gradske ?ar\u0161ije, 400 hiljada eura.<\/p>\n<p><strong>\u0160krelja Forci: Vi tjerate investitore<\/strong><br \/>\n<a href=\"http:\/\/www.visit-ulcinj.com\/blog\/wp-content\/uploads\/2009\/03\/luigj-shkrela_dps_ulcinj_ulqin.jpg\"><img loading=\"lazy\" class=\"alignright size-medium wp-image-13393\" title=\"luigj-shkrela_dps_ulcinj_ulqin\" src=\"http:\/\/www.visit-ulcinj.com\/blog\/wp-content\/uploads\/2009\/03\/luigj-shkrela_dps_ulcinj_ulqin-300x238.jpg\" alt=\"luigj-shkrela_dps_ulcinj_ulqin\" width=\"300\" height=\"238\" srcset=\"https:\/\/www.visit-ulcinj.com\/blog\/wp-content\/uploads\/2009\/03\/luigj-shkrela_dps_ulcinj_ulqin-300x238.jpg 300w, https:\/\/www.visit-ulcinj.com\/blog\/wp-content\/uploads\/2009\/03\/luigj-shkrela_dps_ulcinj_ulqin.jpg 450w\" sizes=\"(max-width: 300px) 100vw, 300px\" \/><\/a><br \/>\nLider Force je dodao da za tri godine, koliko su na vlasti, koalicija \u201eZa evropski Ulcinj\u201c nije donijela nijedan detaljni urbansiti?ki plan.<br \/>\n\u201cZbog toga \u0161to nemamo planova, investitori bje\u017ee iz grada\u201d, kazao je Cungu.<br \/>\nOdgovaraju?i mu, \u0160krelja je kazao da upravo Forca tjera investitore iz grada.<br \/>\n\u201cDo?ekujete ih transparentima ispred kapija Valdanosa i mje\u0161tanima prodajete emocije, iako znate da su neki od njih i po nekoliko puta uzeli novac za tu imovinu\u201d, uzvratio je \u0160krelja.<\/p>\n<p><strong>S.A.<br \/>\n<a href=\"http:\/\/www.vijesti.me\/index.php?id_pre=318008&amp;godina=2009\" target=\"_blank\">Vijesti<\/a><\/strong><\/p>\n<p><strong><!--YouTube Error: bad URL entered--><br \/>\n<\/strong><\/p>\n","protected":false},"excerpt":{"rendered":"<p>Predizborna groznica ve? trese Ulcinj, opozicija i vlast o\u0161tro odmjerili snage na programu ure?enja prostora za 2009 Ulcinj &#8211; Da predizborna groznica uo?i lokalnih izbora naredne godine ve? trese Ulcinj, potvrdilo je ju?era\u0161nje skup\u0161tinsko zasjedanje koje je obilje\u017eila \u017eustra polemika lidera DPS i Force Ljui?a \u0160krelje i Nazifa Cungua o programu ure?enja prostora za 2009, [&hellip;]<\/p>\n","protected":false},"author":1,"featured_media":0,"comment_status":"open","ping_status":"closed","sticky":false,"template":"","format":"standard","meta":{"spay_email":"","jetpack_publicize_message":"","jetpack_is_tweetstorm":false,"jetpack_publicize_feature_enabled":true},"categories":[8337],"tags":[12611,87,700,943,939,12612,118,12614,699,12613,3518,4260,899,136],"jetpack_publicize_connections":[],"yoast_head":"<!-- This site is optimized with the Yoast SEO plugin v19.1 - https:\/\/yoast.com\/wordpress\/plugins\/seo\/ -->\n<title>Kada i od cijih para - Lajme nga Ulqini<\/title>\n<meta name=\"description\" content=\"Predizborna groznica ve? trese Ulcinj, opozicija i vlast o\u0161tro odmjerili snage na programu ure?enja prostora za 2009 Ulcinj - Da predizborna groznica uo?i\" \/>\n<meta name=\"robots\" content=\"index, follow, max-snippet:-1, max-image-preview:large, max-video-preview:-1\" \/>\n<link rel=\"canonical\" href=\"https:\/\/www.visit-ulcinj.com\/blog\/2009\/10\/06\/kada-i-od-cijih-para\/\" \/>\n<meta property=\"og:locale\" content=\"en_US\" \/>\n<meta property=\"og:type\" content=\"article\" \/>\n<meta property=\"og:title\" content=\"Kada i od cijih para - Lajme nga Ulqini\" \/>\n<meta property=\"og:description\" content=\"Predizborna groznica ve? trese Ulcinj, opozicija i vlast o\u0161tro odmjerili snage na programu ure?enja prostora za 2009 Ulcinj - Da predizborna groznica uo?i\" \/>\n<meta property=\"og:url\" content=\"https:\/\/www.visit-ulcinj.com\/blog\/2009\/10\/06\/kada-i-od-cijih-para\/\" \/>\n<meta property=\"og:site_name\" content=\"Lajme nga Ulqini\" \/>\n<meta property=\"article:published_time\" content=\"2009-10-06T18:22:25+00:00\" \/>\n<meta property=\"article:modified_time\" content=\"2011-03-03T17:23:52+00:00\" \/>\n<meta property=\"og:image\" content=\"http:\/\/www.visit-ulcinj.com\/blog\/wp-content\/uploads\/2009\/07\/Nazif-Cungu-biznismen-iz-Ulcinja-i-predsjednik-Demokratske-snage-_Forca-300x199.jpg\" \/>\n<meta name=\"twitter:label1\" content=\"Written by\" \/>\n\t<meta name=\"twitter:data1\" content=\"ulqini\" \/>\n\t<meta name=\"twitter:label2\" content=\"Est. reading time\" \/>\n\t<meta name=\"twitter:data2\" content=\"4 minutes\" \/>\n<script type=\"application\/ld+json\" class=\"yoast-schema-graph\">{\"@context\":\"https:\/\/schema.org\",\"@graph\":[{\"@type\":\"WebSite\",\"@id\":\"https:\/\/www.visit-ulcinj.com\/blog\/#website\",\"url\":\"https:\/\/www.visit-ulcinj.com\/blog\/\",\"name\":\"Lajme nga Ulqini\",\"description\":\"Lajme,Vijesti,Ulqini,Ulqin,Crna Gora,Mali i Zi\",\"potentialAction\":[{\"@type\":\"SearchAction\",\"target\":{\"@type\":\"EntryPoint\",\"urlTemplate\":\"https:\/\/www.visit-ulcinj.com\/blog\/?s={search_term_string}\"},\"query-input\":\"required name=search_term_string\"}],\"inLanguage\":\"en-US\"},{\"@type\":\"ImageObject\",\"inLanguage\":\"en-US\",\"@id\":\"https:\/\/www.visit-ulcinj.com\/blog\/2009\/10\/06\/kada-i-od-cijih-para\/#primaryimage\",\"url\":\"https:\/\/www.visit-ulcinj.com\/blog\/wp-content\/uploads\/2009\/07\/Nazif-Cungu-biznismen-iz-Ulcinja-i-predsjednik-Demokratske-snage-_Forca.jpg\",\"contentUrl\":\"https:\/\/www.visit-ulcinj.com\/blog\/wp-content\/uploads\/2009\/07\/Nazif-Cungu-biznismen-iz-Ulcinja-i-predsjednik-Demokratske-snage-_Forca.jpg\",\"width\":\"800\",\"height\":\"531\"},{\"@type\":\"WebPage\",\"@id\":\"https:\/\/www.visit-ulcinj.com\/blog\/2009\/10\/06\/kada-i-od-cijih-para\/#webpage\",\"url\":\"https:\/\/www.visit-ulcinj.com\/blog\/2009\/10\/06\/kada-i-od-cijih-para\/\",\"name\":\"Kada i od cijih para - Lajme nga Ulqini\",\"isPartOf\":{\"@id\":\"https:\/\/www.visit-ulcinj.com\/blog\/#website\"},\"primaryImageOfPage\":{\"@id\":\"https:\/\/www.visit-ulcinj.com\/blog\/2009\/10\/06\/kada-i-od-cijih-para\/#primaryimage\"},\"datePublished\":\"2009-10-06T18:22:25+00:00\",\"dateModified\":\"2011-03-03T17:23:52+00:00\",\"author\":{\"@id\":\"https:\/\/www.visit-ulcinj.com\/blog\/#\/schema\/person\/dcab619c614d3038751c63bc2aadc06d\"},\"description\":\"Predizborna groznica ve? trese Ulcinj, opozicija i vlast o\u0161tro odmjerili snage na programu ure?enja prostora za 2009 Ulcinj - Da predizborna groznica uo?i\",\"breadcrumb\":{\"@id\":\"https:\/\/www.visit-ulcinj.com\/blog\/2009\/10\/06\/kada-i-od-cijih-para\/#breadcrumb\"},\"inLanguage\":\"en-US\",\"potentialAction\":[{\"@type\":\"ReadAction\",\"target\":[\"https:\/\/www.visit-ulcinj.com\/blog\/2009\/10\/06\/kada-i-od-cijih-para\/\"]}]},{\"@type\":\"BreadcrumbList\",\"@id\":\"https:\/\/www.visit-ulcinj.com\/blog\/2009\/10\/06\/kada-i-od-cijih-para\/#breadcrumb\",\"itemListElement\":[{\"@type\":\"ListItem\",\"position\":1,\"name\":\"Kada i od cijih para\"}]},{\"@type\":\"Person\",\"@id\":\"https:\/\/www.visit-ulcinj.com\/blog\/#\/schema\/person\/dcab619c614d3038751c63bc2aadc06d\",\"name\":\"ulqini\",\"sameAs\":[\"http:\/\/www.visit-ulcinj.com\"],\"url\":\"https:\/\/www.visit-ulcinj.com\/blog\/author\/admin\/\"}]}<\/script>\n<!-- \/ Yoast SEO plugin. -->","yoast_head_json":{"title":"Kada i od cijih para - Lajme nga Ulqini","description":"Predizborna groznica ve? trese Ulcinj, opozicija i vlast o\u0161tro odmjerili snage na programu ure?enja prostora za 2009 Ulcinj - Da predizborna groznica uo?i","robots":{"index":"index","follow":"follow","max-snippet":"max-snippet:-1","max-image-preview":"max-image-preview:large","max-video-preview":"max-video-preview:-1"},"canonical":"https:\/\/www.visit-ulcinj.com\/blog\/2009\/10\/06\/kada-i-od-cijih-para\/","og_locale":"en_US","og_type":"article","og_title":"Kada i od cijih para - Lajme nga Ulqini","og_description":"Predizborna groznica ve? trese Ulcinj, opozicija i vlast o\u0161tro odmjerili snage na programu ure?enja prostora za 2009 Ulcinj - Da predizborna groznica uo?i","og_url":"https:\/\/www.visit-ulcinj.com\/blog\/2009\/10\/06\/kada-i-od-cijih-para\/","og_site_name":"Lajme nga Ulqini","article_published_time":"2009-10-06T18:22:25+00:00","article_modified_time":"2011-03-03T17:23:52+00:00","og_image":[{"url":"http:\/\/www.visit-ulcinj.com\/blog\/wp-content\/uploads\/2009\/07\/Nazif-Cungu-biznismen-iz-Ulcinja-i-predsjednik-Demokratske-snage-_Forca-300x199.jpg"}],"twitter_misc":{"Written by":"ulqini","Est. reading time":"4 minutes"},"schema":{"@context":"https:\/\/schema.org","@graph":[{"@type":"WebSite","@id":"https:\/\/www.visit-ulcinj.com\/blog\/#website","url":"https:\/\/www.visit-ulcinj.com\/blog\/","name":"Lajme nga Ulqini","description":"Lajme,Vijesti,Ulqini,Ulqin,Crna Gora,Mali i Zi","potentialAction":[{"@type":"SearchAction","target":{"@type":"EntryPoint","urlTemplate":"https:\/\/www.visit-ulcinj.com\/blog\/?s={search_term_string}"},"query-input":"required name=search_term_string"}],"inLanguage":"en-US"},{"@type":"ImageObject","inLanguage":"en-US","@id":"https:\/\/www.visit-ulcinj.com\/blog\/2009\/10\/06\/kada-i-od-cijih-para\/#primaryimage","url":"https:\/\/www.visit-ulcinj.com\/blog\/wp-content\/uploads\/2009\/07\/Nazif-Cungu-biznismen-iz-Ulcinja-i-predsjednik-Demokratske-snage-_Forca.jpg","contentUrl":"https:\/\/www.visit-ulcinj.com\/blog\/wp-content\/uploads\/2009\/07\/Nazif-Cungu-biznismen-iz-Ulcinja-i-predsjednik-Demokratske-snage-_Forca.jpg","width":"800","height":"531"},{"@type":"WebPage","@id":"https:\/\/www.visit-ulcinj.com\/blog\/2009\/10\/06\/kada-i-od-cijih-para\/#webpage","url":"https:\/\/www.visit-ulcinj.com\/blog\/2009\/10\/06\/kada-i-od-cijih-para\/","name":"Kada i od cijih para - Lajme nga Ulqini","isPartOf":{"@id":"https:\/\/www.visit-ulcinj.com\/blog\/#website"},"primaryImageOfPage":{"@id":"https:\/\/www.visit-ulcinj.com\/blog\/2009\/10\/06\/kada-i-od-cijih-para\/#primaryimage"},"datePublished":"2009-10-06T18:22:25+00:00","dateModified":"2011-03-03T17:23:52+00:00","author":{"@id":"https:\/\/www.visit-ulcinj.com\/blog\/#\/schema\/person\/dcab619c614d3038751c63bc2aadc06d"},"description":"Predizborna groznica ve? trese Ulcinj, opozicija i vlast o\u0161tro odmjerili snage na programu ure?enja prostora za 2009 Ulcinj - Da predizborna groznica uo?i","breadcrumb":{"@id":"https:\/\/www.visit-ulcinj.com\/blog\/2009\/10\/06\/kada-i-od-cijih-para\/#breadcrumb"},"inLanguage":"en-US","potentialAction":[{"@type":"ReadAction","target":["https:\/\/www.visit-ulcinj.com\/blog\/2009\/10\/06\/kada-i-od-cijih-para\/"]}]},{"@type":"BreadcrumbList","@id":"https:\/\/www.visit-ulcinj.com\/blog\/2009\/10\/06\/kada-i-od-cijih-para\/#breadcrumb","itemListElement":[{"@type":"ListItem","position":1,"name":"Kada i od cijih para"}]},{"@type":"Person","@id":"https:\/\/www.visit-ulcinj.com\/blog\/#\/schema\/person\/dcab619c614d3038751c63bc2aadc06d","name":"ulqini","sameAs":["http:\/\/www.visit-ulcinj.com"],"url":"https:\/\/www.visit-ulcinj.com\/blog\/author\/admin\/"}]}},"jetpack_featured_media_url":"","jetpack_sharing_enabled":true,"jetpack_shortlink":"https:\/\/wp.me\/pe6lTn-6Pp","_links":{"self":[{"href":"https:\/\/www.visit-ulcinj.com\/blog\/wp-json\/wp\/v2\/posts\/26251"}],"collection":[{"href":"https:\/\/www.visit-ulcinj.com\/blog\/wp-json\/wp\/v2\/posts"}],"about":[{"href":"https:\/\/www.visit-ulcinj.com\/blog\/wp-json\/wp\/v2\/types\/post"}],"author":[{"embeddable":true,"href":"https:\/\/www.visit-ulcinj.com\/blog\/wp-json\/wp\/v2\/users\/1"}],"replies":[{"embeddable":true,"href":"https:\/\/www.visit-ulcinj.com\/blog\/wp-json\/wp\/v2\/comments?post=26251"}],"version-history":[{"count":0,"href":"https:\/\/www.visit-ulcinj.com\/blog\/wp-json\/wp\/v2\/posts\/26251\/revisions"}],"wp:attachment":[{"href":"https:\/\/www.visit-ulcinj.com\/blog\/wp-json\/wp\/v2\/media?parent=26251"}],"wp:term":[{"taxonomy":"category","embeddable":true,"href":"https:\/\/www.visit-ulcinj.com\/blog\/wp-json\/wp\/v2\/categories?post=26251"},{"taxonomy":"post_tag","embeddable":true,"href":"https:\/\/www.visit-ulcinj.com\/blog\/wp-json\/wp\/v2\/tags?post=26251"}],"curies":[{"name":"wp","href":"https:\/\/api.w.org\/{rel}","templated":true}]}}