{"id":26257,"date":"2009-10-06T20:51:43","date_gmt":"2009-10-06T18:51:43","guid":{"rendered":"http:\/\/www.visit-ulcinj.com\/blog\/?p=26257"},"modified":"2009-10-11T23:54:55","modified_gmt":"2009-10-11T21:54:55","slug":"u-dps-u-dinosi-preporucuju-da-se-u-vladi-izbori-za-svoj-stav","status":"publish","type":"post","link":"https:\/\/www.visit-ulcinj.com\/blog\/2009\/10\/06\/u-dps-u-dinosi-preporucuju-da-se-u-vladi-izbori-za-svoj-stav\/","title":{"rendered":"U Dps-u  Dino\u0161i preporu?uju da se u vladi izbori za svoj stav &#8211; Video"},"content":{"rendered":"<p><strong><a href=\"http:\/\/www.visit-ulcinj.com\/blog\/wp-content\/uploads\/2009\/10\/Ferhat-Dino\u0161a_Miodrag-Vukovic.jpg\"><img loading=\"lazy\" class=\"alignleft size-full wp-image-26258\" src=\"http:\/\/www.visit-ulcinj.com\/blog\/wp-content\/uploads\/2009\/10\/Ferhat-Dino\u0161a_Miodrag-Vukovic.jpg\" alt=\"\" width=\"399\" height=\"262\" \/><\/a>Dosta je bilo ultimatuma<\/strong><\/p>\n<p>Podgorica &#8211; Predsjednik Radne grupe za uskla?ivanje izbornog zakona Miodrag Vukovi? je kazao da nije dobro da to skup\u0161tinsko tijelo funkcioni\u0161e na osnovu ultimatuma. Komentari\u0161u?i najave predsjednika Demokratske unije Albanaca (DUA) Ferhata Dino\u0161e da ta stranka ne?e odustati od garantovanih mandata, Vukovi? je kazao da Dino\u0161a kao predsjednik stranke i ministar ima pravo da iznese svoj stav.<\/p>\n<p>\u201cDino\u0161a ima pravo da iznosi svoje stavove. Ako usvojimo predlog zakona on ?e i?i na mi\u0161ljenje Vladi, pa ?e ministar Dino\u0161a pripremiti mi\u0161ljenje za Vladu&#8230;. Ne bih stvari prejudicirao. To nije prostor u kome se ja kre?em. U radnoj grupi vi\u0161e nema ultimatuma i poku\u0161avamo da do?emo do najve?eg stepena saglasnosti\u201d, kazao je Vukovi? \u201cVijestima\u201d.<\/p>\n<p>Ministar za ljudska i manjinska prava kazao je ranije da ne bi bilo dobro da se novim Zakonom o izboru odbornika i poslanika ukine posebna izborna jedinica za Albance, dodaju?i da on takvo rje\u0161enje ne?e podr\u017eati, ukoliko se ono na?e na dnevnom redu. On je objasnio da to ministarstvo i dalje insistira da pitanje zagarantovanih mandata bude rije\u0161eno \u201cvra?anjem\u201d ?lana u Zakon o manjinskim pravima i slobodama, koje je ranije osporio Ustavni sud. Osporenim odredbama bilo je propisano da ?e manjine, koje u ukupnom stanovni\u0161tvu ?ine od jedan do pet odsto stanovni\u0161tva, biti zastupljene u Skup\u0161tini sa jednim mandatom, preko predstavnika izabranog sa manjinske izborne liste, te da ?e manjine koje u ukupnom stanovni\u0161tvu ?ine preko 5 odsto imati tri zagarantovana poslani?ka mandata.<\/p>\n<p>Te odredbe osporio je Ustavni sud, u vrijeme starog ustava, sa obrazlo\u017eenjem da nije postojala ustavna osnova za mehanizam zagarantovanih mandata. Za pet garantovanih mandata i posebnu izbornu jedinicu, zala\u017eu se i ostali albanski poslanici u parlamentu.<\/p>\n<p>Novi predlog DPS-a je da svaka manjinska zajednica ima po jednog predstavnika u parlamentu.<\/p>\n<p>Vukovi? smatra da ne bi bilo dobro da radna grupa postigne sporazum o izbornom modelu bez Albanaca.<\/p>\n<p>\u201cMi u ovom trenutku te\u0161ko mo\u017eemo na toj liniji poku\u0161ati da postignemo sporazum i da ra?unamo na njihovu podr\u0161ku o tome \u0161to je rje\u0161enje koje ?e vjerovatno biti ve?inski prihva?eno. Ne bih volio da Albanci ostanu van tog sporazuma, jer bi tu bilo razli?itih implikacija\u201d, kazao je Vukovi?.<\/p>\n<p>?lan radne grupe iz Bo\u0161nja?ke stranke Kemal Puri\u0161i? je kazao da ta stranka ostaje pri ranijem zahtjevu da se predstavljanje manjina reguli\u0161e na osnovu osporenog ?lana Zakona o manjinskim pravima i slobodama.<\/p>\n<p>Prema tom modelu Bo\u0161njaci bi imali pravo na tri garantovana mandata u Skup\u0161tini.<\/p>\n<p><strong>Vuksanovi?: Dino\u0161a je neprijatelj Srba<\/strong><\/p>\n<p>Predsjednik Srpskog nacionalnog savjeta Mom?ilo Vuksanovi? protestvovao je ju?e \u201czbog vi\u0161e puta datih izjava Ferhata Dino\u0161e, prepoznatljivog neprijatelja srpskog naroda, koji uporno iznosi predloge autenti?ne zastupljenosti manjina koji isklju?uju isto takvu zastupljenost Srba u Crnoj Gori\u201d. \u201cUmjesto da kao predstavnik aktuelne vlasti uva\u017eava i po\u0161tuje ustavne odredbe i javne stavove predsjednika i premijera, gospodin Dino\u0161a se opredijelio za diskriminaciju srpskog naroda i kori\u0161?enje pozicije ministra da obezbijedi povla\u0161?eni polo\u017eaj za svoju nacionalnu zajednicu. Uz tezu &#8211; Srbima ni\u0161ta, Albancim vi\u0161e nego ostalim manjinama, koju obrazla\u017ee li?nim stavom da su Srbi i Crnogorci jedan nedjeljiv dr\u017eavotvorni pravoslavni narod u Crnoj Gori, ministar Dino\u0161a nastoji da primora Srbe da se odreknu svog jezika i pisma, svoje crkve, svoje kulture, umjetnosti i tradicije i svega onoga \u0161to predstavlja srpsku prepoznatljivost u Crnoj Gori\u201d, kazao je Vuksanovi?.<\/p>\n<p><strong>Sa.KAJO\u0160EVI?<\/strong><\/p>\n<p><strong><a href=\"http:\/\/www.vijesti.me\/index.php?id=317958\" target=\"_blank\">Vijesti<\/a><\/strong><\/p>\n<p><strong>Video RTCG<\/strong><\/p>\n<p><strong>[flv width=&#8221;580&#8243; height=&#8221;400&#8243;]http:\/\/www.rtcg.me\/images\/biblioteka\/audio_video_arhiva\/Replika%20-%20Izborno%20zakonodavstvo.flv[\/flv]<br \/>\n<\/strong><\/p>\n","protected":false},"excerpt":{"rendered":"<p>Dosta je bilo ultimatuma Podgorica &#8211; Predsjednik Radne grupe za uskla?ivanje izbornog zakona Miodrag Vukovi? je kazao da nije dobro da to skup\u0161tinsko tijelo funkcioni\u0161e na osnovu ultimatuma. Komentari\u0161u?i najave predsjednika Demokratske unije Albanaca (DUA) Ferhata Dino\u0161e da ta stranka ne?e odustati od garantovanih mandata, Vukovi? je kazao da Dino\u0161a kao predsjednik stranke i ministar [&hellip;]<\/p>\n","protected":false},"author":1,"featured_media":0,"comment_status":"open","ping_status":"closed","sticky":false,"template":"","format":"standard","meta":{"spay_email":"","jetpack_publicize_message":"","jetpack_is_tweetstorm":false,"jetpack_publicize_feature_enabled":true},"categories":[8337],"tags":[88,4196,12616,12615],"jetpack_publicize_connections":[],"yoast_head":"<!-- This site is optimized with the Yoast SEO plugin v19.1 - https:\/\/yoast.com\/wordpress\/plugins\/seo\/ -->\n<title>U Dps-u Dino\u0161i preporu?uju da se u vladi izbori za svoj stav - Video - Lajme nga Ulqini<\/title>\n<meta name=\"description\" content=\"Dosta je bilo ultimatuma Podgorica - Predsjednik Radne grupe za uskla?ivanje izbornog zakona Miodrag Vukovi? je kazao da nije dobro da to skup\u0161tinsko\" \/>\n<meta name=\"robots\" content=\"index, follow, max-snippet:-1, max-image-preview:large, max-video-preview:-1\" \/>\n<link rel=\"canonical\" href=\"https:\/\/www.visit-ulcinj.com\/blog\/2009\/10\/06\/u-dps-u-dinosi-preporucuju-da-se-u-vladi-izbori-za-svoj-stav\/\" \/>\n<meta property=\"og:locale\" content=\"en_US\" \/>\n<meta property=\"og:type\" content=\"article\" \/>\n<meta property=\"og:title\" content=\"U Dps-u Dino\u0161i preporu?uju da se u vladi izbori za svoj stav - Video - Lajme nga Ulqini\" \/>\n<meta property=\"og:description\" content=\"Dosta je bilo ultimatuma Podgorica - Predsjednik Radne grupe za uskla?ivanje izbornog zakona Miodrag Vukovi? je kazao da nije dobro da to skup\u0161tinsko\" \/>\n<meta property=\"og:url\" content=\"https:\/\/www.visit-ulcinj.com\/blog\/2009\/10\/06\/u-dps-u-dinosi-preporucuju-da-se-u-vladi-izbori-za-svoj-stav\/\" \/>\n<meta property=\"og:site_name\" content=\"Lajme nga Ulqini\" \/>\n<meta property=\"article:published_time\" content=\"2009-10-06T18:51:43+00:00\" \/>\n<meta property=\"article:modified_time\" content=\"2009-10-11T21:54:55+00:00\" \/>\n<meta name=\"twitter:label1\" content=\"Written by\" \/>\n\t<meta name=\"twitter:data1\" content=\"ulqini\" \/>\n\t<meta name=\"twitter:label2\" content=\"Est. reading time\" \/>\n\t<meta name=\"twitter:data2\" content=\"3 minutes\" \/>\n<script type=\"application\/ld+json\" class=\"yoast-schema-graph\">{\"@context\":\"https:\/\/schema.org\",\"@graph\":[{\"@type\":\"WebSite\",\"@id\":\"https:\/\/www.visit-ulcinj.com\/blog\/#website\",\"url\":\"https:\/\/www.visit-ulcinj.com\/blog\/\",\"name\":\"Lajme nga Ulqini\",\"description\":\"Lajme,Vijesti,Ulqini,Ulqin,Crna Gora,Mali i Zi\",\"potentialAction\":[{\"@type\":\"SearchAction\",\"target\":{\"@type\":\"EntryPoint\",\"urlTemplate\":\"https:\/\/www.visit-ulcinj.com\/blog\/?s={search_term_string}\"},\"query-input\":\"required name=search_term_string\"}],\"inLanguage\":\"en-US\"},{\"@type\":\"WebPage\",\"@id\":\"https:\/\/www.visit-ulcinj.com\/blog\/2009\/10\/06\/u-dps-u-dinosi-preporucuju-da-se-u-vladi-izbori-za-svoj-stav\/#webpage\",\"url\":\"https:\/\/www.visit-ulcinj.com\/blog\/2009\/10\/06\/u-dps-u-dinosi-preporucuju-da-se-u-vladi-izbori-za-svoj-stav\/\",\"name\":\"U Dps-u Dino\u0161i preporu?uju da se u vladi izbori za svoj stav - Video - Lajme nga Ulqini\",\"isPartOf\":{\"@id\":\"https:\/\/www.visit-ulcinj.com\/blog\/#website\"},\"datePublished\":\"2009-10-06T18:51:43+00:00\",\"dateModified\":\"2009-10-11T21:54:55+00:00\",\"author\":{\"@id\":\"https:\/\/www.visit-ulcinj.com\/blog\/#\/schema\/person\/dcab619c614d3038751c63bc2aadc06d\"},\"description\":\"Dosta je bilo ultimatuma Podgorica - Predsjednik Radne grupe za uskla?ivanje izbornog zakona Miodrag Vukovi? je kazao da nije dobro da to skup\u0161tinsko\",\"breadcrumb\":{\"@id\":\"https:\/\/www.visit-ulcinj.com\/blog\/2009\/10\/06\/u-dps-u-dinosi-preporucuju-da-se-u-vladi-izbori-za-svoj-stav\/#breadcrumb\"},\"inLanguage\":\"en-US\",\"potentialAction\":[{\"@type\":\"ReadAction\",\"target\":[\"https:\/\/www.visit-ulcinj.com\/blog\/2009\/10\/06\/u-dps-u-dinosi-preporucuju-da-se-u-vladi-izbori-za-svoj-stav\/\"]}]},{\"@type\":\"BreadcrumbList\",\"@id\":\"https:\/\/www.visit-ulcinj.com\/blog\/2009\/10\/06\/u-dps-u-dinosi-preporucuju-da-se-u-vladi-izbori-za-svoj-stav\/#breadcrumb\",\"itemListElement\":[{\"@type\":\"ListItem\",\"position\":1,\"name\":\"U Dps-u Dino\u0161i preporu?uju da se u vladi izbori za svoj stav &#8211; Video\"}]},{\"@type\":\"Person\",\"@id\":\"https:\/\/www.visit-ulcinj.com\/blog\/#\/schema\/person\/dcab619c614d3038751c63bc2aadc06d\",\"name\":\"ulqini\",\"sameAs\":[\"http:\/\/www.visit-ulcinj.com\"],\"url\":\"https:\/\/www.visit-ulcinj.com\/blog\/author\/admin\/\"}]}<\/script>\n<!-- \/ Yoast SEO plugin. -->","yoast_head_json":{"title":"U Dps-u Dino\u0161i preporu?uju da se u vladi izbori za svoj stav - Video - Lajme nga Ulqini","description":"Dosta je bilo ultimatuma Podgorica - Predsjednik Radne grupe za uskla?ivanje izbornog zakona Miodrag Vukovi? je kazao da nije dobro da to skup\u0161tinsko","robots":{"index":"index","follow":"follow","max-snippet":"max-snippet:-1","max-image-preview":"max-image-preview:large","max-video-preview":"max-video-preview:-1"},"canonical":"https:\/\/www.visit-ulcinj.com\/blog\/2009\/10\/06\/u-dps-u-dinosi-preporucuju-da-se-u-vladi-izbori-za-svoj-stav\/","og_locale":"en_US","og_type":"article","og_title":"U Dps-u Dino\u0161i preporu?uju da se u vladi izbori za svoj stav - Video - Lajme nga Ulqini","og_description":"Dosta je bilo ultimatuma Podgorica - Predsjednik Radne grupe za uskla?ivanje izbornog zakona Miodrag Vukovi? je kazao da nije dobro da to skup\u0161tinsko","og_url":"https:\/\/www.visit-ulcinj.com\/blog\/2009\/10\/06\/u-dps-u-dinosi-preporucuju-da-se-u-vladi-izbori-za-svoj-stav\/","og_site_name":"Lajme nga Ulqini","article_published_time":"2009-10-06T18:51:43+00:00","article_modified_time":"2009-10-11T21:54:55+00:00","twitter_misc":{"Written by":"ulqini","Est. reading time":"3 minutes"},"schema":{"@context":"https:\/\/schema.org","@graph":[{"@type":"WebSite","@id":"https:\/\/www.visit-ulcinj.com\/blog\/#website","url":"https:\/\/www.visit-ulcinj.com\/blog\/","name":"Lajme nga Ulqini","description":"Lajme,Vijesti,Ulqini,Ulqin,Crna Gora,Mali i Zi","potentialAction":[{"@type":"SearchAction","target":{"@type":"EntryPoint","urlTemplate":"https:\/\/www.visit-ulcinj.com\/blog\/?s={search_term_string}"},"query-input":"required name=search_term_string"}],"inLanguage":"en-US"},{"@type":"WebPage","@id":"https:\/\/www.visit-ulcinj.com\/blog\/2009\/10\/06\/u-dps-u-dinosi-preporucuju-da-se-u-vladi-izbori-za-svoj-stav\/#webpage","url":"https:\/\/www.visit-ulcinj.com\/blog\/2009\/10\/06\/u-dps-u-dinosi-preporucuju-da-se-u-vladi-izbori-za-svoj-stav\/","name":"U Dps-u Dino\u0161i preporu?uju da se u vladi izbori za svoj stav - Video - Lajme nga Ulqini","isPartOf":{"@id":"https:\/\/www.visit-ulcinj.com\/blog\/#website"},"datePublished":"2009-10-06T18:51:43+00:00","dateModified":"2009-10-11T21:54:55+00:00","author":{"@id":"https:\/\/www.visit-ulcinj.com\/blog\/#\/schema\/person\/dcab619c614d3038751c63bc2aadc06d"},"description":"Dosta je bilo ultimatuma Podgorica - Predsjednik Radne grupe za uskla?ivanje izbornog zakona Miodrag Vukovi? je kazao da nije dobro da to skup\u0161tinsko","breadcrumb":{"@id":"https:\/\/www.visit-ulcinj.com\/blog\/2009\/10\/06\/u-dps-u-dinosi-preporucuju-da-se-u-vladi-izbori-za-svoj-stav\/#breadcrumb"},"inLanguage":"en-US","potentialAction":[{"@type":"ReadAction","target":["https:\/\/www.visit-ulcinj.com\/blog\/2009\/10\/06\/u-dps-u-dinosi-preporucuju-da-se-u-vladi-izbori-za-svoj-stav\/"]}]},{"@type":"BreadcrumbList","@id":"https:\/\/www.visit-ulcinj.com\/blog\/2009\/10\/06\/u-dps-u-dinosi-preporucuju-da-se-u-vladi-izbori-za-svoj-stav\/#breadcrumb","itemListElement":[{"@type":"ListItem","position":1,"name":"U Dps-u Dino\u0161i preporu?uju da se u vladi izbori za svoj stav &#8211; Video"}]},{"@type":"Person","@id":"https:\/\/www.visit-ulcinj.com\/blog\/#\/schema\/person\/dcab619c614d3038751c63bc2aadc06d","name":"ulqini","sameAs":["http:\/\/www.visit-ulcinj.com"],"url":"https:\/\/www.visit-ulcinj.com\/blog\/author\/admin\/"}]}},"jetpack_featured_media_url":"","jetpack_sharing_enabled":true,"jetpack_shortlink":"https:\/\/wp.me\/pe6lTn-6Pv","_links":{"self":[{"href":"https:\/\/www.visit-ulcinj.com\/blog\/wp-json\/wp\/v2\/posts\/26257"}],"collection":[{"href":"https:\/\/www.visit-ulcinj.com\/blog\/wp-json\/wp\/v2\/posts"}],"about":[{"href":"https:\/\/www.visit-ulcinj.com\/blog\/wp-json\/wp\/v2\/types\/post"}],"author":[{"embeddable":true,"href":"https:\/\/www.visit-ulcinj.com\/blog\/wp-json\/wp\/v2\/users\/1"}],"replies":[{"embeddable":true,"href":"https:\/\/www.visit-ulcinj.com\/blog\/wp-json\/wp\/v2\/comments?post=26257"}],"version-history":[{"count":0,"href":"https:\/\/www.visit-ulcinj.com\/blog\/wp-json\/wp\/v2\/posts\/26257\/revisions"}],"wp:attachment":[{"href":"https:\/\/www.visit-ulcinj.com\/blog\/wp-json\/wp\/v2\/media?parent=26257"}],"wp:term":[{"taxonomy":"category","embeddable":true,"href":"https:\/\/www.visit-ulcinj.com\/blog\/wp-json\/wp\/v2\/categories?post=26257"},{"taxonomy":"post_tag","embeddable":true,"href":"https:\/\/www.visit-ulcinj.com\/blog\/wp-json\/wp\/v2\/tags?post=26257"}],"curies":[{"name":"wp","href":"https:\/\/api.w.org\/{rel}","templated":true}]}}