{"id":26262,"date":"2009-10-07T18:54:41","date_gmt":"2009-10-07T16:54:41","guid":{"rendered":"http:\/\/www.visit-ulcinj.com\/blog\/?p=26262"},"modified":"2009-10-07T18:54:41","modified_gmt":"2009-10-07T16:54:41","slug":"skupstina-ulcinj-dva-sata-za-100-kvadrata","status":"publish","type":"post","link":"https:\/\/www.visit-ulcinj.com\/blog\/2009\/10\/07\/skupstina-ulcinj-dva-sata-za-100-kvadrata\/","title":{"rendered":"Skup\u0161tina Ulcinj: Dva sata za 100 kvadrata"},"content":{"rendered":"<p><strong><a href=\"http:\/\/www.visit-ulcinj.com\/blog\/wp-content\/uploads\/2009\/10\/skupstina-ulcinj_kuvendi-i-ulqinit.jpg\"><img loading=\"lazy\" class=\"alignleft size-full wp-image-26263\" title=\"skupstina-ulcinj_kuvendi-i-ulqinit\" src=\"http:\/\/www.visit-ulcinj.com\/blog\/wp-content\/uploads\/2009\/10\/skupstina-ulcinj_kuvendi-i-ulqinit.jpg\" alt=\"skupstina-ulcinj_kuvendi-i-ulqinit\" width=\"580\" height=\"400\" \/><\/a>Odbornici u Ulcinjskom parlamentu te\u0161ko se \u201erazdvojili\u201d od placa u vladimiru namijenjenog penzionerima za gradnju doma<\/strong><br \/>\nUlcinj &#8211; Odbornici u ulcinjskom parlamentu ju?e su ve?inom glasova usvojili odluke o dodjeli gradskog gra?evinskog zemlji\u0161ta Udru\u017eenju penzionera Vladimira i Komunalnoj policiji i otvorili raspravu o predlogu odluke o regulisanju saobra?aja u op\u0161tini, koju ?e nastaviti sjutra.<br \/>\nNa po?etku sjednice, bez prisustva opozicije, odbornici vladaju?e koalicije i PDP, kojima je kvorum ?inio njihov kolega iz DJA Ragip \u0160aptafi, usvojili su program ure?enja prostora za 2009, o kome su raspravu okon?ali dan ranije. Skup\u0161tina je ju?e jednoglasno dala i saglasnost na odluku o bratimljenju Ulcinja i Starog grada Sarajeva.<br \/>\nVi\u0161e od dva sata trebalo je odbornicima SO da vladimirskim penzionerima za potrebe izgradnje doma, dodijele 100 kvadrata zemlji\u0161ta za koje je na po?etku rasprave pravni zastupnik Op\u0161tine \u0160emso Hasanagaj kazao da je sporno i unio zabunu u parlament.<br \/>\n\u201cU me?uvremenu, od kada su penzioneri podnijeli zahtjev, pojavili su se i biv\u0161i vlasnici koji tra\u017ee povra?aj tog placa. Tra\u017eim da mom sekretarijatu date saglasnost da mo\u017ee penzionerima Vladimira dodijeliti neku drugu lokaciju za koju prethodno utvrdi da nije sporna\u201d, kazao je Hasanagaj.<br \/>\nKadri Sinani (DS) rekao je da je Hasanagaj neozbiljan, a njegov partijski kolega Tahir Tahiri \u201eda plac ionako nije uslovan jer nema parking\u201c.<br \/>\nOdbornik Force Fuad Had\u017eibeti ocijenio je da bi SO trebalo da formira posebnu komisiju koja ?e deblokirati razvoj Vladimira, budu?i da u centru tog mjesta nijesu rije\u0161eni brojni imovinski odnosi.<br \/>\nHajro Hajdari (DS) tra\u017eio je da mu prije glasanja nadle\u017eni sekretarijat odgovori na pitanje da li dom penzionera mo\u017ee dobiti dozvolu za gradnju.<br \/>\n\u201cNemojte da usvojimo ne\u0161to \u0161to ne mo\u017ee biti realizovano\u201d, kazao je Hajdari.<br \/>\nNjegov kolega iz Force Nailj Draga rekao je \u201eda bi odluku trebalo usvojiti, iako je ispolitizovana jer je vlast donosi pri kraju mandata\u201c.<br \/>\nEnigmu, politi?ka prepucavanja i marketing uo?i redovnih lokalnih izbora naredne godine, prekinuo je odbornik DPS i predsjednik skup\u0161tinskog Odbora za statut i propise Borislav Ba\u0161ovi? koji je kazao \u201eda je ova ta?ka dnevnog reda par ekselans primjer kako mi ne\u0161to \u0161to je vrlo jednostavno uslo\u017enjavamo\u201c.<br \/>\n\u201cMo\u017eemo usvojiti ovu ta?ku dnevnog reda ili ne. Amandmana nema, a Odbor za statut i propise konstatovao je da nema prepreka za usvajanje odluke. Mo\u017eda je nekom krivo \u0161to je ba\u0161 ovu skup\u0161tinsku ve?inu zapalo da pomogne penzionere Vladimira, ali to je neka druga pri?a\u201d, rekao je on.<br \/>\nNa opasku Hajdarija da je zabunu unio Hasanagaj koji je tra\u017eio saglasnost za neku drugu lokaciju, Ba\u0161ovi? je poru?io da nijedan sekretar Op\u0161tine nikad ne?e dobiti njegovu \u201cblanko saglasnost\u201d.<br \/>\nI gradona?elnik Gzim Hajdinaga izrazio je zadovoljstvo \u0161to ?e ve?ina u SO \u201cvjerovatno usvojiti odluku\u201d, koja ?e omogu?iti penzionerima Vladimira da imaju svoj kutak i dodao da je novac za izgradnju objekta ve? obezbije?en. On je odbacio optu\u017ebe opozicije da je odluka politi?ki motivisana.<br \/>\n\u201cTek sad su stvoreni uslovi da se o njoj glasa u parlamentu i to je jedini razlog \u0161to pred vama nije bila ranije\u201d, kazao je Hajdinaga i dodao da u odluci nema ni\u0161ta sporno.<br \/>\n\u201cPlac je trenutno u op\u0161tinskoj svojini. Ako bude nekih barijera, moji saradnici i ja ?emo se suo?iti sa njima\u201d, poru?io je Hajdinaga. On je kazao da je mislio da ?e ta ta?ka dnevnog reda biti usvojena za nekoliko minuta.<br \/>\n\u201cOdugovla?ili su oni koji su imali priliku da zavr\u0161e cijeli posao, a nijesu\u201d, kazao je Hajdinaga.<br \/>\n<strong><br \/>\nGrad dobio Komunalnu policiju<\/strong><\/p>\n<p>Skup\u0161tina je usvojila i odluku o Komunalnoj policiji, iako su odbornici opozicije tvrdili da nije zadovoljena zakonska forma.<br \/>\n\u201cNemam zaklju?ke Odbora za statut i propise niti obrazlo\u017eenja predloga odluke. Zavr\u0161ite to, pa da glasamo\u201d, kazao je Hajdari.<br \/>\nOdbornik Force Nazif Cungu tra\u017eio je da odluka bude usvojena u formi nacrta jer odbornici nemaju kompletan materijal.<br \/>\nUprkos tim zahtjevima, Op\u0161tina je dobila Komunalnu policiju ?iji ?e na?elnik morati da ima visoku stru?nu spremu, a nadzornici najmanje srednju.<\/p>\n<p><strong>S.ADROVI?<br \/>\n<a href=\"http:\/\/www.vijesti.me\/index.php?id_pre=318117&amp;godina=2009\" target=\"_blank\">Vijesti<\/a><\/strong><\/p>\n<p><strong><!--YouTube Error: bad URL entered--><br \/>\n<\/strong><\/p>\n","protected":false},"excerpt":{"rendered":"<p>Odbornici u Ulcinjskom parlamentu te\u0161ko se \u201erazdvojili\u201d od placa u vladimiru namijenjenog penzionerima za gradnju doma Ulcinj &#8211; Odbornici u ulcinjskom parlamentu ju?e su ve?inom glasova usvojili odluke o dodjeli gradskog gra?evinskog zemlji\u0161ta Udru\u017eenju penzionera Vladimira i Komunalnoj policiji i otvorili raspravu o predlogu odluke o regulisanju saobra?aja u op\u0161tini, koju ?e nastaviti sjutra. Na [&hellip;]<\/p>\n","protected":false},"author":1,"featured_media":0,"comment_status":"open","ping_status":"closed","sticky":false,"template":"","format":"standard","meta":{"spay_email":"","jetpack_publicize_message":"","jetpack_is_tweetstorm":false,"jetpack_publicize_feature_enabled":true},"categories":[8337],"tags":[940,5496,12620,2775,2221,12618,12617,945,12619,4260,899],"jetpack_publicize_connections":[],"yoast_head":"<!-- This site is optimized with the Yoast SEO plugin v19.1 - https:\/\/yoast.com\/wordpress\/plugins\/seo\/ -->\n<title>Skup\u0161tina Ulcinj: Dva sata za 100 kvadrata - Lajme nga Ulqini<\/title>\n<meta name=\"description\" content=\"Odbornici u Ulcinjskom parlamentu te\u0161ko se \u201erazdvojili\u201d od placa u vladimiru namijenjenog penzionerima za gradnju doma Ulcinj - Odbornici u ulcinjskom\" \/>\n<meta name=\"robots\" content=\"index, follow, max-snippet:-1, max-image-preview:large, max-video-preview:-1\" \/>\n<link rel=\"canonical\" href=\"https:\/\/www.visit-ulcinj.com\/blog\/2009\/10\/07\/skupstina-ulcinj-dva-sata-za-100-kvadrata\/\" \/>\n<meta property=\"og:locale\" content=\"en_US\" \/>\n<meta property=\"og:type\" content=\"article\" \/>\n<meta property=\"og:title\" content=\"Skup\u0161tina Ulcinj: Dva sata za 100 kvadrata - Lajme nga Ulqini\" \/>\n<meta property=\"og:description\" content=\"Odbornici u Ulcinjskom parlamentu te\u0161ko se \u201erazdvojili\u201d od placa u vladimiru namijenjenog penzionerima za gradnju doma Ulcinj - Odbornici u ulcinjskom\" \/>\n<meta property=\"og:url\" content=\"https:\/\/www.visit-ulcinj.com\/blog\/2009\/10\/07\/skupstina-ulcinj-dva-sata-za-100-kvadrata\/\" \/>\n<meta property=\"og:site_name\" content=\"Lajme nga Ulqini\" \/>\n<meta property=\"article:published_time\" content=\"2009-10-07T16:54:41+00:00\" \/>\n<meta property=\"og:image\" content=\"http:\/\/www.visit-ulcinj.com\/blog\/wp-content\/uploads\/2009\/10\/skupstina-ulcinj_kuvendi-i-ulqinit.jpg\" \/>\n<meta name=\"twitter:label1\" content=\"Written by\" \/>\n\t<meta name=\"twitter:data1\" content=\"ulqini\" \/>\n\t<meta name=\"twitter:label2\" content=\"Est. reading time\" \/>\n\t<meta name=\"twitter:data2\" content=\"4 minutes\" \/>\n<script type=\"application\/ld+json\" class=\"yoast-schema-graph\">{\"@context\":\"https:\/\/schema.org\",\"@graph\":[{\"@type\":\"WebSite\",\"@id\":\"https:\/\/www.visit-ulcinj.com\/blog\/#website\",\"url\":\"https:\/\/www.visit-ulcinj.com\/blog\/\",\"name\":\"Lajme nga Ulqini\",\"description\":\"Lajme,Vijesti,Ulqini,Ulqin,Crna Gora,Mali i Zi\",\"potentialAction\":[{\"@type\":\"SearchAction\",\"target\":{\"@type\":\"EntryPoint\",\"urlTemplate\":\"https:\/\/www.visit-ulcinj.com\/blog\/?s={search_term_string}\"},\"query-input\":\"required name=search_term_string\"}],\"inLanguage\":\"en-US\"},{\"@type\":\"ImageObject\",\"inLanguage\":\"en-US\",\"@id\":\"https:\/\/www.visit-ulcinj.com\/blog\/2009\/10\/07\/skupstina-ulcinj-dva-sata-za-100-kvadrata\/#primaryimage\",\"url\":\"https:\/\/www.visit-ulcinj.com\/blog\/wp-content\/uploads\/2009\/10\/skupstina-ulcinj_kuvendi-i-ulqinit.jpg\",\"contentUrl\":\"https:\/\/www.visit-ulcinj.com\/blog\/wp-content\/uploads\/2009\/10\/skupstina-ulcinj_kuvendi-i-ulqinit.jpg\",\"width\":\"640\",\"height\":\"450\"},{\"@type\":\"WebPage\",\"@id\":\"https:\/\/www.visit-ulcinj.com\/blog\/2009\/10\/07\/skupstina-ulcinj-dva-sata-za-100-kvadrata\/#webpage\",\"url\":\"https:\/\/www.visit-ulcinj.com\/blog\/2009\/10\/07\/skupstina-ulcinj-dva-sata-za-100-kvadrata\/\",\"name\":\"Skup\u0161tina Ulcinj: Dva sata za 100 kvadrata - Lajme nga Ulqini\",\"isPartOf\":{\"@id\":\"https:\/\/www.visit-ulcinj.com\/blog\/#website\"},\"primaryImageOfPage\":{\"@id\":\"https:\/\/www.visit-ulcinj.com\/blog\/2009\/10\/07\/skupstina-ulcinj-dva-sata-za-100-kvadrata\/#primaryimage\"},\"datePublished\":\"2009-10-07T16:54:41+00:00\",\"dateModified\":\"2009-10-07T16:54:41+00:00\",\"author\":{\"@id\":\"https:\/\/www.visit-ulcinj.com\/blog\/#\/schema\/person\/dcab619c614d3038751c63bc2aadc06d\"},\"description\":\"Odbornici u Ulcinjskom parlamentu te\u0161ko se \u201erazdvojili\u201d od placa u vladimiru namijenjenog penzionerima za gradnju doma Ulcinj - Odbornici u ulcinjskom\",\"breadcrumb\":{\"@id\":\"https:\/\/www.visit-ulcinj.com\/blog\/2009\/10\/07\/skupstina-ulcinj-dva-sata-za-100-kvadrata\/#breadcrumb\"},\"inLanguage\":\"en-US\",\"potentialAction\":[{\"@type\":\"ReadAction\",\"target\":[\"https:\/\/www.visit-ulcinj.com\/blog\/2009\/10\/07\/skupstina-ulcinj-dva-sata-za-100-kvadrata\/\"]}]},{\"@type\":\"BreadcrumbList\",\"@id\":\"https:\/\/www.visit-ulcinj.com\/blog\/2009\/10\/07\/skupstina-ulcinj-dva-sata-za-100-kvadrata\/#breadcrumb\",\"itemListElement\":[{\"@type\":\"ListItem\",\"position\":1,\"name\":\"Skup\u0161tina Ulcinj: Dva sata za 100 kvadrata\"}]},{\"@type\":\"Person\",\"@id\":\"https:\/\/www.visit-ulcinj.com\/blog\/#\/schema\/person\/dcab619c614d3038751c63bc2aadc06d\",\"name\":\"ulqini\",\"sameAs\":[\"http:\/\/www.visit-ulcinj.com\"],\"url\":\"https:\/\/www.visit-ulcinj.com\/blog\/author\/admin\/\"}]}<\/script>\n<!-- \/ Yoast SEO plugin. -->","yoast_head_json":{"title":"Skup\u0161tina Ulcinj: Dva sata za 100 kvadrata - Lajme nga Ulqini","description":"Odbornici u Ulcinjskom parlamentu te\u0161ko se \u201erazdvojili\u201d od placa u vladimiru namijenjenog penzionerima za gradnju doma Ulcinj - Odbornici u ulcinjskom","robots":{"index":"index","follow":"follow","max-snippet":"max-snippet:-1","max-image-preview":"max-image-preview:large","max-video-preview":"max-video-preview:-1"},"canonical":"https:\/\/www.visit-ulcinj.com\/blog\/2009\/10\/07\/skupstina-ulcinj-dva-sata-za-100-kvadrata\/","og_locale":"en_US","og_type":"article","og_title":"Skup\u0161tina Ulcinj: Dva sata za 100 kvadrata - Lajme nga Ulqini","og_description":"Odbornici u Ulcinjskom parlamentu te\u0161ko se \u201erazdvojili\u201d od placa u vladimiru namijenjenog penzionerima za gradnju doma Ulcinj - Odbornici u ulcinjskom","og_url":"https:\/\/www.visit-ulcinj.com\/blog\/2009\/10\/07\/skupstina-ulcinj-dva-sata-za-100-kvadrata\/","og_site_name":"Lajme nga Ulqini","article_published_time":"2009-10-07T16:54:41+00:00","og_image":[{"url":"http:\/\/www.visit-ulcinj.com\/blog\/wp-content\/uploads\/2009\/10\/skupstina-ulcinj_kuvendi-i-ulqinit.jpg"}],"twitter_misc":{"Written by":"ulqini","Est. reading time":"4 minutes"},"schema":{"@context":"https:\/\/schema.org","@graph":[{"@type":"WebSite","@id":"https:\/\/www.visit-ulcinj.com\/blog\/#website","url":"https:\/\/www.visit-ulcinj.com\/blog\/","name":"Lajme nga Ulqini","description":"Lajme,Vijesti,Ulqini,Ulqin,Crna Gora,Mali i Zi","potentialAction":[{"@type":"SearchAction","target":{"@type":"EntryPoint","urlTemplate":"https:\/\/www.visit-ulcinj.com\/blog\/?s={search_term_string}"},"query-input":"required name=search_term_string"}],"inLanguage":"en-US"},{"@type":"ImageObject","inLanguage":"en-US","@id":"https:\/\/www.visit-ulcinj.com\/blog\/2009\/10\/07\/skupstina-ulcinj-dva-sata-za-100-kvadrata\/#primaryimage","url":"https:\/\/www.visit-ulcinj.com\/blog\/wp-content\/uploads\/2009\/10\/skupstina-ulcinj_kuvendi-i-ulqinit.jpg","contentUrl":"https:\/\/www.visit-ulcinj.com\/blog\/wp-content\/uploads\/2009\/10\/skupstina-ulcinj_kuvendi-i-ulqinit.jpg","width":"640","height":"450"},{"@type":"WebPage","@id":"https:\/\/www.visit-ulcinj.com\/blog\/2009\/10\/07\/skupstina-ulcinj-dva-sata-za-100-kvadrata\/#webpage","url":"https:\/\/www.visit-ulcinj.com\/blog\/2009\/10\/07\/skupstina-ulcinj-dva-sata-za-100-kvadrata\/","name":"Skup\u0161tina Ulcinj: Dva sata za 100 kvadrata - Lajme nga Ulqini","isPartOf":{"@id":"https:\/\/www.visit-ulcinj.com\/blog\/#website"},"primaryImageOfPage":{"@id":"https:\/\/www.visit-ulcinj.com\/blog\/2009\/10\/07\/skupstina-ulcinj-dva-sata-za-100-kvadrata\/#primaryimage"},"datePublished":"2009-10-07T16:54:41+00:00","dateModified":"2009-10-07T16:54:41+00:00","author":{"@id":"https:\/\/www.visit-ulcinj.com\/blog\/#\/schema\/person\/dcab619c614d3038751c63bc2aadc06d"},"description":"Odbornici u Ulcinjskom parlamentu te\u0161ko se \u201erazdvojili\u201d od placa u vladimiru namijenjenog penzionerima za gradnju doma Ulcinj - Odbornici u ulcinjskom","breadcrumb":{"@id":"https:\/\/www.visit-ulcinj.com\/blog\/2009\/10\/07\/skupstina-ulcinj-dva-sata-za-100-kvadrata\/#breadcrumb"},"inLanguage":"en-US","potentialAction":[{"@type":"ReadAction","target":["https:\/\/www.visit-ulcinj.com\/blog\/2009\/10\/07\/skupstina-ulcinj-dva-sata-za-100-kvadrata\/"]}]},{"@type":"BreadcrumbList","@id":"https:\/\/www.visit-ulcinj.com\/blog\/2009\/10\/07\/skupstina-ulcinj-dva-sata-za-100-kvadrata\/#breadcrumb","itemListElement":[{"@type":"ListItem","position":1,"name":"Skup\u0161tina Ulcinj: Dva sata za 100 kvadrata"}]},{"@type":"Person","@id":"https:\/\/www.visit-ulcinj.com\/blog\/#\/schema\/person\/dcab619c614d3038751c63bc2aadc06d","name":"ulqini","sameAs":["http:\/\/www.visit-ulcinj.com"],"url":"https:\/\/www.visit-ulcinj.com\/blog\/author\/admin\/"}]}},"jetpack_featured_media_url":"","jetpack_sharing_enabled":true,"jetpack_shortlink":"https:\/\/wp.me\/pe6lTn-6PA","_links":{"self":[{"href":"https:\/\/www.visit-ulcinj.com\/blog\/wp-json\/wp\/v2\/posts\/26262"}],"collection":[{"href":"https:\/\/www.visit-ulcinj.com\/blog\/wp-json\/wp\/v2\/posts"}],"about":[{"href":"https:\/\/www.visit-ulcinj.com\/blog\/wp-json\/wp\/v2\/types\/post"}],"author":[{"embeddable":true,"href":"https:\/\/www.visit-ulcinj.com\/blog\/wp-json\/wp\/v2\/users\/1"}],"replies":[{"embeddable":true,"href":"https:\/\/www.visit-ulcinj.com\/blog\/wp-json\/wp\/v2\/comments?post=26262"}],"version-history":[{"count":0,"href":"https:\/\/www.visit-ulcinj.com\/blog\/wp-json\/wp\/v2\/posts\/26262\/revisions"}],"wp:attachment":[{"href":"https:\/\/www.visit-ulcinj.com\/blog\/wp-json\/wp\/v2\/media?parent=26262"}],"wp:term":[{"taxonomy":"category","embeddable":true,"href":"https:\/\/www.visit-ulcinj.com\/blog\/wp-json\/wp\/v2\/categories?post=26262"},{"taxonomy":"post_tag","embeddable":true,"href":"https:\/\/www.visit-ulcinj.com\/blog\/wp-json\/wp\/v2\/tags?post=26262"}],"curies":[{"name":"wp","href":"https:\/\/api.w.org\/{rel}","templated":true}]}}