{"id":26266,"date":"2009-10-07T19:21:53","date_gmt":"2009-10-07T17:21:53","guid":{"rendered":"http:\/\/www.visit-ulcinj.com\/blog\/?p=26266"},"modified":"2009-10-07T19:22:57","modified_gmt":"2009-10-07T17:22:57","slug":"prijava-protiv-jkp-a-ulcinja","status":"publish","type":"post","link":"https:\/\/www.visit-ulcinj.com\/blog\/2009\/10\/07\/prijava-protiv-jkp-a-ulcinja\/","title":{"rendered":"Prijava protiv JKP-a Ulcinja"},"content":{"rendered":"<p><strong><a href=\"http:\/\/www.visit-ulcinj.com\/blog\/wp-content\/uploads\/2009\/10\/Mje\u0161tani-Gornje-Bratice-Ulcinj.jpg\"><img loading=\"lazy\" class=\"alignleft size-full wp-image-26269\" title=\"Mje\u0161tani Gornje Bratice Ulcinj\" src=\"http:\/\/www.visit-ulcinj.com\/blog\/wp-content\/uploads\/2009\/10\/Mje\u0161tani-Gornje-Bratice-Ulcinj.jpg\" alt=\"Mje\u0161tani Gornje Bratice Ulcinj\" width=\"580\" height=\"396\" \/><\/a>Nevolje mje\u0161tana Gornje Bratice<\/strong><br \/>\nUlcinj &#8211; Mje\u0161tani Gornje Bratice podnijeli su krivi?nu prijavu protiv odgovornih u Komunalnom optu\u017euju?i ih da ni\u0161ta nijesu preduzeli protiv njihovih kom\u0161ija iz Donje Bratice, koji su se, kako tvrde, \u201eneovla\u0161?eno priklju?ili na vodovodnu mre\u017eu\u201c. U prijavi policiji, koju je peticijom podr\u017ealo 18 doma?instava, navodi se da mje\u0161tani nijesu smjeli da se priklju?e na ventil za ispiranje budu?i da se nalazi na najni\u017eoj ta?ki vodovoda.<br \/>\n\u201cUprkos tome, dobili su saglasnost od nadle\u017enih iz Komunalnog. Zbog toga mi vode ?esto nemamo i po pet-\u0161est dana, dok na\u0161e kom\u0161ije nemaju restrikcija\u201d, kazao je Miroslav Stani\u0161i?, koji je \u201cVijestima\u201d na uvid dostavio prijavu sa peticijom i potpisima mje\u0161tana Gornje Bratice.<br \/>\nDirektor Komunalnog Kaplan Mu?aj negirao je odgovornost preduze?a. On je kazao da, prema njegovim saznanjima, vode fali zbog ventila koji nepoznate osobe ve? nekoliko puta lome, a ne zbog divljih priklju?aka.<br \/>\n\u201cSlu?aj smo prijavili policiji koja traga za vandalima\u201d, kazao je Mu?aj.<br \/>\n<strong><br \/>\nS.ADROVI?<br \/>\n<a href=\"http:\/\/www.vijesti.me\/index.php?id_pre=318114&amp;godina=2009\" target=\"_blank\">Vijesti<\/a><\/strong><\/p>\n<p><strong><!--YouTube Error: bad URL entered--><br \/>\n<\/strong><\/p>\n","protected":false},"excerpt":{"rendered":"<p>Nevolje mje\u0161tana Gornje Bratice Ulcinj &#8211; Mje\u0161tani Gornje Bratice podnijeli su krivi?nu prijavu protiv odgovornih u Komunalnom optu\u017euju?i ih da ni\u0161ta nijesu preduzeli protiv njihovih kom\u0161ija iz Donje Bratice, koji su se, kako tvrde, \u201eneovla\u0161?eno priklju?ili na vodovodnu mre\u017eu\u201c. U prijavi policiji, koju je peticijom podr\u017ealo 18 doma?instava, navodi se da mje\u0161tani nijesu smjeli da [&hellip;]<\/p>\n","protected":false},"author":1,"featured_media":0,"comment_status":"open","ping_status":"closed","sticky":false,"template":"","format":"standard","meta":{"spay_email":"","jetpack_publicize_message":"","jetpack_is_tweetstorm":false,"jetpack_publicize_feature_enabled":true},"categories":[8337],"tags":[12621,12623,12622,12624,12625],"jetpack_publicize_connections":[],"yoast_head":"<!-- This site is optimized with the Yoast SEO plugin v19.1 - https:\/\/yoast.com\/wordpress\/plugins\/seo\/ -->\n<title>Prijava protiv JKP-a Ulcinja - Lajme nga Ulqini<\/title>\n<meta name=\"description\" content=\"Nevolje mje\u0161tana Gornje Bratice Ulcinj - Mje\u0161tani Gornje Bratice podnijeli su krivi?nu prijavu protiv odgovornih u Komunalnom optu\u017euju?i ih da ni\u0161ta\" \/>\n<meta name=\"robots\" content=\"index, follow, max-snippet:-1, max-image-preview:large, max-video-preview:-1\" \/>\n<link rel=\"canonical\" href=\"https:\/\/www.visit-ulcinj.com\/blog\/2009\/10\/07\/prijava-protiv-jkp-a-ulcinja\/\" \/>\n<meta property=\"og:locale\" content=\"en_US\" \/>\n<meta property=\"og:type\" content=\"article\" \/>\n<meta property=\"og:title\" content=\"Prijava protiv JKP-a Ulcinja - Lajme nga Ulqini\" \/>\n<meta property=\"og:description\" content=\"Nevolje mje\u0161tana Gornje Bratice Ulcinj - Mje\u0161tani Gornje Bratice podnijeli su krivi?nu prijavu protiv odgovornih u Komunalnom optu\u017euju?i ih da ni\u0161ta\" \/>\n<meta property=\"og:url\" content=\"https:\/\/www.visit-ulcinj.com\/blog\/2009\/10\/07\/prijava-protiv-jkp-a-ulcinja\/\" \/>\n<meta property=\"og:site_name\" content=\"Lajme nga Ulqini\" \/>\n<meta property=\"article:published_time\" content=\"2009-10-07T17:21:53+00:00\" \/>\n<meta property=\"article:modified_time\" content=\"2009-10-07T17:22:57+00:00\" \/>\n<meta name=\"twitter:label1\" content=\"Written by\" \/>\n\t<meta name=\"twitter:data1\" content=\"ulqini\" \/>\n\t<meta name=\"twitter:label2\" content=\"Est. reading time\" \/>\n\t<meta name=\"twitter:data2\" content=\"1 minute\" \/>\n<script type=\"application\/ld+json\" class=\"yoast-schema-graph\">{\"@context\":\"https:\/\/schema.org\",\"@graph\":[{\"@type\":\"WebSite\",\"@id\":\"https:\/\/www.visit-ulcinj.com\/blog\/#website\",\"url\":\"https:\/\/www.visit-ulcinj.com\/blog\/\",\"name\":\"Lajme nga Ulqini\",\"description\":\"Lajme,Vijesti,Ulqini,Ulqin,Crna Gora,Mali i Zi\",\"potentialAction\":[{\"@type\":\"SearchAction\",\"target\":{\"@type\":\"EntryPoint\",\"urlTemplate\":\"https:\/\/www.visit-ulcinj.com\/blog\/?s={search_term_string}\"},\"query-input\":\"required name=search_term_string\"}],\"inLanguage\":\"en-US\"},{\"@type\":\"WebPage\",\"@id\":\"https:\/\/www.visit-ulcinj.com\/blog\/2009\/10\/07\/prijava-protiv-jkp-a-ulcinja\/#webpage\",\"url\":\"https:\/\/www.visit-ulcinj.com\/blog\/2009\/10\/07\/prijava-protiv-jkp-a-ulcinja\/\",\"name\":\"Prijava protiv JKP-a Ulcinja - Lajme nga Ulqini\",\"isPartOf\":{\"@id\":\"https:\/\/www.visit-ulcinj.com\/blog\/#website\"},\"datePublished\":\"2009-10-07T17:21:53+00:00\",\"dateModified\":\"2009-10-07T17:22:57+00:00\",\"author\":{\"@id\":\"https:\/\/www.visit-ulcinj.com\/blog\/#\/schema\/person\/dcab619c614d3038751c63bc2aadc06d\"},\"description\":\"Nevolje mje\u0161tana Gornje Bratice Ulcinj - Mje\u0161tani Gornje Bratice podnijeli su krivi?nu prijavu protiv odgovornih u Komunalnom optu\u017euju?i ih da ni\u0161ta\",\"breadcrumb\":{\"@id\":\"https:\/\/www.visit-ulcinj.com\/blog\/2009\/10\/07\/prijava-protiv-jkp-a-ulcinja\/#breadcrumb\"},\"inLanguage\":\"en-US\",\"potentialAction\":[{\"@type\":\"ReadAction\",\"target\":[\"https:\/\/www.visit-ulcinj.com\/blog\/2009\/10\/07\/prijava-protiv-jkp-a-ulcinja\/\"]}]},{\"@type\":\"BreadcrumbList\",\"@id\":\"https:\/\/www.visit-ulcinj.com\/blog\/2009\/10\/07\/prijava-protiv-jkp-a-ulcinja\/#breadcrumb\",\"itemListElement\":[{\"@type\":\"ListItem\",\"position\":1,\"name\":\"Prijava protiv JKP-a Ulcinja\"}]},{\"@type\":\"Person\",\"@id\":\"https:\/\/www.visit-ulcinj.com\/blog\/#\/schema\/person\/dcab619c614d3038751c63bc2aadc06d\",\"name\":\"ulqini\",\"sameAs\":[\"http:\/\/www.visit-ulcinj.com\"],\"url\":\"https:\/\/www.visit-ulcinj.com\/blog\/author\/admin\/\"}]}<\/script>\n<!-- \/ Yoast SEO plugin. -->","yoast_head_json":{"title":"Prijava protiv JKP-a Ulcinja - Lajme nga Ulqini","description":"Nevolje mje\u0161tana Gornje Bratice Ulcinj - Mje\u0161tani Gornje Bratice podnijeli su krivi?nu prijavu protiv odgovornih u Komunalnom optu\u017euju?i ih da ni\u0161ta","robots":{"index":"index","follow":"follow","max-snippet":"max-snippet:-1","max-image-preview":"max-image-preview:large","max-video-preview":"max-video-preview:-1"},"canonical":"https:\/\/www.visit-ulcinj.com\/blog\/2009\/10\/07\/prijava-protiv-jkp-a-ulcinja\/","og_locale":"en_US","og_type":"article","og_title":"Prijava protiv JKP-a Ulcinja - Lajme nga Ulqini","og_description":"Nevolje mje\u0161tana Gornje Bratice Ulcinj - Mje\u0161tani Gornje Bratice podnijeli su krivi?nu prijavu protiv odgovornih u Komunalnom optu\u017euju?i ih da ni\u0161ta","og_url":"https:\/\/www.visit-ulcinj.com\/blog\/2009\/10\/07\/prijava-protiv-jkp-a-ulcinja\/","og_site_name":"Lajme nga Ulqini","article_published_time":"2009-10-07T17:21:53+00:00","article_modified_time":"2009-10-07T17:22:57+00:00","twitter_misc":{"Written by":"ulqini","Est. reading time":"1 minute"},"schema":{"@context":"https:\/\/schema.org","@graph":[{"@type":"WebSite","@id":"https:\/\/www.visit-ulcinj.com\/blog\/#website","url":"https:\/\/www.visit-ulcinj.com\/blog\/","name":"Lajme nga Ulqini","description":"Lajme,Vijesti,Ulqini,Ulqin,Crna Gora,Mali i Zi","potentialAction":[{"@type":"SearchAction","target":{"@type":"EntryPoint","urlTemplate":"https:\/\/www.visit-ulcinj.com\/blog\/?s={search_term_string}"},"query-input":"required name=search_term_string"}],"inLanguage":"en-US"},{"@type":"WebPage","@id":"https:\/\/www.visit-ulcinj.com\/blog\/2009\/10\/07\/prijava-protiv-jkp-a-ulcinja\/#webpage","url":"https:\/\/www.visit-ulcinj.com\/blog\/2009\/10\/07\/prijava-protiv-jkp-a-ulcinja\/","name":"Prijava protiv JKP-a Ulcinja - Lajme nga Ulqini","isPartOf":{"@id":"https:\/\/www.visit-ulcinj.com\/blog\/#website"},"datePublished":"2009-10-07T17:21:53+00:00","dateModified":"2009-10-07T17:22:57+00:00","author":{"@id":"https:\/\/www.visit-ulcinj.com\/blog\/#\/schema\/person\/dcab619c614d3038751c63bc2aadc06d"},"description":"Nevolje mje\u0161tana Gornje Bratice Ulcinj - Mje\u0161tani Gornje Bratice podnijeli su krivi?nu prijavu protiv odgovornih u Komunalnom optu\u017euju?i ih da ni\u0161ta","breadcrumb":{"@id":"https:\/\/www.visit-ulcinj.com\/blog\/2009\/10\/07\/prijava-protiv-jkp-a-ulcinja\/#breadcrumb"},"inLanguage":"en-US","potentialAction":[{"@type":"ReadAction","target":["https:\/\/www.visit-ulcinj.com\/blog\/2009\/10\/07\/prijava-protiv-jkp-a-ulcinja\/"]}]},{"@type":"BreadcrumbList","@id":"https:\/\/www.visit-ulcinj.com\/blog\/2009\/10\/07\/prijava-protiv-jkp-a-ulcinja\/#breadcrumb","itemListElement":[{"@type":"ListItem","position":1,"name":"Prijava protiv JKP-a Ulcinja"}]},{"@type":"Person","@id":"https:\/\/www.visit-ulcinj.com\/blog\/#\/schema\/person\/dcab619c614d3038751c63bc2aadc06d","name":"ulqini","sameAs":["http:\/\/www.visit-ulcinj.com"],"url":"https:\/\/www.visit-ulcinj.com\/blog\/author\/admin\/"}]}},"jetpack_featured_media_url":"","jetpack_sharing_enabled":true,"jetpack_shortlink":"https:\/\/wp.me\/pe6lTn-6PE","_links":{"self":[{"href":"https:\/\/www.visit-ulcinj.com\/blog\/wp-json\/wp\/v2\/posts\/26266"}],"collection":[{"href":"https:\/\/www.visit-ulcinj.com\/blog\/wp-json\/wp\/v2\/posts"}],"about":[{"href":"https:\/\/www.visit-ulcinj.com\/blog\/wp-json\/wp\/v2\/types\/post"}],"author":[{"embeddable":true,"href":"https:\/\/www.visit-ulcinj.com\/blog\/wp-json\/wp\/v2\/users\/1"}],"replies":[{"embeddable":true,"href":"https:\/\/www.visit-ulcinj.com\/blog\/wp-json\/wp\/v2\/comments?post=26266"}],"version-history":[{"count":0,"href":"https:\/\/www.visit-ulcinj.com\/blog\/wp-json\/wp\/v2\/posts\/26266\/revisions"}],"wp:attachment":[{"href":"https:\/\/www.visit-ulcinj.com\/blog\/wp-json\/wp\/v2\/media?parent=26266"}],"wp:term":[{"taxonomy":"category","embeddable":true,"href":"https:\/\/www.visit-ulcinj.com\/blog\/wp-json\/wp\/v2\/categories?post=26266"},{"taxonomy":"post_tag","embeddable":true,"href":"https:\/\/www.visit-ulcinj.com\/blog\/wp-json\/wp\/v2\/tags?post=26266"}],"curies":[{"name":"wp","href":"https:\/\/api.w.org\/{rel}","templated":true}]}}