{"id":2627,"date":"2008-08-21T03:31:27","date_gmt":"2008-08-21T08:31:27","guid":{"rendered":"http:\/\/www.visit-ulcinj.com\/blog\/?p=2627"},"modified":"2008-08-21T03:31:27","modified_gmt":"2008-08-21T08:31:27","slug":"crnogorski-spoljni-dug-najnizi-u-regionu","status":"publish","type":"post","link":"https:\/\/www.visit-ulcinj.com\/blog\/2008\/08\/21\/crnogorski-spoljni-dug-najnizi-u-regionu\/","title":{"rendered":"Crnogorski spoljni dug najni\u017ei u regionu"},"content":{"rendered":"<p><a href=\"http:\/\/www.seebiz.eu\/files\/img\/2007\/10\/23\/euro.jpg\"><img loading=\"lazy\" class=\"alignleft\" title=\"Crnogorski spoljni dug najni\u017ei u regionu\" src=\"http:\/\/www.seebiz.eu\/files\/img\/2007\/10\/23\/euro.jpg\" alt=\"\" width=\"293\" height=\"150\" \/><\/a>PODGORICA &#8211; Spoljni dug Crne Gore iznosi 2,5 milijardi EUR i najmanji je od svih dr\u017eava nastalih raspadom Jugoslavije.<br \/>\nCrnogorski uvoz pro\u0161le godine je iznosio 2,1 milijardi EUR, dok je izvezena roba vrijedna 600 miliona EUR. Ti podaci su zabrinjavaju?i, ali Crnogorcima na ruku idu veliki prihodi od turizma i prodaje nekretnina, prenosi beogradska Politika. Pojedine dr\u017eave, ?lanice nekada\u0161nje Jugoslavije koja se raspala prije 17 godina, do sada su napravile 6,5 puta ve?i dug nego \u0161to su naslijedile prilikom diobnog bilansa.<br \/>\nPoslije deobe zajedni?ke dr\u017eave, najve?i minus napravila je Hrvatska, ?iji je ukupni spoljni dug prema\u0161io 35 milijardi EUR, deset puta vi\u0161e nego \u0161to su imali uo?i raspada Jugoslavije. Slovenija je na drugom mjestu sa 30,7 milijardi EUR, ali je, zbog ekonomsko-poiliti?ke stabilnosti njihova pozicija znatno bolja od Hrvatske. Slovenija ne brine zbog duga jer ima izra\u017een izvoz. Ta dr\u017eava je pro\u0161le godine izvezla robu vrijednu 19,3 milijardi EUR. Uvoz je ko\u0161tao 21,4 milijarde, \u0161to zna?i da je vi\u0161e od 80 odsto uvoza pokriveno izvozom.<br \/>\nSrbija je, sa ino-dugom od 18,6 milijardi EUR na tre?em mjestu. Njoj je, nakon  podjele jugoslovenskog duga, pripalo 38 odsto ukupnog duga, a u vrijeme razlaza ta dr\u017eava je, zajedno sa Crnom Gorom, naslijedila 5,55 milijardi EUR zadu\u017eenja. Bosna i Hercegovina trenutno duguje 5,5 milijardi, a Makedonija knji\u017ei 3,7 milijardi EUR inostranog duga.<br \/>\n<strong>Izvor \/ Mina-business<\/strong><\/p>\n","protected":false},"excerpt":{"rendered":"<p><img loading=\"lazy\" class=\"alignleft\" title=\"Crnogorski spoljni dug najni\u017ei u regionu\" src=\"http:\/\/www.seebiz.eu\/files\/img\/2007\/10\/23\/euro.jpg\" alt=\"\" width=\"140\" height=\"140\" \/><\/p>\n","protected":false},"author":1,"featured_media":0,"comment_status":"open","ping_status":"closed","sticky":false,"template":"","format":"standard","meta":{"spay_email":"","jetpack_publicize_message":"","jetpack_is_tweetstorm":false,"jetpack_publicize_feature_enabled":true},"categories":[10,12],"tags":[20],"jetpack_publicize_connections":[],"yoast_head":"<!-- This site is optimized with the Yoast SEO plugin v19.1 - https:\/\/yoast.com\/wordpress\/plugins\/seo\/ -->\n<title>Crnogorski spoljni dug najni\u017ei u regionu - Lajme nga Ulqini<\/title>\n<meta name=\"robots\" content=\"index, follow, max-snippet:-1, max-image-preview:large, max-video-preview:-1\" \/>\n<link rel=\"canonical\" href=\"https:\/\/www.visit-ulcinj.com\/blog\/2008\/08\/21\/crnogorski-spoljni-dug-najnizi-u-regionu\/\" \/>\n<meta property=\"og:locale\" content=\"en_US\" \/>\n<meta property=\"og:type\" content=\"article\" \/>\n<meta property=\"og:title\" content=\"Crnogorski spoljni dug najni\u017ei u regionu - Lajme nga Ulqini\" \/>\n<meta property=\"og:url\" content=\"https:\/\/www.visit-ulcinj.com\/blog\/2008\/08\/21\/crnogorski-spoljni-dug-najnizi-u-regionu\/\" \/>\n<meta property=\"og:site_name\" content=\"Lajme nga Ulqini\" \/>\n<meta property=\"article:published_time\" content=\"2008-08-21T08:31:27+00:00\" \/>\n<meta property=\"og:image\" content=\"http:\/\/www.seebiz.eu\/files\/img\/2007\/10\/23\/euro.jpg\" \/>\n<meta name=\"twitter:label1\" content=\"Written by\" \/>\n\t<meta name=\"twitter:data1\" content=\"ulqini\" \/>\n\t<meta name=\"twitter:label2\" content=\"Est. reading time\" \/>\n\t<meta name=\"twitter:data2\" content=\"1 minute\" \/>\n<script type=\"application\/ld+json\" class=\"yoast-schema-graph\">{\"@context\":\"https:\/\/schema.org\",\"@graph\":[{\"@type\":\"WebSite\",\"@id\":\"https:\/\/www.visit-ulcinj.com\/blog\/#website\",\"url\":\"https:\/\/www.visit-ulcinj.com\/blog\/\",\"name\":\"Lajme nga Ulqini\",\"description\":\"Lajme,Vijesti,Ulqini,Ulqin,Crna Gora,Mali i Zi\",\"potentialAction\":[{\"@type\":\"SearchAction\",\"target\":{\"@type\":\"EntryPoint\",\"urlTemplate\":\"https:\/\/www.visit-ulcinj.com\/blog\/?s={search_term_string}\"},\"query-input\":\"required name=search_term_string\"}],\"inLanguage\":\"en-US\"},{\"@type\":\"ImageObject\",\"inLanguage\":\"en-US\",\"@id\":\"https:\/\/www.visit-ulcinj.com\/blog\/2008\/08\/21\/crnogorski-spoljni-dug-najnizi-u-regionu\/#primaryimage\",\"url\":\"http:\/\/www.seebiz.eu\/files\/img\/2007\/10\/23\/euro.jpg\",\"contentUrl\":\"http:\/\/www.seebiz.eu\/files\/img\/2007\/10\/23\/euro.jpg\"},{\"@type\":\"WebPage\",\"@id\":\"https:\/\/www.visit-ulcinj.com\/blog\/2008\/08\/21\/crnogorski-spoljni-dug-najnizi-u-regionu\/#webpage\",\"url\":\"https:\/\/www.visit-ulcinj.com\/blog\/2008\/08\/21\/crnogorski-spoljni-dug-najnizi-u-regionu\/\",\"name\":\"Crnogorski spoljni dug najni\u017ei u regionu - Lajme nga Ulqini\",\"isPartOf\":{\"@id\":\"https:\/\/www.visit-ulcinj.com\/blog\/#website\"},\"primaryImageOfPage\":{\"@id\":\"https:\/\/www.visit-ulcinj.com\/blog\/2008\/08\/21\/crnogorski-spoljni-dug-najnizi-u-regionu\/#primaryimage\"},\"datePublished\":\"2008-08-21T08:31:27+00:00\",\"dateModified\":\"2008-08-21T08:31:27+00:00\",\"author\":{\"@id\":\"https:\/\/www.visit-ulcinj.com\/blog\/#\/schema\/person\/dcab619c614d3038751c63bc2aadc06d\"},\"breadcrumb\":{\"@id\":\"https:\/\/www.visit-ulcinj.com\/blog\/2008\/08\/21\/crnogorski-spoljni-dug-najnizi-u-regionu\/#breadcrumb\"},\"inLanguage\":\"en-US\",\"potentialAction\":[{\"@type\":\"ReadAction\",\"target\":[\"https:\/\/www.visit-ulcinj.com\/blog\/2008\/08\/21\/crnogorski-spoljni-dug-najnizi-u-regionu\/\"]}]},{\"@type\":\"BreadcrumbList\",\"@id\":\"https:\/\/www.visit-ulcinj.com\/blog\/2008\/08\/21\/crnogorski-spoljni-dug-najnizi-u-regionu\/#breadcrumb\",\"itemListElement\":[{\"@type\":\"ListItem\",\"position\":1,\"name\":\"Crnogorski spoljni dug najni\u017ei u regionu\"}]},{\"@type\":\"Person\",\"@id\":\"https:\/\/www.visit-ulcinj.com\/blog\/#\/schema\/person\/dcab619c614d3038751c63bc2aadc06d\",\"name\":\"ulqini\",\"sameAs\":[\"http:\/\/www.visit-ulcinj.com\"],\"url\":\"https:\/\/www.visit-ulcinj.com\/blog\/author\/admin\/\"}]}<\/script>\n<!-- \/ Yoast SEO plugin. -->","yoast_head_json":{"title":"Crnogorski spoljni dug najni\u017ei u regionu - Lajme nga Ulqini","robots":{"index":"index","follow":"follow","max-snippet":"max-snippet:-1","max-image-preview":"max-image-preview:large","max-video-preview":"max-video-preview:-1"},"canonical":"https:\/\/www.visit-ulcinj.com\/blog\/2008\/08\/21\/crnogorski-spoljni-dug-najnizi-u-regionu\/","og_locale":"en_US","og_type":"article","og_title":"Crnogorski spoljni dug najni\u017ei u regionu - Lajme nga Ulqini","og_url":"https:\/\/www.visit-ulcinj.com\/blog\/2008\/08\/21\/crnogorski-spoljni-dug-najnizi-u-regionu\/","og_site_name":"Lajme nga Ulqini","article_published_time":"2008-08-21T08:31:27+00:00","og_image":[{"url":"http:\/\/www.seebiz.eu\/files\/img\/2007\/10\/23\/euro.jpg"}],"twitter_misc":{"Written by":"ulqini","Est. reading time":"1 minute"},"schema":{"@context":"https:\/\/schema.org","@graph":[{"@type":"WebSite","@id":"https:\/\/www.visit-ulcinj.com\/blog\/#website","url":"https:\/\/www.visit-ulcinj.com\/blog\/","name":"Lajme nga Ulqini","description":"Lajme,Vijesti,Ulqini,Ulqin,Crna Gora,Mali i Zi","potentialAction":[{"@type":"SearchAction","target":{"@type":"EntryPoint","urlTemplate":"https:\/\/www.visit-ulcinj.com\/blog\/?s={search_term_string}"},"query-input":"required name=search_term_string"}],"inLanguage":"en-US"},{"@type":"ImageObject","inLanguage":"en-US","@id":"https:\/\/www.visit-ulcinj.com\/blog\/2008\/08\/21\/crnogorski-spoljni-dug-najnizi-u-regionu\/#primaryimage","url":"http:\/\/www.seebiz.eu\/files\/img\/2007\/10\/23\/euro.jpg","contentUrl":"http:\/\/www.seebiz.eu\/files\/img\/2007\/10\/23\/euro.jpg"},{"@type":"WebPage","@id":"https:\/\/www.visit-ulcinj.com\/blog\/2008\/08\/21\/crnogorski-spoljni-dug-najnizi-u-regionu\/#webpage","url":"https:\/\/www.visit-ulcinj.com\/blog\/2008\/08\/21\/crnogorski-spoljni-dug-najnizi-u-regionu\/","name":"Crnogorski spoljni dug najni\u017ei u regionu - Lajme nga Ulqini","isPartOf":{"@id":"https:\/\/www.visit-ulcinj.com\/blog\/#website"},"primaryImageOfPage":{"@id":"https:\/\/www.visit-ulcinj.com\/blog\/2008\/08\/21\/crnogorski-spoljni-dug-najnizi-u-regionu\/#primaryimage"},"datePublished":"2008-08-21T08:31:27+00:00","dateModified":"2008-08-21T08:31:27+00:00","author":{"@id":"https:\/\/www.visit-ulcinj.com\/blog\/#\/schema\/person\/dcab619c614d3038751c63bc2aadc06d"},"breadcrumb":{"@id":"https:\/\/www.visit-ulcinj.com\/blog\/2008\/08\/21\/crnogorski-spoljni-dug-najnizi-u-regionu\/#breadcrumb"},"inLanguage":"en-US","potentialAction":[{"@type":"ReadAction","target":["https:\/\/www.visit-ulcinj.com\/blog\/2008\/08\/21\/crnogorski-spoljni-dug-najnizi-u-regionu\/"]}]},{"@type":"BreadcrumbList","@id":"https:\/\/www.visit-ulcinj.com\/blog\/2008\/08\/21\/crnogorski-spoljni-dug-najnizi-u-regionu\/#breadcrumb","itemListElement":[{"@type":"ListItem","position":1,"name":"Crnogorski spoljni dug najni\u017ei u regionu"}]},{"@type":"Person","@id":"https:\/\/www.visit-ulcinj.com\/blog\/#\/schema\/person\/dcab619c614d3038751c63bc2aadc06d","name":"ulqini","sameAs":["http:\/\/www.visit-ulcinj.com"],"url":"https:\/\/www.visit-ulcinj.com\/blog\/author\/admin\/"}]}},"jetpack_featured_media_url":"","jetpack_sharing_enabled":true,"jetpack_shortlink":"https:\/\/wp.me\/pe6lTn-Gn","_links":{"self":[{"href":"https:\/\/www.visit-ulcinj.com\/blog\/wp-json\/wp\/v2\/posts\/2627"}],"collection":[{"href":"https:\/\/www.visit-ulcinj.com\/blog\/wp-json\/wp\/v2\/posts"}],"about":[{"href":"https:\/\/www.visit-ulcinj.com\/blog\/wp-json\/wp\/v2\/types\/post"}],"author":[{"embeddable":true,"href":"https:\/\/www.visit-ulcinj.com\/blog\/wp-json\/wp\/v2\/users\/1"}],"replies":[{"embeddable":true,"href":"https:\/\/www.visit-ulcinj.com\/blog\/wp-json\/wp\/v2\/comments?post=2627"}],"version-history":[{"count":0,"href":"https:\/\/www.visit-ulcinj.com\/blog\/wp-json\/wp\/v2\/posts\/2627\/revisions"}],"wp:attachment":[{"href":"https:\/\/www.visit-ulcinj.com\/blog\/wp-json\/wp\/v2\/media?parent=2627"}],"wp:term":[{"taxonomy":"category","embeddable":true,"href":"https:\/\/www.visit-ulcinj.com\/blog\/wp-json\/wp\/v2\/categories?post=2627"},{"taxonomy":"post_tag","embeddable":true,"href":"https:\/\/www.visit-ulcinj.com\/blog\/wp-json\/wp\/v2\/tags?post=2627"}],"curies":[{"name":"wp","href":"https:\/\/api.w.org\/{rel}","templated":true}]}}