{"id":26277,"date":"2009-10-07T20:57:05","date_gmt":"2009-10-07T18:57:05","guid":{"rendered":"http:\/\/www.visit-ulcinj.com\/blog\/?p=26277"},"modified":"2009-10-07T21:00:21","modified_gmt":"2009-10-07T19:00:21","slug":"nora-istrefi-pa-pergjigje-per-spotin","status":"publish","type":"post","link":"https:\/\/www.visit-ulcinj.com\/blog\/2009\/10\/07\/nora-istrefi-pa-pergjigje-per-spotin\/","title":{"rendered":"Nora Istrefi pa p\u00ebrgjigje p\u00ebr spotin!"},"content":{"rendered":"<p><a href=\"http:\/\/www.visit-ulcinj.com\/blog\/wp-content\/uploads\/2009\/10\/nora20istrefi.jpg\"><img loading=\"lazy\" class=\"alignleft size-full wp-image-26278\" title=\"nora20istrefi\" src=\"http:\/\/www.visit-ulcinj.com\/blog\/wp-content\/uploads\/2009\/10\/nora20istrefi.jpg\" alt=\"nora20istrefi\" width=\"325\" height=\"288\" \/><\/a>Gjith\u00e7ka mund t\u00eb ndodh\u00eb! K\u00ebng\u00ebtarja Nora Istrefi, pasi ka kontraktuar nj\u00eb video-klip p\u00ebr nj\u00eb k\u00ebng\u00eb t\u00eb re me nj\u00eb produksion vendor dhe pasi ka b\u00ebr\u00eb xhirimet, personi n\u00eb fjal\u00eb \u00ebsht\u00eb larguar nga Kosova dhe nuk \u00ebsht\u00eb duke iu lajm\u00ebruar Nor\u00ebs n\u00eb telefon. Nj\u00eb burim i af\u00ebr me k\u00ebng\u00ebtaren ka th\u00ebn\u00eb p\u00ebr Express Roz\u00eb se Nora ka kontraktuar spotin n\u00eb nj\u00eb shum\u00eb p\u00ebr m\u00eb shum\u00eb se 3000 euro, por personi, pasi ka kryer xhirimet, nuk \u00ebsht\u00eb duke iu paraqitur Nor\u00ebs n\u00eb telefon dhe duket se nuk \u00ebsht\u00eb n\u00eb Kosov\u00eb. \u201cAi ka marr\u00eb parat\u00eb dhe nuk \u00ebsht\u00eb duke iu lajm\u00ebruar Nor\u00ebs n\u00eb telefon..K\u00ebng\u00ebtarja dhe normalisht menaxherja e Nor\u00ebs, Suzana (q\u00eb \u00ebsht\u00eb edhe n\u00ebna e Nor\u00ebs) ndihen t\u00eb shqet\u00ebsuara p\u00ebr k\u00ebt\u00eb gj\u00eb\u201d, ka th\u00ebn\u00eb ky burim. Ndryshe, p\u00ebr Nora Istrefin \u00ebsht\u00eb p\u00ebrfolur koh\u00ebve t\u00eb fundit s\u00eb ka prishur fejes\u00ebn me Robertin, por kjo thashetheme ka rezultuar t\u00ebr\u00ebsisht e pasakt\u00eb p\u00ebr k\u00ebng\u00ebtaren e hitit \u201cVet\u00ebm mua\u201d.<\/p>\n<p><strong>Express Roz\u00eb<\/strong><br \/>\n<strong><br \/>\n<!--YouTube Error: bad URL entered--><\/strong><\/p>\n","protected":false},"excerpt":{"rendered":"<p>Gjith\u00e7ka mund t\u00eb ndodh\u00eb! K\u00ebng\u00ebtarja Nora Istrefi, pasi ka kontraktuar nj\u00eb video-klip p\u00ebr nj\u00eb k\u00ebng\u00eb t\u00eb re me nj\u00eb produksion vendor dhe pasi ka b\u00ebr\u00eb xhirimet, personi n\u00eb fjal\u00eb \u00ebsht\u00eb larguar nga Kosova dhe nuk \u00ebsht\u00eb duke iu lajm\u00ebruar Nor\u00ebs n\u00eb telefon. Nj\u00eb burim i af\u00ebr me k\u00ebng\u00ebtaren ka th\u00ebn\u00eb p\u00ebr Express Roz\u00eb se Nora [&hellip;]<\/p>\n","protected":false},"author":1,"featured_media":0,"comment_status":"open","ping_status":"closed","sticky":false,"template":"","format":"standard","meta":{"spay_email":"","jetpack_publicize_message":"","jetpack_is_tweetstorm":false,"jetpack_publicize_feature_enabled":true},"categories":[1],"tags":[4939],"jetpack_publicize_connections":[],"yoast_head":"<!-- This site is optimized with the Yoast SEO plugin v19.1 - https:\/\/yoast.com\/wordpress\/plugins\/seo\/ -->\n<title>Nora Istrefi pa p\u00ebrgjigje p\u00ebr spotin! - Lajme nga Ulqini<\/title>\n<meta name=\"description\" content=\"Gjith\u00e7ka mund t\u00eb ndodh\u00eb! K\u00ebng\u00ebtarja Nora Istrefi, pasi ka kontraktuar nj\u00eb video-klip p\u00ebr nj\u00eb k\u00ebng\u00eb t\u00eb re me nj\u00eb produksion vendor dhe pasi ka b\u00ebr\u00eb\" \/>\n<meta name=\"robots\" content=\"index, follow, max-snippet:-1, max-image-preview:large, max-video-preview:-1\" \/>\n<link rel=\"canonical\" href=\"https:\/\/www.visit-ulcinj.com\/blog\/2009\/10\/07\/nora-istrefi-pa-pergjigje-per-spotin\/\" \/>\n<meta property=\"og:locale\" content=\"en_US\" \/>\n<meta property=\"og:type\" content=\"article\" \/>\n<meta property=\"og:title\" content=\"Nora Istrefi pa p\u00ebrgjigje p\u00ebr spotin! - Lajme nga Ulqini\" \/>\n<meta property=\"og:description\" content=\"Gjith\u00e7ka mund t\u00eb ndodh\u00eb! K\u00ebng\u00ebtarja Nora Istrefi, pasi ka kontraktuar nj\u00eb video-klip p\u00ebr nj\u00eb k\u00ebng\u00eb t\u00eb re me nj\u00eb produksion vendor dhe pasi ka b\u00ebr\u00eb\" \/>\n<meta property=\"og:url\" content=\"https:\/\/www.visit-ulcinj.com\/blog\/2009\/10\/07\/nora-istrefi-pa-pergjigje-per-spotin\/\" \/>\n<meta property=\"og:site_name\" content=\"Lajme nga Ulqini\" \/>\n<meta property=\"article:published_time\" content=\"2009-10-07T18:57:05+00:00\" \/>\n<meta property=\"article:modified_time\" content=\"2009-10-07T19:00:21+00:00\" \/>\n<meta property=\"og:image\" content=\"https:\/\/www.visit-ulcinj.com\/blog\/wp-content\/uploads\/2009\/10\/nora20istrefi-150x150.jpg\" \/>\n<meta name=\"twitter:label1\" content=\"Written by\" \/>\n\t<meta name=\"twitter:data1\" content=\"ulqini\" \/>\n\t<meta name=\"twitter:label2\" content=\"Est. reading time\" \/>\n\t<meta name=\"twitter:data2\" content=\"1 minute\" \/>\n<script type=\"application\/ld+json\" class=\"yoast-schema-graph\">{\"@context\":\"https:\/\/schema.org\",\"@graph\":[{\"@type\":\"WebSite\",\"@id\":\"https:\/\/www.visit-ulcinj.com\/blog\/#website\",\"url\":\"https:\/\/www.visit-ulcinj.com\/blog\/\",\"name\":\"Lajme nga Ulqini\",\"description\":\"Lajme,Vijesti,Ulqini,Ulqin,Crna Gora,Mali i Zi\",\"potentialAction\":[{\"@type\":\"SearchAction\",\"target\":{\"@type\":\"EntryPoint\",\"urlTemplate\":\"https:\/\/www.visit-ulcinj.com\/blog\/?s={search_term_string}\"},\"query-input\":\"required name=search_term_string\"}],\"inLanguage\":\"en-US\"},{\"@type\":\"ImageObject\",\"inLanguage\":\"en-US\",\"@id\":\"https:\/\/www.visit-ulcinj.com\/blog\/2009\/10\/07\/nora-istrefi-pa-pergjigje-per-spotin\/#primaryimage\",\"url\":\"http:\/\/www.visit-ulcinj.com\/blog\/wp-content\/uploads\/2009\/10\/nora20istrefi.jpg\",\"contentUrl\":\"http:\/\/www.visit-ulcinj.com\/blog\/wp-content\/uploads\/2009\/10\/nora20istrefi.jpg\"},{\"@type\":\"WebPage\",\"@id\":\"https:\/\/www.visit-ulcinj.com\/blog\/2009\/10\/07\/nora-istrefi-pa-pergjigje-per-spotin\/#webpage\",\"url\":\"https:\/\/www.visit-ulcinj.com\/blog\/2009\/10\/07\/nora-istrefi-pa-pergjigje-per-spotin\/\",\"name\":\"Nora Istrefi pa p\u00ebrgjigje p\u00ebr spotin! - Lajme nga Ulqini\",\"isPartOf\":{\"@id\":\"https:\/\/www.visit-ulcinj.com\/blog\/#website\"},\"primaryImageOfPage\":{\"@id\":\"https:\/\/www.visit-ulcinj.com\/blog\/2009\/10\/07\/nora-istrefi-pa-pergjigje-per-spotin\/#primaryimage\"},\"datePublished\":\"2009-10-07T18:57:05+00:00\",\"dateModified\":\"2009-10-07T19:00:21+00:00\",\"author\":{\"@id\":\"https:\/\/www.visit-ulcinj.com\/blog\/#\/schema\/person\/dcab619c614d3038751c63bc2aadc06d\"},\"description\":\"Gjith\u00e7ka mund t\u00eb ndodh\u00eb! K\u00ebng\u00ebtarja Nora Istrefi, pasi ka kontraktuar nj\u00eb video-klip p\u00ebr nj\u00eb k\u00ebng\u00eb t\u00eb re me nj\u00eb produksion vendor dhe pasi ka b\u00ebr\u00eb\",\"breadcrumb\":{\"@id\":\"https:\/\/www.visit-ulcinj.com\/blog\/2009\/10\/07\/nora-istrefi-pa-pergjigje-per-spotin\/#breadcrumb\"},\"inLanguage\":\"en-US\",\"potentialAction\":[{\"@type\":\"ReadAction\",\"target\":[\"https:\/\/www.visit-ulcinj.com\/blog\/2009\/10\/07\/nora-istrefi-pa-pergjigje-per-spotin\/\"]}]},{\"@type\":\"BreadcrumbList\",\"@id\":\"https:\/\/www.visit-ulcinj.com\/blog\/2009\/10\/07\/nora-istrefi-pa-pergjigje-per-spotin\/#breadcrumb\",\"itemListElement\":[{\"@type\":\"ListItem\",\"position\":1,\"name\":\"Nora Istrefi pa p\u00ebrgjigje p\u00ebr spotin!\"}]},{\"@type\":\"Person\",\"@id\":\"https:\/\/www.visit-ulcinj.com\/blog\/#\/schema\/person\/dcab619c614d3038751c63bc2aadc06d\",\"name\":\"ulqini\",\"sameAs\":[\"http:\/\/www.visit-ulcinj.com\"],\"url\":\"https:\/\/www.visit-ulcinj.com\/blog\/author\/admin\/\"}]}<\/script>\n<!-- \/ Yoast SEO plugin. -->","yoast_head_json":{"title":"Nora Istrefi pa p\u00ebrgjigje p\u00ebr spotin! - Lajme nga Ulqini","description":"Gjith\u00e7ka mund t\u00eb ndodh\u00eb! K\u00ebng\u00ebtarja Nora Istrefi, pasi ka kontraktuar nj\u00eb video-klip p\u00ebr nj\u00eb k\u00ebng\u00eb t\u00eb re me nj\u00eb produksion vendor dhe pasi ka b\u00ebr\u00eb","robots":{"index":"index","follow":"follow","max-snippet":"max-snippet:-1","max-image-preview":"max-image-preview:large","max-video-preview":"max-video-preview:-1"},"canonical":"https:\/\/www.visit-ulcinj.com\/blog\/2009\/10\/07\/nora-istrefi-pa-pergjigje-per-spotin\/","og_locale":"en_US","og_type":"article","og_title":"Nora Istrefi pa p\u00ebrgjigje p\u00ebr spotin! - Lajme nga Ulqini","og_description":"Gjith\u00e7ka mund t\u00eb ndodh\u00eb! K\u00ebng\u00ebtarja Nora Istrefi, pasi ka kontraktuar nj\u00eb video-klip p\u00ebr nj\u00eb k\u00ebng\u00eb t\u00eb re me nj\u00eb produksion vendor dhe pasi ka b\u00ebr\u00eb","og_url":"https:\/\/www.visit-ulcinj.com\/blog\/2009\/10\/07\/nora-istrefi-pa-pergjigje-per-spotin\/","og_site_name":"Lajme nga Ulqini","article_published_time":"2009-10-07T18:57:05+00:00","article_modified_time":"2009-10-07T19:00:21+00:00","og_image":[{"url":"https:\/\/www.visit-ulcinj.com\/blog\/wp-content\/uploads\/2009\/10\/nora20istrefi-150x150.jpg"}],"twitter_misc":{"Written by":"ulqini","Est. reading time":"1 minute"},"schema":{"@context":"https:\/\/schema.org","@graph":[{"@type":"WebSite","@id":"https:\/\/www.visit-ulcinj.com\/blog\/#website","url":"https:\/\/www.visit-ulcinj.com\/blog\/","name":"Lajme nga Ulqini","description":"Lajme,Vijesti,Ulqini,Ulqin,Crna Gora,Mali i Zi","potentialAction":[{"@type":"SearchAction","target":{"@type":"EntryPoint","urlTemplate":"https:\/\/www.visit-ulcinj.com\/blog\/?s={search_term_string}"},"query-input":"required name=search_term_string"}],"inLanguage":"en-US"},{"@type":"ImageObject","inLanguage":"en-US","@id":"https:\/\/www.visit-ulcinj.com\/blog\/2009\/10\/07\/nora-istrefi-pa-pergjigje-per-spotin\/#primaryimage","url":"http:\/\/www.visit-ulcinj.com\/blog\/wp-content\/uploads\/2009\/10\/nora20istrefi.jpg","contentUrl":"http:\/\/www.visit-ulcinj.com\/blog\/wp-content\/uploads\/2009\/10\/nora20istrefi.jpg"},{"@type":"WebPage","@id":"https:\/\/www.visit-ulcinj.com\/blog\/2009\/10\/07\/nora-istrefi-pa-pergjigje-per-spotin\/#webpage","url":"https:\/\/www.visit-ulcinj.com\/blog\/2009\/10\/07\/nora-istrefi-pa-pergjigje-per-spotin\/","name":"Nora Istrefi pa p\u00ebrgjigje p\u00ebr spotin! - Lajme nga Ulqini","isPartOf":{"@id":"https:\/\/www.visit-ulcinj.com\/blog\/#website"},"primaryImageOfPage":{"@id":"https:\/\/www.visit-ulcinj.com\/blog\/2009\/10\/07\/nora-istrefi-pa-pergjigje-per-spotin\/#primaryimage"},"datePublished":"2009-10-07T18:57:05+00:00","dateModified":"2009-10-07T19:00:21+00:00","author":{"@id":"https:\/\/www.visit-ulcinj.com\/blog\/#\/schema\/person\/dcab619c614d3038751c63bc2aadc06d"},"description":"Gjith\u00e7ka mund t\u00eb ndodh\u00eb! K\u00ebng\u00ebtarja Nora Istrefi, pasi ka kontraktuar nj\u00eb video-klip p\u00ebr nj\u00eb k\u00ebng\u00eb t\u00eb re me nj\u00eb produksion vendor dhe pasi ka b\u00ebr\u00eb","breadcrumb":{"@id":"https:\/\/www.visit-ulcinj.com\/blog\/2009\/10\/07\/nora-istrefi-pa-pergjigje-per-spotin\/#breadcrumb"},"inLanguage":"en-US","potentialAction":[{"@type":"ReadAction","target":["https:\/\/www.visit-ulcinj.com\/blog\/2009\/10\/07\/nora-istrefi-pa-pergjigje-per-spotin\/"]}]},{"@type":"BreadcrumbList","@id":"https:\/\/www.visit-ulcinj.com\/blog\/2009\/10\/07\/nora-istrefi-pa-pergjigje-per-spotin\/#breadcrumb","itemListElement":[{"@type":"ListItem","position":1,"name":"Nora Istrefi pa p\u00ebrgjigje p\u00ebr spotin!"}]},{"@type":"Person","@id":"https:\/\/www.visit-ulcinj.com\/blog\/#\/schema\/person\/dcab619c614d3038751c63bc2aadc06d","name":"ulqini","sameAs":["http:\/\/www.visit-ulcinj.com"],"url":"https:\/\/www.visit-ulcinj.com\/blog\/author\/admin\/"}]}},"jetpack_featured_media_url":"","jetpack_sharing_enabled":true,"jetpack_shortlink":"https:\/\/wp.me\/pe6lTn-6PP","_links":{"self":[{"href":"https:\/\/www.visit-ulcinj.com\/blog\/wp-json\/wp\/v2\/posts\/26277"}],"collection":[{"href":"https:\/\/www.visit-ulcinj.com\/blog\/wp-json\/wp\/v2\/posts"}],"about":[{"href":"https:\/\/www.visit-ulcinj.com\/blog\/wp-json\/wp\/v2\/types\/post"}],"author":[{"embeddable":true,"href":"https:\/\/www.visit-ulcinj.com\/blog\/wp-json\/wp\/v2\/users\/1"}],"replies":[{"embeddable":true,"href":"https:\/\/www.visit-ulcinj.com\/blog\/wp-json\/wp\/v2\/comments?post=26277"}],"version-history":[{"count":0,"href":"https:\/\/www.visit-ulcinj.com\/blog\/wp-json\/wp\/v2\/posts\/26277\/revisions"}],"wp:attachment":[{"href":"https:\/\/www.visit-ulcinj.com\/blog\/wp-json\/wp\/v2\/media?parent=26277"}],"wp:term":[{"taxonomy":"category","embeddable":true,"href":"https:\/\/www.visit-ulcinj.com\/blog\/wp-json\/wp\/v2\/categories?post=26277"},{"taxonomy":"post_tag","embeddable":true,"href":"https:\/\/www.visit-ulcinj.com\/blog\/wp-json\/wp\/v2\/tags?post=26277"}],"curies":[{"name":"wp","href":"https:\/\/api.w.org\/{rel}","templated":true}]}}