{"id":26294,"date":"2009-10-08T17:58:54","date_gmt":"2009-10-08T15:58:54","guid":{"rendered":"http:\/\/www.visit-ulcinj.com\/blog\/?p=26294"},"modified":"2009-10-08T17:58:54","modified_gmt":"2009-10-08T15:58:54","slug":"cunmulaj-dhe-sinishtaj-vizitojne-prishtinen","status":"publish","type":"post","link":"https:\/\/www.visit-ulcinj.com\/blog\/2009\/10\/08\/cunmulaj-dhe-sinishtaj-vizitojne-prishtinen\/","title":{"rendered":"\u00c7unmulaj dhe Sinishtaj vizitojne Prishtinen"},"content":{"rendered":"<p><a href=\"http:\/\/www.visit-ulcinj.com\/blog\/wp-content\/uploads\/2009\/10\/smail-cunmulaj-dhe-vasel-sinishtaj.jpg\"><img loading=\"lazy\" class=\"size-full wp-image-26295 alignleft\" title=\"smail-cunmulaj-dhe-vasel-sinishtaj\" src=\"http:\/\/www.visit-ulcinj.com\/blog\/wp-content\/uploads\/2009\/10\/smail-cunmulaj-dhe-vasel-sinishtaj.jpg\" alt=\"smail-cunmulaj-dhe-vasel-sinishtaj\" width=\"318\" height=\"208\" srcset=\"https:\/\/www.visit-ulcinj.com\/blog\/wp-content\/uploads\/2009\/10\/smail-cunmulaj-dhe-vasel-sinishtaj.jpg 318w, https:\/\/www.visit-ulcinj.com\/blog\/wp-content\/uploads\/2009\/10\/smail-cunmulaj-dhe-vasel-sinishtaj-300x196.jpg 300w\" sizes=\"(max-width: 318px) 100vw, 318px\" \/><\/a>Deputeti i List\u00ebs Perspektiva n\u00eb gjysm\u00ebn e mandatit, zot\u00ebri Vasel Sinishtaj, dhe kryetari i Komun\u00ebs Urbane t\u00eb Tuzit, zot\u00ebri Smajl \u00c7unmulaj, t\u00eb h\u00ebn\u00ebn u takuan zyrtarisht me ministrin e administrimit t\u00eb pushtetit lokal n\u00eb qeverin\u00eb e Kosov\u00ebs zot\u00ebri Sadri Feratin dhe k\u00ebshilltar\u00ebt politik t\u00eb presidentit t\u00eb Kosov\u00ebs, dr. Naim Jerliun dhe dr. Ibrahim Berish\u00ebn.<br \/>\nGjat\u00eb k\u00ebtij takimit mikprit\u00ebsit u informuan p\u00ebr gjendjen aktuale politike t\u00eb shqiptar\u00ebve t\u00eb Malit t\u00eb ZI n\u00eb ve\u00e7anti n\u00eb statusin jo t\u00eb p\u00eblqyeshme t\u00eb shqiptar\u00ebve t\u00eb Mal\u00ebsis\u00eb, me ligjin mbi kryeqytetin, gjegj\u00ebsisht funksionimin e deritash\u00ebm t\u00eb Komun\u00ebs Urbane t\u00eb Tuzit.<\/p>\n<p><strong>RTCG<\/strong><\/p>\n","protected":false},"excerpt":{"rendered":"<p>Deputeti i List\u00ebs Perspektiva n\u00eb gjysm\u00ebn e mandatit, zot\u00ebri Vasel Sinishtaj, dhe kryetari i Komun\u00ebs Urbane t\u00eb Tuzit, zot\u00ebri Smajl \u00c7unmulaj, t\u00eb h\u00ebn\u00ebn u takuan zyrtarisht me ministrin e administrimit t\u00eb pushtetit lokal n\u00eb qeverin\u00eb e Kosov\u00ebs zot\u00ebri Sadri Feratin dhe k\u00ebshilltar\u00ebt politik t\u00eb presidentit t\u00eb Kosov\u00ebs, dr. Naim Jerliun dhe dr. Ibrahim Berish\u00ebn. Gjat\u00eb [&hellip;]<\/p>\n","protected":false},"author":1,"featured_media":0,"comment_status":"open","ping_status":"closed","sticky":false,"template":"","format":"standard","meta":{"spay_email":"","jetpack_publicize_message":"","jetpack_is_tweetstorm":false,"jetpack_publicize_feature_enabled":true},"categories":[12],"tags":[12627,12630,12629,5327,74,2992,12628],"jetpack_publicize_connections":[],"yoast_head":"<!-- This site is optimized with the Yoast SEO plugin v19.1 - https:\/\/yoast.com\/wordpress\/plugins\/seo\/ -->\n<title>\u00c7unmulaj dhe Sinishtaj vizitojne Prishtinen - Lajme nga Ulqini<\/title>\n<meta name=\"description\" content=\"Deputeti i List\u00ebs Perspektiva n\u00eb gjysm\u00ebn e mandatit, zot\u00ebri Vasel Sinishtaj, dhe kryetari i Komun\u00ebs Urbane t\u00eb Tuzit, zot\u00ebri Smajl \u00c7unmulaj, t\u00eb h\u00ebn\u00ebn u\" \/>\n<meta name=\"robots\" content=\"index, follow, max-snippet:-1, max-image-preview:large, max-video-preview:-1\" \/>\n<link rel=\"canonical\" href=\"https:\/\/www.visit-ulcinj.com\/blog\/2009\/10\/08\/cunmulaj-dhe-sinishtaj-vizitojne-prishtinen\/\" \/>\n<meta property=\"og:locale\" content=\"en_US\" \/>\n<meta property=\"og:type\" content=\"article\" \/>\n<meta property=\"og:title\" content=\"\u00c7unmulaj dhe Sinishtaj vizitojne Prishtinen - Lajme nga Ulqini\" \/>\n<meta property=\"og:description\" content=\"Deputeti i List\u00ebs Perspektiva n\u00eb gjysm\u00ebn e mandatit, zot\u00ebri Vasel Sinishtaj, dhe kryetari i Komun\u00ebs Urbane t\u00eb Tuzit, zot\u00ebri Smajl \u00c7unmulaj, t\u00eb h\u00ebn\u00ebn u\" \/>\n<meta property=\"og:url\" content=\"https:\/\/www.visit-ulcinj.com\/blog\/2009\/10\/08\/cunmulaj-dhe-sinishtaj-vizitojne-prishtinen\/\" \/>\n<meta property=\"og:site_name\" content=\"Lajme nga Ulqini\" \/>\n<meta property=\"article:published_time\" content=\"2009-10-08T15:58:54+00:00\" \/>\n<meta property=\"og:image\" content=\"http:\/\/www.visit-ulcinj.com\/blog\/wp-content\/uploads\/2009\/10\/smail-cunmulaj-dhe-vasel-sinishtaj.jpg\" \/>\n<meta name=\"twitter:label1\" content=\"Written by\" \/>\n\t<meta name=\"twitter:data1\" content=\"ulqini\" \/>\n\t<meta name=\"twitter:label2\" content=\"Est. reading time\" \/>\n\t<meta name=\"twitter:data2\" content=\"1 minute\" \/>\n<script type=\"application\/ld+json\" class=\"yoast-schema-graph\">{\"@context\":\"https:\/\/schema.org\",\"@graph\":[{\"@type\":\"WebSite\",\"@id\":\"https:\/\/www.visit-ulcinj.com\/blog\/#website\",\"url\":\"https:\/\/www.visit-ulcinj.com\/blog\/\",\"name\":\"Lajme nga Ulqini\",\"description\":\"Lajme,Vijesti,Ulqini,Ulqin,Crna Gora,Mali i Zi\",\"potentialAction\":[{\"@type\":\"SearchAction\",\"target\":{\"@type\":\"EntryPoint\",\"urlTemplate\":\"https:\/\/www.visit-ulcinj.com\/blog\/?s={search_term_string}\"},\"query-input\":\"required name=search_term_string\"}],\"inLanguage\":\"en-US\"},{\"@type\":\"ImageObject\",\"inLanguage\":\"en-US\",\"@id\":\"https:\/\/www.visit-ulcinj.com\/blog\/2009\/10\/08\/cunmulaj-dhe-sinishtaj-vizitojne-prishtinen\/#primaryimage\",\"url\":\"https:\/\/www.visit-ulcinj.com\/blog\/wp-content\/uploads\/2009\/10\/smail-cunmulaj-dhe-vasel-sinishtaj.jpg\",\"contentUrl\":\"https:\/\/www.visit-ulcinj.com\/blog\/wp-content\/uploads\/2009\/10\/smail-cunmulaj-dhe-vasel-sinishtaj.jpg\",\"width\":\"318\",\"height\":\"208\"},{\"@type\":\"WebPage\",\"@id\":\"https:\/\/www.visit-ulcinj.com\/blog\/2009\/10\/08\/cunmulaj-dhe-sinishtaj-vizitojne-prishtinen\/#webpage\",\"url\":\"https:\/\/www.visit-ulcinj.com\/blog\/2009\/10\/08\/cunmulaj-dhe-sinishtaj-vizitojne-prishtinen\/\",\"name\":\"\u00c7unmulaj dhe Sinishtaj vizitojne Prishtinen - Lajme nga Ulqini\",\"isPartOf\":{\"@id\":\"https:\/\/www.visit-ulcinj.com\/blog\/#website\"},\"primaryImageOfPage\":{\"@id\":\"https:\/\/www.visit-ulcinj.com\/blog\/2009\/10\/08\/cunmulaj-dhe-sinishtaj-vizitojne-prishtinen\/#primaryimage\"},\"datePublished\":\"2009-10-08T15:58:54+00:00\",\"dateModified\":\"2009-10-08T15:58:54+00:00\",\"author\":{\"@id\":\"https:\/\/www.visit-ulcinj.com\/blog\/#\/schema\/person\/dcab619c614d3038751c63bc2aadc06d\"},\"description\":\"Deputeti i List\u00ebs Perspektiva n\u00eb gjysm\u00ebn e mandatit, zot\u00ebri Vasel Sinishtaj, dhe kryetari i Komun\u00ebs Urbane t\u00eb Tuzit, zot\u00ebri Smajl \u00c7unmulaj, t\u00eb h\u00ebn\u00ebn u\",\"breadcrumb\":{\"@id\":\"https:\/\/www.visit-ulcinj.com\/blog\/2009\/10\/08\/cunmulaj-dhe-sinishtaj-vizitojne-prishtinen\/#breadcrumb\"},\"inLanguage\":\"en-US\",\"potentialAction\":[{\"@type\":\"ReadAction\",\"target\":[\"https:\/\/www.visit-ulcinj.com\/blog\/2009\/10\/08\/cunmulaj-dhe-sinishtaj-vizitojne-prishtinen\/\"]}]},{\"@type\":\"BreadcrumbList\",\"@id\":\"https:\/\/www.visit-ulcinj.com\/blog\/2009\/10\/08\/cunmulaj-dhe-sinishtaj-vizitojne-prishtinen\/#breadcrumb\",\"itemListElement\":[{\"@type\":\"ListItem\",\"position\":1,\"name\":\"\u00c7unmulaj dhe Sinishtaj vizitojne Prishtinen\"}]},{\"@type\":\"Person\",\"@id\":\"https:\/\/www.visit-ulcinj.com\/blog\/#\/schema\/person\/dcab619c614d3038751c63bc2aadc06d\",\"name\":\"ulqini\",\"sameAs\":[\"http:\/\/www.visit-ulcinj.com\"],\"url\":\"https:\/\/www.visit-ulcinj.com\/blog\/author\/admin\/\"}]}<\/script>\n<!-- \/ Yoast SEO plugin. -->","yoast_head_json":{"title":"\u00c7unmulaj dhe Sinishtaj vizitojne Prishtinen - Lajme nga Ulqini","description":"Deputeti i List\u00ebs Perspektiva n\u00eb gjysm\u00ebn e mandatit, zot\u00ebri Vasel Sinishtaj, dhe kryetari i Komun\u00ebs Urbane t\u00eb Tuzit, zot\u00ebri Smajl \u00c7unmulaj, t\u00eb h\u00ebn\u00ebn u","robots":{"index":"index","follow":"follow","max-snippet":"max-snippet:-1","max-image-preview":"max-image-preview:large","max-video-preview":"max-video-preview:-1"},"canonical":"https:\/\/www.visit-ulcinj.com\/blog\/2009\/10\/08\/cunmulaj-dhe-sinishtaj-vizitojne-prishtinen\/","og_locale":"en_US","og_type":"article","og_title":"\u00c7unmulaj dhe Sinishtaj vizitojne Prishtinen - Lajme nga Ulqini","og_description":"Deputeti i List\u00ebs Perspektiva n\u00eb gjysm\u00ebn e mandatit, zot\u00ebri Vasel Sinishtaj, dhe kryetari i Komun\u00ebs Urbane t\u00eb Tuzit, zot\u00ebri Smajl \u00c7unmulaj, t\u00eb h\u00ebn\u00ebn u","og_url":"https:\/\/www.visit-ulcinj.com\/blog\/2009\/10\/08\/cunmulaj-dhe-sinishtaj-vizitojne-prishtinen\/","og_site_name":"Lajme nga Ulqini","article_published_time":"2009-10-08T15:58:54+00:00","og_image":[{"url":"http:\/\/www.visit-ulcinj.com\/blog\/wp-content\/uploads\/2009\/10\/smail-cunmulaj-dhe-vasel-sinishtaj.jpg"}],"twitter_misc":{"Written by":"ulqini","Est. reading time":"1 minute"},"schema":{"@context":"https:\/\/schema.org","@graph":[{"@type":"WebSite","@id":"https:\/\/www.visit-ulcinj.com\/blog\/#website","url":"https:\/\/www.visit-ulcinj.com\/blog\/","name":"Lajme nga Ulqini","description":"Lajme,Vijesti,Ulqini,Ulqin,Crna Gora,Mali i Zi","potentialAction":[{"@type":"SearchAction","target":{"@type":"EntryPoint","urlTemplate":"https:\/\/www.visit-ulcinj.com\/blog\/?s={search_term_string}"},"query-input":"required name=search_term_string"}],"inLanguage":"en-US"},{"@type":"ImageObject","inLanguage":"en-US","@id":"https:\/\/www.visit-ulcinj.com\/blog\/2009\/10\/08\/cunmulaj-dhe-sinishtaj-vizitojne-prishtinen\/#primaryimage","url":"https:\/\/www.visit-ulcinj.com\/blog\/wp-content\/uploads\/2009\/10\/smail-cunmulaj-dhe-vasel-sinishtaj.jpg","contentUrl":"https:\/\/www.visit-ulcinj.com\/blog\/wp-content\/uploads\/2009\/10\/smail-cunmulaj-dhe-vasel-sinishtaj.jpg","width":"318","height":"208"},{"@type":"WebPage","@id":"https:\/\/www.visit-ulcinj.com\/blog\/2009\/10\/08\/cunmulaj-dhe-sinishtaj-vizitojne-prishtinen\/#webpage","url":"https:\/\/www.visit-ulcinj.com\/blog\/2009\/10\/08\/cunmulaj-dhe-sinishtaj-vizitojne-prishtinen\/","name":"\u00c7unmulaj dhe Sinishtaj vizitojne Prishtinen - Lajme nga Ulqini","isPartOf":{"@id":"https:\/\/www.visit-ulcinj.com\/blog\/#website"},"primaryImageOfPage":{"@id":"https:\/\/www.visit-ulcinj.com\/blog\/2009\/10\/08\/cunmulaj-dhe-sinishtaj-vizitojne-prishtinen\/#primaryimage"},"datePublished":"2009-10-08T15:58:54+00:00","dateModified":"2009-10-08T15:58:54+00:00","author":{"@id":"https:\/\/www.visit-ulcinj.com\/blog\/#\/schema\/person\/dcab619c614d3038751c63bc2aadc06d"},"description":"Deputeti i List\u00ebs Perspektiva n\u00eb gjysm\u00ebn e mandatit, zot\u00ebri Vasel Sinishtaj, dhe kryetari i Komun\u00ebs Urbane t\u00eb Tuzit, zot\u00ebri Smajl \u00c7unmulaj, t\u00eb h\u00ebn\u00ebn u","breadcrumb":{"@id":"https:\/\/www.visit-ulcinj.com\/blog\/2009\/10\/08\/cunmulaj-dhe-sinishtaj-vizitojne-prishtinen\/#breadcrumb"},"inLanguage":"en-US","potentialAction":[{"@type":"ReadAction","target":["https:\/\/www.visit-ulcinj.com\/blog\/2009\/10\/08\/cunmulaj-dhe-sinishtaj-vizitojne-prishtinen\/"]}]},{"@type":"BreadcrumbList","@id":"https:\/\/www.visit-ulcinj.com\/blog\/2009\/10\/08\/cunmulaj-dhe-sinishtaj-vizitojne-prishtinen\/#breadcrumb","itemListElement":[{"@type":"ListItem","position":1,"name":"\u00c7unmulaj dhe Sinishtaj vizitojne Prishtinen"}]},{"@type":"Person","@id":"https:\/\/www.visit-ulcinj.com\/blog\/#\/schema\/person\/dcab619c614d3038751c63bc2aadc06d","name":"ulqini","sameAs":["http:\/\/www.visit-ulcinj.com"],"url":"https:\/\/www.visit-ulcinj.com\/blog\/author\/admin\/"}]}},"jetpack_featured_media_url":"","jetpack_sharing_enabled":true,"jetpack_shortlink":"https:\/\/wp.me\/pe6lTn-6Q6","_links":{"self":[{"href":"https:\/\/www.visit-ulcinj.com\/blog\/wp-json\/wp\/v2\/posts\/26294"}],"collection":[{"href":"https:\/\/www.visit-ulcinj.com\/blog\/wp-json\/wp\/v2\/posts"}],"about":[{"href":"https:\/\/www.visit-ulcinj.com\/blog\/wp-json\/wp\/v2\/types\/post"}],"author":[{"embeddable":true,"href":"https:\/\/www.visit-ulcinj.com\/blog\/wp-json\/wp\/v2\/users\/1"}],"replies":[{"embeddable":true,"href":"https:\/\/www.visit-ulcinj.com\/blog\/wp-json\/wp\/v2\/comments?post=26294"}],"version-history":[{"count":0,"href":"https:\/\/www.visit-ulcinj.com\/blog\/wp-json\/wp\/v2\/posts\/26294\/revisions"}],"wp:attachment":[{"href":"https:\/\/www.visit-ulcinj.com\/blog\/wp-json\/wp\/v2\/media?parent=26294"}],"wp:term":[{"taxonomy":"category","embeddable":true,"href":"https:\/\/www.visit-ulcinj.com\/blog\/wp-json\/wp\/v2\/categories?post=26294"},{"taxonomy":"post_tag","embeddable":true,"href":"https:\/\/www.visit-ulcinj.com\/blog\/wp-json\/wp\/v2\/tags?post=26294"}],"curies":[{"name":"wp","href":"https:\/\/api.w.org\/{rel}","templated":true}]}}