{"id":26298,"date":"2009-10-08T19:45:10","date_gmt":"2009-10-08T17:45:10","guid":{"rendered":"http:\/\/www.visit-ulcinj.com\/blog\/?p=26298"},"modified":"2009-10-08T19:46:27","modified_gmt":"2009-10-08T17:46:27","slug":"vrijeme-da-ulcinj-dobije-fakultet","status":"publish","type":"post","link":"https:\/\/www.visit-ulcinj.com\/blog\/2009\/10\/08\/vrijeme-da-ulcinj-dobije-fakultet\/","title":{"rendered":"Vrijeme da Ulcinj dobije fakultet"},"content":{"rendered":"<p><a href=\"http:\/\/www.visit-ulcinj.com\/blog\/wp-content\/uploads\/2009\/10\/FORCA-O-OBRAZOVANJU-?AKA-ALBANSKE-NACIONALNOSTI.jpg\"><img loading=\"lazy\" class=\"alignleft size-full wp-image-26299\" title=\"FORCA O OBRAZOVANJU ?AKA ALBANSKE NACIONALNOSTI\" src=\"http:\/\/www.visit-ulcinj.com\/blog\/wp-content\/uploads\/2009\/10\/FORCA-O-OBRAZOVANJU-?AKA-ALBANSKE-NACIONALNOSTI.jpg\" alt=\"FORCA O OBRAZOVANJU ?AKA ALBANSKE NACIONALNOSTI\" width=\"580\" height=\"514\" \/><\/a><strong>FORCA O OBRAZOVANJU ?AKA ALBANSKE NACIONALNOSTI<\/strong><br \/>\nUlcinj &#8211; Ulcinjska Forca ocijenila je da su se stekli uslovi za otvaranje visoko\u0161kolske ustanove u tom gradu za potrebe u?enika albanske nacionalnosti i upozorila da je \u201cna sceni diskriminacija nastavnih planova koji se ti?u nacionalnog identiteta\u201d.<br \/>\nU ju?era\u0161njem saop\u0161tenju ocjenjuje se da je krajnje vrijeme da Vlada po?ne da ula\u017ee u \u0161kolsku infrastrukturu Ulcinja i podsje?a da kapitalnih investicija u toj oblasti nije bilo jo\u0161 od 1979. godine.<br \/>\n\u201cPosebno je zna?ajna potreba osnivanja institucija visokog obrazovanja na albanskom jeziku u Ulcinju, Plavu i Tuzima. Autohtoni albanski narod to o?ekuje od resornog ministarstva i zainteresovanih privatnih subjekata pa makar to bilo na bazi javnog partnerstva\u201d, pi\u0161e u saop\u0161tenju i konstatuje da, pored Ulcinja, gotovo i nema druge primorske op\u0161tine koja je bez neke visoko\u0161kolske ustanove.<\/p>\n<p>U?enicima ?etvrte godine Gimnazije, navode iz Force, fale nastavni planovi iz predmeta nacionalnog identiteta.<br \/>\n\u201cUd\u017ebenici za srednju i osnovnu \u0161kolu iz istorije, muzi?ke i likovne kulture nijesu primjereni jer u?enici albanske nacionalnosti iz njih ne mogu nau?iti ni\u0161ta o svom nacionalnom identitetu. S obzirom na to da je ovo pitanje vrlo ozbiljno, indifirentan stav Ministarstva za ljudska i manjinska prava za svaku je kritiku\u201d, pi\u0161e u saop\u0161tenju.<br \/>\nBesplatno davanje ud\u017ebenika samo za one u?enike koji su korisnici socijalne pomo?i, ocjenjuje se u saop\u0161tenju, simboli?na je akcija koja prili?i humanitarnim organizacijama, a ne bud\u017eetskim institucijama.<br \/>\n\u201cStoga smatramo da je bilo neophodno da Vlada obezbijedi besplatne ud\u017ebenike, a ako ne za sve u?enike osnovnih \u0161kola, onda makar prvacima\u201c, navodi se u saop\u0161tenju.<\/p>\n<p><strong>S.A.<br \/>\n<a href=\"http:\/\/www.vijesti.me\/index.php?id_pre=318222&amp;godina=2009\" target=\"_blank\">Vijesti<\/a><\/strong><\/p>\n<p><strong><\/strong>[flv width=&#8221;580&#8243; height=&#8221;400&#8243;]http:\/\/a8.video2.blip.tv\/0740002219747\/Rtvvijesti-PRIZMA02102009309.flv[\/flv]<a href=\"http:\/\/www.vijesti.me\/index.php?id_pre=318222&amp;godina=2009\" target=\"_blank\"><\/a><\/p>\n","protected":false},"excerpt":{"rendered":"<p>FORCA O OBRAZOVANJU ?AKA ALBANSKE NACIONALNOSTI Ulcinj &#8211; Ulcinjska Forca ocijenila je da su se stekli uslovi za otvaranje visoko\u0161kolske ustanove u tom gradu za potrebe u?enika albanske nacionalnosti i upozorila da je \u201cna sceni diskriminacija nastavnih planova koji se ti?u nacionalnog identiteta\u201d. U ju?era\u0161njem saop\u0161tenju ocjenjuje se da je krajnje vrijeme da Vlada po?ne [&hellip;]<\/p>\n","protected":false},"author":1,"featured_media":0,"comment_status":"open","ping_status":"closed","sticky":false,"template":"","format":"standard","meta":{"spay_email":"","jetpack_publicize_message":"","jetpack_is_tweetstorm":false,"jetpack_publicize_feature_enabled":true},"categories":[8337],"tags":[19,2646],"jetpack_publicize_connections":[],"yoast_head":"<!-- This site is optimized with the Yoast SEO plugin v19.1 - https:\/\/yoast.com\/wordpress\/plugins\/seo\/ -->\n<title>Vrijeme da Ulcinj dobije fakultet - Lajme nga Ulqini<\/title>\n<meta name=\"description\" content=\"FORCA O OBRAZOVANJU ?AKA ALBANSKE NACIONALNOSTI Ulcinj - Ulcinjska Forca ocijenila je da su se stekli uslovi za otvaranje visoko\u0161kolske ustanove u tom\" \/>\n<meta name=\"robots\" content=\"index, follow, max-snippet:-1, max-image-preview:large, max-video-preview:-1\" \/>\n<link rel=\"canonical\" href=\"https:\/\/www.visit-ulcinj.com\/blog\/2009\/10\/08\/vrijeme-da-ulcinj-dobije-fakultet\/\" \/>\n<meta property=\"og:locale\" content=\"en_US\" \/>\n<meta property=\"og:type\" content=\"article\" \/>\n<meta property=\"og:title\" content=\"Vrijeme da Ulcinj dobije fakultet - Lajme nga Ulqini\" \/>\n<meta property=\"og:description\" content=\"FORCA O OBRAZOVANJU ?AKA ALBANSKE NACIONALNOSTI Ulcinj - Ulcinjska Forca ocijenila je da su se stekli uslovi za otvaranje visoko\u0161kolske ustanove u tom\" \/>\n<meta property=\"og:url\" content=\"https:\/\/www.visit-ulcinj.com\/blog\/2009\/10\/08\/vrijeme-da-ulcinj-dobije-fakultet\/\" \/>\n<meta property=\"og:site_name\" content=\"Lajme nga Ulqini\" \/>\n<meta property=\"article:published_time\" content=\"2009-10-08T17:45:10+00:00\" \/>\n<meta property=\"article:modified_time\" content=\"2009-10-08T17:46:27+00:00\" \/>\n<meta property=\"og:image\" content=\"http:\/\/www.visit-ulcinj.com\/blog\/wp-content\/uploads\/2009\/10\/FORCA-O-OBRAZOVANJU-?AKA-ALBANSKE-NACIONALNOSTI.jpg\" \/>\n<meta name=\"twitter:label1\" content=\"Written by\" \/>\n\t<meta name=\"twitter:data1\" content=\"ulqini\" \/>\n\t<meta name=\"twitter:label2\" content=\"Est. reading time\" \/>\n\t<meta name=\"twitter:data2\" content=\"1 minute\" \/>\n<script type=\"application\/ld+json\" class=\"yoast-schema-graph\">{\"@context\":\"https:\/\/schema.org\",\"@graph\":[{\"@type\":\"WebSite\",\"@id\":\"https:\/\/www.visit-ulcinj.com\/blog\/#website\",\"url\":\"https:\/\/www.visit-ulcinj.com\/blog\/\",\"name\":\"Lajme nga Ulqini\",\"description\":\"Lajme,Vijesti,Ulqini,Ulqin,Crna Gora,Mali i Zi\",\"potentialAction\":[{\"@type\":\"SearchAction\",\"target\":{\"@type\":\"EntryPoint\",\"urlTemplate\":\"https:\/\/www.visit-ulcinj.com\/blog\/?s={search_term_string}\"},\"query-input\":\"required name=search_term_string\"}],\"inLanguage\":\"en-US\"},{\"@type\":\"ImageObject\",\"inLanguage\":\"en-US\",\"@id\":\"https:\/\/www.visit-ulcinj.com\/blog\/2009\/10\/08\/vrijeme-da-ulcinj-dobije-fakultet\/#primaryimage\",\"url\":\"http:\/\/www.visit-ulcinj.com\/blog\/wp-content\/uploads\/2009\/10\/FORCA-O-OBRAZOVANJU-?AKA-ALBANSKE-NACIONALNOSTI.jpg\",\"contentUrl\":\"http:\/\/www.visit-ulcinj.com\/blog\/wp-content\/uploads\/2009\/10\/FORCA-O-OBRAZOVANJU-?AKA-ALBANSKE-NACIONALNOSTI.jpg\"},{\"@type\":\"WebPage\",\"@id\":\"https:\/\/www.visit-ulcinj.com\/blog\/2009\/10\/08\/vrijeme-da-ulcinj-dobije-fakultet\/#webpage\",\"url\":\"https:\/\/www.visit-ulcinj.com\/blog\/2009\/10\/08\/vrijeme-da-ulcinj-dobije-fakultet\/\",\"name\":\"Vrijeme da Ulcinj dobije fakultet - Lajme nga Ulqini\",\"isPartOf\":{\"@id\":\"https:\/\/www.visit-ulcinj.com\/blog\/#website\"},\"primaryImageOfPage\":{\"@id\":\"https:\/\/www.visit-ulcinj.com\/blog\/2009\/10\/08\/vrijeme-da-ulcinj-dobije-fakultet\/#primaryimage\"},\"datePublished\":\"2009-10-08T17:45:10+00:00\",\"dateModified\":\"2009-10-08T17:46:27+00:00\",\"author\":{\"@id\":\"https:\/\/www.visit-ulcinj.com\/blog\/#\/schema\/person\/dcab619c614d3038751c63bc2aadc06d\"},\"description\":\"FORCA O OBRAZOVANJU ?AKA ALBANSKE NACIONALNOSTI Ulcinj - Ulcinjska Forca ocijenila je da su se stekli uslovi za otvaranje visoko\u0161kolske ustanove u tom\",\"breadcrumb\":{\"@id\":\"https:\/\/www.visit-ulcinj.com\/blog\/2009\/10\/08\/vrijeme-da-ulcinj-dobije-fakultet\/#breadcrumb\"},\"inLanguage\":\"en-US\",\"potentialAction\":[{\"@type\":\"ReadAction\",\"target\":[\"https:\/\/www.visit-ulcinj.com\/blog\/2009\/10\/08\/vrijeme-da-ulcinj-dobije-fakultet\/\"]}]},{\"@type\":\"BreadcrumbList\",\"@id\":\"https:\/\/www.visit-ulcinj.com\/blog\/2009\/10\/08\/vrijeme-da-ulcinj-dobije-fakultet\/#breadcrumb\",\"itemListElement\":[{\"@type\":\"ListItem\",\"position\":1,\"name\":\"Vrijeme da Ulcinj dobije fakultet\"}]},{\"@type\":\"Person\",\"@id\":\"https:\/\/www.visit-ulcinj.com\/blog\/#\/schema\/person\/dcab619c614d3038751c63bc2aadc06d\",\"name\":\"ulqini\",\"sameAs\":[\"http:\/\/www.visit-ulcinj.com\"],\"url\":\"https:\/\/www.visit-ulcinj.com\/blog\/author\/admin\/\"}]}<\/script>\n<!-- \/ Yoast SEO plugin. -->","yoast_head_json":{"title":"Vrijeme da Ulcinj dobije fakultet - Lajme nga Ulqini","description":"FORCA O OBRAZOVANJU ?AKA ALBANSKE NACIONALNOSTI Ulcinj - Ulcinjska Forca ocijenila je da su se stekli uslovi za otvaranje visoko\u0161kolske ustanove u tom","robots":{"index":"index","follow":"follow","max-snippet":"max-snippet:-1","max-image-preview":"max-image-preview:large","max-video-preview":"max-video-preview:-1"},"canonical":"https:\/\/www.visit-ulcinj.com\/blog\/2009\/10\/08\/vrijeme-da-ulcinj-dobije-fakultet\/","og_locale":"en_US","og_type":"article","og_title":"Vrijeme da Ulcinj dobije fakultet - Lajme nga Ulqini","og_description":"FORCA O OBRAZOVANJU ?AKA ALBANSKE NACIONALNOSTI Ulcinj - Ulcinjska Forca ocijenila je da su se stekli uslovi za otvaranje visoko\u0161kolske ustanove u tom","og_url":"https:\/\/www.visit-ulcinj.com\/blog\/2009\/10\/08\/vrijeme-da-ulcinj-dobije-fakultet\/","og_site_name":"Lajme nga Ulqini","article_published_time":"2009-10-08T17:45:10+00:00","article_modified_time":"2009-10-08T17:46:27+00:00","og_image":[{"url":"http:\/\/www.visit-ulcinj.com\/blog\/wp-content\/uploads\/2009\/10\/FORCA-O-OBRAZOVANJU-?AKA-ALBANSKE-NACIONALNOSTI.jpg"}],"twitter_misc":{"Written by":"ulqini","Est. reading time":"1 minute"},"schema":{"@context":"https:\/\/schema.org","@graph":[{"@type":"WebSite","@id":"https:\/\/www.visit-ulcinj.com\/blog\/#website","url":"https:\/\/www.visit-ulcinj.com\/blog\/","name":"Lajme nga Ulqini","description":"Lajme,Vijesti,Ulqini,Ulqin,Crna Gora,Mali i Zi","potentialAction":[{"@type":"SearchAction","target":{"@type":"EntryPoint","urlTemplate":"https:\/\/www.visit-ulcinj.com\/blog\/?s={search_term_string}"},"query-input":"required name=search_term_string"}],"inLanguage":"en-US"},{"@type":"ImageObject","inLanguage":"en-US","@id":"https:\/\/www.visit-ulcinj.com\/blog\/2009\/10\/08\/vrijeme-da-ulcinj-dobije-fakultet\/#primaryimage","url":"http:\/\/www.visit-ulcinj.com\/blog\/wp-content\/uploads\/2009\/10\/FORCA-O-OBRAZOVANJU-?AKA-ALBANSKE-NACIONALNOSTI.jpg","contentUrl":"http:\/\/www.visit-ulcinj.com\/blog\/wp-content\/uploads\/2009\/10\/FORCA-O-OBRAZOVANJU-?AKA-ALBANSKE-NACIONALNOSTI.jpg"},{"@type":"WebPage","@id":"https:\/\/www.visit-ulcinj.com\/blog\/2009\/10\/08\/vrijeme-da-ulcinj-dobije-fakultet\/#webpage","url":"https:\/\/www.visit-ulcinj.com\/blog\/2009\/10\/08\/vrijeme-da-ulcinj-dobije-fakultet\/","name":"Vrijeme da Ulcinj dobije fakultet - Lajme nga Ulqini","isPartOf":{"@id":"https:\/\/www.visit-ulcinj.com\/blog\/#website"},"primaryImageOfPage":{"@id":"https:\/\/www.visit-ulcinj.com\/blog\/2009\/10\/08\/vrijeme-da-ulcinj-dobije-fakultet\/#primaryimage"},"datePublished":"2009-10-08T17:45:10+00:00","dateModified":"2009-10-08T17:46:27+00:00","author":{"@id":"https:\/\/www.visit-ulcinj.com\/blog\/#\/schema\/person\/dcab619c614d3038751c63bc2aadc06d"},"description":"FORCA O OBRAZOVANJU ?AKA ALBANSKE NACIONALNOSTI Ulcinj - Ulcinjska Forca ocijenila je da su se stekli uslovi za otvaranje visoko\u0161kolske ustanove u tom","breadcrumb":{"@id":"https:\/\/www.visit-ulcinj.com\/blog\/2009\/10\/08\/vrijeme-da-ulcinj-dobije-fakultet\/#breadcrumb"},"inLanguage":"en-US","potentialAction":[{"@type":"ReadAction","target":["https:\/\/www.visit-ulcinj.com\/blog\/2009\/10\/08\/vrijeme-da-ulcinj-dobije-fakultet\/"]}]},{"@type":"BreadcrumbList","@id":"https:\/\/www.visit-ulcinj.com\/blog\/2009\/10\/08\/vrijeme-da-ulcinj-dobije-fakultet\/#breadcrumb","itemListElement":[{"@type":"ListItem","position":1,"name":"Vrijeme da Ulcinj dobije fakultet"}]},{"@type":"Person","@id":"https:\/\/www.visit-ulcinj.com\/blog\/#\/schema\/person\/dcab619c614d3038751c63bc2aadc06d","name":"ulqini","sameAs":["http:\/\/www.visit-ulcinj.com"],"url":"https:\/\/www.visit-ulcinj.com\/blog\/author\/admin\/"}]}},"jetpack_featured_media_url":"","jetpack_sharing_enabled":true,"jetpack_shortlink":"https:\/\/wp.me\/pe6lTn-6Qa","_links":{"self":[{"href":"https:\/\/www.visit-ulcinj.com\/blog\/wp-json\/wp\/v2\/posts\/26298"}],"collection":[{"href":"https:\/\/www.visit-ulcinj.com\/blog\/wp-json\/wp\/v2\/posts"}],"about":[{"href":"https:\/\/www.visit-ulcinj.com\/blog\/wp-json\/wp\/v2\/types\/post"}],"author":[{"embeddable":true,"href":"https:\/\/www.visit-ulcinj.com\/blog\/wp-json\/wp\/v2\/users\/1"}],"replies":[{"embeddable":true,"href":"https:\/\/www.visit-ulcinj.com\/blog\/wp-json\/wp\/v2\/comments?post=26298"}],"version-history":[{"count":0,"href":"https:\/\/www.visit-ulcinj.com\/blog\/wp-json\/wp\/v2\/posts\/26298\/revisions"}],"wp:attachment":[{"href":"https:\/\/www.visit-ulcinj.com\/blog\/wp-json\/wp\/v2\/media?parent=26298"}],"wp:term":[{"taxonomy":"category","embeddable":true,"href":"https:\/\/www.visit-ulcinj.com\/blog\/wp-json\/wp\/v2\/categories?post=26298"},{"taxonomy":"post_tag","embeddable":true,"href":"https:\/\/www.visit-ulcinj.com\/blog\/wp-json\/wp\/v2\/tags?post=26298"}],"curies":[{"name":"wp","href":"https:\/\/api.w.org\/{rel}","templated":true}]}}