{"id":2630,"date":"2008-08-21T12:02:14","date_gmt":"2008-08-21T17:02:14","guid":{"rendered":"http:\/\/www.visit-ulcinj.com\/blog\/?p=2630"},"modified":"2008-08-21T12:02:14","modified_gmt":"2008-08-21T17:02:14","slug":"international-youth-day-2008","status":"publish","type":"post","link":"https:\/\/www.visit-ulcinj.com\/blog\/2008\/08\/21\/international-youth-day-2008\/","title":{"rendered":"International Youth Day 2008"},"content":{"rendered":"<p><a href=\"http:\/\/www.visit-ulcinj.com\/blog\/wp-content\/uploads\/2008\/08\/dita-e-te-rinjve.jpg\"><img loading=\"lazy\" class=\"alignleft size-medium wp-image-2631\" title=\"dita-e-te-rinjve\" src=\"http:\/\/www.visit-ulcinj.com\/blog\/wp-content\/uploads\/2008\/08\/dita-e-te-rinjve-300x238.jpg\" alt=\"\" width=\"300\" height=\"225\" \/><\/a><strong><em>Me rastin e dites nderkombetare e te rinjve Forca Rinore organizoi  nje performans ne Tuz  ku jane shperndare <a href=\"http:\/\/www.forcaere.org\/doc\/IYD08.pdf\" target=\"_blank\">fletushka<\/a> rreth  kesaj dite dhe me te cilin rast eshte lexuar nje <a title=\"Deklarata\" href=\"http:\/\/www.forcaere.org\/doc\/Deklarate_e_Forces_Rinore_IYD2008.pdf\" target=\"_blank\">deklarate<\/a>.  N\u00eb mbr\u00ebmje \u00ebsht\u00eb mbajtur edhe koncerti p\u00ebr te  rinj\u00ebt n\u00eb t\u00eb cil\u00ebn morr\u00ebn pjes\u00eb m\u00eb tep\u00ebr se 1000 te rinj nga Mal\u00ebsia. <\/em><\/strong><\/p>\n<p align=\"center\"><strong><em>Deklarata p\u00ebr media<\/em><\/strong><\/p>\n<p style=\"text-align: left;\">N\u00eb konferenc\u00ebn q\u00eb u mbajt me 17 dhjetor n\u00eb Asamblen\u00eb e p\u00ebrgjithshme te  OKB, u pranua propozimi qe u be nga Konferenca Bot\u00ebrore e Ministrave ku u vendos  qe dita nd\u00ebrkomb\u00ebtare e te rinjve te shpallet 12 gushti. Ata vendosen qe kjo  dite te sh\u00ebnohet me qellim qe ne je fare m\u00ebnyre te rrisin nd\u00ebrgjegjen e te  rinjve, ky\u00e7jen e tyre ne jet\u00ebn publike, dhe njohjen e potencialeve te tyre.<\/p>\n<p style=\"text-align: left;\">Ideja ishte qe edhe ne te fillojm\u00eb ta kremtojm\u00eb nj\u00eb dite te tille, me nj\u00eb  sere aktivitetesh qe kemi p\u00ebrgatitur sepse e kemi pare te arsyeshme qe rinise  duhet ti kushtohet nj\u00eb v\u00ebmendje e posa\u00e7me, duhet ti japim shanse qe edhe ata te  marrin pjese ne te gjitha vendimet qe jan\u00eb me rend\u00ebsi, t ia japim edhe atyre  shanse qe te vendosin p\u00ebr te ardhmen e tyre sepse rinia \u00ebsht\u00eb  faktor\u00eb qe mund  te ndikoje ne p\u00ebrmir\u00ebsimin e jet\u00ebs.<\/p>\n<p style=\"text-align: left;\">Duke marre parasysh se ne shtetin tone ka shum\u00eb probleme qe lidhen me  rinin\u00eb duke ia filluar prej atyre me elementare e deri tek ato qe jan\u00eb jet\u00ebsore:  arsimi, pun\u00ebsimi gjendja ekonomike,mir\u00ebpo, \u00ebsht\u00eb nj\u00eb \u00e7\u00ebshtje qe duhet ti  kushtohet nj\u00eb v\u00ebmendje e posa\u00e7me sepse dita e dit\u00ebs ne shtypin e p\u00ebrditsh\u00ebm  lexojm\u00eb qe droga \u00ebsht\u00eb nj\u00eb fenomen qe po shtohet ne shoq\u00ebrin\u00eb tone. Nd\u00ebrsa te  gjith\u00eb ne e dim\u00eb se si problem kryesore ne Mal\u00ebsi  \u00ebsht\u00eb edhe emigracioni i cili  \u00ebsht\u00eb shkak i papun\u00ebsis\u00eb si pasoje e  gjendjes se v\u00ebshtire ekonomike.<\/p>\n<p style=\"text-align: left;\">Pra ne nj\u00eb fare m\u00ebnyre me ket\u00eb aktivitete qe shpresojm\u00eb qe te behet   tradicional ne agjend\u00ebn e Forc\u00ebs Rinore kemi  menduar qe organeve kompetente ti  a t\u00ebrheqim v\u00ebmendje ne nj\u00eb m\u00ebnyre te bukur ti tregojm\u00eb se edhe ne ekzistojm\u00eb se  edhe ne kemi potencial dhe aft\u00ebsi te vendosim p\u00ebr veten tone dhe jeni te afte ne  \u00e7do aspekt.<\/p>\n<div style=\"width: 279px\" class=\"wp-caption alignright\"><a href=\"http:\/\/forcaere.org\/images\/stories\/P1011398111111_%5B640x480%5D.JPG\"><img loading=\"lazy\" title=\"Aktivist\u00ebt e Forc\u00ebs \" src=\"http:\/\/forcaere.org\/images\/stories\/P1011398111111_%5B640x480%5D.JPG\" alt=\"Aktivist\u00ebt e Forc\u00ebs \" width=\"269\" height=\"202\" \/><\/a><p class=\"wp-caption-text\">Aktivist\u00ebt e Forc\u00ebs <\/p><\/div>\n<p style=\"text-align: left;\">Jemi ne ata qe kemi potencial, force, ide, ambicie p\u00ebr te ndryshuar di\u00e7ka  ne kah me te mire, te shkojm\u00eb drejte se ardhshme te jemi te barabarte me te  gjith\u00eb te tjer\u00ebt,,,<\/p>\n<p style=\"text-align: left;\">Problemet jan\u00eb te shumta ne te gjith\u00eb e dim\u00eb at\u00eb mir\u00ebpo ne vend qe te  flasim p\u00ebr ato probleme ne duhet te jemi vete iniciues  te ndihmojn\u00eb ne \u00e7do  aspekt sepse ne mundemi  te kemi nj\u00eb te ardhme me te mire. Secili prej nesh  po  te ulemi e ti d\u00ebgjojm\u00eb ka problemet e veta , mir\u00ebpo ne duhet te marrim nj\u00eb rruge  dhe ti zgjedhim ato..<br \/>\nPra, p\u00ebr hire te rinise, p\u00ebr hire te p\u00ebrmir\u00ebsimit te pozit\u00ebs son\u00eb ne ket\u00eb  shoq\u00ebrin\u00eb le te festojm\u00eb sonte, ti p\u00ebrkthim ata sepse ata jan\u00eb  e ardhmja  jone.<\/p>\n<p align=\"center\">\n<p align=\"center\"><strong>Nje insert nga Koncerti: N\u00eb sken\u00eb grupi i mir\u00ebnjohur nga Tirana  Produkt 28<\/strong><\/p>\n<p style=\"text-align: left;\"><!--YouTube Error: bad URL entered--><\/p>\n","protected":false},"excerpt":{"rendered":"<p><img loading=\"lazy\" class=\"alignleft size-medium wp-image-2631\" title=\"dita-e-te-rinjve\" src=\"http:\/\/www.visit-ulcinj.com\/blog\/wp-content\/uploads\/2008\/08\/dita-e-te-rinjve-300x238.jpg\" alt=\"\" width=\"140\" height=\"140\" \/><\/p>\n","protected":false},"author":1,"featured_media":0,"comment_status":"open","ping_status":"closed","sticky":false,"template":"","format":"standard","meta":{"spay_email":"","jetpack_publicize_message":"","jetpack_is_tweetstorm":false,"jetpack_publicize_feature_enabled":true},"categories":[4,12],"tags":[20,4399,95,79,2450,201,19],"jetpack_publicize_connections":[],"yoast_head":"<!-- This site is optimized with the Yoast SEO plugin v19.1 - https:\/\/yoast.com\/wordpress\/plugins\/seo\/ -->\n<title>International Youth Day 2008 - Lajme nga Ulqini<\/title>\n<meta name=\"robots\" content=\"index, follow, max-snippet:-1, max-image-preview:large, max-video-preview:-1\" \/>\n<link rel=\"canonical\" href=\"https:\/\/www.visit-ulcinj.com\/blog\/2008\/08\/21\/international-youth-day-2008\/\" \/>\n<meta property=\"og:locale\" content=\"en_US\" \/>\n<meta property=\"og:type\" content=\"article\" \/>\n<meta property=\"og:title\" content=\"International Youth Day 2008 - Lajme nga Ulqini\" \/>\n<meta property=\"og:url\" content=\"https:\/\/www.visit-ulcinj.com\/blog\/2008\/08\/21\/international-youth-day-2008\/\" \/>\n<meta property=\"og:site_name\" content=\"Lajme nga Ulqini\" \/>\n<meta property=\"article:published_time\" content=\"2008-08-21T17:02:14+00:00\" \/>\n<meta property=\"og:image\" content=\"http:\/\/www.visit-ulcinj.com\/blog\/wp-content\/uploads\/2008\/08\/dita-e-te-rinjve-300x238.jpg\" \/>\n<meta name=\"twitter:label1\" content=\"Written by\" \/>\n\t<meta name=\"twitter:data1\" content=\"ulqini\" \/>\n\t<meta name=\"twitter:label2\" content=\"Est. reading time\" \/>\n\t<meta name=\"twitter:data2\" content=\"3 minutes\" \/>\n<script type=\"application\/ld+json\" class=\"yoast-schema-graph\">{\"@context\":\"https:\/\/schema.org\",\"@graph\":[{\"@type\":\"WebSite\",\"@id\":\"https:\/\/www.visit-ulcinj.com\/blog\/#website\",\"url\":\"https:\/\/www.visit-ulcinj.com\/blog\/\",\"name\":\"Lajme nga Ulqini\",\"description\":\"Lajme,Vijesti,Ulqini,Ulqin,Crna Gora,Mali i Zi\",\"potentialAction\":[{\"@type\":\"SearchAction\",\"target\":{\"@type\":\"EntryPoint\",\"urlTemplate\":\"https:\/\/www.visit-ulcinj.com\/blog\/?s={search_term_string}\"},\"query-input\":\"required name=search_term_string\"}],\"inLanguage\":\"en-US\"},{\"@type\":\"ImageObject\",\"inLanguage\":\"en-US\",\"@id\":\"https:\/\/www.visit-ulcinj.com\/blog\/2008\/08\/21\/international-youth-day-2008\/#primaryimage\",\"url\":\"http:\/\/www.visit-ulcinj.com\/blog\/wp-content\/uploads\/2008\/08\/dita-e-te-rinjve-300x238.jpg\",\"contentUrl\":\"http:\/\/www.visit-ulcinj.com\/blog\/wp-content\/uploads\/2008\/08\/dita-e-te-rinjve-300x238.jpg\"},{\"@type\":\"WebPage\",\"@id\":\"https:\/\/www.visit-ulcinj.com\/blog\/2008\/08\/21\/international-youth-day-2008\/#webpage\",\"url\":\"https:\/\/www.visit-ulcinj.com\/blog\/2008\/08\/21\/international-youth-day-2008\/\",\"name\":\"International Youth Day 2008 - Lajme nga Ulqini\",\"isPartOf\":{\"@id\":\"https:\/\/www.visit-ulcinj.com\/blog\/#website\"},\"primaryImageOfPage\":{\"@id\":\"https:\/\/www.visit-ulcinj.com\/blog\/2008\/08\/21\/international-youth-day-2008\/#primaryimage\"},\"datePublished\":\"2008-08-21T17:02:14+00:00\",\"dateModified\":\"2008-08-21T17:02:14+00:00\",\"author\":{\"@id\":\"https:\/\/www.visit-ulcinj.com\/blog\/#\/schema\/person\/dcab619c614d3038751c63bc2aadc06d\"},\"breadcrumb\":{\"@id\":\"https:\/\/www.visit-ulcinj.com\/blog\/2008\/08\/21\/international-youth-day-2008\/#breadcrumb\"},\"inLanguage\":\"en-US\",\"potentialAction\":[{\"@type\":\"ReadAction\",\"target\":[\"https:\/\/www.visit-ulcinj.com\/blog\/2008\/08\/21\/international-youth-day-2008\/\"]}]},{\"@type\":\"BreadcrumbList\",\"@id\":\"https:\/\/www.visit-ulcinj.com\/blog\/2008\/08\/21\/international-youth-day-2008\/#breadcrumb\",\"itemListElement\":[{\"@type\":\"ListItem\",\"position\":1,\"name\":\"International Youth Day 2008\"}]},{\"@type\":\"Person\",\"@id\":\"https:\/\/www.visit-ulcinj.com\/blog\/#\/schema\/person\/dcab619c614d3038751c63bc2aadc06d\",\"name\":\"ulqini\",\"sameAs\":[\"http:\/\/www.visit-ulcinj.com\"],\"url\":\"https:\/\/www.visit-ulcinj.com\/blog\/author\/admin\/\"}]}<\/script>\n<!-- \/ Yoast SEO plugin. -->","yoast_head_json":{"title":"International Youth Day 2008 - Lajme nga Ulqini","robots":{"index":"index","follow":"follow","max-snippet":"max-snippet:-1","max-image-preview":"max-image-preview:large","max-video-preview":"max-video-preview:-1"},"canonical":"https:\/\/www.visit-ulcinj.com\/blog\/2008\/08\/21\/international-youth-day-2008\/","og_locale":"en_US","og_type":"article","og_title":"International Youth Day 2008 - Lajme nga Ulqini","og_url":"https:\/\/www.visit-ulcinj.com\/blog\/2008\/08\/21\/international-youth-day-2008\/","og_site_name":"Lajme nga Ulqini","article_published_time":"2008-08-21T17:02:14+00:00","og_image":[{"url":"http:\/\/www.visit-ulcinj.com\/blog\/wp-content\/uploads\/2008\/08\/dita-e-te-rinjve-300x238.jpg"}],"twitter_misc":{"Written by":"ulqini","Est. reading time":"3 minutes"},"schema":{"@context":"https:\/\/schema.org","@graph":[{"@type":"WebSite","@id":"https:\/\/www.visit-ulcinj.com\/blog\/#website","url":"https:\/\/www.visit-ulcinj.com\/blog\/","name":"Lajme nga Ulqini","description":"Lajme,Vijesti,Ulqini,Ulqin,Crna Gora,Mali i Zi","potentialAction":[{"@type":"SearchAction","target":{"@type":"EntryPoint","urlTemplate":"https:\/\/www.visit-ulcinj.com\/blog\/?s={search_term_string}"},"query-input":"required name=search_term_string"}],"inLanguage":"en-US"},{"@type":"ImageObject","inLanguage":"en-US","@id":"https:\/\/www.visit-ulcinj.com\/blog\/2008\/08\/21\/international-youth-day-2008\/#primaryimage","url":"http:\/\/www.visit-ulcinj.com\/blog\/wp-content\/uploads\/2008\/08\/dita-e-te-rinjve-300x238.jpg","contentUrl":"http:\/\/www.visit-ulcinj.com\/blog\/wp-content\/uploads\/2008\/08\/dita-e-te-rinjve-300x238.jpg"},{"@type":"WebPage","@id":"https:\/\/www.visit-ulcinj.com\/blog\/2008\/08\/21\/international-youth-day-2008\/#webpage","url":"https:\/\/www.visit-ulcinj.com\/blog\/2008\/08\/21\/international-youth-day-2008\/","name":"International Youth Day 2008 - Lajme nga Ulqini","isPartOf":{"@id":"https:\/\/www.visit-ulcinj.com\/blog\/#website"},"primaryImageOfPage":{"@id":"https:\/\/www.visit-ulcinj.com\/blog\/2008\/08\/21\/international-youth-day-2008\/#primaryimage"},"datePublished":"2008-08-21T17:02:14+00:00","dateModified":"2008-08-21T17:02:14+00:00","author":{"@id":"https:\/\/www.visit-ulcinj.com\/blog\/#\/schema\/person\/dcab619c614d3038751c63bc2aadc06d"},"breadcrumb":{"@id":"https:\/\/www.visit-ulcinj.com\/blog\/2008\/08\/21\/international-youth-day-2008\/#breadcrumb"},"inLanguage":"en-US","potentialAction":[{"@type":"ReadAction","target":["https:\/\/www.visit-ulcinj.com\/blog\/2008\/08\/21\/international-youth-day-2008\/"]}]},{"@type":"BreadcrumbList","@id":"https:\/\/www.visit-ulcinj.com\/blog\/2008\/08\/21\/international-youth-day-2008\/#breadcrumb","itemListElement":[{"@type":"ListItem","position":1,"name":"International Youth Day 2008"}]},{"@type":"Person","@id":"https:\/\/www.visit-ulcinj.com\/blog\/#\/schema\/person\/dcab619c614d3038751c63bc2aadc06d","name":"ulqini","sameAs":["http:\/\/www.visit-ulcinj.com"],"url":"https:\/\/www.visit-ulcinj.com\/blog\/author\/admin\/"}]}},"jetpack_featured_media_url":"","jetpack_sharing_enabled":true,"jetpack_shortlink":"https:\/\/wp.me\/pe6lTn-Gq","_links":{"self":[{"href":"https:\/\/www.visit-ulcinj.com\/blog\/wp-json\/wp\/v2\/posts\/2630"}],"collection":[{"href":"https:\/\/www.visit-ulcinj.com\/blog\/wp-json\/wp\/v2\/posts"}],"about":[{"href":"https:\/\/www.visit-ulcinj.com\/blog\/wp-json\/wp\/v2\/types\/post"}],"author":[{"embeddable":true,"href":"https:\/\/www.visit-ulcinj.com\/blog\/wp-json\/wp\/v2\/users\/1"}],"replies":[{"embeddable":true,"href":"https:\/\/www.visit-ulcinj.com\/blog\/wp-json\/wp\/v2\/comments?post=2630"}],"version-history":[{"count":0,"href":"https:\/\/www.visit-ulcinj.com\/blog\/wp-json\/wp\/v2\/posts\/2630\/revisions"}],"wp:attachment":[{"href":"https:\/\/www.visit-ulcinj.com\/blog\/wp-json\/wp\/v2\/media?parent=2630"}],"wp:term":[{"taxonomy":"category","embeddable":true,"href":"https:\/\/www.visit-ulcinj.com\/blog\/wp-json\/wp\/v2\/categories?post=2630"},{"taxonomy":"post_tag","embeddable":true,"href":"https:\/\/www.visit-ulcinj.com\/blog\/wp-json\/wp\/v2\/tags?post=2630"}],"curies":[{"name":"wp","href":"https:\/\/api.w.org\/{rel}","templated":true}]}}