{"id":26311,"date":"2009-10-08T20:16:53","date_gmt":"2009-10-08T18:16:53","guid":{"rendered":"http:\/\/www.visit-ulcinj.com\/blog\/?p=26311"},"modified":"2009-10-08T20:18:59","modified_gmt":"2009-10-08T18:18:59","slug":"dafina-zeqiri-refuzon-adhuruesit","status":"publish","type":"post","link":"https:\/\/www.visit-ulcinj.com\/blog\/2009\/10\/08\/dafina-zeqiri-refuzon-adhuruesit\/","title":{"rendered":"Dafina Zeqiri refuzon adhuruesit"},"content":{"rendered":"<p><a href=\"http:\/\/www.visit-ulcinj.com\/blog\/wp-content\/uploads\/2009\/10\/Dafina-Zeqiri-refuzon-adhuruesit.jpg\"><img loading=\"lazy\" class=\"alignleft size-full wp-image-26312\" title=\"Dafina Zeqiri refuzon adhuruesit\" src=\"http:\/\/www.visit-ulcinj.com\/blog\/wp-content\/uploads\/2009\/10\/Dafina-Zeqiri-refuzon-adhuruesit.jpg\" alt=\"Dafina Zeqiri refuzon adhuruesit\" width=\"191\" height=\"196\" \/><\/a>K\u00ebng\u00ebtarja Dafina Zeqiri nuk ka shkuar n\u00eb nj\u00eb dit\u00eblindje t\u00eb nj\u00eb adhurueseje t\u00eb saj, edhe p\u00ebrkund\u00ebr asaj se vajz\u00ebs nga Prishtina i ishte premtuar se ajo do t\u00eb shkonte p\u00ebr t\u00eb festuar m\u00eb t\u00eb.<br \/>\nGjat\u00eb jav\u00ebs adhuruesja e Dafin\u00ebs kishte thirr shok\u00ebt dhe shoqet e saj t\u00eb klas\u00ebs dhe u kishte premtuar se aty do t\u00eb ishte edhe k\u00ebng\u00ebtarja e saj e adhuruar.<br \/>\nPor, Dafina nuk kishte gjetur koh\u00eb se paku p\u00ebr t\u00eb lajm\u00ebruar se nuk do t\u00eb mund t\u00eb shkonte n\u00eb dit\u00eblindje p\u00ebr arsye personale.<br \/>\nHumb\u00ebs m\u00eb i madh ishte kush tjet\u00ebr pos Dafin\u00ebs, e cila humbi hiq m\u00eb pak se 50 adhurues.<\/p>\n<p><strong>Gazeta Express<\/strong><\/p>\n<!--YouTube Error: bad URL entered-->\n","protected":false},"excerpt":{"rendered":"<p>K\u00ebng\u00ebtarja Dafina Zeqiri nuk ka shkuar n\u00eb nj\u00eb dit\u00eblindje t\u00eb nj\u00eb adhurueseje t\u00eb saj, edhe p\u00ebrkund\u00ebr asaj se vajz\u00ebs nga Prishtina i ishte premtuar se ajo do t\u00eb shkonte p\u00ebr t\u00eb festuar m\u00eb t\u00eb. Gjat\u00eb jav\u00ebs adhuruesja e Dafin\u00ebs kishte thirr shok\u00ebt dhe shoqet e saj t\u00eb klas\u00ebs dhe u kishte premtuar se aty do [&hellip;]<\/p>\n","protected":false},"author":1,"featured_media":0,"comment_status":"open","ping_status":"closed","sticky":false,"template":"","format":"standard","meta":{"spay_email":"","jetpack_publicize_message":"","jetpack_is_tweetstorm":false,"jetpack_publicize_feature_enabled":true},"categories":[1],"tags":[4926],"jetpack_publicize_connections":[],"yoast_head":"<!-- This site is optimized with the Yoast SEO plugin v19.1 - https:\/\/yoast.com\/wordpress\/plugins\/seo\/ -->\n<title>Dafina Zeqiri refuzon adhuruesit - Lajme nga Ulqini<\/title>\n<meta name=\"description\" content=\"K\u00ebng\u00ebtarja Dafina Zeqiri nuk ka shkuar n\u00eb nj\u00eb dit\u00eblindje t\u00eb nj\u00eb adhurueseje t\u00eb saj, edhe p\u00ebrkund\u00ebr asaj se vajz\u00ebs nga Prishtina i ishte premtuar se ajo do\" \/>\n<meta name=\"robots\" content=\"index, follow, max-snippet:-1, max-image-preview:large, max-video-preview:-1\" \/>\n<link rel=\"canonical\" href=\"https:\/\/www.visit-ulcinj.com\/blog\/2009\/10\/08\/dafina-zeqiri-refuzon-adhuruesit\/\" \/>\n<meta property=\"og:locale\" content=\"en_US\" \/>\n<meta property=\"og:type\" content=\"article\" \/>\n<meta property=\"og:title\" content=\"Dafina Zeqiri refuzon adhuruesit - Lajme nga Ulqini\" \/>\n<meta property=\"og:description\" content=\"K\u00ebng\u00ebtarja Dafina Zeqiri nuk ka shkuar n\u00eb nj\u00eb dit\u00eblindje t\u00eb nj\u00eb adhurueseje t\u00eb saj, edhe p\u00ebrkund\u00ebr asaj se vajz\u00ebs nga Prishtina i ishte premtuar se ajo do\" \/>\n<meta property=\"og:url\" content=\"https:\/\/www.visit-ulcinj.com\/blog\/2009\/10\/08\/dafina-zeqiri-refuzon-adhuruesit\/\" \/>\n<meta property=\"og:site_name\" content=\"Lajme nga Ulqini\" \/>\n<meta property=\"article:published_time\" content=\"2009-10-08T18:16:53+00:00\" \/>\n<meta property=\"article:modified_time\" content=\"2009-10-08T18:18:59+00:00\" \/>\n<meta property=\"og:image\" content=\"http:\/\/www.visit-ulcinj.com\/blog\/wp-content\/uploads\/2009\/10\/Dafina-Zeqiri-refuzon-adhuruesit.jpg\" \/>\n<meta name=\"twitter:label1\" content=\"Written by\" \/>\n\t<meta name=\"twitter:data1\" content=\"ulqini\" \/>\n\t<meta name=\"twitter:label2\" content=\"Est. reading time\" \/>\n\t<meta name=\"twitter:data2\" content=\"1 minute\" \/>\n<script type=\"application\/ld+json\" class=\"yoast-schema-graph\">{\"@context\":\"https:\/\/schema.org\",\"@graph\":[{\"@type\":\"WebSite\",\"@id\":\"https:\/\/www.visit-ulcinj.com\/blog\/#website\",\"url\":\"https:\/\/www.visit-ulcinj.com\/blog\/\",\"name\":\"Lajme nga Ulqini\",\"description\":\"Lajme,Vijesti,Ulqini,Ulqin,Crna Gora,Mali i Zi\",\"potentialAction\":[{\"@type\":\"SearchAction\",\"target\":{\"@type\":\"EntryPoint\",\"urlTemplate\":\"https:\/\/www.visit-ulcinj.com\/blog\/?s={search_term_string}\"},\"query-input\":\"required name=search_term_string\"}],\"inLanguage\":\"en-US\"},{\"@type\":\"ImageObject\",\"inLanguage\":\"en-US\",\"@id\":\"https:\/\/www.visit-ulcinj.com\/blog\/2009\/10\/08\/dafina-zeqiri-refuzon-adhuruesit\/#primaryimage\",\"url\":\"http:\/\/www.visit-ulcinj.com\/blog\/wp-content\/uploads\/2009\/10\/Dafina-Zeqiri-refuzon-adhuruesit.jpg\",\"contentUrl\":\"http:\/\/www.visit-ulcinj.com\/blog\/wp-content\/uploads\/2009\/10\/Dafina-Zeqiri-refuzon-adhuruesit.jpg\"},{\"@type\":\"WebPage\",\"@id\":\"https:\/\/www.visit-ulcinj.com\/blog\/2009\/10\/08\/dafina-zeqiri-refuzon-adhuruesit\/#webpage\",\"url\":\"https:\/\/www.visit-ulcinj.com\/blog\/2009\/10\/08\/dafina-zeqiri-refuzon-adhuruesit\/\",\"name\":\"Dafina Zeqiri refuzon adhuruesit - Lajme nga Ulqini\",\"isPartOf\":{\"@id\":\"https:\/\/www.visit-ulcinj.com\/blog\/#website\"},\"primaryImageOfPage\":{\"@id\":\"https:\/\/www.visit-ulcinj.com\/blog\/2009\/10\/08\/dafina-zeqiri-refuzon-adhuruesit\/#primaryimage\"},\"datePublished\":\"2009-10-08T18:16:53+00:00\",\"dateModified\":\"2009-10-08T18:18:59+00:00\",\"author\":{\"@id\":\"https:\/\/www.visit-ulcinj.com\/blog\/#\/schema\/person\/dcab619c614d3038751c63bc2aadc06d\"},\"description\":\"K\u00ebng\u00ebtarja Dafina Zeqiri nuk ka shkuar n\u00eb nj\u00eb dit\u00eblindje t\u00eb nj\u00eb adhurueseje t\u00eb saj, edhe p\u00ebrkund\u00ebr asaj se vajz\u00ebs nga Prishtina i ishte premtuar se ajo do\",\"breadcrumb\":{\"@id\":\"https:\/\/www.visit-ulcinj.com\/blog\/2009\/10\/08\/dafina-zeqiri-refuzon-adhuruesit\/#breadcrumb\"},\"inLanguage\":\"en-US\",\"potentialAction\":[{\"@type\":\"ReadAction\",\"target\":[\"https:\/\/www.visit-ulcinj.com\/blog\/2009\/10\/08\/dafina-zeqiri-refuzon-adhuruesit\/\"]}]},{\"@type\":\"BreadcrumbList\",\"@id\":\"https:\/\/www.visit-ulcinj.com\/blog\/2009\/10\/08\/dafina-zeqiri-refuzon-adhuruesit\/#breadcrumb\",\"itemListElement\":[{\"@type\":\"ListItem\",\"position\":1,\"name\":\"Dafina Zeqiri refuzon adhuruesit\"}]},{\"@type\":\"Person\",\"@id\":\"https:\/\/www.visit-ulcinj.com\/blog\/#\/schema\/person\/dcab619c614d3038751c63bc2aadc06d\",\"name\":\"ulqini\",\"sameAs\":[\"http:\/\/www.visit-ulcinj.com\"],\"url\":\"https:\/\/www.visit-ulcinj.com\/blog\/author\/admin\/\"}]}<\/script>\n<!-- \/ Yoast SEO plugin. -->","yoast_head_json":{"title":"Dafina Zeqiri refuzon adhuruesit - Lajme nga Ulqini","description":"K\u00ebng\u00ebtarja Dafina Zeqiri nuk ka shkuar n\u00eb nj\u00eb dit\u00eblindje t\u00eb nj\u00eb adhurueseje t\u00eb saj, edhe p\u00ebrkund\u00ebr asaj se vajz\u00ebs nga Prishtina i ishte premtuar se ajo do","robots":{"index":"index","follow":"follow","max-snippet":"max-snippet:-1","max-image-preview":"max-image-preview:large","max-video-preview":"max-video-preview:-1"},"canonical":"https:\/\/www.visit-ulcinj.com\/blog\/2009\/10\/08\/dafina-zeqiri-refuzon-adhuruesit\/","og_locale":"en_US","og_type":"article","og_title":"Dafina Zeqiri refuzon adhuruesit - Lajme nga Ulqini","og_description":"K\u00ebng\u00ebtarja Dafina Zeqiri nuk ka shkuar n\u00eb nj\u00eb dit\u00eblindje t\u00eb nj\u00eb adhurueseje t\u00eb saj, edhe p\u00ebrkund\u00ebr asaj se vajz\u00ebs nga Prishtina i ishte premtuar se ajo do","og_url":"https:\/\/www.visit-ulcinj.com\/blog\/2009\/10\/08\/dafina-zeqiri-refuzon-adhuruesit\/","og_site_name":"Lajme nga Ulqini","article_published_time":"2009-10-08T18:16:53+00:00","article_modified_time":"2009-10-08T18:18:59+00:00","og_image":[{"url":"http:\/\/www.visit-ulcinj.com\/blog\/wp-content\/uploads\/2009\/10\/Dafina-Zeqiri-refuzon-adhuruesit.jpg"}],"twitter_misc":{"Written by":"ulqini","Est. reading time":"1 minute"},"schema":{"@context":"https:\/\/schema.org","@graph":[{"@type":"WebSite","@id":"https:\/\/www.visit-ulcinj.com\/blog\/#website","url":"https:\/\/www.visit-ulcinj.com\/blog\/","name":"Lajme nga Ulqini","description":"Lajme,Vijesti,Ulqini,Ulqin,Crna Gora,Mali i Zi","potentialAction":[{"@type":"SearchAction","target":{"@type":"EntryPoint","urlTemplate":"https:\/\/www.visit-ulcinj.com\/blog\/?s={search_term_string}"},"query-input":"required name=search_term_string"}],"inLanguage":"en-US"},{"@type":"ImageObject","inLanguage":"en-US","@id":"https:\/\/www.visit-ulcinj.com\/blog\/2009\/10\/08\/dafina-zeqiri-refuzon-adhuruesit\/#primaryimage","url":"http:\/\/www.visit-ulcinj.com\/blog\/wp-content\/uploads\/2009\/10\/Dafina-Zeqiri-refuzon-adhuruesit.jpg","contentUrl":"http:\/\/www.visit-ulcinj.com\/blog\/wp-content\/uploads\/2009\/10\/Dafina-Zeqiri-refuzon-adhuruesit.jpg"},{"@type":"WebPage","@id":"https:\/\/www.visit-ulcinj.com\/blog\/2009\/10\/08\/dafina-zeqiri-refuzon-adhuruesit\/#webpage","url":"https:\/\/www.visit-ulcinj.com\/blog\/2009\/10\/08\/dafina-zeqiri-refuzon-adhuruesit\/","name":"Dafina Zeqiri refuzon adhuruesit - Lajme nga Ulqini","isPartOf":{"@id":"https:\/\/www.visit-ulcinj.com\/blog\/#website"},"primaryImageOfPage":{"@id":"https:\/\/www.visit-ulcinj.com\/blog\/2009\/10\/08\/dafina-zeqiri-refuzon-adhuruesit\/#primaryimage"},"datePublished":"2009-10-08T18:16:53+00:00","dateModified":"2009-10-08T18:18:59+00:00","author":{"@id":"https:\/\/www.visit-ulcinj.com\/blog\/#\/schema\/person\/dcab619c614d3038751c63bc2aadc06d"},"description":"K\u00ebng\u00ebtarja Dafina Zeqiri nuk ka shkuar n\u00eb nj\u00eb dit\u00eblindje t\u00eb nj\u00eb adhurueseje t\u00eb saj, edhe p\u00ebrkund\u00ebr asaj se vajz\u00ebs nga Prishtina i ishte premtuar se ajo do","breadcrumb":{"@id":"https:\/\/www.visit-ulcinj.com\/blog\/2009\/10\/08\/dafina-zeqiri-refuzon-adhuruesit\/#breadcrumb"},"inLanguage":"en-US","potentialAction":[{"@type":"ReadAction","target":["https:\/\/www.visit-ulcinj.com\/blog\/2009\/10\/08\/dafina-zeqiri-refuzon-adhuruesit\/"]}]},{"@type":"BreadcrumbList","@id":"https:\/\/www.visit-ulcinj.com\/blog\/2009\/10\/08\/dafina-zeqiri-refuzon-adhuruesit\/#breadcrumb","itemListElement":[{"@type":"ListItem","position":1,"name":"Dafina Zeqiri refuzon adhuruesit"}]},{"@type":"Person","@id":"https:\/\/www.visit-ulcinj.com\/blog\/#\/schema\/person\/dcab619c614d3038751c63bc2aadc06d","name":"ulqini","sameAs":["http:\/\/www.visit-ulcinj.com"],"url":"https:\/\/www.visit-ulcinj.com\/blog\/author\/admin\/"}]}},"jetpack_featured_media_url":"","jetpack_sharing_enabled":true,"jetpack_shortlink":"https:\/\/wp.me\/pe6lTn-6Qn","_links":{"self":[{"href":"https:\/\/www.visit-ulcinj.com\/blog\/wp-json\/wp\/v2\/posts\/26311"}],"collection":[{"href":"https:\/\/www.visit-ulcinj.com\/blog\/wp-json\/wp\/v2\/posts"}],"about":[{"href":"https:\/\/www.visit-ulcinj.com\/blog\/wp-json\/wp\/v2\/types\/post"}],"author":[{"embeddable":true,"href":"https:\/\/www.visit-ulcinj.com\/blog\/wp-json\/wp\/v2\/users\/1"}],"replies":[{"embeddable":true,"href":"https:\/\/www.visit-ulcinj.com\/blog\/wp-json\/wp\/v2\/comments?post=26311"}],"version-history":[{"count":0,"href":"https:\/\/www.visit-ulcinj.com\/blog\/wp-json\/wp\/v2\/posts\/26311\/revisions"}],"wp:attachment":[{"href":"https:\/\/www.visit-ulcinj.com\/blog\/wp-json\/wp\/v2\/media?parent=26311"}],"wp:term":[{"taxonomy":"category","embeddable":true,"href":"https:\/\/www.visit-ulcinj.com\/blog\/wp-json\/wp\/v2\/categories?post=26311"},{"taxonomy":"post_tag","embeddable":true,"href":"https:\/\/www.visit-ulcinj.com\/blog\/wp-json\/wp\/v2\/tags?post=26311"}],"curies":[{"name":"wp","href":"https:\/\/api.w.org\/{rel}","templated":true}]}}