{"id":26316,"date":"2009-10-09T18:27:16","date_gmt":"2009-10-09T16:27:16","guid":{"rendered":"http:\/\/www.visit-ulcinj.com\/blog\/?p=26316"},"modified":"2009-10-09T18:27:16","modified_gmt":"2009-10-09T16:27:16","slug":"eliza-hoxha-jam-single","status":"publish","type":"post","link":"https:\/\/www.visit-ulcinj.com\/blog\/2009\/10\/09\/eliza-hoxha-jam-single\/","title":{"rendered":"Eliza Hoxha: Jam single"},"content":{"rendered":"<p><a href=\"http:\/\/www.visit-ulcinj.com\/blog\/wp-content\/uploads\/2009\/10\/Eliza-Hoxha.3.jpg\"><img loading=\"lazy\" class=\"alignleft size-full wp-image-26317\" title=\"Eliza Hoxha.3\" src=\"http:\/\/www.visit-ulcinj.com\/blog\/wp-content\/uploads\/2009\/10\/Eliza-Hoxha.3.jpg\" alt=\"Eliza Hoxha.3\" width=\"580\" height=\"680\" \/><\/a>N\u00eb Shqip\u00ebri e njohin si k\u00ebng\u00ebtare, por nuk \u00ebsht\u00eb vet\u00ebm aq, ndon\u00ebse m\u00ebse tridhjet\u00eb vjet fle dhe ngryset me muzik\u00ebn. N\u00eb familjen e saj prej muzikant\u00ebsh, nuk kish se si ti devijonte t\u00eb nj\u00ebjt\u00ebs rrug\u00eb, ama vite m\u00eb von\u00eb, kur kuptoi se \u00e7\u2019do t\u00eb thot\u00eb jeta dhe se ku dhe si duhet investuar nisi rrug\u00eb t\u00eb reja, pa braktisur asnj\u00ebr\u00ebn. \u00cbsht\u00eb fotoreportere dhe si e till\u00eb ka punuar gjat\u00eb. Eliza Hoxha shkon p\u00ebrtej muzik\u00ebs, me pun\u00ebn q\u00eb ka b\u00ebr\u00eb n\u00eb gazet\u00ebn javore politike \u201cZ\u00ebri\u201d n\u00eb Kosov\u00eb, ku ka punuar p\u00ebr vite si fotoreportere dhe duke e shnd\u00ebrruar pasionin n\u00eb profesion. Ve\u00e7 saj ka m\u00ebsuar edhe shum\u00eb gj\u00ebra n\u00eb gazetari, pasi ka qen\u00eb pjes\u00eb e stafit t\u00eb gazetar\u00ebve gjithandej n\u00ebp\u00ebr Kosov\u00eb, n\u00eb shkrimet hulumtuese e dokumentuese n\u00eb terren, sot \u00ebsht\u00eb dhe arkitekte. Pak koh\u00eb m\u00eb par\u00eb, u paraqit mes artist\u00ebve shqiptar\u00eb n\u00eb Bienalen e Venecias me nj\u00eb projekt p\u00ebr Ur\u00ebn e Mitrovic\u00ebs. Krahas pun\u00ebs si arkitekte punon n\u00eb Universitetin e Prishtin\u00ebs dhe at\u00eb t\u00eb Tetov\u00ebs n\u00eb Maqedoni n\u00eb Fakultetin e Arkitektur\u00ebs dhe ndihet e k\u00ebnaqur po aq sa e plot\u00ebsuar me projekte t\u00eb her\u00ebpashershme lidhur me dizajnin urban. Nd\u00ebrkaq shpesh mund ta lexoni dhe n\u00eb t\u00eb p\u00ebrditshmen kosovare \u201cExpress\u201d me opinione t\u00eb ndryshme dhe zgjidheni vet\u00eb se cili \u00ebsht\u00eb profesioni i saj. Ajo do t\u00eb rr\u00ebfej\u00eb pak p\u00ebr t\u00eb gjitha\u2026<\/p>\n<p><strong><a href=\"http:\/\/www.visit-ulcinj.com\/blog\/wp-content\/uploads\/2009\/10\/Eliza-Hoxha.jpg\"><img loading=\"lazy\" class=\"alignright size-medium wp-image-26318\" title=\"Eliza Hoxha\" src=\"http:\/\/www.visit-ulcinj.com\/blog\/wp-content\/uploads\/2009\/10\/Eliza-Hoxha-300x283.jpg\" alt=\"Eliza Hoxha\" width=\"300\" height=\"283\" \/><\/a>-Na e shpjegoni zgjedhjen tuaj? Pse, koh\u00eb m\u00eb par\u00eb vendos\u00ebt t\u00eb b\u00ebheshit k\u00ebng\u00ebtare?<\/strong><br \/>\nPara 30 viteve, ishte babai im ai q\u00eb hapi rrug\u00ebn time n\u00eb muzik\u00eb qysh e vog\u00ebl kur ende nuk kisha filluar t\u00eb shkoja n\u00eb shkoll\u00eb. Ai \u00ebsht\u00eb muzikant akademik dhe t\u00ebr\u00eb jet\u00ebn ia dedikoi Radiotelevizionit t\u00eb Prishtin\u00ebs deri n\u00eb pension. Ishte ai q\u00eb b\u00ebnte k\u00ebng\u00ebt p\u00ebr mua deri n\u00eb mosh\u00ebn kur un\u00eb isha form\u00ebsuar aq sa p\u00ebr t\u00eb b\u00ebr\u00eb vet p\u00ebrzgjedhjet dhe rrug\u00ebtimin tim n\u00eb muzik\u00eb sipas shijes sime.<\/p>\n<p><strong>-Kur ka qen\u00eb hera e par\u00eb q\u00eb ju keni k\u00ebnduar, ku, kur, sa vje\u00e7 ishit?<\/strong><br \/>\nIshte viti 1980 kur jam paraqitur p\u00ebr her\u00eb t\u00eb par\u00eb n\u00eb festivalin e vet\u00ebm at\u00ebkoh\u00eb \u201cAkordet e Kosov\u00ebs\u201d n\u00eb Prishtin\u00eb. Isha vet\u00ebm 6 vje\u00e7e.<\/p>\n<p><strong>-Dhe kur jeni ngjitur n\u00eb sken\u00ebn e v\u00ebrtet\u00eb?<\/strong><br \/>\nAjo ishte skena e v\u00ebrtet\u00eb dhe m\u00eb besoni, m\u00eb e v\u00ebrtet\u00eb se kjo tani. At\u00ebher\u00eb gjith\u00e7ka ishte gjall\u00eb, interpretimi, orkestra e madhe e RTP-s\u00eb, andaj dhe emocioni, p\u00ebrgjegj\u00ebsia dhe respekti p\u00ebr sken\u00ebn ishte i nj\u00eb niveli krejt\u00ebsisht tjet\u00ebr.<br \/>\n<strong><a href=\"http:\/\/www.visit-ulcinj.com\/blog\/wp-content\/uploads\/2009\/10\/Eliza-Hoxha.1.jpg\"><img loading=\"lazy\" class=\"alignleft size-medium wp-image-26319\" title=\"Eliza Hoxha.1\" src=\"http:\/\/www.visit-ulcinj.com\/blog\/wp-content\/uploads\/2009\/10\/Eliza-Hoxha.1-200x300.jpg\" alt=\"Eliza Hoxha.1\" width=\"200\" height=\"300\" \/><\/a>-Si ka vijuar jeta artistike m\u00eb pas? Ndryshimet q\u00eb keni ndjer\u00eb nga nj\u00eb sken\u00eb n\u00eb tjetr\u00ebn? \u00c7\u2019ndjesi ju japin?<\/strong><br \/>\nKisha gjasht\u00eb paraqitje radhazi si f\u00ebmij\u00eb n\u00eb festivalin q\u00eb e p\u00ebrmenda m\u00eb lart. Nd\u00ebrkoh\u00eb n\u00eb vitin 1989, me Rebeka Qen\u00ebn, fituam \u00e7mimin kryesor t\u00eb festivalit \u201cOkarin\u00ebn e Art\u00eb\u201d dhe dukej nj\u00eb fillim i ndritur dhe premtues p\u00ebr nj\u00eb rrug\u00ebtim t\u00eb ri n\u00eb muzik\u00eb. Por, gjith\u00e7ka u shua n\u00eb muajt n\u00eb vijim. Ishte pik\u00ebrisht viti \u201889- \u201990 kur shqiptar\u00ebt shk\u00ebputen nga jeta institucionale publike dhe si p\u00ebr shum\u00eb n\u00eb Kosov\u00eb edhe jeta ime merr nj\u00eb kahje tjet\u00ebr. Pas dy viteve mbarova shkoll\u00ebn e mesme dhe duhej t\u00eb vendosja se \u00e7far\u00eb do b\u00ebja, k\u00ebshtu vendosa p\u00ebr arkitektur\u00ebn pasi muzika n\u00eb ato rrethana t\u00eb ngarkuara politike dhe ekonomike mund t\u00eb ishte vet\u00ebm nj\u00eb \u00ebnd\u00ebrr e bukur. P\u00ebr ta rikthyer \u00ebndrr\u00ebn dhe p\u00ebr ta p\u00ebrmbushur zbraz\u00ebtin\u00eb e krijuar nd\u00ebr vite pas luft\u00ebs vendosa n\u00ebse p\u00ebr asgj\u00eb tjet\u00ebr p\u00ebr veten time t\u00eb b\u00ebj nj\u00eb album muzikor. Doli q\u00eb ishte shum\u00eb i suksessh\u00ebm dhe i mir\u00ebpritur andaj dhe nevoja p\u00ebr t\u00eb punuar m\u2019u shtua. Nj\u00eb zbraz\u00ebti tjet\u00ebr m\u00eb pastaj vinte p\u00ebr shkak t\u00eb studimeve t\u00eb mia pasuniversitare n\u00eb Belgjik\u00eb kur un\u00eb t\u00ebrhiqem nga skena p\u00ebr dy vite, p\u00ebr t\u2019u rikthyer s\u00ebrish me nj\u00eb Eliz\u00eb shum\u00eb m\u00eb t\u00eb form\u00ebsuar n\u00eb t\u00eb gjitha aspektet.<br \/>\n<strong>-Po lidhja me piktur\u00ebn, arkitektur\u00ebn? K\u00ebt\u00eb ver\u00eb ishit pjes\u00eb e Bienales s\u00eb Venecias?<\/strong><br \/>\nNuk jam e lidhur me piktur\u00ebn aq sa me fotografin\u00eb. Isha e lumtur q\u00eb isha pjes\u00eb e nj\u00eb ekipi artist\u00ebsh shqiptart\u00eb t\u00eb udh\u00ebhequr nga kuratori Andi Tepelena nga qendra \u201cArtkontakt\u201d, t\u00eb cil\u00ebt ekspozuan pun\u00ebt e tyre n\u00eb Bienalen e 53-t\u00eb t\u00eb artit n\u00eb Venecia n\u00eb qershor t\u00eb k\u00ebtij viti. Puna ime ishte bashk\u00ebdyzim i fotografis\u00eb, animacionit dhe instalacionit p\u00ebr ta transmetuar imazhin e qytetit t\u00eb ndar\u00eb t\u00eb Mitrovic\u00ebs dhe p\u00ebr ta demistifikuar UR\u00cbN e cila kudo n\u00ebnkuptohet se lidh di\u00e7ka dhe dik\u00eb si n\u00eb funksionin e saj ashtu edhe n\u00eb kuptim\u00ebsin e emrit t\u00eb saj e q\u00eb n\u00eb Mitrovic\u00eb nuk \u00ebsht\u00eb ky rast. N\u00eb k\u00ebt\u00eb projekt pik\u00ebnisje ishte analiza e filozofit Heidegger i cili e interpreton aspektin e hap\u00ebsir\u00ebs dhe b\u00ebrjes s\u00eb vendit p\u00ebrmes ur\u00ebs si model. P\u00ebrderisa analizat e b\u00ebra p\u00ebr ur\u00ebn n\u00eb Mitrovic\u00eb me komunitetin shqiptar n\u00eb jug dhe komunitetin serb n\u00eb veri sjellin emocione dhe mend\u00ebsi q\u00eb askund tjet\u00ebr nuk mund t\u2019i gjesh p\u00ebr ur\u00ebn si element nd\u00ebrlidh\u00ebs. Disa shkojn\u00eb aq larg sa e ironizojn\u00eb gjith\u00eb k\u00ebt\u00eb duke pyetur \u201cpse, ku na qenka kjo ur\u00eb\u201d, q\u00eb do t\u00eb thot\u00eb se p\u00ebr shumic\u00ebn prej njer\u00ebzve ura as q\u00eb mendohet t\u00eb jet\u00eb aty p\u00ebr t\u2019u sh\u00ebrbyer p\u00ebr di\u00e7ka\u2026.<\/p>\n<p><strong><a href=\"http:\/\/www.visit-ulcinj.com\/blog\/wp-content\/uploads\/2009\/10\/Eliza-Hoxha.2.jpg\"><img loading=\"lazy\" class=\"alignright size-medium wp-image-26320\" title=\"Eliza Hoxha.2\" src=\"http:\/\/www.visit-ulcinj.com\/blog\/wp-content\/uploads\/2009\/10\/Eliza-Hoxha.2-199x300.jpg\" alt=\"Eliza Hoxha.2\" width=\"199\" height=\"300\" \/><\/a>-Nd\u00ebrkaq ju lexojm\u00eb vazhdimisht edhe n\u00eb nj\u00eb nga t\u00eb p\u00ebrditshmet e Kosov\u00ebs? Cili \u00ebsht\u00eb profesioni juaj i v\u00ebrtet\u00eb?<\/strong><br \/>\nShkruaj p\u00ebr dy arsye: p\u00ebr t\u00eb memoruar momente t\u00eb caktuara qofshin ato t\u00eb g\u00ebzimit, pik\u00ebllimit apo zhg\u00ebnjimit n\u00eb qytet por edhe p\u00ebr t\u00eb zgjuar kureshtjen e njer\u00ebzve p\u00ebr fenomenet dhe proceset urbane pjes\u00eb e t\u00eb cilave jan\u00eb t\u00eb gjith\u00eb n\u00eb nj\u00eb form\u00eb apo tjet\u00ebr. Nj\u00ebkoh\u00ebsisht ndjehem shum\u00eb e lumtur dhe e privilegjuar p\u00ebr faktin q\u00eb kam mund\u00ebsi t\u00eb komunikoj me publikun nga pozicione t\u00eb ndryshme p\u00ebrmes shprehjeve t\u00eb ndryshme artistike. Kjo m\u00eb b\u00ebn t\u00eb ndjehem e pasur dhe e p\u00ebrmbushur. Cili \u00ebsht\u00eb profesioni im gjejeni ju vet\u00eb, un\u00eb e plot\u00ebsoj Eliz\u00ebn me t\u00eb gjitha k\u00ebto nga pak dhe sigurisht q\u00eb n\u00eb nj\u00eb t\u00eb ardhme disa nga angazhimet do fillojn\u00eb t\u00eb mbeten n\u00eb sfond.<\/p>\n<p><strong>-Cilat jan\u00eb modelet tuaja n\u00eb muzik\u00eb, art, gazetari?<\/strong><br \/>\nNuk punoj me nj\u00eb pik\u00eb referente t\u00eb vetme, asnj\u00ebher\u00eb\u2026 hulumtoj, v\u00ebshtroj, lexoj dhe inspirohem shpesh edhe nga gj\u00ebrat m\u00eb t\u00eb thjeshta q\u00eb dikush mund t\u2019i imagjinoj\u00eb. E r\u00ebnd\u00ebsishmja e pun\u00ebs sime mendoj se q\u00ebndron n\u00eb faktin q\u00eb inspirimi im prej ngado q\u00eb vjen nuk \u00ebsht\u00eb i p\u00ebrkthyer teknikisht n\u00eb formatin e Eliz\u00ebs por \u00ebsht\u00eb gjithmon\u00eb shija e Eliz\u00ebs q\u00eb u mbetet njer\u00ebzve n\u00eb fund.<\/p>\n<p><strong>-Po jeta juaj private?<\/strong><br \/>\nThashethemet n\u00eb k\u00ebt\u00eb kuad\u00ebr mbeten t\u00eb shumta. Por thjesht jam sing\u00ebll.<\/p>\n<p><strong> Gazeta Panorama<\/strong><\/p>\n<p><strong><!--YouTube Error: bad URL entered--><br \/>\n<\/strong><\/p>\n","protected":false},"excerpt":{"rendered":"<p>N\u00eb Shqip\u00ebri e njohin si k\u00ebng\u00ebtare, por nuk \u00ebsht\u00eb vet\u00ebm aq, ndon\u00ebse m\u00ebse tridhjet\u00eb vjet fle dhe ngryset me muzik\u00ebn. N\u00eb familjen e saj prej muzikant\u00ebsh, nuk kish se si ti devijonte t\u00eb nj\u00ebjt\u00ebs rrug\u00eb, ama vite m\u00eb von\u00eb, kur kuptoi se \u00e7\u2019do t\u00eb thot\u00eb jeta dhe se ku dhe si duhet investuar nisi rrug\u00eb [&hellip;]<\/p>\n","protected":false},"author":1,"featured_media":0,"comment_status":"open","ping_status":"closed","sticky":false,"template":"","format":"standard","meta":{"spay_email":"","jetpack_publicize_message":"","jetpack_is_tweetstorm":false,"jetpack_publicize_feature_enabled":true},"categories":[1],"tags":[4906],"jetpack_publicize_connections":[],"yoast_head":"<!-- This site is optimized with the Yoast SEO plugin v19.1 - https:\/\/yoast.com\/wordpress\/plugins\/seo\/ -->\n<title>Eliza Hoxha: Jam single - Lajme nga Ulqini<\/title>\n<meta name=\"description\" content=\"N\u00eb Shqip\u00ebri e njohin si k\u00ebng\u00ebtare, por nuk \u00ebsht\u00eb vet\u00ebm aq, ndon\u00ebse m\u00ebse tridhjet\u00eb vjet fle dhe ngryset me muzik\u00ebn. N\u00eb familjen e saj prej muzikant\u00ebsh, nuk\" \/>\n<meta name=\"robots\" content=\"index, follow, max-snippet:-1, max-image-preview:large, max-video-preview:-1\" \/>\n<link rel=\"canonical\" href=\"https:\/\/www.visit-ulcinj.com\/blog\/2009\/10\/09\/eliza-hoxha-jam-single\/\" \/>\n<meta property=\"og:locale\" content=\"en_US\" \/>\n<meta property=\"og:type\" content=\"article\" \/>\n<meta property=\"og:title\" content=\"Eliza Hoxha: Jam single - Lajme nga Ulqini\" \/>\n<meta property=\"og:description\" content=\"N\u00eb Shqip\u00ebri e njohin si k\u00ebng\u00ebtare, por nuk \u00ebsht\u00eb vet\u00ebm aq, ndon\u00ebse m\u00ebse tridhjet\u00eb vjet fle dhe ngryset me muzik\u00ebn. N\u00eb familjen e saj prej muzikant\u00ebsh, nuk\" \/>\n<meta property=\"og:url\" content=\"https:\/\/www.visit-ulcinj.com\/blog\/2009\/10\/09\/eliza-hoxha-jam-single\/\" \/>\n<meta property=\"og:site_name\" content=\"Lajme nga Ulqini\" \/>\n<meta property=\"article:published_time\" content=\"2009-10-09T16:27:16+00:00\" \/>\n<meta property=\"og:image\" content=\"http:\/\/www.visit-ulcinj.com\/blog\/wp-content\/uploads\/2009\/10\/Eliza-Hoxha.3.jpg\" \/>\n<meta name=\"twitter:label1\" content=\"Written by\" \/>\n\t<meta name=\"twitter:data1\" content=\"ulqini\" \/>\n\t<meta name=\"twitter:label2\" content=\"Est. reading time\" \/>\n\t<meta name=\"twitter:data2\" content=\"6 minutes\" \/>\n<script type=\"application\/ld+json\" class=\"yoast-schema-graph\">{\"@context\":\"https:\/\/schema.org\",\"@graph\":[{\"@type\":\"WebSite\",\"@id\":\"https:\/\/www.visit-ulcinj.com\/blog\/#website\",\"url\":\"https:\/\/www.visit-ulcinj.com\/blog\/\",\"name\":\"Lajme nga Ulqini\",\"description\":\"Lajme,Vijesti,Ulqini,Ulqin,Crna Gora,Mali i Zi\",\"potentialAction\":[{\"@type\":\"SearchAction\",\"target\":{\"@type\":\"EntryPoint\",\"urlTemplate\":\"https:\/\/www.visit-ulcinj.com\/blog\/?s={search_term_string}\"},\"query-input\":\"required name=search_term_string\"}],\"inLanguage\":\"en-US\"},{\"@type\":\"ImageObject\",\"inLanguage\":\"en-US\",\"@id\":\"https:\/\/www.visit-ulcinj.com\/blog\/2009\/10\/09\/eliza-hoxha-jam-single\/#primaryimage\",\"url\":\"http:\/\/www.visit-ulcinj.com\/blog\/wp-content\/uploads\/2009\/10\/Eliza-Hoxha.3.jpg\",\"contentUrl\":\"http:\/\/www.visit-ulcinj.com\/blog\/wp-content\/uploads\/2009\/10\/Eliza-Hoxha.3.jpg\"},{\"@type\":\"WebPage\",\"@id\":\"https:\/\/www.visit-ulcinj.com\/blog\/2009\/10\/09\/eliza-hoxha-jam-single\/#webpage\",\"url\":\"https:\/\/www.visit-ulcinj.com\/blog\/2009\/10\/09\/eliza-hoxha-jam-single\/\",\"name\":\"Eliza Hoxha: Jam single - Lajme nga Ulqini\",\"isPartOf\":{\"@id\":\"https:\/\/www.visit-ulcinj.com\/blog\/#website\"},\"primaryImageOfPage\":{\"@id\":\"https:\/\/www.visit-ulcinj.com\/blog\/2009\/10\/09\/eliza-hoxha-jam-single\/#primaryimage\"},\"datePublished\":\"2009-10-09T16:27:16+00:00\",\"dateModified\":\"2009-10-09T16:27:16+00:00\",\"author\":{\"@id\":\"https:\/\/www.visit-ulcinj.com\/blog\/#\/schema\/person\/dcab619c614d3038751c63bc2aadc06d\"},\"description\":\"N\u00eb Shqip\u00ebri e njohin si k\u00ebng\u00ebtare, por nuk \u00ebsht\u00eb vet\u00ebm aq, ndon\u00ebse m\u00ebse tridhjet\u00eb vjet fle dhe ngryset me muzik\u00ebn. N\u00eb familjen e saj prej muzikant\u00ebsh, nuk\",\"breadcrumb\":{\"@id\":\"https:\/\/www.visit-ulcinj.com\/blog\/2009\/10\/09\/eliza-hoxha-jam-single\/#breadcrumb\"},\"inLanguage\":\"en-US\",\"potentialAction\":[{\"@type\":\"ReadAction\",\"target\":[\"https:\/\/www.visit-ulcinj.com\/blog\/2009\/10\/09\/eliza-hoxha-jam-single\/\"]}]},{\"@type\":\"BreadcrumbList\",\"@id\":\"https:\/\/www.visit-ulcinj.com\/blog\/2009\/10\/09\/eliza-hoxha-jam-single\/#breadcrumb\",\"itemListElement\":[{\"@type\":\"ListItem\",\"position\":1,\"name\":\"Eliza Hoxha: Jam single\"}]},{\"@type\":\"Person\",\"@id\":\"https:\/\/www.visit-ulcinj.com\/blog\/#\/schema\/person\/dcab619c614d3038751c63bc2aadc06d\",\"name\":\"ulqini\",\"sameAs\":[\"http:\/\/www.visit-ulcinj.com\"],\"url\":\"https:\/\/www.visit-ulcinj.com\/blog\/author\/admin\/\"}]}<\/script>\n<!-- \/ Yoast SEO plugin. -->","yoast_head_json":{"title":"Eliza Hoxha: Jam single - Lajme nga Ulqini","description":"N\u00eb Shqip\u00ebri e njohin si k\u00ebng\u00ebtare, por nuk \u00ebsht\u00eb vet\u00ebm aq, ndon\u00ebse m\u00ebse tridhjet\u00eb vjet fle dhe ngryset me muzik\u00ebn. N\u00eb familjen e saj prej muzikant\u00ebsh, nuk","robots":{"index":"index","follow":"follow","max-snippet":"max-snippet:-1","max-image-preview":"max-image-preview:large","max-video-preview":"max-video-preview:-1"},"canonical":"https:\/\/www.visit-ulcinj.com\/blog\/2009\/10\/09\/eliza-hoxha-jam-single\/","og_locale":"en_US","og_type":"article","og_title":"Eliza Hoxha: Jam single - Lajme nga Ulqini","og_description":"N\u00eb Shqip\u00ebri e njohin si k\u00ebng\u00ebtare, por nuk \u00ebsht\u00eb vet\u00ebm aq, ndon\u00ebse m\u00ebse tridhjet\u00eb vjet fle dhe ngryset me muzik\u00ebn. N\u00eb familjen e saj prej muzikant\u00ebsh, nuk","og_url":"https:\/\/www.visit-ulcinj.com\/blog\/2009\/10\/09\/eliza-hoxha-jam-single\/","og_site_name":"Lajme nga Ulqini","article_published_time":"2009-10-09T16:27:16+00:00","og_image":[{"url":"http:\/\/www.visit-ulcinj.com\/blog\/wp-content\/uploads\/2009\/10\/Eliza-Hoxha.3.jpg"}],"twitter_misc":{"Written by":"ulqini","Est. reading time":"6 minutes"},"schema":{"@context":"https:\/\/schema.org","@graph":[{"@type":"WebSite","@id":"https:\/\/www.visit-ulcinj.com\/blog\/#website","url":"https:\/\/www.visit-ulcinj.com\/blog\/","name":"Lajme nga Ulqini","description":"Lajme,Vijesti,Ulqini,Ulqin,Crna Gora,Mali i Zi","potentialAction":[{"@type":"SearchAction","target":{"@type":"EntryPoint","urlTemplate":"https:\/\/www.visit-ulcinj.com\/blog\/?s={search_term_string}"},"query-input":"required name=search_term_string"}],"inLanguage":"en-US"},{"@type":"ImageObject","inLanguage":"en-US","@id":"https:\/\/www.visit-ulcinj.com\/blog\/2009\/10\/09\/eliza-hoxha-jam-single\/#primaryimage","url":"http:\/\/www.visit-ulcinj.com\/blog\/wp-content\/uploads\/2009\/10\/Eliza-Hoxha.3.jpg","contentUrl":"http:\/\/www.visit-ulcinj.com\/blog\/wp-content\/uploads\/2009\/10\/Eliza-Hoxha.3.jpg"},{"@type":"WebPage","@id":"https:\/\/www.visit-ulcinj.com\/blog\/2009\/10\/09\/eliza-hoxha-jam-single\/#webpage","url":"https:\/\/www.visit-ulcinj.com\/blog\/2009\/10\/09\/eliza-hoxha-jam-single\/","name":"Eliza Hoxha: Jam single - Lajme nga Ulqini","isPartOf":{"@id":"https:\/\/www.visit-ulcinj.com\/blog\/#website"},"primaryImageOfPage":{"@id":"https:\/\/www.visit-ulcinj.com\/blog\/2009\/10\/09\/eliza-hoxha-jam-single\/#primaryimage"},"datePublished":"2009-10-09T16:27:16+00:00","dateModified":"2009-10-09T16:27:16+00:00","author":{"@id":"https:\/\/www.visit-ulcinj.com\/blog\/#\/schema\/person\/dcab619c614d3038751c63bc2aadc06d"},"description":"N\u00eb Shqip\u00ebri e njohin si k\u00ebng\u00ebtare, por nuk \u00ebsht\u00eb vet\u00ebm aq, ndon\u00ebse m\u00ebse tridhjet\u00eb vjet fle dhe ngryset me muzik\u00ebn. N\u00eb familjen e saj prej muzikant\u00ebsh, nuk","breadcrumb":{"@id":"https:\/\/www.visit-ulcinj.com\/blog\/2009\/10\/09\/eliza-hoxha-jam-single\/#breadcrumb"},"inLanguage":"en-US","potentialAction":[{"@type":"ReadAction","target":["https:\/\/www.visit-ulcinj.com\/blog\/2009\/10\/09\/eliza-hoxha-jam-single\/"]}]},{"@type":"BreadcrumbList","@id":"https:\/\/www.visit-ulcinj.com\/blog\/2009\/10\/09\/eliza-hoxha-jam-single\/#breadcrumb","itemListElement":[{"@type":"ListItem","position":1,"name":"Eliza Hoxha: Jam single"}]},{"@type":"Person","@id":"https:\/\/www.visit-ulcinj.com\/blog\/#\/schema\/person\/dcab619c614d3038751c63bc2aadc06d","name":"ulqini","sameAs":["http:\/\/www.visit-ulcinj.com"],"url":"https:\/\/www.visit-ulcinj.com\/blog\/author\/admin\/"}]}},"jetpack_featured_media_url":"","jetpack_sharing_enabled":true,"jetpack_shortlink":"https:\/\/wp.me\/pe6lTn-6Qs","_links":{"self":[{"href":"https:\/\/www.visit-ulcinj.com\/blog\/wp-json\/wp\/v2\/posts\/26316"}],"collection":[{"href":"https:\/\/www.visit-ulcinj.com\/blog\/wp-json\/wp\/v2\/posts"}],"about":[{"href":"https:\/\/www.visit-ulcinj.com\/blog\/wp-json\/wp\/v2\/types\/post"}],"author":[{"embeddable":true,"href":"https:\/\/www.visit-ulcinj.com\/blog\/wp-json\/wp\/v2\/users\/1"}],"replies":[{"embeddable":true,"href":"https:\/\/www.visit-ulcinj.com\/blog\/wp-json\/wp\/v2\/comments?post=26316"}],"version-history":[{"count":0,"href":"https:\/\/www.visit-ulcinj.com\/blog\/wp-json\/wp\/v2\/posts\/26316\/revisions"}],"wp:attachment":[{"href":"https:\/\/www.visit-ulcinj.com\/blog\/wp-json\/wp\/v2\/media?parent=26316"}],"wp:term":[{"taxonomy":"category","embeddable":true,"href":"https:\/\/www.visit-ulcinj.com\/blog\/wp-json\/wp\/v2\/categories?post=26316"},{"taxonomy":"post_tag","embeddable":true,"href":"https:\/\/www.visit-ulcinj.com\/blog\/wp-json\/wp\/v2\/tags?post=26316"}],"curies":[{"name":"wp","href":"https:\/\/api.w.org\/{rel}","templated":true}]}}