{"id":26332,"date":"2009-10-09T20:09:18","date_gmt":"2009-10-09T18:09:18","guid":{"rendered":"http:\/\/www.visit-ulcinj.com\/blog\/?p=26332"},"modified":"2009-10-09T20:11:29","modified_gmt":"2009-10-09T18:11:29","slug":"zustra-rasprava-u-ulcinjskom-parlamentu-o-radu-komunalnog-preduzeca","status":"publish","type":"post","link":"https:\/\/www.visit-ulcinj.com\/blog\/2009\/10\/09\/zustra-rasprava-u-ulcinjskom-parlamentu-o-radu-komunalnog-preduzeca\/","title":{"rendered":"\u017dustra rasprava u Ulcinjskom parlamentu o radu komunalnog preduze?a"},"content":{"rendered":"<p><strong><a href=\"http:\/\/www.visit-ulcinj.com\/blog\/wp-content\/uploads\/2009\/10\/Kaplan-Mu?aj_direktor_Komunalnog-produzeca.jpg\"><img loading=\"lazy\" class=\"alignleft size-full wp-image-26333\" title=\"Kaplan Mu?aj_direktor_Komunalnog produzeca\" src=\"http:\/\/www.visit-ulcinj.com\/blog\/wp-content\/uploads\/2009\/10\/Kaplan-Mu?aj_direktor_Komunalnog-produzeca.jpg\" alt=\"Kaplan Mu?aj_direktor_Komunalnog produzeca\" width=\"580\" height=\"400\" \/><\/a>Ba\u0161ovi?: Bolje da ne pri?amo<\/strong><br \/>\nUlcinj &#8211; Od 14 ta?aka, koliko ih je bilo na dnevnom redu druge sjednice prvog redovnog zasjedanja SO Ulcinj koja je po?ela 15. juna, odbornici su uspjeli da povuku, izbace ili odlo\u017ee ?ak pola.<br \/>\nNakon izvje\u0161taja o radu ?etiri javna preduze?a i odluke o gradnji objekata, ju?e je sa dnevnog reda povu?ena odluka o potvr?ivanju izbora ?lanova Savjeta za razvoj i za\u0161titu lokalne samouprave, dok je rasprava o izvje\u0161taju o radu Komunalnog preduze?a za pro\u0161lu godinu, odlo\u017eena.<br \/>\nOdbornici su, ipak, na kraju, uspjeli da usvoje odluku o regulisanju saobra?aja na teritoriji op\u0161tine koja reguli\u0161e ograni?enja i zabrane \u201ekoje moraju biti jasno saop\u0161tene saobra?ajnim znakom\u201c. Odluka ure?uje i druga pitanja od zna?aja za nesmetano i bezbjedno odvijanje saobra?aja.<\/p>\n<p>Odbornici su odbili da potvrde izbor pet ?lanova Savjeta za razvoj i za\u0161titu lokalne samouprave, pa je predsjednik SO Muhamet Nika, kao predlaga?, povukao tu ta?ku sa dnevnog reda.<br \/>\n\u201cNijesu ispunjeni zakonski uslovi jer savjet treba da ima \u0161est ?lanova i predsjednika. Me?u pet osoba koje su predlo\u017eene, nalazi se i ?lan DPS koji nije znao da u savjet mogu samo nestrana?ke li?nosti. Da bi savjet imao zakonski kapacitet, javni poziv bi trebalo ponoviti\u201d, kazao je Ljui? \u0160krelja (DPS).<br \/>\nPoslije kra?e rasprave, Nika je povukao ta?ku sa dnevnog reda i najavio raspisivanje novog javnog konkursa.<br \/>\nNajvi\u0161e polemike ju?e je vo?eno povodom izvje\u0161taja o radu Komunalnog za 2008, koje je, kako je rekao direktor Kaplan Mu?aj, uspje\u0161no poslovalo uprkos brojnim naslije?enim problemima.<\/p>\n<p>Tokom pro\u0161le godine, kako je rekao, preduze?e je ostvarilo 3.004.051 euro prihoda, dok su ukupni tro\u0161kovi iznosili 2.955.635 eura.<br \/>\n\u201cNa dan 31. 12. 2008. imali smo oko 1.100.000 eura obaveza, a na\u0161a potra\u017eivanja iznosila su oko milion i po eura. Imali smo donaciju Svjetske banke, koja nam je obezbijedila 350 hiljada eura vrijedne fekalne pumpe koje i do 40 odsto smanjuju utro\u0161ak struje\u201d, referisao je Mu?aj odbornicima, od kojih njih nekoliko nije ni znalo da je ta?ka uvr\u0161tena na dnevni red.<br \/>\nHajro Hajdari (DS) tra\u017eio je da rasprava o toj ta?ki bude odlo\u017eena.<br \/>\n\u201cVrijednost imovine nije ta?no prikazana i treba nam izvje\u0161taj revizora da bi vidjeli \u0161ta on misli o tome\u201d, kazao je Hajdari.<br \/>\nPredsjednik Odbora za finansije i odbornik DPS-a Red\u017eep Taganovi? kazao je da je Odbor dao zeleno svijetlo za izvje\u0161taj.<br \/>\nIpak, nakonkretniji je bio odbornik DPS-a Borislav Ba\u0161ovi? koji je poru?io da ne?e da pla?a vodu jer mu Komunalno ne dozvoljava da u ku?u ugradi vodomjer.<br \/>\n\u201cUslovljavate me da utro\u0161im onoliko kubika vode koliko vi mislite da je potrebno. Tu\u017eili ste me sudu i to vam je dodatni tro\u0161ak jer je tu\u017eba odbijena\u201d, kazao je Ba\u0161ovi?. On je istakao da nije znao da je ta ta?ka na dnevnom redu i upozorio da je do\u0161ao do podataka o tome kakva je mre\u017ea, koliko ima azbestnih cijevi koliko i u kakvom stanju su izvori\u0161ta i \u201ekakvu vodu pijemo\u201c.<br \/>\n\u201cBolje da o tome ne raspravljamo danas\u201d, kazao je Ba\u0161ovi?.<\/p>\n<p>Mu?aj mu je odgovorio da pije zdravu vodu.<br \/>\n\u201cSvake sedmice voda prolazi neophodne kontrole\u201d, rekao je Mu?aj.<br \/>\nNakon \u0161to je predsjednik UO Komunalnog i odbornik DPS-a Ljoro Nreki? kazao da preduze?e dobro posluje i da je UO usvojio izvje\u0161taj \u201ekoji je potpun i jasan\u201c, dogovoreno je da o toj ta?ki dnevnog reda rasprava bude nastavljena dan prije redovne sjednice.<\/p>\n<p><strong>S.A.<br \/>\n<a href=\"http:\/\/www.vijesti.me\/index.php?id_pre=318312&amp;godina=2009\" target=\"_blank\">Vijesti<\/a><\/strong><\/p>\n<p><strong><!--YouTube Error: bad URL entered--><br \/>\n<\/strong><\/p>\n","protected":false},"excerpt":{"rendered":"<p>Ba\u0161ovi?: Bolje da ne pri?amo Ulcinj &#8211; Od 14 ta?aka, koliko ih je bilo na dnevnom redu druge sjednice prvog redovnog zasjedanja SO Ulcinj koja je po?ela 15. juna, odbornici su uspjeli da povuku, izbace ili odlo\u017ee ?ak pola. Nakon izvje\u0161taja o radu ?etiri javna preduze?a i odluke o gradnji objekata, ju?e je sa dnevnog [&hellip;]<\/p>\n","protected":false},"author":1,"featured_media":0,"comment_status":"open","ping_status":"closed","sticky":false,"template":"","format":"standard","meta":{"spay_email":"","jetpack_publicize_message":"","jetpack_is_tweetstorm":false,"jetpack_publicize_feature_enabled":true},"categories":[8337],"tags":[12634],"jetpack_publicize_connections":[],"yoast_head":"<!-- This site is optimized with the Yoast SEO plugin v19.1 - https:\/\/yoast.com\/wordpress\/plugins\/seo\/ -->\n<title>\u017dustra rasprava u Ulcinjskom parlamentu o radu komunalnog preduze?a - Lajme nga Ulqini<\/title>\n<meta name=\"description\" content=\"Ba\u0161ovi?: Bolje da ne pri?amo Ulcinj - Od 14 ta?aka, koliko ih je bilo na dnevnom redu druge sjednice prvog redovnog zasjedanja SO Ulcinj koja je po?ela\" \/>\n<meta name=\"robots\" content=\"index, follow, max-snippet:-1, max-image-preview:large, max-video-preview:-1\" \/>\n<link rel=\"canonical\" href=\"https:\/\/www.visit-ulcinj.com\/blog\/2009\/10\/09\/zustra-rasprava-u-ulcinjskom-parlamentu-o-radu-komunalnog-preduzeca\/\" \/>\n<meta property=\"og:locale\" content=\"en_US\" \/>\n<meta property=\"og:type\" content=\"article\" \/>\n<meta property=\"og:title\" content=\"\u017dustra rasprava u Ulcinjskom parlamentu o radu komunalnog preduze?a - Lajme nga Ulqini\" \/>\n<meta property=\"og:description\" content=\"Ba\u0161ovi?: Bolje da ne pri?amo Ulcinj - Od 14 ta?aka, koliko ih je bilo na dnevnom redu druge sjednice prvog redovnog zasjedanja SO Ulcinj koja je po?ela\" \/>\n<meta property=\"og:url\" content=\"https:\/\/www.visit-ulcinj.com\/blog\/2009\/10\/09\/zustra-rasprava-u-ulcinjskom-parlamentu-o-radu-komunalnog-preduzeca\/\" \/>\n<meta property=\"og:site_name\" content=\"Lajme nga Ulqini\" \/>\n<meta property=\"article:published_time\" content=\"2009-10-09T18:09:18+00:00\" \/>\n<meta property=\"article:modified_time\" content=\"2009-10-09T18:11:29+00:00\" \/>\n<meta property=\"og:image\" content=\"http:\/\/www.visit-ulcinj.com\/blog\/wp-content\/uploads\/2009\/10\/Kaplan-Mu?aj_direktor_Komunalnog-produzeca.jpg\" \/>\n<meta name=\"twitter:label1\" content=\"Written by\" \/>\n\t<meta name=\"twitter:data1\" content=\"ulqini\" \/>\n\t<meta name=\"twitter:label2\" content=\"Est. reading time\" \/>\n\t<meta name=\"twitter:data2\" content=\"3 minutes\" \/>\n<script type=\"application\/ld+json\" class=\"yoast-schema-graph\">{\"@context\":\"https:\/\/schema.org\",\"@graph\":[{\"@type\":\"WebSite\",\"@id\":\"https:\/\/www.visit-ulcinj.com\/blog\/#website\",\"url\":\"https:\/\/www.visit-ulcinj.com\/blog\/\",\"name\":\"Lajme nga Ulqini\",\"description\":\"Lajme,Vijesti,Ulqini,Ulqin,Crna Gora,Mali i Zi\",\"potentialAction\":[{\"@type\":\"SearchAction\",\"target\":{\"@type\":\"EntryPoint\",\"urlTemplate\":\"https:\/\/www.visit-ulcinj.com\/blog\/?s={search_term_string}\"},\"query-input\":\"required name=search_term_string\"}],\"inLanguage\":\"en-US\"},{\"@type\":\"ImageObject\",\"inLanguage\":\"en-US\",\"@id\":\"https:\/\/www.visit-ulcinj.com\/blog\/2009\/10\/09\/zustra-rasprava-u-ulcinjskom-parlamentu-o-radu-komunalnog-preduzeca\/#primaryimage\",\"url\":\"http:\/\/www.visit-ulcinj.com\/blog\/wp-content\/uploads\/2009\/10\/Kaplan-Mu?aj_direktor_Komunalnog-produzeca.jpg\",\"contentUrl\":\"http:\/\/www.visit-ulcinj.com\/blog\/wp-content\/uploads\/2009\/10\/Kaplan-Mu?aj_direktor_Komunalnog-produzeca.jpg\"},{\"@type\":\"WebPage\",\"@id\":\"https:\/\/www.visit-ulcinj.com\/blog\/2009\/10\/09\/zustra-rasprava-u-ulcinjskom-parlamentu-o-radu-komunalnog-preduzeca\/#webpage\",\"url\":\"https:\/\/www.visit-ulcinj.com\/blog\/2009\/10\/09\/zustra-rasprava-u-ulcinjskom-parlamentu-o-radu-komunalnog-preduzeca\/\",\"name\":\"\u017dustra rasprava u Ulcinjskom parlamentu o radu komunalnog preduze?a - Lajme nga Ulqini\",\"isPartOf\":{\"@id\":\"https:\/\/www.visit-ulcinj.com\/blog\/#website\"},\"primaryImageOfPage\":{\"@id\":\"https:\/\/www.visit-ulcinj.com\/blog\/2009\/10\/09\/zustra-rasprava-u-ulcinjskom-parlamentu-o-radu-komunalnog-preduzeca\/#primaryimage\"},\"datePublished\":\"2009-10-09T18:09:18+00:00\",\"dateModified\":\"2009-10-09T18:11:29+00:00\",\"author\":{\"@id\":\"https:\/\/www.visit-ulcinj.com\/blog\/#\/schema\/person\/dcab619c614d3038751c63bc2aadc06d\"},\"description\":\"Ba\u0161ovi?: Bolje da ne pri?amo Ulcinj - Od 14 ta?aka, koliko ih je bilo na dnevnom redu druge sjednice prvog redovnog zasjedanja SO Ulcinj koja je po?ela\",\"breadcrumb\":{\"@id\":\"https:\/\/www.visit-ulcinj.com\/blog\/2009\/10\/09\/zustra-rasprava-u-ulcinjskom-parlamentu-o-radu-komunalnog-preduzeca\/#breadcrumb\"},\"inLanguage\":\"en-US\",\"potentialAction\":[{\"@type\":\"ReadAction\",\"target\":[\"https:\/\/www.visit-ulcinj.com\/blog\/2009\/10\/09\/zustra-rasprava-u-ulcinjskom-parlamentu-o-radu-komunalnog-preduzeca\/\"]}]},{\"@type\":\"BreadcrumbList\",\"@id\":\"https:\/\/www.visit-ulcinj.com\/blog\/2009\/10\/09\/zustra-rasprava-u-ulcinjskom-parlamentu-o-radu-komunalnog-preduzeca\/#breadcrumb\",\"itemListElement\":[{\"@type\":\"ListItem\",\"position\":1,\"name\":\"\u017dustra rasprava u Ulcinjskom parlamentu o radu komunalnog preduze?a\"}]},{\"@type\":\"Person\",\"@id\":\"https:\/\/www.visit-ulcinj.com\/blog\/#\/schema\/person\/dcab619c614d3038751c63bc2aadc06d\",\"name\":\"ulqini\",\"sameAs\":[\"http:\/\/www.visit-ulcinj.com\"],\"url\":\"https:\/\/www.visit-ulcinj.com\/blog\/author\/admin\/\"}]}<\/script>\n<!-- \/ Yoast SEO plugin. -->","yoast_head_json":{"title":"\u017dustra rasprava u Ulcinjskom parlamentu o radu komunalnog preduze?a - Lajme nga Ulqini","description":"Ba\u0161ovi?: Bolje da ne pri?amo Ulcinj - Od 14 ta?aka, koliko ih je bilo na dnevnom redu druge sjednice prvog redovnog zasjedanja SO Ulcinj koja je po?ela","robots":{"index":"index","follow":"follow","max-snippet":"max-snippet:-1","max-image-preview":"max-image-preview:large","max-video-preview":"max-video-preview:-1"},"canonical":"https:\/\/www.visit-ulcinj.com\/blog\/2009\/10\/09\/zustra-rasprava-u-ulcinjskom-parlamentu-o-radu-komunalnog-preduzeca\/","og_locale":"en_US","og_type":"article","og_title":"\u017dustra rasprava u Ulcinjskom parlamentu o radu komunalnog preduze?a - Lajme nga Ulqini","og_description":"Ba\u0161ovi?: Bolje da ne pri?amo Ulcinj - Od 14 ta?aka, koliko ih je bilo na dnevnom redu druge sjednice prvog redovnog zasjedanja SO Ulcinj koja je po?ela","og_url":"https:\/\/www.visit-ulcinj.com\/blog\/2009\/10\/09\/zustra-rasprava-u-ulcinjskom-parlamentu-o-radu-komunalnog-preduzeca\/","og_site_name":"Lajme nga Ulqini","article_published_time":"2009-10-09T18:09:18+00:00","article_modified_time":"2009-10-09T18:11:29+00:00","og_image":[{"url":"http:\/\/www.visit-ulcinj.com\/blog\/wp-content\/uploads\/2009\/10\/Kaplan-Mu?aj_direktor_Komunalnog-produzeca.jpg"}],"twitter_misc":{"Written by":"ulqini","Est. reading time":"3 minutes"},"schema":{"@context":"https:\/\/schema.org","@graph":[{"@type":"WebSite","@id":"https:\/\/www.visit-ulcinj.com\/blog\/#website","url":"https:\/\/www.visit-ulcinj.com\/blog\/","name":"Lajme nga Ulqini","description":"Lajme,Vijesti,Ulqini,Ulqin,Crna Gora,Mali i Zi","potentialAction":[{"@type":"SearchAction","target":{"@type":"EntryPoint","urlTemplate":"https:\/\/www.visit-ulcinj.com\/blog\/?s={search_term_string}"},"query-input":"required name=search_term_string"}],"inLanguage":"en-US"},{"@type":"ImageObject","inLanguage":"en-US","@id":"https:\/\/www.visit-ulcinj.com\/blog\/2009\/10\/09\/zustra-rasprava-u-ulcinjskom-parlamentu-o-radu-komunalnog-preduzeca\/#primaryimage","url":"http:\/\/www.visit-ulcinj.com\/blog\/wp-content\/uploads\/2009\/10\/Kaplan-Mu?aj_direktor_Komunalnog-produzeca.jpg","contentUrl":"http:\/\/www.visit-ulcinj.com\/blog\/wp-content\/uploads\/2009\/10\/Kaplan-Mu?aj_direktor_Komunalnog-produzeca.jpg"},{"@type":"WebPage","@id":"https:\/\/www.visit-ulcinj.com\/blog\/2009\/10\/09\/zustra-rasprava-u-ulcinjskom-parlamentu-o-radu-komunalnog-preduzeca\/#webpage","url":"https:\/\/www.visit-ulcinj.com\/blog\/2009\/10\/09\/zustra-rasprava-u-ulcinjskom-parlamentu-o-radu-komunalnog-preduzeca\/","name":"\u017dustra rasprava u Ulcinjskom parlamentu o radu komunalnog preduze?a - Lajme nga Ulqini","isPartOf":{"@id":"https:\/\/www.visit-ulcinj.com\/blog\/#website"},"primaryImageOfPage":{"@id":"https:\/\/www.visit-ulcinj.com\/blog\/2009\/10\/09\/zustra-rasprava-u-ulcinjskom-parlamentu-o-radu-komunalnog-preduzeca\/#primaryimage"},"datePublished":"2009-10-09T18:09:18+00:00","dateModified":"2009-10-09T18:11:29+00:00","author":{"@id":"https:\/\/www.visit-ulcinj.com\/blog\/#\/schema\/person\/dcab619c614d3038751c63bc2aadc06d"},"description":"Ba\u0161ovi?: Bolje da ne pri?amo Ulcinj - Od 14 ta?aka, koliko ih je bilo na dnevnom redu druge sjednice prvog redovnog zasjedanja SO Ulcinj koja je po?ela","breadcrumb":{"@id":"https:\/\/www.visit-ulcinj.com\/blog\/2009\/10\/09\/zustra-rasprava-u-ulcinjskom-parlamentu-o-radu-komunalnog-preduzeca\/#breadcrumb"},"inLanguage":"en-US","potentialAction":[{"@type":"ReadAction","target":["https:\/\/www.visit-ulcinj.com\/blog\/2009\/10\/09\/zustra-rasprava-u-ulcinjskom-parlamentu-o-radu-komunalnog-preduzeca\/"]}]},{"@type":"BreadcrumbList","@id":"https:\/\/www.visit-ulcinj.com\/blog\/2009\/10\/09\/zustra-rasprava-u-ulcinjskom-parlamentu-o-radu-komunalnog-preduzeca\/#breadcrumb","itemListElement":[{"@type":"ListItem","position":1,"name":"\u017dustra rasprava u Ulcinjskom parlamentu o radu komunalnog preduze?a"}]},{"@type":"Person","@id":"https:\/\/www.visit-ulcinj.com\/blog\/#\/schema\/person\/dcab619c614d3038751c63bc2aadc06d","name":"ulqini","sameAs":["http:\/\/www.visit-ulcinj.com"],"url":"https:\/\/www.visit-ulcinj.com\/blog\/author\/admin\/"}]}},"jetpack_featured_media_url":"","jetpack_sharing_enabled":true,"jetpack_shortlink":"https:\/\/wp.me\/pe6lTn-6QI","_links":{"self":[{"href":"https:\/\/www.visit-ulcinj.com\/blog\/wp-json\/wp\/v2\/posts\/26332"}],"collection":[{"href":"https:\/\/www.visit-ulcinj.com\/blog\/wp-json\/wp\/v2\/posts"}],"about":[{"href":"https:\/\/www.visit-ulcinj.com\/blog\/wp-json\/wp\/v2\/types\/post"}],"author":[{"embeddable":true,"href":"https:\/\/www.visit-ulcinj.com\/blog\/wp-json\/wp\/v2\/users\/1"}],"replies":[{"embeddable":true,"href":"https:\/\/www.visit-ulcinj.com\/blog\/wp-json\/wp\/v2\/comments?post=26332"}],"version-history":[{"count":0,"href":"https:\/\/www.visit-ulcinj.com\/blog\/wp-json\/wp\/v2\/posts\/26332\/revisions"}],"wp:attachment":[{"href":"https:\/\/www.visit-ulcinj.com\/blog\/wp-json\/wp\/v2\/media?parent=26332"}],"wp:term":[{"taxonomy":"category","embeddable":true,"href":"https:\/\/www.visit-ulcinj.com\/blog\/wp-json\/wp\/v2\/categories?post=26332"},{"taxonomy":"post_tag","embeddable":true,"href":"https:\/\/www.visit-ulcinj.com\/blog\/wp-json\/wp\/v2\/tags?post=26332"}],"curies":[{"name":"wp","href":"https:\/\/api.w.org\/{rel}","templated":true}]}}