{"id":26337,"date":"2009-10-10T18:51:50","date_gmt":"2009-10-10T16:51:50","guid":{"rendered":"http:\/\/www.visit-ulcinj.com\/blog\/?p=26337"},"modified":"2009-10-11T21:58:40","modified_gmt":"2009-10-11T19:58:40","slug":"zimski-turizam-u-ulcinju","status":"publish","type":"post","link":"https:\/\/www.visit-ulcinj.com\/blog\/2009\/10\/10\/zimski-turizam-u-ulcinju\/","title":{"rendered":"Zimski turizam u Ulcinju"},"content":{"rendered":"<address><a href=\"http:\/\/www.visit-ulcinj.com\/blog\/wp-content\/uploads\/2009\/10\/ulcinjska_rivijera_CRNA-GORA.jpg\"><img loading=\"lazy\" class=\"alignleft size-full wp-image-26338\" title=\"ulcinjska_rivijera_CRNA GORA\" src=\"http:\/\/www.visit-ulcinj.com\/blog\/wp-content\/uploads\/2009\/10\/ulcinjska_rivijera_CRNA-GORA.jpg\" alt=\"ulcinjska_rivijera_CRNA GORA\" width=\"580\" height=\"400\" \/><\/a><strong>U saradnji sa turisti?kom oranizacijom Bara i Op\u0161tinom Ulcinj, HTP \u201cUlcinjska rivijera\u201d predstavila je turisti?ku ponudu na Novosadskom sajmu turizma.<br \/>\nAna \u017divanovi?<\/strong><\/address>\n<p>U saradnji sa turisti?kom oranizacijom Ulcinja i op\u0161tinom, HTP &#8220;Ulcinjska rivijera&#8221; predstavila je turisti?ku ponudu na Novosadskom sajmu turizma. Prema rije?ima portparola preduze?a, Ane \u017divanovi?, prvenstveno je promovisana zimska turisti?ka ponuda i aran\u017emani za sportske klubove.<\/p>\n<p>&#8220;Izdvojili smo specijalnu ponudu za sportiste koja predvi?a pun pansion sa poja?anim re\u017eimom ishrane, uz kori\u0161?enje fudbalskih terena, atletske staze, trim staza, bazena, saune, konferencijske sale, a sve po cijeni od 36 eura po osobi. Iako ?e hotel \u201eOlympic&#8221; ove godine sportiste do?ekati u mnogo boljim uslovima, aran\u017eman ?e ove zime biti za tri eura jeftiniji od pro\u0161logodi\u0161njeg&#8221;, kazala je \u017divanovi?eva, a prenosi Dan.<\/p>\n<p>Ona je dodala da su u hotelu &#8220;Olympic&#8221; ve? zapo?ete pripreme za zimsku sezonu.<\/p>\n<p>&#8220;Peti sprat objekta ?e dobiti apartmane, restauriraju se kupatila u svim sobama i vr\u0161e se sve potrebne popravke koje je neophodno uraditi nakon zavr\u0161etka ljetnje sezone. Time ?emo hotel osvje\u017eiti i u?initi ga jo\u0161 prijatnijim za boravak, s obzirom da je proteklih sezona bio omiljeno mjesto za boravak mnogih fudbalskih klubova iz Crne Gore i zemalja regiona&#8221;, istakla je \u017divanovi?eva.<\/p>\n<p>Pored sportske ponude, na Novosadskom sajmu turizma predstavljen je nov korporativni film &#8220;Ulcinjske rivijere&#8221;. Autor filma je Montenegro turist centar.<\/p>\n<p>Film u trajanju od \u0161est minuta na nov, neobi?an i veoma originalan na?in predstavlja ljepote i atrakcije Ulcinja. Prvi kadrovi filma, preko \u0160askog jezera, a kroz tok rijeke Bojane, gledaoca dovode do Ulcinja, ulcinjskog Starog grada i hotelskog smje\u0161taja &#8220;Ulcinjske rivijere&#8221;.<\/p>\n<p><strong>RTCG<\/strong><\/p>\n<div><object classid=\"clsid:d27cdb6e-ae6d-11cf-96b8-444553540000\" width=\"580\" height=\"394\" codebase=\"http:\/\/download.macromedia.com\/pub\/shockwave\/cabs\/flash\/swflash.cab#version=6,0,40,0\"><param name=\"allowFullScreen\" value=\"true\" \/><param name=\"allowScriptAccess\" value=\"always\" \/><param name=\"src\" value=\"http:\/\/www.dailymotion.com\/swf\/xafru4&amp;autoPlay=1\" \/><param name=\"allowfullscreen\" value=\"true\" \/><\/object><\/div>\n","protected":false},"excerpt":{"rendered":"<p>U saradnji sa turisti?kom oranizacijom Bara i Op\u0161tinom Ulcinj, HTP \u201cUlcinjska rivijera\u201d predstavila je turisti?ku ponudu na Novosadskom sajmu turizma. Ana \u017divanovi? U saradnji sa turisti?kom oranizacijom Ulcinja i op\u0161tinom, HTP &#8220;Ulcinjska rivijera&#8221; predstavila je turisti?ku ponudu na Novosadskom sajmu turizma. Prema rije?ima portparola preduze?a, Ane \u017divanovi?, prvenstveno je promovisana zimska turisti?ka ponuda i aran\u017emani [&hellip;]<\/p>\n","protected":false},"author":1,"featured_media":0,"comment_status":"open","ping_status":"closed","sticky":false,"template":"","format":"standard","meta":{"spay_email":"","jetpack_publicize_message":"","jetpack_is_tweetstorm":false,"jetpack_publicize_feature_enabled":true},"categories":[15],"tags":[250,12635],"jetpack_publicize_connections":[],"yoast_head":"<!-- This site is optimized with the Yoast SEO plugin v19.1 - https:\/\/yoast.com\/wordpress\/plugins\/seo\/ -->\n<title>Zimski turizam u Ulcinju - Lajme nga Ulqini<\/title>\n<meta name=\"description\" content=\"U saradnji sa turisti?kom oranizacijom Bara i Op\u0161tinom Ulcinj, HTP \u201cUlcinjska rivijera\u201d predstavila je turisti?ku ponudu na Novosadskom sajmu turizma. Ana\" \/>\n<meta name=\"robots\" content=\"index, follow, max-snippet:-1, max-image-preview:large, max-video-preview:-1\" \/>\n<link rel=\"canonical\" href=\"https:\/\/www.visit-ulcinj.com\/blog\/2009\/10\/10\/zimski-turizam-u-ulcinju\/\" \/>\n<meta property=\"og:locale\" content=\"en_US\" \/>\n<meta property=\"og:type\" content=\"article\" \/>\n<meta property=\"og:title\" content=\"Zimski turizam u Ulcinju - Lajme nga Ulqini\" \/>\n<meta property=\"og:description\" content=\"U saradnji sa turisti?kom oranizacijom Bara i Op\u0161tinom Ulcinj, HTP \u201cUlcinjska rivijera\u201d predstavila je turisti?ku ponudu na Novosadskom sajmu turizma. Ana\" \/>\n<meta property=\"og:url\" content=\"https:\/\/www.visit-ulcinj.com\/blog\/2009\/10\/10\/zimski-turizam-u-ulcinju\/\" \/>\n<meta property=\"og:site_name\" content=\"Lajme nga Ulqini\" \/>\n<meta property=\"article:published_time\" content=\"2009-10-10T16:51:50+00:00\" \/>\n<meta property=\"article:modified_time\" content=\"2009-10-11T19:58:40+00:00\" \/>\n<meta property=\"og:image\" content=\"http:\/\/www.visit-ulcinj.com\/blog\/wp-content\/uploads\/2009\/10\/ulcinjska_rivijera_CRNA-GORA.jpg\" \/>\n<meta name=\"twitter:label1\" content=\"Written by\" \/>\n\t<meta name=\"twitter:data1\" content=\"ulqini\" \/>\n\t<meta name=\"twitter:label2\" content=\"Est. reading time\" \/>\n\t<meta name=\"twitter:data2\" content=\"1 minute\" \/>\n<script type=\"application\/ld+json\" class=\"yoast-schema-graph\">{\"@context\":\"https:\/\/schema.org\",\"@graph\":[{\"@type\":\"WebSite\",\"@id\":\"https:\/\/www.visit-ulcinj.com\/blog\/#website\",\"url\":\"https:\/\/www.visit-ulcinj.com\/blog\/\",\"name\":\"Lajme nga Ulqini\",\"description\":\"Lajme,Vijesti,Ulqini,Ulqin,Crna Gora,Mali i Zi\",\"potentialAction\":[{\"@type\":\"SearchAction\",\"target\":{\"@type\":\"EntryPoint\",\"urlTemplate\":\"https:\/\/www.visit-ulcinj.com\/blog\/?s={search_term_string}\"},\"query-input\":\"required name=search_term_string\"}],\"inLanguage\":\"en-US\"},{\"@type\":\"ImageObject\",\"inLanguage\":\"en-US\",\"@id\":\"https:\/\/www.visit-ulcinj.com\/blog\/2009\/10\/10\/zimski-turizam-u-ulcinju\/#primaryimage\",\"url\":\"https:\/\/www.visit-ulcinj.com\/blog\/wp-content\/uploads\/2009\/10\/ulcinjska_rivijera_CRNA-GORA.jpg\",\"contentUrl\":\"https:\/\/www.visit-ulcinj.com\/blog\/wp-content\/uploads\/2009\/10\/ulcinjska_rivijera_CRNA-GORA.jpg\",\"width\":\"800\",\"height\":\"400\"},{\"@type\":\"WebPage\",\"@id\":\"https:\/\/www.visit-ulcinj.com\/blog\/2009\/10\/10\/zimski-turizam-u-ulcinju\/#webpage\",\"url\":\"https:\/\/www.visit-ulcinj.com\/blog\/2009\/10\/10\/zimski-turizam-u-ulcinju\/\",\"name\":\"Zimski turizam u Ulcinju - Lajme nga Ulqini\",\"isPartOf\":{\"@id\":\"https:\/\/www.visit-ulcinj.com\/blog\/#website\"},\"primaryImageOfPage\":{\"@id\":\"https:\/\/www.visit-ulcinj.com\/blog\/2009\/10\/10\/zimski-turizam-u-ulcinju\/#primaryimage\"},\"datePublished\":\"2009-10-10T16:51:50+00:00\",\"dateModified\":\"2009-10-11T19:58:40+00:00\",\"author\":{\"@id\":\"https:\/\/www.visit-ulcinj.com\/blog\/#\/schema\/person\/dcab619c614d3038751c63bc2aadc06d\"},\"description\":\"U saradnji sa turisti?kom oranizacijom Bara i Op\u0161tinom Ulcinj, HTP \u201cUlcinjska rivijera\u201d predstavila je turisti?ku ponudu na Novosadskom sajmu turizma. Ana\",\"breadcrumb\":{\"@id\":\"https:\/\/www.visit-ulcinj.com\/blog\/2009\/10\/10\/zimski-turizam-u-ulcinju\/#breadcrumb\"},\"inLanguage\":\"en-US\",\"potentialAction\":[{\"@type\":\"ReadAction\",\"target\":[\"https:\/\/www.visit-ulcinj.com\/blog\/2009\/10\/10\/zimski-turizam-u-ulcinju\/\"]}]},{\"@type\":\"BreadcrumbList\",\"@id\":\"https:\/\/www.visit-ulcinj.com\/blog\/2009\/10\/10\/zimski-turizam-u-ulcinju\/#breadcrumb\",\"itemListElement\":[{\"@type\":\"ListItem\",\"position\":1,\"name\":\"Zimski turizam u Ulcinju\"}]},{\"@type\":\"Person\",\"@id\":\"https:\/\/www.visit-ulcinj.com\/blog\/#\/schema\/person\/dcab619c614d3038751c63bc2aadc06d\",\"name\":\"ulqini\",\"sameAs\":[\"http:\/\/www.visit-ulcinj.com\"],\"url\":\"https:\/\/www.visit-ulcinj.com\/blog\/author\/admin\/\"}]}<\/script>\n<!-- \/ Yoast SEO plugin. -->","yoast_head_json":{"title":"Zimski turizam u Ulcinju - Lajme nga Ulqini","description":"U saradnji sa turisti?kom oranizacijom Bara i Op\u0161tinom Ulcinj, HTP \u201cUlcinjska rivijera\u201d predstavila je turisti?ku ponudu na Novosadskom sajmu turizma. Ana","robots":{"index":"index","follow":"follow","max-snippet":"max-snippet:-1","max-image-preview":"max-image-preview:large","max-video-preview":"max-video-preview:-1"},"canonical":"https:\/\/www.visit-ulcinj.com\/blog\/2009\/10\/10\/zimski-turizam-u-ulcinju\/","og_locale":"en_US","og_type":"article","og_title":"Zimski turizam u Ulcinju - Lajme nga Ulqini","og_description":"U saradnji sa turisti?kom oranizacijom Bara i Op\u0161tinom Ulcinj, HTP \u201cUlcinjska rivijera\u201d predstavila je turisti?ku ponudu na Novosadskom sajmu turizma. Ana","og_url":"https:\/\/www.visit-ulcinj.com\/blog\/2009\/10\/10\/zimski-turizam-u-ulcinju\/","og_site_name":"Lajme nga Ulqini","article_published_time":"2009-10-10T16:51:50+00:00","article_modified_time":"2009-10-11T19:58:40+00:00","og_image":[{"url":"http:\/\/www.visit-ulcinj.com\/blog\/wp-content\/uploads\/2009\/10\/ulcinjska_rivijera_CRNA-GORA.jpg"}],"twitter_misc":{"Written by":"ulqini","Est. reading time":"1 minute"},"schema":{"@context":"https:\/\/schema.org","@graph":[{"@type":"WebSite","@id":"https:\/\/www.visit-ulcinj.com\/blog\/#website","url":"https:\/\/www.visit-ulcinj.com\/blog\/","name":"Lajme nga Ulqini","description":"Lajme,Vijesti,Ulqini,Ulqin,Crna Gora,Mali i Zi","potentialAction":[{"@type":"SearchAction","target":{"@type":"EntryPoint","urlTemplate":"https:\/\/www.visit-ulcinj.com\/blog\/?s={search_term_string}"},"query-input":"required name=search_term_string"}],"inLanguage":"en-US"},{"@type":"ImageObject","inLanguage":"en-US","@id":"https:\/\/www.visit-ulcinj.com\/blog\/2009\/10\/10\/zimski-turizam-u-ulcinju\/#primaryimage","url":"https:\/\/www.visit-ulcinj.com\/blog\/wp-content\/uploads\/2009\/10\/ulcinjska_rivijera_CRNA-GORA.jpg","contentUrl":"https:\/\/www.visit-ulcinj.com\/blog\/wp-content\/uploads\/2009\/10\/ulcinjska_rivijera_CRNA-GORA.jpg","width":"800","height":"400"},{"@type":"WebPage","@id":"https:\/\/www.visit-ulcinj.com\/blog\/2009\/10\/10\/zimski-turizam-u-ulcinju\/#webpage","url":"https:\/\/www.visit-ulcinj.com\/blog\/2009\/10\/10\/zimski-turizam-u-ulcinju\/","name":"Zimski turizam u Ulcinju - Lajme nga Ulqini","isPartOf":{"@id":"https:\/\/www.visit-ulcinj.com\/blog\/#website"},"primaryImageOfPage":{"@id":"https:\/\/www.visit-ulcinj.com\/blog\/2009\/10\/10\/zimski-turizam-u-ulcinju\/#primaryimage"},"datePublished":"2009-10-10T16:51:50+00:00","dateModified":"2009-10-11T19:58:40+00:00","author":{"@id":"https:\/\/www.visit-ulcinj.com\/blog\/#\/schema\/person\/dcab619c614d3038751c63bc2aadc06d"},"description":"U saradnji sa turisti?kom oranizacijom Bara i Op\u0161tinom Ulcinj, HTP \u201cUlcinjska rivijera\u201d predstavila je turisti?ku ponudu na Novosadskom sajmu turizma. Ana","breadcrumb":{"@id":"https:\/\/www.visit-ulcinj.com\/blog\/2009\/10\/10\/zimski-turizam-u-ulcinju\/#breadcrumb"},"inLanguage":"en-US","potentialAction":[{"@type":"ReadAction","target":["https:\/\/www.visit-ulcinj.com\/blog\/2009\/10\/10\/zimski-turizam-u-ulcinju\/"]}]},{"@type":"BreadcrumbList","@id":"https:\/\/www.visit-ulcinj.com\/blog\/2009\/10\/10\/zimski-turizam-u-ulcinju\/#breadcrumb","itemListElement":[{"@type":"ListItem","position":1,"name":"Zimski turizam u Ulcinju"}]},{"@type":"Person","@id":"https:\/\/www.visit-ulcinj.com\/blog\/#\/schema\/person\/dcab619c614d3038751c63bc2aadc06d","name":"ulqini","sameAs":["http:\/\/www.visit-ulcinj.com"],"url":"https:\/\/www.visit-ulcinj.com\/blog\/author\/admin\/"}]}},"jetpack_featured_media_url":"","jetpack_sharing_enabled":true,"jetpack_shortlink":"https:\/\/wp.me\/pe6lTn-6QN","_links":{"self":[{"href":"https:\/\/www.visit-ulcinj.com\/blog\/wp-json\/wp\/v2\/posts\/26337"}],"collection":[{"href":"https:\/\/www.visit-ulcinj.com\/blog\/wp-json\/wp\/v2\/posts"}],"about":[{"href":"https:\/\/www.visit-ulcinj.com\/blog\/wp-json\/wp\/v2\/types\/post"}],"author":[{"embeddable":true,"href":"https:\/\/www.visit-ulcinj.com\/blog\/wp-json\/wp\/v2\/users\/1"}],"replies":[{"embeddable":true,"href":"https:\/\/www.visit-ulcinj.com\/blog\/wp-json\/wp\/v2\/comments?post=26337"}],"version-history":[{"count":0,"href":"https:\/\/www.visit-ulcinj.com\/blog\/wp-json\/wp\/v2\/posts\/26337\/revisions"}],"wp:attachment":[{"href":"https:\/\/www.visit-ulcinj.com\/blog\/wp-json\/wp\/v2\/media?parent=26337"}],"wp:term":[{"taxonomy":"category","embeddable":true,"href":"https:\/\/www.visit-ulcinj.com\/blog\/wp-json\/wp\/v2\/categories?post=26337"},{"taxonomy":"post_tag","embeddable":true,"href":"https:\/\/www.visit-ulcinj.com\/blog\/wp-json\/wp\/v2\/tags?post=26337"}],"curies":[{"name":"wp","href":"https:\/\/api.w.org\/{rel}","templated":true}]}}